{"id":14660,"date":"2019-03-05T01:28:46","date_gmt":"2019-03-05T04:28:46","guid":{"rendered":"https:\/\/www.gaveanews.com\/?p=14660"},"modified":"2019-09-01T21:56:23","modified_gmt":"2019-09-02T00:56:23","slug":"flamengo-tem-mes-com-classicos-e-duelos-pela-libertadores-pela-frente-confira-os-jogos-de-marco","status":"publish","type":"post","link":"https:\/\/www.gaveanews.com\/index.php\/2019\/03\/05\/flamengo-tem-mes-com-classicos-e-duelos-pela-libertadores-pela-frente-confira-os-jogos-de-marco\/","title":{"rendered":"Flamengo tem m\u00eas com cl\u00e1ssicos e duelos pela Libertadores pela frente; confira os jogos de mar\u00e7o"},"content":{"rendered":"\n<p>Depois de ter os meses de janeiro e fevereiro voltados s\u00f3 para a prepara\u00e7\u00e3o da equipe e a disputa de jogos do Estadual, o Flamengo ter\u00e1 confrontos de maior import\u00e2ncia no m\u00eas de mar\u00e7o, com o in\u00edcio da Copa Conmebol Libertadores e cl\u00e1ssicos pela Ta\u00e7a Rio. <\/p>\n\n\n\n<p>Diante deste cen\u00e1rio, o time comandado por Abel Braga, caso avance para as fases finais da Ta\u00e7a Rio, ir\u00e1 entrar em campo em sete vezes em um intervalo de 23 dias.<\/p>\n\n\n\n<p style=\"font-size:11px;text-align:right\" class=\"seguirInstagram\">(<a href=\"http:\/\/bit.ly\/Instagram-Gavea-News\">siga nosso perfil no Instagram: @GaveaNews<\/a>)<\/p>\n\n\n\n<figure class=\"wp-block-embed-instagram wp-block-embed is-type-rich is-provider-instagram\"><div class=\"wp-block-embed__wrapper\">\nhttps:\/\/www.instagram.com\/p\/Buew5gTFxR7\/\n<\/div><\/figure>\n\n\n\n<h3 class=\"wp-block-heading\"><strong>Confira abaixo um resumo, com os principais informa\u00e7\u00f5es de cada competi\u00e7\u00e3o:  <\/strong><\/h3>\n\n\n\n<h3 class=\"wp-block-heading\"><strong>Jogos do Flamengo na Libertadores:<\/strong><\/h3>\n\n\n\n<p>A estreia do Flamengo no Grupo D da Copa Libertadores ser\u00e1 nesta ter\u00e7a-feira (5 de mar\u00e7o). O advers\u00e1rio \u00e9 o San Jos\u00e9, da Bol\u00edvia, e o duelo ser\u00e1 no Est\u00e1dio Jes\u00fas Berm\u00fadez, em Oruro, a 3.750m acima do n\u00edvel do mar.<\/p>\n\n\n\n<p>Na semana seguinte, no dia 13, o Rubro-Negro volta a atuar pelo torneio continental. Desta vez, o confronto ser\u00e1 com a LDU, no Maracan\u00e3. Mais de 37 mil ingressos foram vendidos de forma antecipada at\u00e9 a \u00faltima sexta-feira.<\/p>\n\n\n\n<h3 class=\"wp-block-heading\" id=\"mce_30\"><strong>Cl\u00e1ssicos no Carioca:<\/strong><\/h3>\n\n\n\n<p>A fase de grupos da Ta\u00e7a Rio reserva dois cl\u00e1ssicos para o Flamengo. Na rodada final, no dia 23 de mar\u00e7o, o Rubro-Negro reencontra o Fluminense, algoz da semifinal da Ta\u00e7a Guanabara. A partida ainda n\u00e3o tem local definido.<\/p>\n\n\n\n<p>Antes, o time de Abel Braga enfrenta o Vasco pela primeira vez na temporada. O Cl\u00e1ssico dos Milh\u00f5es ser\u00e1 no pr\u00f3ximo s\u00e1bado, dia 9, no Maracan\u00e1 \u00e0s 19h.<\/p>\n\n\n\n<h3 class=\"wp-block-heading\"><strong>Demais jogos do estadual e fases finais:<\/strong><\/h3>\n\n\n\n<p>O Flamengo iniciou a fase de grupos da Ta\u00e7a Rio com vit\u00f3rias sobre Americano, 4 a 1 no Maracan\u00e3, e Portuguesa, 3 a 1 no Raulino de Oliveira. Nesta fase, o time ainda enfrentar\u00e1 o Volta Redonda, no dia 16, e o Madureira, no dia 20.<\/p>\n\n\n\n<p>Confirmando a classifica\u00e7\u00e3o para a semifinal da Ta\u00e7a Rio, a equipe comandada por Abel Braga entrar\u00e1 em campo no dia 27 ou 28 de mar\u00e7o, chegando ao s\u00e9timo jogo disputada em 25 dias, uma vez que entra em campo no dia 5.<\/p>\n\n\n\n\n\n<p>Adaptado de: Lance<\/p>\n","protected":false},"excerpt":{"rendered":"<p>Depois de ter os meses de janeiro e fevereiro voltados s\u00f3 para a prepara\u00e7\u00e3o da equipe e a disputa de jogos do Estadual, o Flamengo ter\u00e1 confrontos de maior import\u00e2ncia no m\u00eas de mar\u00e7o, com o in\u00edcio da Copa Conmebol Libertadores e cl\u00e1ssicos pela Ta\u00e7a Rio. Diante deste cen\u00e1rio, o time comandado por Abel Braga, [&hellip;]<\/p>\n","protected":false},"author":1,"featured_media":14959,"comment_status":"open","ping_status":"open","sticky":false,"template":"","format":"standard","meta":{"footnotes":""},"categories":[1],"tags":[],"class_list":["post-14660","post","type-post","status-publish","format-standard","has-post-thumbnail","hentry","category-flamengo"],"yoast_head":"<!-- This site is optimized with the Yoast SEO Premium plugin v24.2 (Yoast SEO v26.9) - https:\/\/yoast.com\/product\/yoast-seo-premium-wordpress\/ -->\n<title>Flamengo tem m\u00eas com cl\u00e1ssicos e duelos pela Libertadores pela frente; confira os jogos de mar\u00e7o<\/title>\n<meta name=\"robots\" content=\"index, follow, max-snippet:-1, max-image-preview:large, max-video-preview:-1\" \/>\n<link rel=\"canonical\" href=\"https:\/\/www.gaveanews.com\/index.php\/2019\/03\/05\/flamengo-tem-mes-com-classicos-e-duelos-pela-libertadores-pela-frente-confira-os-jogos-de-marco\/\" \/>\n<meta property=\"og:locale\" content=\"pt_BR\" \/>\n<meta property=\"og:type\" content=\"article\" \/>\n<meta property=\"og:title\" content=\"Flamengo tem m\u00eas com cl\u00e1ssicos e duelos pela Libertadores pela frente; confira os jogos de mar\u00e7o\" \/>\n<meta property=\"og:description\" content=\"Depois de ter os meses de janeiro e fevereiro voltados s\u00f3 para a prepara\u00e7\u00e3o da equipe e a disputa de jogos do Estadual, o Flamengo ter\u00e1 confrontos de maior import\u00e2ncia no m\u00eas de mar\u00e7o, com o in\u00edcio da Copa Conmebol Libertadores e cl\u00e1ssicos pela Ta\u00e7a Rio. Diante deste cen\u00e1rio, o time comandado por Abel Braga, [&hellip;]\" \/>\n<meta property=\"og:url\" content=\"https:\/\/www.gaveanews.com\/index.php\/2019\/03\/05\/flamengo-tem-mes-com-classicos-e-duelos-pela-libertadores-pela-frente-confira-os-jogos-de-marco\/\" \/>\n<meta property=\"og:site_name\" content=\"G\u00e1vea News\" \/>\n<meta property=\"article:publisher\" content=\"https:\/\/facebook.com\/gaveaNews\/\" \/>\n<meta property=\"article:published_time\" content=\"2019-03-05T04:28:46+00:00\" \/>\n<meta property=\"article:modified_time\" content=\"2019-09-02T00:56:23+00:00\" \/>\n<meta property=\"og:image\" content=\"https:\/\/www.gaveanews.com\/wp-content\/uploads\/2019\/03\/Vitor-Gabriel-em-acao-pelo-Flamengo-no-classico-contra-o-Vasco.webp\" \/>\n\t<meta property=\"og:image:width\" content=\"1\" \/>\n\t<meta property=\"og:image:height\" content=\"1\" \/>\n\t<meta property=\"og:image:type\" content=\"image\/jpeg\" \/>\n<meta name=\"author\" content=\"Equipe G\u00e1vea News\" \/>\n<meta name=\"twitter:card\" content=\"summary_large_image\" \/>\n<meta name=\"twitter:label1\" content=\"Escrito por\" \/>\n\t<meta name=\"twitter:data1\" content=\"Equipe G\u00e1vea News\" \/>\n\t<meta name=\"twitter:label2\" content=\"Est. tempo de leitura\" \/>\n\t<meta name=\"twitter:data2\" content=\"2 minutos\" \/>\n<script type=\"application\/ld+json\" class=\"yoast-schema-graph\">{\"@context\":\"https:\/\/schema.org\",\"@graph\":[{\"@type\":\"NewsArticle\",\"@id\":\"https:\/\/www.gaveanews.com\/index.php\/2019\/03\/05\/flamengo-tem-mes-com-classicos-e-duelos-pela-libertadores-pela-frente-confira-os-jogos-de-marco\/#article\",\"isPartOf\":{\"@id\":\"https:\/\/www.gaveanews.com\/index.php\/2019\/03\/05\/flamengo-tem-mes-com-classicos-e-duelos-pela-libertadores-pela-frente-confira-os-jogos-de-marco\/\"},\"author\":{\"name\":\"Equipe G\u00e1vea News\",\"@id\":\"https:\/\/www.gaveanews.com\/#\/schema\/person\/2ec14f73fb96be2caf28f91afb14749d\"},\"headline\":\"Flamengo tem m\u00eas com cl\u00e1ssicos e duelos pela Libertadores pela frente; confira os jogos de mar\u00e7o\",\"datePublished\":\"2019-03-05T04:28:46+00:00\",\"dateModified\":\"2019-09-02T00:56:23+00:00\",\"mainEntityOfPage\":{\"@id\":\"https:\/\/www.gaveanews.com\/index.php\/2019\/03\/05\/flamengo-tem-mes-com-classicos-e-duelos-pela-libertadores-pela-frente-confira-os-jogos-de-marco\/\"},\"wordCount\":384,\"commentCount\":0,\"image\":{\"@id\":\"https:\/\/www.gaveanews.com\/index.php\/2019\/03\/05\/flamengo-tem-mes-com-classicos-e-duelos-pela-libertadores-pela-frente-confira-os-jogos-de-marco\/#primaryimage\"},\"thumbnailUrl\":\"https:\/\/www.gaveanews.com\/wp-content\/uploads\/2019\/03\/Vitor-Gabriel-em-acao-pelo-Flamengo-no-classico-contra-o-Vasco.webp\",\"articleSection\":[\"Flamengo\"],\"inLanguage\":\"pt-BR\",\"potentialAction\":[{\"@type\":\"CommentAction\",\"name\":\"Comment\",\"target\":[\"https:\/\/www.gaveanews.com\/index.php\/2019\/03\/05\/flamengo-tem-mes-com-classicos-e-duelos-pela-libertadores-pela-frente-confira-os-jogos-de-marco\/#respond\"]}],\"copyrightYear\":\"2019\",\"copyrightHolder\":{\"@id\":\"https:\/\/www.gaveanews.com\/#organization\"}},{\"@type\":\"WebPage\",\"@id\":\"https:\/\/www.gaveanews.com\/index.php\/2019\/03\/05\/flamengo-tem-mes-com-classicos-e-duelos-pela-libertadores-pela-frente-confira-os-jogos-de-marco\/\",\"url\":\"https:\/\/www.gaveanews.com\/index.php\/2019\/03\/05\/flamengo-tem-mes-com-classicos-e-duelos-pela-libertadores-pela-frente-confira-os-jogos-de-marco\/\",\"name\":\"Flamengo tem m\u00eas com cl\u00e1ssicos e duelos pela Libertadores pela frente; confira os jogos de mar\u00e7o\",\"isPartOf\":{\"@id\":\"https:\/\/www.gaveanews.com\/#website\"},\"primaryImageOfPage\":{\"@id\":\"https:\/\/www.gaveanews.com\/index.php\/2019\/03\/05\/flamengo-tem-mes-com-classicos-e-duelos-pela-libertadores-pela-frente-confira-os-jogos-de-marco\/#primaryimage\"},\"image\":{\"@id\":\"https:\/\/www.gaveanews.com\/index.php\/2019\/03\/05\/flamengo-tem-mes-com-classicos-e-duelos-pela-libertadores-pela-frente-confira-os-jogos-de-marco\/#primaryimage\"},\"thumbnailUrl\":\"https:\/\/www.gaveanews.com\/wp-content\/uploads\/2019\/03\/Vitor-Gabriel-em-acao-pelo-Flamengo-no-classico-contra-o-Vasco.webp\",\"datePublished\":\"2019-03-05T04:28:46+00:00\",\"dateModified\":\"2019-09-02T00:56:23+00:00\",\"author\":{\"@id\":\"https:\/\/www.gaveanews.com\/#\/schema\/person\/2ec14f73fb96be2caf28f91afb14749d\"},\"breadcrumb\":{\"@id\":\"https:\/\/www.gaveanews.com\/index.php\/2019\/03\/05\/flamengo-tem-mes-com-classicos-e-duelos-pela-libertadores-pela-frente-confira-os-jogos-de-marco\/#breadcrumb\"},\"inLanguage\":\"pt-BR\",\"potentialAction\":[{\"@type\":\"ReadAction\",\"target\":[\"https:\/\/www.gaveanews.com\/index.php\/2019\/03\/05\/flamengo-tem-mes-com-classicos-e-duelos-pela-libertadores-pela-frente-confira-os-jogos-de-marco\/\"]}]},{\"@type\":\"ImageObject\",\"inLanguage\":\"pt-BR\",\"@id\":\"https:\/\/www.gaveanews.com\/index.php\/2019\/03\/05\/flamengo-tem-mes-com-classicos-e-duelos-pela-libertadores-pela-frente-confira-os-jogos-de-marco\/#primaryimage\",\"url\":\"https:\/\/www.gaveanews.com\/wp-content\/uploads\/2019\/03\/Vitor-Gabriel-em-acao-pelo-Flamengo-no-classico-contra-o-Vasco.webp\",\"contentUrl\":\"https:\/\/www.gaveanews.com\/wp-content\/uploads\/2019\/03\/Vitor-Gabriel-em-acao-pelo-Flamengo-no-classico-contra-o-Vasco.webp\",\"caption\":\"Vitor Gabriel em a\u00e7\u00e3o pelo Flamengo, no cl\u00e1ssico contra o Vasco (Foto: Alexandre Vidal\/Flamengo)\"},{\"@type\":\"BreadcrumbList\",\"@id\":\"https:\/\/www.gaveanews.com\/index.php\/2019\/03\/05\/flamengo-tem-mes-com-classicos-e-duelos-pela-libertadores-pela-frente-confira-os-jogos-de-marco\/#breadcrumb\",\"itemListElement\":[{\"@type\":\"ListItem\",\"position\":1,\"name\":\"Home\",\"item\":\"https:\/\/www.gaveanews.com\/\"},{\"@type\":\"ListItem\",\"position\":2,\"name\":\"Flamengo tem m\u00eas com cl\u00e1ssicos e duelos pela Libertadores pela frente; confira os jogos de mar\u00e7o\"}]},{\"@type\":\"WebSite\",\"@id\":\"https:\/\/www.gaveanews.com\/#website\",\"url\":\"https:\/\/www.gaveanews.com\/\",\"name\":\"G\u00e1vea News\",\"description\":\"Veja todas as not\u00edcias sobre o Flamengo: Contrata\u00e7\u00f5es, categorias de base, resultados das partidas, tabela de classifica\u00e7\u00e3o, pr\u00f3ximos jogos!\",\"potentialAction\":[{\"@type\":\"SearchAction\",\"target\":{\"@type\":\"EntryPoint\",\"urlTemplate\":\"https:\/\/www.gaveanews.com\/?s={search_term_string}\"},\"query-input\":{\"@type\":\"PropertyValueSpecification\",\"valueRequired\":true,\"valueName\":\"search_term_string\"}}],\"inLanguage\":\"pt-BR\"},{\"@type\":\"Person\",\"@id\":\"https:\/\/www.gaveanews.com\/#\/schema\/person\/2ec14f73fb96be2caf28f91afb14749d\",\"name\":\"Equipe G\u00e1vea News\",\"image\":{\"@type\":\"ImageObject\",\"inLanguage\":\"pt-BR\",\"@id\":\"https:\/\/www.gaveanews.com\/#\/schema\/person\/image\/\",\"url\":\"https:\/\/secure.gravatar.com\/avatar\/1e1956f1facbffd3f8fa53a326721950116b3b9dc9bd44939c01180fd4a745a9?s=96&d=mm&r=g\",\"contentUrl\":\"https:\/\/secure.gravatar.com\/avatar\/1e1956f1facbffd3f8fa53a326721950116b3b9dc9bd44939c01180fd4a745a9?s=96&d=mm&r=g\",\"caption\":\"Equipe G\u00e1vea News\"}}]}<\/script>\n<!-- \/ Yoast SEO Premium plugin. -->","yoast_head_json":{"title":"Flamengo tem m\u00eas com cl\u00e1ssicos e duelos pela Libertadores pela frente; confira os jogos de mar\u00e7o","robots":{"index":"index","follow":"follow","max-snippet":"max-snippet:-1","max-image-preview":"max-image-preview:large","max-video-preview":"max-video-preview:-1"},"canonical":"https:\/\/www.gaveanews.com\/index.php\/2019\/03\/05\/flamengo-tem-mes-com-classicos-e-duelos-pela-libertadores-pela-frente-confira-os-jogos-de-marco\/","og_locale":"pt_BR","og_type":"article","og_title":"Flamengo tem m\u00eas com cl\u00e1ssicos e duelos pela Libertadores pela frente; confira os jogos de mar\u00e7o","og_description":"Depois de ter os meses de janeiro e fevereiro voltados s\u00f3 para a prepara\u00e7\u00e3o da equipe e a disputa de jogos do Estadual, o Flamengo ter\u00e1 confrontos de maior import\u00e2ncia no m\u00eas de mar\u00e7o, com o in\u00edcio da Copa Conmebol Libertadores e cl\u00e1ssicos pela Ta\u00e7a Rio. Diante deste cen\u00e1rio, o time comandado por Abel Braga, [&hellip;]","og_url":"https:\/\/www.gaveanews.com\/index.php\/2019\/03\/05\/flamengo-tem-mes-com-classicos-e-duelos-pela-libertadores-pela-frente-confira-os-jogos-de-marco\/","og_site_name":"G\u00e1vea News","article_publisher":"https:\/\/facebook.com\/gaveaNews\/","article_published_time":"2019-03-05T04:28:46+00:00","article_modified_time":"2019-09-02T00:56:23+00:00","og_image":[{"url":"https:\/\/www.gaveanews.com\/wp-content\/uploads\/2019\/03\/Vitor-Gabriel-em-acao-pelo-Flamengo-no-classico-contra-o-Vasco.webp","width":1,"height":1,"type":"image\/jpeg"}],"author":"Equipe G\u00e1vea News","twitter_card":"summary_large_image","twitter_misc":{"Escrito por":"Equipe G\u00e1vea News","Est. tempo de leitura":"2 minutos"},"schema":{"@context":"https:\/\/schema.org","@graph":[{"@type":"NewsArticle","@id":"https:\/\/www.gaveanews.com\/index.php\/2019\/03\/05\/flamengo-tem-mes-com-classicos-e-duelos-pela-libertadores-pela-frente-confira-os-jogos-de-marco\/#article","isPartOf":{"@id":"https:\/\/www.gaveanews.com\/index.php\/2019\/03\/05\/flamengo-tem-mes-com-classicos-e-duelos-pela-libertadores-pela-frente-confira-os-jogos-de-marco\/"},"author":{"name":"Equipe G\u00e1vea News","@id":"https:\/\/www.gaveanews.com\/#\/schema\/person\/2ec14f73fb96be2caf28f91afb14749d"},"headline":"Flamengo tem m\u00eas com cl\u00e1ssicos e duelos pela Libertadores pela frente; confira os jogos de mar\u00e7o","datePublished":"2019-03-05T04:28:46+00:00","dateModified":"2019-09-02T00:56:23+00:00","mainEntityOfPage":{"@id":"https:\/\/www.gaveanews.com\/index.php\/2019\/03\/05\/flamengo-tem-mes-com-classicos-e-duelos-pela-libertadores-pela-frente-confira-os-jogos-de-marco\/"},"wordCount":384,"commentCount":0,"image":{"@id":"https:\/\/www.gaveanews.com\/index.php\/2019\/03\/05\/flamengo-tem-mes-com-classicos-e-duelos-pela-libertadores-pela-frente-confira-os-jogos-de-marco\/#primaryimage"},"thumbnailUrl":"https:\/\/www.gaveanews.com\/wp-content\/uploads\/2019\/03\/Vitor-Gabriel-em-acao-pelo-Flamengo-no-classico-contra-o-Vasco.webp","articleSection":["Flamengo"],"inLanguage":"pt-BR","potentialAction":[{"@type":"CommentAction","name":"Comment","target":["https:\/\/www.gaveanews.com\/index.php\/2019\/03\/05\/flamengo-tem-mes-com-classicos-e-duelos-pela-libertadores-pela-frente-confira-os-jogos-de-marco\/#respond"]}],"copyrightYear":"2019","copyrightHolder":{"@id":"https:\/\/www.gaveanews.com\/#organization"}},{"@type":"WebPage","@id":"https:\/\/www.gaveanews.com\/index.php\/2019\/03\/05\/flamengo-tem-mes-com-classicos-e-duelos-pela-libertadores-pela-frente-confira-os-jogos-de-marco\/","url":"https:\/\/www.gaveanews.com\/index.php\/2019\/03\/05\/flamengo-tem-mes-com-classicos-e-duelos-pela-libertadores-pela-frente-confira-os-jogos-de-marco\/","name":"Flamengo tem m\u00eas com cl\u00e1ssicos e duelos pela Libertadores pela frente; confira os jogos de mar\u00e7o","isPartOf":{"@id":"https:\/\/www.gaveanews.com\/#website"},"primaryImageOfPage":{"@id":"https:\/\/www.gaveanews.com\/index.php\/2019\/03\/05\/flamengo-tem-mes-com-classicos-e-duelos-pela-libertadores-pela-frente-confira-os-jogos-de-marco\/#primaryimage"},"image":{"@id":"https:\/\/www.gaveanews.com\/index.php\/2019\/03\/05\/flamengo-tem-mes-com-classicos-e-duelos-pela-libertadores-pela-frente-confira-os-jogos-de-marco\/#primaryimage"},"thumbnailUrl":"https:\/\/www.gaveanews.com\/wp-content\/uploads\/2019\/03\/Vitor-Gabriel-em-acao-pelo-Flamengo-no-classico-contra-o-Vasco.webp","datePublished":"2019-03-05T04:28:46+00:00","dateModified":"2019-09-02T00:56:23+00:00","author":{"@id":"https:\/\/www.gaveanews.com\/#\/schema\/person\/2ec14f73fb96be2caf28f91afb14749d"},"breadcrumb":{"@id":"https:\/\/www.gaveanews.com\/index.php\/2019\/03\/05\/flamengo-tem-mes-com-classicos-e-duelos-pela-libertadores-pela-frente-confira-os-jogos-de-marco\/#breadcrumb"},"inLanguage":"pt-BR","potentialAction":[{"@type":"ReadAction","target":["https:\/\/www.gaveanews.com\/index.php\/2019\/03\/05\/flamengo-tem-mes-com-classicos-e-duelos-pela-libertadores-pela-frente-confira-os-jogos-de-marco\/"]}]},{"@type":"ImageObject","inLanguage":"pt-BR","@id":"https:\/\/www.gaveanews.com\/index.php\/2019\/03\/05\/flamengo-tem-mes-com-classicos-e-duelos-pela-libertadores-pela-frente-confira-os-jogos-de-marco\/#primaryimage","url":"https:\/\/www.gaveanews.com\/wp-content\/uploads\/2019\/03\/Vitor-Gabriel-em-acao-pelo-Flamengo-no-classico-contra-o-Vasco.webp","contentUrl":"https:\/\/www.gaveanews.com\/wp-content\/uploads\/2019\/03\/Vitor-Gabriel-em-acao-pelo-Flamengo-no-classico-contra-o-Vasco.webp","caption":"Vitor Gabriel em a\u00e7\u00e3o pelo Flamengo, no cl\u00e1ssico contra o Vasco (Foto: Alexandre Vidal\/Flamengo)"},{"@type":"BreadcrumbList","@id":"https:\/\/www.gaveanews.com\/index.php\/2019\/03\/05\/flamengo-tem-mes-com-classicos-e-duelos-pela-libertadores-pela-frente-confira-os-jogos-de-marco\/#breadcrumb","itemListElement":[{"@type":"ListItem","position":1,"name":"Home","item":"https:\/\/www.gaveanews.com\/"},{"@type":"ListItem","position":2,"name":"Flamengo tem m\u00eas com cl\u00e1ssicos e duelos pela Libertadores pela frente; confira os jogos de mar\u00e7o"}]},{"@type":"WebSite","@id":"https:\/\/www.gaveanews.com\/#website","url":"https:\/\/www.gaveanews.com\/","name":"G\u00e1vea News","description":"Veja todas as not\u00edcias sobre o Flamengo: Contrata\u00e7\u00f5es, categorias de base, resultados das partidas, tabela de classifica\u00e7\u00e3o, pr\u00f3ximos jogos!","potentialAction":[{"@type":"SearchAction","target":{"@type":"EntryPoint","urlTemplate":"https:\/\/www.gaveanews.com\/?s={search_term_string}"},"query-input":{"@type":"PropertyValueSpecification","valueRequired":true,"valueName":"search_term_string"}}],"inLanguage":"pt-BR"},{"@type":"Person","@id":"https:\/\/www.gaveanews.com\/#\/schema\/person\/2ec14f73fb96be2caf28f91afb14749d","name":"Equipe G\u00e1vea News","image":{"@type":"ImageObject","inLanguage":"pt-BR","@id":"https:\/\/www.gaveanews.com\/#\/schema\/person\/image\/","url":"https:\/\/secure.gravatar.com\/avatar\/1e1956f1facbffd3f8fa53a326721950116b3b9dc9bd44939c01180fd4a745a9?s=96&d=mm&r=g","contentUrl":"https:\/\/secure.gravatar.com\/avatar\/1e1956f1facbffd3f8fa53a326721950116b3b9dc9bd44939c01180fd4a745a9?s=96&d=mm&r=g","caption":"Equipe G\u00e1vea News"}}]}},"_links":{"self":[{"href":"https:\/\/www.gaveanews.com\/index.php\/wp-json\/wp\/v2\/posts\/14660","targetHints":{"allow":["GET"]}}],"collection":[{"href":"https:\/\/www.gaveanews.com\/index.php\/wp-json\/wp\/v2\/posts"}],"about":[{"href":"https:\/\/www.gaveanews.com\/index.php\/wp-json\/wp\/v2\/types\/post"}],"author":[{"embeddable":true,"href":"https:\/\/www.gaveanews.com\/index.php\/wp-json\/wp\/v2\/users\/1"}],"replies":[{"embeddable":true,"href":"https:\/\/www.gaveanews.com\/index.php\/wp-json\/wp\/v2\/comments?post=14660"}],"version-history":[{"count":0,"href":"https:\/\/www.gaveanews.com\/index.php\/wp-json\/wp\/v2\/posts\/14660\/revisions"}],"wp:featuredmedia":[{"embeddable":true,"href":"https:\/\/www.gaveanews.com\/index.php\/wp-json\/wp\/v2\/media\/14959"}],"wp:attachment":[{"href":"https:\/\/www.gaveanews.com\/index.php\/wp-json\/wp\/v2\/media?parent=14660"}],"wp:term":[{"taxonomy":"category","embeddable":true,"href":"https:\/\/www.gaveanews.com\/index.php\/wp-json\/wp\/v2\/categories?post=14660"},{"taxonomy":"post_tag","embeddable":true,"href":"https:\/\/www.gaveanews.com\/index.php\/wp-json\/wp\/v2\/tags?post=14660"}],"curies":[{"name":"wp","href":"https:\/\/api.w.org\/{rel}","templated":true}]}}