{"id":14666,"date":"2019-03-04T14:33:52","date_gmt":"2019-03-04T17:33:52","guid":{"rendered":"https:\/\/www.gaveanews.com\/?p=14666"},"modified":"2019-09-20T13:51:59","modified_gmt":"2019-09-20T16:51:59","slug":"meia-do-san-jose-manda-recado-ao-flamengo","status":"publish","type":"post","link":"https:\/\/www.gaveanews.com\/index.php\/2019\/03\/04\/meia-do-san-jose-manda-recado-ao-flamengo\/","title":{"rendered":"Meia do San Jos\u00e9 manda recado ao Flamengo"},"content":{"rendered":"\n<p>O Flamengo se prepara para o confronto mais importante do ano at\u00e9 aqui. O Rubro-Negro vai encarar o San Jos\u00e9, da Bol\u00edvia, na estreia da Copa Conmebol Libertadores. O meia brasileiro, naturalizado boliviano, Marcelo Gomes, de 37 anos, estar\u00e1 em campo defendendo o clube de Oruro e vive a expectativa de enfrentar a equipe carioca.<\/p>\n\n\n\n<p>\u2014 A expectativa \u00e9 de poder jogar bonito e, se Deus quiser, fazer um gol. Seria maravilhoso. Imagina s\u00f3, eu fazendo um gol contra o Flamengo, o Brasil todo vendo e toda a Am\u00e9rica do Sul? Seria espetacular, um sonho que seria realizado. Tomara que a gente possa jogar e fazer bem as coisas. O mais importante \u00e9 a gente conseguir os pontos aqui em casa -, disse Marcelo ao site Globoesporte.com.<\/p>\n\n\n\n<p>O Flamengo vai estrear na altitude da Bol\u00edvia, a 3.700 metros acima do n\u00edvel do mar. Nessas condi\u00e7\u00f5es, os jogadores que n\u00e3o s\u00e3o acostumados sofrem com o ar rarefeito. Por isso, Marcelo alerta que os atletas rubro-negros ir\u00e3o enfrentar algumas dificuldades, mas pondera que isso \u00e9 normal na Libertadores.<\/p>\n\n\n\n<p>\u2014 Todo mundo fala sobre a altitude quando vem jogar aqui, em La Paz ou em Potos\u00ed. N\u00e3o tem outra explica\u00e7\u00e3o, vai faltar ar, vai dar dor de cabe\u00e7a, sai sangue do nariz. Mas \u00e9 aqui que a gente faz nossos jogos e voc\u00ea tem que acostumar, se preparar bem e jogar, o que n\u00e3o \u00e9 f\u00e1cil. Mas isso \u00e9 Libertadores. Os times que v\u00eam jogar aqui tem que se preparar bem -, falou o atleta.<\/p>\n\n\n\n<p>Apesar de ter desfalques para o confronto, o San Jos\u00e9 espera fazer um grande jogo para poder somar os tr\u00eas pontos e iniciar a competi\u00e7\u00e3o sul-americana com o p\u00e9 direito. O meio-campista, inclusive, acredita ser poss\u00edvel que os bolivianos tenham um bom desempenho no torneio e manda recado aos rivais.<\/p>\n\n\n\n<p>\u2014 Esperamos fazer um bom papel na fase de grupos e, se Deus quiser, podemos nos classificar entre os dois. \u00c9 um grupo complicado, com equipes muito importantes da Am\u00e9rica do Sul. Mas vamos dar trabalho e esperamos fazer as coisas bem para chegar na fase de grupos e demonstrar o que temos de melhor -, afirma o jogador, que espera realizar um sonho:<\/p>\n\n\n\n<p>\u2014 Ser\u00e1 um sonho realizado jogar no Maracan\u00e3 e contra o Flamengo. Tenho que fazer bonito. Vai ser a minha primeira vez -, finaliza.<\/p>\n\n\n\n<p>O Flamengo entra em campo nesta ter\u00e7a-feira (05), \u00e0s 19h15 (hor\u00e1rio de Bras\u00edlia), diante do San Jos\u00e9. O confronto vai ser disputado no est\u00e1dio Jes\u00fas Berm\u00fadez, na Bol\u00edvia, e ser\u00e1 v\u00e1lido pelo primeiro jogo do Rubro-Negro na fase de grupos da Libertadores da Am\u00e9rica. Pe\u00f1arol, do Uruguai, e LDU, do Equador, completam a chave da equipe carioca.<\/p>\n\n\n\n\n\n<p>Retirado de: Coluna do Flamengo<\/p>\n","protected":false},"excerpt":{"rendered":"<p>O Flamengo se prepara para o confronto mais importante do ano at\u00e9 aqui. O Rubro-Negro vai encarar o San Jos\u00e9, da Bol\u00edvia, na estreia da Copa Conmebol Libertadores. O meia brasileiro, naturalizado boliviano, Marcelo Gomes, de 37 anos, estar\u00e1 em campo defendendo o clube de Oruro e vive a expectativa de enfrentar a equipe carioca. [&hellip;]<\/p>\n","protected":false},"author":1,"featured_media":14851,"comment_status":"open","ping_status":"open","sticky":false,"template":"","format":"standard","meta":{"footnotes":""},"categories":[1],"tags":[],"class_list":["post-14666","post","type-post","status-publish","format-standard","has-post-thumbnail","hentry","category-flamengo"],"yoast_head":"<!-- This site is optimized with the Yoast SEO Premium plugin v24.2 (Yoast SEO v26.9) - https:\/\/yoast.com\/product\/yoast-seo-premium-wordpress\/ -->\n<title>Meia do San Jos\u00e9 manda recado ao Flamengo<\/title>\n<meta name=\"robots\" content=\"index, follow, max-snippet:-1, max-image-preview:large, max-video-preview:-1\" \/>\n<link rel=\"canonical\" href=\"https:\/\/www.gaveanews.com\/index.php\/2019\/03\/04\/meia-do-san-jose-manda-recado-ao-flamengo\/\" \/>\n<meta property=\"og:locale\" content=\"pt_BR\" \/>\n<meta property=\"og:type\" content=\"article\" \/>\n<meta property=\"og:title\" content=\"Meia do San Jos\u00e9 manda recado ao Flamengo\" \/>\n<meta property=\"og:description\" content=\"O Flamengo se prepara para o confronto mais importante do ano at\u00e9 aqui. O Rubro-Negro vai encarar o San Jos\u00e9, da Bol\u00edvia, na estreia da Copa Conmebol Libertadores. O meia brasileiro, naturalizado boliviano, Marcelo Gomes, de 37 anos, estar\u00e1 em campo defendendo o clube de Oruro e vive a expectativa de enfrentar a equipe carioca. [&hellip;]\" \/>\n<meta property=\"og:url\" content=\"https:\/\/www.gaveanews.com\/index.php\/2019\/03\/04\/meia-do-san-jose-manda-recado-ao-flamengo\/\" \/>\n<meta property=\"og:site_name\" content=\"G\u00e1vea News\" \/>\n<meta property=\"article:publisher\" content=\"https:\/\/facebook.com\/gaveaNews\/\" \/>\n<meta property=\"article:published_time\" content=\"2019-03-04T17:33:52+00:00\" \/>\n<meta property=\"article:modified_time\" content=\"2019-09-20T16:51:59+00:00\" \/>\n<meta property=\"og:image\" content=\"https:\/\/www.gaveanews.com\/wp-content\/uploads\/2019\/03\/Taca-da-Copa-Libertadores-da-America.webp\" \/>\n\t<meta property=\"og:image:width\" content=\"1\" \/>\n\t<meta property=\"og:image:height\" content=\"1\" \/>\n\t<meta property=\"og:image:type\" content=\"image\/jpeg\" \/>\n<meta name=\"author\" content=\"Equipe G\u00e1vea News\" \/>\n<meta name=\"twitter:card\" content=\"summary_large_image\" \/>\n<meta name=\"twitter:label1\" content=\"Escrito por\" \/>\n\t<meta name=\"twitter:data1\" content=\"Equipe G\u00e1vea News\" \/>\n\t<meta name=\"twitter:label2\" content=\"Est. tempo de leitura\" \/>\n\t<meta name=\"twitter:data2\" content=\"2 minutos\" \/>\n<script type=\"application\/ld+json\" class=\"yoast-schema-graph\">{\"@context\":\"https:\/\/schema.org\",\"@graph\":[{\"@type\":\"NewsArticle\",\"@id\":\"https:\/\/www.gaveanews.com\/index.php\/2019\/03\/04\/meia-do-san-jose-manda-recado-ao-flamengo\/#article\",\"isPartOf\":{\"@id\":\"https:\/\/www.gaveanews.com\/index.php\/2019\/03\/04\/meia-do-san-jose-manda-recado-ao-flamengo\/\"},\"author\":{\"name\":\"Equipe G\u00e1vea News\",\"@id\":\"https:\/\/www.gaveanews.com\/#\/schema\/person\/2ec14f73fb96be2caf28f91afb14749d\"},\"headline\":\"Meia do San Jos\u00e9 manda recado ao Flamengo\",\"datePublished\":\"2019-03-04T17:33:52+00:00\",\"dateModified\":\"2019-09-20T16:51:59+00:00\",\"mainEntityOfPage\":{\"@id\":\"https:\/\/www.gaveanews.com\/index.php\/2019\/03\/04\/meia-do-san-jose-manda-recado-ao-flamengo\/\"},\"wordCount\":475,\"commentCount\":0,\"image\":{\"@id\":\"https:\/\/www.gaveanews.com\/index.php\/2019\/03\/04\/meia-do-san-jose-manda-recado-ao-flamengo\/#primaryimage\"},\"thumbnailUrl\":\"https:\/\/www.gaveanews.com\/wp-content\/uploads\/2019\/03\/Taca-da-Copa-Libertadores-da-America.webp\",\"articleSection\":[\"Flamengo\"],\"inLanguage\":\"pt-BR\",\"potentialAction\":[{\"@type\":\"CommentAction\",\"name\":\"Comment\",\"target\":[\"https:\/\/www.gaveanews.com\/index.php\/2019\/03\/04\/meia-do-san-jose-manda-recado-ao-flamengo\/#respond\"]}],\"copyrightYear\":\"2019\",\"copyrightHolder\":{\"@id\":\"https:\/\/www.gaveanews.com\/#organization\"}},{\"@type\":\"WebPage\",\"@id\":\"https:\/\/www.gaveanews.com\/index.php\/2019\/03\/04\/meia-do-san-jose-manda-recado-ao-flamengo\/\",\"url\":\"https:\/\/www.gaveanews.com\/index.php\/2019\/03\/04\/meia-do-san-jose-manda-recado-ao-flamengo\/\",\"name\":\"Meia do San Jos\u00e9 manda recado ao Flamengo\",\"isPartOf\":{\"@id\":\"https:\/\/www.gaveanews.com\/#website\"},\"primaryImageOfPage\":{\"@id\":\"https:\/\/www.gaveanews.com\/index.php\/2019\/03\/04\/meia-do-san-jose-manda-recado-ao-flamengo\/#primaryimage\"},\"image\":{\"@id\":\"https:\/\/www.gaveanews.com\/index.php\/2019\/03\/04\/meia-do-san-jose-manda-recado-ao-flamengo\/#primaryimage\"},\"thumbnailUrl\":\"https:\/\/www.gaveanews.com\/wp-content\/uploads\/2019\/03\/Taca-da-Copa-Libertadores-da-America.webp\",\"datePublished\":\"2019-03-04T17:33:52+00:00\",\"dateModified\":\"2019-09-20T16:51:59+00:00\",\"author\":{\"@id\":\"https:\/\/www.gaveanews.com\/#\/schema\/person\/2ec14f73fb96be2caf28f91afb14749d\"},\"breadcrumb\":{\"@id\":\"https:\/\/www.gaveanews.com\/index.php\/2019\/03\/04\/meia-do-san-jose-manda-recado-ao-flamengo\/#breadcrumb\"},\"inLanguage\":\"pt-BR\",\"potentialAction\":[{\"@type\":\"ReadAction\",\"target\":[\"https:\/\/www.gaveanews.com\/index.php\/2019\/03\/04\/meia-do-san-jose-manda-recado-ao-flamengo\/\"]}]},{\"@type\":\"ImageObject\",\"inLanguage\":\"pt-BR\",\"@id\":\"https:\/\/www.gaveanews.com\/index.php\/2019\/03\/04\/meia-do-san-jose-manda-recado-ao-flamengo\/#primaryimage\",\"url\":\"https:\/\/www.gaveanews.com\/wp-content\/uploads\/2019\/03\/Taca-da-Copa-Libertadores-da-America.webp\",\"contentUrl\":\"https:\/\/www.gaveanews.com\/wp-content\/uploads\/2019\/03\/Taca-da-Copa-Libertadores-da-America.webp\",\"caption\":\"Ta\u00e7a da Copa Libertadores da Am\u00e9rica (Foto: Divulga\u00e7\u00e3o\/Conmebol)\"},{\"@type\":\"BreadcrumbList\",\"@id\":\"https:\/\/www.gaveanews.com\/index.php\/2019\/03\/04\/meia-do-san-jose-manda-recado-ao-flamengo\/#breadcrumb\",\"itemListElement\":[{\"@type\":\"ListItem\",\"position\":1,\"name\":\"Home\",\"item\":\"https:\/\/www.gaveanews.com\/\"},{\"@type\":\"ListItem\",\"position\":2,\"name\":\"Meia do San Jos\u00e9 manda recado ao Flamengo\"}]},{\"@type\":\"WebSite\",\"@id\":\"https:\/\/www.gaveanews.com\/#website\",\"url\":\"https:\/\/www.gaveanews.com\/\",\"name\":\"G\u00e1vea News\",\"description\":\"Veja todas as not\u00edcias sobre o Flamengo: Contrata\u00e7\u00f5es, categorias de base, resultados das partidas, tabela de classifica\u00e7\u00e3o, pr\u00f3ximos jogos!\",\"potentialAction\":[{\"@type\":\"SearchAction\",\"target\":{\"@type\":\"EntryPoint\",\"urlTemplate\":\"https:\/\/www.gaveanews.com\/?s={search_term_string}\"},\"query-input\":{\"@type\":\"PropertyValueSpecification\",\"valueRequired\":true,\"valueName\":\"search_term_string\"}}],\"inLanguage\":\"pt-BR\"},{\"@type\":\"Person\",\"@id\":\"https:\/\/www.gaveanews.com\/#\/schema\/person\/2ec14f73fb96be2caf28f91afb14749d\",\"name\":\"Equipe G\u00e1vea News\",\"image\":{\"@type\":\"ImageObject\",\"inLanguage\":\"pt-BR\",\"@id\":\"https:\/\/www.gaveanews.com\/#\/schema\/person\/image\/\",\"url\":\"https:\/\/secure.gravatar.com\/avatar\/1e1956f1facbffd3f8fa53a326721950116b3b9dc9bd44939c01180fd4a745a9?s=96&d=mm&r=g\",\"contentUrl\":\"https:\/\/secure.gravatar.com\/avatar\/1e1956f1facbffd3f8fa53a326721950116b3b9dc9bd44939c01180fd4a745a9?s=96&d=mm&r=g\",\"caption\":\"Equipe G\u00e1vea News\"}}]}<\/script>\n<!-- \/ Yoast SEO Premium plugin. -->","yoast_head_json":{"title":"Meia do San Jos\u00e9 manda recado ao Flamengo","robots":{"index":"index","follow":"follow","max-snippet":"max-snippet:-1","max-image-preview":"max-image-preview:large","max-video-preview":"max-video-preview:-1"},"canonical":"https:\/\/www.gaveanews.com\/index.php\/2019\/03\/04\/meia-do-san-jose-manda-recado-ao-flamengo\/","og_locale":"pt_BR","og_type":"article","og_title":"Meia do San Jos\u00e9 manda recado ao Flamengo","og_description":"O Flamengo se prepara para o confronto mais importante do ano at\u00e9 aqui. O Rubro-Negro vai encarar o San Jos\u00e9, da Bol\u00edvia, na estreia da Copa Conmebol Libertadores. O meia brasileiro, naturalizado boliviano, Marcelo Gomes, de 37 anos, estar\u00e1 em campo defendendo o clube de Oruro e vive a expectativa de enfrentar a equipe carioca. [&hellip;]","og_url":"https:\/\/www.gaveanews.com\/index.php\/2019\/03\/04\/meia-do-san-jose-manda-recado-ao-flamengo\/","og_site_name":"G\u00e1vea News","article_publisher":"https:\/\/facebook.com\/gaveaNews\/","article_published_time":"2019-03-04T17:33:52+00:00","article_modified_time":"2019-09-20T16:51:59+00:00","og_image":[{"url":"https:\/\/www.gaveanews.com\/wp-content\/uploads\/2019\/03\/Taca-da-Copa-Libertadores-da-America.webp","width":1,"height":1,"type":"image\/jpeg"}],"author":"Equipe G\u00e1vea News","twitter_card":"summary_large_image","twitter_misc":{"Escrito por":"Equipe G\u00e1vea News","Est. tempo de leitura":"2 minutos"},"schema":{"@context":"https:\/\/schema.org","@graph":[{"@type":"NewsArticle","@id":"https:\/\/www.gaveanews.com\/index.php\/2019\/03\/04\/meia-do-san-jose-manda-recado-ao-flamengo\/#article","isPartOf":{"@id":"https:\/\/www.gaveanews.com\/index.php\/2019\/03\/04\/meia-do-san-jose-manda-recado-ao-flamengo\/"},"author":{"name":"Equipe G\u00e1vea News","@id":"https:\/\/www.gaveanews.com\/#\/schema\/person\/2ec14f73fb96be2caf28f91afb14749d"},"headline":"Meia do San Jos\u00e9 manda recado ao Flamengo","datePublished":"2019-03-04T17:33:52+00:00","dateModified":"2019-09-20T16:51:59+00:00","mainEntityOfPage":{"@id":"https:\/\/www.gaveanews.com\/index.php\/2019\/03\/04\/meia-do-san-jose-manda-recado-ao-flamengo\/"},"wordCount":475,"commentCount":0,"image":{"@id":"https:\/\/www.gaveanews.com\/index.php\/2019\/03\/04\/meia-do-san-jose-manda-recado-ao-flamengo\/#primaryimage"},"thumbnailUrl":"https:\/\/www.gaveanews.com\/wp-content\/uploads\/2019\/03\/Taca-da-Copa-Libertadores-da-America.webp","articleSection":["Flamengo"],"inLanguage":"pt-BR","potentialAction":[{"@type":"CommentAction","name":"Comment","target":["https:\/\/www.gaveanews.com\/index.php\/2019\/03\/04\/meia-do-san-jose-manda-recado-ao-flamengo\/#respond"]}],"copyrightYear":"2019","copyrightHolder":{"@id":"https:\/\/www.gaveanews.com\/#organization"}},{"@type":"WebPage","@id":"https:\/\/www.gaveanews.com\/index.php\/2019\/03\/04\/meia-do-san-jose-manda-recado-ao-flamengo\/","url":"https:\/\/www.gaveanews.com\/index.php\/2019\/03\/04\/meia-do-san-jose-manda-recado-ao-flamengo\/","name":"Meia do San Jos\u00e9 manda recado ao Flamengo","isPartOf":{"@id":"https:\/\/www.gaveanews.com\/#website"},"primaryImageOfPage":{"@id":"https:\/\/www.gaveanews.com\/index.php\/2019\/03\/04\/meia-do-san-jose-manda-recado-ao-flamengo\/#primaryimage"},"image":{"@id":"https:\/\/www.gaveanews.com\/index.php\/2019\/03\/04\/meia-do-san-jose-manda-recado-ao-flamengo\/#primaryimage"},"thumbnailUrl":"https:\/\/www.gaveanews.com\/wp-content\/uploads\/2019\/03\/Taca-da-Copa-Libertadores-da-America.webp","datePublished":"2019-03-04T17:33:52+00:00","dateModified":"2019-09-20T16:51:59+00:00","author":{"@id":"https:\/\/www.gaveanews.com\/#\/schema\/person\/2ec14f73fb96be2caf28f91afb14749d"},"breadcrumb":{"@id":"https:\/\/www.gaveanews.com\/index.php\/2019\/03\/04\/meia-do-san-jose-manda-recado-ao-flamengo\/#breadcrumb"},"inLanguage":"pt-BR","potentialAction":[{"@type":"ReadAction","target":["https:\/\/www.gaveanews.com\/index.php\/2019\/03\/04\/meia-do-san-jose-manda-recado-ao-flamengo\/"]}]},{"@type":"ImageObject","inLanguage":"pt-BR","@id":"https:\/\/www.gaveanews.com\/index.php\/2019\/03\/04\/meia-do-san-jose-manda-recado-ao-flamengo\/#primaryimage","url":"https:\/\/www.gaveanews.com\/wp-content\/uploads\/2019\/03\/Taca-da-Copa-Libertadores-da-America.webp","contentUrl":"https:\/\/www.gaveanews.com\/wp-content\/uploads\/2019\/03\/Taca-da-Copa-Libertadores-da-America.webp","caption":"Ta\u00e7a da Copa Libertadores da Am\u00e9rica (Foto: Divulga\u00e7\u00e3o\/Conmebol)"},{"@type":"BreadcrumbList","@id":"https:\/\/www.gaveanews.com\/index.php\/2019\/03\/04\/meia-do-san-jose-manda-recado-ao-flamengo\/#breadcrumb","itemListElement":[{"@type":"ListItem","position":1,"name":"Home","item":"https:\/\/www.gaveanews.com\/"},{"@type":"ListItem","position":2,"name":"Meia do San Jos\u00e9 manda recado ao Flamengo"}]},{"@type":"WebSite","@id":"https:\/\/www.gaveanews.com\/#website","url":"https:\/\/www.gaveanews.com\/","name":"G\u00e1vea News","description":"Veja todas as not\u00edcias sobre o Flamengo: Contrata\u00e7\u00f5es, categorias de base, resultados das partidas, tabela de classifica\u00e7\u00e3o, pr\u00f3ximos jogos!","potentialAction":[{"@type":"SearchAction","target":{"@type":"EntryPoint","urlTemplate":"https:\/\/www.gaveanews.com\/?s={search_term_string}"},"query-input":{"@type":"PropertyValueSpecification","valueRequired":true,"valueName":"search_term_string"}}],"inLanguage":"pt-BR"},{"@type":"Person","@id":"https:\/\/www.gaveanews.com\/#\/schema\/person\/2ec14f73fb96be2caf28f91afb14749d","name":"Equipe G\u00e1vea News","image":{"@type":"ImageObject","inLanguage":"pt-BR","@id":"https:\/\/www.gaveanews.com\/#\/schema\/person\/image\/","url":"https:\/\/secure.gravatar.com\/avatar\/1e1956f1facbffd3f8fa53a326721950116b3b9dc9bd44939c01180fd4a745a9?s=96&d=mm&r=g","contentUrl":"https:\/\/secure.gravatar.com\/avatar\/1e1956f1facbffd3f8fa53a326721950116b3b9dc9bd44939c01180fd4a745a9?s=96&d=mm&r=g","caption":"Equipe G\u00e1vea News"}}]}},"_links":{"self":[{"href":"https:\/\/www.gaveanews.com\/index.php\/wp-json\/wp\/v2\/posts\/14666","targetHints":{"allow":["GET"]}}],"collection":[{"href":"https:\/\/www.gaveanews.com\/index.php\/wp-json\/wp\/v2\/posts"}],"about":[{"href":"https:\/\/www.gaveanews.com\/index.php\/wp-json\/wp\/v2\/types\/post"}],"author":[{"embeddable":true,"href":"https:\/\/www.gaveanews.com\/index.php\/wp-json\/wp\/v2\/users\/1"}],"replies":[{"embeddable":true,"href":"https:\/\/www.gaveanews.com\/index.php\/wp-json\/wp\/v2\/comments?post=14666"}],"version-history":[{"count":0,"href":"https:\/\/www.gaveanews.com\/index.php\/wp-json\/wp\/v2\/posts\/14666\/revisions"}],"wp:featuredmedia":[{"embeddable":true,"href":"https:\/\/www.gaveanews.com\/index.php\/wp-json\/wp\/v2\/media\/14851"}],"wp:attachment":[{"href":"https:\/\/www.gaveanews.com\/index.php\/wp-json\/wp\/v2\/media?parent=14666"}],"wp:term":[{"taxonomy":"category","embeddable":true,"href":"https:\/\/www.gaveanews.com\/index.php\/wp-json\/wp\/v2\/categories?post=14666"},{"taxonomy":"post_tag","embeddable":true,"href":"https:\/\/www.gaveanews.com\/index.php\/wp-json\/wp\/v2\/tags?post=14666"}],"curies":[{"name":"wp","href":"https:\/\/api.w.org\/{rel}","templated":true}]}}