{"id":147536,"date":"2024-06-12T12:55:57","date_gmt":"2024-06-12T15:55:57","guid":{"rendered":"https:\/\/www.gaveanews.com\/?p=147536"},"modified":"2024-06-12T12:55:59","modified_gmt":"2024-06-12T15:55:59","slug":"torcedor-mirim-do-vasco-conquista-a-torcida-do-flamengo-e-viraliza-por-motivo-pouco-comum","status":"publish","type":"post","link":"https:\/\/www.gaveanews.com\/index.php\/2024\/06\/12\/torcedor-mirim-do-vasco-conquista-a-torcida-do-flamengo-e-viraliza-por-motivo-pouco-comum\/","title":{"rendered":"Torcedor mirim do Vasco conquista a torcida do Flamengo e viraliza por motivo pouco comum"},"content":{"rendered":"\n<p>A goleada hist\u00f3rica de 6 a 1 aplicada pelo Flamengo sobre o Vasco, no dia 2 de junho, pela s\u00e9tima rodada do Campeonato Brasileiro, continua sendo um dos assuntos mais comentados. O Cl\u00e1ssico dos Milh\u00f5es ficar\u00e1 para sempre na mem\u00f3ria dos torcedores.<\/p>\n\n\n\n<p>Os gols do Flamengo foram marcados por Everton Cebolinha, aos 27 minutos do primeiro tempo, seguido por Pedro, aos 32 minutos. David Luiz fez o terceiro gol aos 43 minutos, encerrando o primeiro tempo com uma vantagem de 3 a 1. No segundo tempo, Arrascaeta ampliou aos 5 minutos, Bruno Henrique marcou aos 27 e Gabigol fechou a goleada aos 45 minutos. O \u00fanico gol do Vasco foi de Vegetti, aos 8 minutos do primeiro tempo.<\/p>\n\n\n\n<p>A vit\u00f3ria incontest\u00e1vel foi celebrada por uma torcida organizada do Flamengo, que decidiu eterniz\u00e1-la com um bandeir\u00e3o. Em um pano vermelho, uma arte em preto traz a data do jogo, os desenhos dos seis jogadores que marcaram os gols (Everton Cebolinha, Pedro, David Luiz, Arrascaeta, Bruno Henrique e Gabigol) e os minutos exatos de cada gol.<\/p>\n\n\n\n<p>Al\u00e9m do resultado, um momento inusitado chamou a aten\u00e7\u00e3o dos torcedores. Um pequeno torcedor vasca\u00edno, que estava assistindo ao jogo de casa acompanhando o pai, acabou comemorando um dos gols do Flamengo. A cena foi registrada e rapidamente viralizou nas redes sociais, gerando risadas entre os torcedores rubro-negros.<\/p>\n\n\n\n<blockquote class=\"twitter-tweet\" data-media-max-width=\"560\"><p lang=\"pt\" dir=\"ltr\">Nada \u00e9 t\u00e3o ruim na vida de um vasca\u00edno que n\u00e3o possa piorar. Esse a\u00ed j\u00e1 perdeu o filho pra n\u00f3s \ud83d\ude02\ud83d\ude02\ud83d\ude02 <a href=\"https:\/\/t.co\/GAv4FOaw7S\">pic.twitter.com\/GAv4FOaw7S<\/a><\/p>&mdash; Adriano Bit (@BitAdriano) <a href=\"https:\/\/twitter.com\/BitAdriano\/status\/1799291405241880895?ref_src=twsrc%5Etfw\">June 8, 2024<\/a><\/blockquote> <script async src=\"https:\/\/platform.twitter.com\/widgets.js\" charset=\"utf-8\"><\/script>\n\n\n\n<h2 class=\"wp-block-heading\" id=\"h-quando-sera-o-proximo-jogo-do-flamengo\">Quando ser\u00e1 o pr\u00f3ximo jogo do Flamengo?<\/h2>\n\n\n\n<p>Em junho, o&nbsp;<a href=\"https:\/\/gaveanews.com\/?utm_source=SystemGaveaNews&amp;utm_medium=SystemGaveaNews&amp;utm_campaign=SystemGaveaNews\">Flamengo<\/a>&nbsp;n\u00e3o disputar\u00e1 partidas pela Copa Libertadores e Copa do Brasil, concentrando-se exclusivamente no Campeonato Brasileiro. Sob o comando do t\u00e9cnico Tite, a equipe enfrentar\u00e1 uma agenda repleta de desafios no principal torneio nacional. Confira abaixo a agenda do&nbsp;<a href=\"https:\/\/gaveanews.com\/?utm_source=SystemGaveaNews&amp;utm_medium=SystemGaveaNews&amp;utm_campaign=SystemGaveaNews\">Flamengo<\/a>&nbsp;no m\u00eas de junho:<\/p>\n\n\n\n<ul class=\"wp-block-list\">\n<li>02\/06 \u2013\u00a0<a href=\"https:\/\/www.gaveanews.com\/?s=vasco&amp;utm_source=SystemGaveaNews&amp;utm_medium=SystemGaveaNews&amp;utm_campaign=SystemGaveaNews\">Vasco<\/a>\u00a01\u00d76\u00a0<a href=\"https:\/\/gaveanews.com\/?utm_source=SystemGaveaNews&amp;utm_medium=SystemGaveaNews&amp;utm_campaign=SystemGaveaNews\">Flamengo<\/a><\/li>\n\n\n\n<li><strong>13\/06 \u2013\u00a0<a href=\"https:\/\/gaveanews.com\/?utm_source=SystemGaveaNews&amp;utm_medium=SystemGaveaNews&amp;utm_campaign=SystemGaveaNews\">Flamengo<\/a>\u00a0x\u00a0<a href=\"https:\/\/www.gaveanews.com\/?s=Gr%C3%AAmio&amp;utm_source=SystemGaveaNews&amp;utm_medium=SystemGaveaNews&amp;utm_campaign=SystemGaveaNews\">Gr\u00eamio<\/a><\/strong><\/li>\n\n\n\n<li>16\/06 \u2013 Athletico-PR x\u00a0<a href=\"https:\/\/gaveanews.com\/?utm_source=SystemGaveaNews&amp;utm_medium=SystemGaveaNews&amp;utm_campaign=SystemGaveaNews\">Flamengo<\/a><\/li>\n\n\n\n<li>20\/06 \u2013\u00a0<a href=\"https:\/\/gaveanews.com\/?utm_source=SystemGaveaNews&amp;utm_medium=SystemGaveaNews&amp;utm_campaign=SystemGaveaNews\">Flamengo<\/a>\u00a0x Bahia<\/li>\n\n\n\n<li>23\/06 \u2013\u00a0<a href=\"https:\/\/www.gaveanews.com\/?s=fluminense&amp;utm_source=SystemGaveaNews&amp;utm_medium=SystemGaveaNews&amp;utm_campaign=SystemGaveaNews\">Fluminense<\/a>\u00a0x\u00a0<a href=\"https:\/\/gaveanews.com\/?utm_source=SystemGaveaNews&amp;utm_medium=SystemGaveaNews&amp;utm_campaign=SystemGaveaNews\">Flamengo<\/a><\/li>\n\n\n\n<li>26\/06 \u2013 Juventude x\u00a0<a href=\"https:\/\/gaveanews.com\/?utm_source=SystemGaveaNews&amp;utm_medium=SystemGaveaNews&amp;utm_campaign=SystemGaveaNews\">Flamengo<\/a><\/li>\n\n\n\n<li>30\/06 \u2013\u00a0<a href=\"https:\/\/gaveanews.com\/?utm_source=SystemGaveaNews&amp;utm_medium=SystemGaveaNews&amp;utm_campaign=SystemGaveaNews\">Flamengo<\/a>\u00a0x Cruzeiro<\/li>\n<\/ul>\n","protected":false},"excerpt":{"rendered":"<p>A goleada hist\u00f3rica de 6 a 1 aplicada pelo Flamengo sobre o Vasco, no dia 2 de junho, pela s\u00e9tima rodada do Campeonato Brasileiro, continua sendo um dos assuntos mais comentados. O Cl\u00e1ssico dos Milh\u00f5es ficar\u00e1 para sempre na mem\u00f3ria dos torcedores. Os gols do Flamengo foram marcados por Everton Cebolinha, aos 27 minutos do [&hellip;]<\/p>\n","protected":false},"author":15,"featured_media":123051,"comment_status":"open","ping_status":"closed","sticky":false,"template":"","format":"standard","meta":{"footnotes":""},"categories":[1,152],"tags":[],"class_list":["post-147536","post","type-post","status-publish","format-standard","has-post-thumbnail","hentry","category-flamengo","category-vasco"],"yoast_head":"<!-- This site is optimized with the Yoast SEO Premium plugin v24.2 (Yoast SEO v26.9) - https:\/\/yoast.com\/product\/yoast-seo-premium-wordpress\/ -->\n<title>Torcedor mirim do Vasco conquista a torcida do Flamengo e viraliza por motivo pouco comum<\/title>\n<meta name=\"robots\" content=\"index, follow, max-snippet:-1, max-image-preview:large, max-video-preview:-1\" \/>\n<link rel=\"canonical\" href=\"https:\/\/www.gaveanews.com\/index.php\/2024\/06\/12\/torcedor-mirim-do-vasco-conquista-a-torcida-do-flamengo-e-viraliza-por-motivo-pouco-comum\/\" \/>\n<meta property=\"og:locale\" content=\"pt_BR\" \/>\n<meta property=\"og:type\" content=\"article\" \/>\n<meta property=\"og:title\" content=\"Torcedor mirim do Vasco conquista a torcida do Flamengo e viraliza por motivo pouco comum\" \/>\n<meta property=\"og:description\" content=\"A goleada hist\u00f3rica de 6 a 1 aplicada pelo Flamengo sobre o Vasco, no dia 2 de junho, pela s\u00e9tima rodada do Campeonato Brasileiro, continua sendo um dos assuntos mais comentados. O Cl\u00e1ssico dos Milh\u00f5es ficar\u00e1 para sempre na mem\u00f3ria dos torcedores. Os gols do Flamengo foram marcados por Everton Cebolinha, aos 27 minutos do [&hellip;]\" \/>\n<meta property=\"og:url\" content=\"https:\/\/www.gaveanews.com\/index.php\/2024\/06\/12\/torcedor-mirim-do-vasco-conquista-a-torcida-do-flamengo-e-viraliza-por-motivo-pouco-comum\/\" \/>\n<meta property=\"og:site_name\" content=\"G\u00e1vea News\" \/>\n<meta property=\"article:publisher\" content=\"https:\/\/facebook.com\/gaveaNews\/\" \/>\n<meta property=\"article:published_time\" content=\"2024-06-12T15:55:57+00:00\" \/>\n<meta property=\"article:modified_time\" content=\"2024-06-12T15:55:59+00:00\" \/>\n<meta property=\"og:image\" content=\"https:\/\/www.gaveanews.com\/wp-content\/uploads\/vascoFlamengoCamisa.webp\" \/>\n\t<meta property=\"og:image:width\" content=\"770\" \/>\n\t<meta property=\"og:image:height\" content=\"513\" \/>\n\t<meta property=\"og:image:type\" content=\"image\/webp\" \/>\n<meta name=\"author\" content=\"Henrique Machado\" \/>\n<meta name=\"twitter:card\" content=\"summary_large_image\" \/>\n<meta name=\"twitter:label1\" content=\"Escrito por\" \/>\n\t<meta name=\"twitter:data1\" content=\"Henrique Machado\" \/>\n\t<meta name=\"twitter:label2\" content=\"Est. tempo de leitura\" \/>\n\t<meta name=\"twitter:data2\" content=\"2 minutos\" \/>\n<script type=\"application\/ld+json\" class=\"yoast-schema-graph\">{\"@context\":\"https:\/\/schema.org\",\"@graph\":[{\"@type\":\"NewsArticle\",\"@id\":\"https:\/\/www.gaveanews.com\/index.php\/2024\/06\/12\/torcedor-mirim-do-vasco-conquista-a-torcida-do-flamengo-e-viraliza-por-motivo-pouco-comum\/#article\",\"isPartOf\":{\"@id\":\"https:\/\/www.gaveanews.com\/index.php\/2024\/06\/12\/torcedor-mirim-do-vasco-conquista-a-torcida-do-flamengo-e-viraliza-por-motivo-pouco-comum\/\"},\"author\":{\"name\":\"Henrique Machado\",\"@id\":\"https:\/\/www.gaveanews.com\/#\/schema\/person\/fd07635ec039ec3ba74ad18ec8a6dbd6\"},\"headline\":\"Torcedor mirim do Vasco conquista a torcida do Flamengo e viraliza por motivo pouco comum\",\"datePublished\":\"2024-06-12T15:55:57+00:00\",\"dateModified\":\"2024-06-12T15:55:59+00:00\",\"mainEntityOfPage\":{\"@id\":\"https:\/\/www.gaveanews.com\/index.php\/2024\/06\/12\/torcedor-mirim-do-vasco-conquista-a-torcida-do-flamengo-e-viraliza-por-motivo-pouco-comum\/\"},\"wordCount\":355,\"commentCount\":0,\"image\":{\"@id\":\"https:\/\/www.gaveanews.com\/index.php\/2024\/06\/12\/torcedor-mirim-do-vasco-conquista-a-torcida-do-flamengo-e-viraliza-por-motivo-pouco-comum\/#primaryimage\"},\"thumbnailUrl\":\"https:\/\/www.gaveanews.com\/wp-content\/uploads\/vascoFlamengoCamisa.webp\",\"articleSection\":[\"Flamengo\",\"Vasco\"],\"inLanguage\":\"pt-BR\",\"potentialAction\":[{\"@type\":\"CommentAction\",\"name\":\"Comment\",\"target\":[\"https:\/\/www.gaveanews.com\/index.php\/2024\/06\/12\/torcedor-mirim-do-vasco-conquista-a-torcida-do-flamengo-e-viraliza-por-motivo-pouco-comum\/#respond\"]}],\"copyrightYear\":\"2024\",\"copyrightHolder\":{\"@id\":\"https:\/\/www.gaveanews.com\/#organization\"}},{\"@type\":\"WebPage\",\"@id\":\"https:\/\/www.gaveanews.com\/index.php\/2024\/06\/12\/torcedor-mirim-do-vasco-conquista-a-torcida-do-flamengo-e-viraliza-por-motivo-pouco-comum\/\",\"url\":\"https:\/\/www.gaveanews.com\/index.php\/2024\/06\/12\/torcedor-mirim-do-vasco-conquista-a-torcida-do-flamengo-e-viraliza-por-motivo-pouco-comum\/\",\"name\":\"Torcedor mirim do Vasco conquista a torcida do Flamengo e viraliza por motivo pouco comum\",\"isPartOf\":{\"@id\":\"https:\/\/www.gaveanews.com\/#website\"},\"primaryImageOfPage\":{\"@id\":\"https:\/\/www.gaveanews.com\/index.php\/2024\/06\/12\/torcedor-mirim-do-vasco-conquista-a-torcida-do-flamengo-e-viraliza-por-motivo-pouco-comum\/#primaryimage\"},\"image\":{\"@id\":\"https:\/\/www.gaveanews.com\/index.php\/2024\/06\/12\/torcedor-mirim-do-vasco-conquista-a-torcida-do-flamengo-e-viraliza-por-motivo-pouco-comum\/#primaryimage\"},\"thumbnailUrl\":\"https:\/\/www.gaveanews.com\/wp-content\/uploads\/vascoFlamengoCamisa.webp\",\"datePublished\":\"2024-06-12T15:55:57+00:00\",\"dateModified\":\"2024-06-12T15:55:59+00:00\",\"author\":{\"@id\":\"https:\/\/www.gaveanews.com\/#\/schema\/person\/fd07635ec039ec3ba74ad18ec8a6dbd6\"},\"breadcrumb\":{\"@id\":\"https:\/\/www.gaveanews.com\/index.php\/2024\/06\/12\/torcedor-mirim-do-vasco-conquista-a-torcida-do-flamengo-e-viraliza-por-motivo-pouco-comum\/#breadcrumb\"},\"inLanguage\":\"pt-BR\",\"potentialAction\":[{\"@type\":\"ReadAction\",\"target\":[\"https:\/\/www.gaveanews.com\/index.php\/2024\/06\/12\/torcedor-mirim-do-vasco-conquista-a-torcida-do-flamengo-e-viraliza-por-motivo-pouco-comum\/\"]}]},{\"@type\":\"ImageObject\",\"inLanguage\":\"pt-BR\",\"@id\":\"https:\/\/www.gaveanews.com\/index.php\/2024\/06\/12\/torcedor-mirim-do-vasco-conquista-a-torcida-do-flamengo-e-viraliza-por-motivo-pouco-comum\/#primaryimage\",\"url\":\"https:\/\/www.gaveanews.com\/wp-content\/uploads\/vascoFlamengoCamisa.webp\",\"contentUrl\":\"https:\/\/www.gaveanews.com\/wp-content\/uploads\/vascoFlamengoCamisa.webp\",\"width\":770,\"height\":513,\"caption\":\"Camisas de Vasco e Flamengo (Foto: Reprodu\u00e7\u00e3o\/Facebook)\"},{\"@type\":\"BreadcrumbList\",\"@id\":\"https:\/\/www.gaveanews.com\/index.php\/2024\/06\/12\/torcedor-mirim-do-vasco-conquista-a-torcida-do-flamengo-e-viraliza-por-motivo-pouco-comum\/#breadcrumb\",\"itemListElement\":[{\"@type\":\"ListItem\",\"position\":1,\"name\":\"Home\",\"item\":\"https:\/\/www.gaveanews.com\/\"},{\"@type\":\"ListItem\",\"position\":2,\"name\":\"Torcedor mirim do Vasco conquista a torcida do Flamengo e viraliza por motivo pouco comum\"}]},{\"@type\":\"WebSite\",\"@id\":\"https:\/\/www.gaveanews.com\/#website\",\"url\":\"https:\/\/www.gaveanews.com\/\",\"name\":\"G\u00e1vea News\",\"description\":\"Veja todas as not\u00edcias sobre o Flamengo: Contrata\u00e7\u00f5es, categorias de base, resultados das partidas, tabela de classifica\u00e7\u00e3o, pr\u00f3ximos jogos!\",\"potentialAction\":[{\"@type\":\"SearchAction\",\"target\":{\"@type\":\"EntryPoint\",\"urlTemplate\":\"https:\/\/www.gaveanews.com\/?s={search_term_string}\"},\"query-input\":{\"@type\":\"PropertyValueSpecification\",\"valueRequired\":true,\"valueName\":\"search_term_string\"}}],\"inLanguage\":\"pt-BR\"},{\"@type\":\"Person\",\"@id\":\"https:\/\/www.gaveanews.com\/#\/schema\/person\/fd07635ec039ec3ba74ad18ec8a6dbd6\",\"name\":\"Henrique Machado\",\"image\":{\"@type\":\"ImageObject\",\"inLanguage\":\"pt-BR\",\"@id\":\"https:\/\/www.gaveanews.com\/#\/schema\/person\/image\/\",\"url\":\"https:\/\/secure.gravatar.com\/avatar\/b95e35997e01d9800c1b6184bd79d4d898d370a3fce2584f5c77b907d5c7d9e9?s=96&d=mm&r=g\",\"contentUrl\":\"https:\/\/secure.gravatar.com\/avatar\/b95e35997e01d9800c1b6184bd79d4d898d370a3fce2584f5c77b907d5c7d9e9?s=96&d=mm&r=g\",\"caption\":\"Henrique Machado\"}}]}<\/script>\n<!-- \/ Yoast SEO Premium plugin. -->","yoast_head_json":{"title":"Torcedor mirim do Vasco conquista a torcida do Flamengo e viraliza por motivo pouco comum","robots":{"index":"index","follow":"follow","max-snippet":"max-snippet:-1","max-image-preview":"max-image-preview:large","max-video-preview":"max-video-preview:-1"},"canonical":"https:\/\/www.gaveanews.com\/index.php\/2024\/06\/12\/torcedor-mirim-do-vasco-conquista-a-torcida-do-flamengo-e-viraliza-por-motivo-pouco-comum\/","og_locale":"pt_BR","og_type":"article","og_title":"Torcedor mirim do Vasco conquista a torcida do Flamengo e viraliza por motivo pouco comum","og_description":"A goleada hist\u00f3rica de 6 a 1 aplicada pelo Flamengo sobre o Vasco, no dia 2 de junho, pela s\u00e9tima rodada do Campeonato Brasileiro, continua sendo um dos assuntos mais comentados. O Cl\u00e1ssico dos Milh\u00f5es ficar\u00e1 para sempre na mem\u00f3ria dos torcedores. Os gols do Flamengo foram marcados por Everton Cebolinha, aos 27 minutos do [&hellip;]","og_url":"https:\/\/www.gaveanews.com\/index.php\/2024\/06\/12\/torcedor-mirim-do-vasco-conquista-a-torcida-do-flamengo-e-viraliza-por-motivo-pouco-comum\/","og_site_name":"G\u00e1vea News","article_publisher":"https:\/\/facebook.com\/gaveaNews\/","article_published_time":"2024-06-12T15:55:57+00:00","article_modified_time":"2024-06-12T15:55:59+00:00","og_image":[{"width":770,"height":513,"url":"https:\/\/www.gaveanews.com\/wp-content\/uploads\/vascoFlamengoCamisa.webp","type":"image\/webp"}],"author":"Henrique Machado","twitter_card":"summary_large_image","twitter_misc":{"Escrito por":"Henrique Machado","Est. tempo de leitura":"2 minutos"},"schema":{"@context":"https:\/\/schema.org","@graph":[{"@type":"NewsArticle","@id":"https:\/\/www.gaveanews.com\/index.php\/2024\/06\/12\/torcedor-mirim-do-vasco-conquista-a-torcida-do-flamengo-e-viraliza-por-motivo-pouco-comum\/#article","isPartOf":{"@id":"https:\/\/www.gaveanews.com\/index.php\/2024\/06\/12\/torcedor-mirim-do-vasco-conquista-a-torcida-do-flamengo-e-viraliza-por-motivo-pouco-comum\/"},"author":{"name":"Henrique Machado","@id":"https:\/\/www.gaveanews.com\/#\/schema\/person\/fd07635ec039ec3ba74ad18ec8a6dbd6"},"headline":"Torcedor mirim do Vasco conquista a torcida do Flamengo e viraliza por motivo pouco comum","datePublished":"2024-06-12T15:55:57+00:00","dateModified":"2024-06-12T15:55:59+00:00","mainEntityOfPage":{"@id":"https:\/\/www.gaveanews.com\/index.php\/2024\/06\/12\/torcedor-mirim-do-vasco-conquista-a-torcida-do-flamengo-e-viraliza-por-motivo-pouco-comum\/"},"wordCount":355,"commentCount":0,"image":{"@id":"https:\/\/www.gaveanews.com\/index.php\/2024\/06\/12\/torcedor-mirim-do-vasco-conquista-a-torcida-do-flamengo-e-viraliza-por-motivo-pouco-comum\/#primaryimage"},"thumbnailUrl":"https:\/\/www.gaveanews.com\/wp-content\/uploads\/vascoFlamengoCamisa.webp","articleSection":["Flamengo","Vasco"],"inLanguage":"pt-BR","potentialAction":[{"@type":"CommentAction","name":"Comment","target":["https:\/\/www.gaveanews.com\/index.php\/2024\/06\/12\/torcedor-mirim-do-vasco-conquista-a-torcida-do-flamengo-e-viraliza-por-motivo-pouco-comum\/#respond"]}],"copyrightYear":"2024","copyrightHolder":{"@id":"https:\/\/www.gaveanews.com\/#organization"}},{"@type":"WebPage","@id":"https:\/\/www.gaveanews.com\/index.php\/2024\/06\/12\/torcedor-mirim-do-vasco-conquista-a-torcida-do-flamengo-e-viraliza-por-motivo-pouco-comum\/","url":"https:\/\/www.gaveanews.com\/index.php\/2024\/06\/12\/torcedor-mirim-do-vasco-conquista-a-torcida-do-flamengo-e-viraliza-por-motivo-pouco-comum\/","name":"Torcedor mirim do Vasco conquista a torcida do Flamengo e viraliza por motivo pouco comum","isPartOf":{"@id":"https:\/\/www.gaveanews.com\/#website"},"primaryImageOfPage":{"@id":"https:\/\/www.gaveanews.com\/index.php\/2024\/06\/12\/torcedor-mirim-do-vasco-conquista-a-torcida-do-flamengo-e-viraliza-por-motivo-pouco-comum\/#primaryimage"},"image":{"@id":"https:\/\/www.gaveanews.com\/index.php\/2024\/06\/12\/torcedor-mirim-do-vasco-conquista-a-torcida-do-flamengo-e-viraliza-por-motivo-pouco-comum\/#primaryimage"},"thumbnailUrl":"https:\/\/www.gaveanews.com\/wp-content\/uploads\/vascoFlamengoCamisa.webp","datePublished":"2024-06-12T15:55:57+00:00","dateModified":"2024-06-12T15:55:59+00:00","author":{"@id":"https:\/\/www.gaveanews.com\/#\/schema\/person\/fd07635ec039ec3ba74ad18ec8a6dbd6"},"breadcrumb":{"@id":"https:\/\/www.gaveanews.com\/index.php\/2024\/06\/12\/torcedor-mirim-do-vasco-conquista-a-torcida-do-flamengo-e-viraliza-por-motivo-pouco-comum\/#breadcrumb"},"inLanguage":"pt-BR","potentialAction":[{"@type":"ReadAction","target":["https:\/\/www.gaveanews.com\/index.php\/2024\/06\/12\/torcedor-mirim-do-vasco-conquista-a-torcida-do-flamengo-e-viraliza-por-motivo-pouco-comum\/"]}]},{"@type":"ImageObject","inLanguage":"pt-BR","@id":"https:\/\/www.gaveanews.com\/index.php\/2024\/06\/12\/torcedor-mirim-do-vasco-conquista-a-torcida-do-flamengo-e-viraliza-por-motivo-pouco-comum\/#primaryimage","url":"https:\/\/www.gaveanews.com\/wp-content\/uploads\/vascoFlamengoCamisa.webp","contentUrl":"https:\/\/www.gaveanews.com\/wp-content\/uploads\/vascoFlamengoCamisa.webp","width":770,"height":513,"caption":"Camisas de Vasco e Flamengo (Foto: Reprodu\u00e7\u00e3o\/Facebook)"},{"@type":"BreadcrumbList","@id":"https:\/\/www.gaveanews.com\/index.php\/2024\/06\/12\/torcedor-mirim-do-vasco-conquista-a-torcida-do-flamengo-e-viraliza-por-motivo-pouco-comum\/#breadcrumb","itemListElement":[{"@type":"ListItem","position":1,"name":"Home","item":"https:\/\/www.gaveanews.com\/"},{"@type":"ListItem","position":2,"name":"Torcedor mirim do Vasco conquista a torcida do Flamengo e viraliza por motivo pouco comum"}]},{"@type":"WebSite","@id":"https:\/\/www.gaveanews.com\/#website","url":"https:\/\/www.gaveanews.com\/","name":"G\u00e1vea News","description":"Veja todas as not\u00edcias sobre o Flamengo: Contrata\u00e7\u00f5es, categorias de base, resultados das partidas, tabela de classifica\u00e7\u00e3o, pr\u00f3ximos jogos!","potentialAction":[{"@type":"SearchAction","target":{"@type":"EntryPoint","urlTemplate":"https:\/\/www.gaveanews.com\/?s={search_term_string}"},"query-input":{"@type":"PropertyValueSpecification","valueRequired":true,"valueName":"search_term_string"}}],"inLanguage":"pt-BR"},{"@type":"Person","@id":"https:\/\/www.gaveanews.com\/#\/schema\/person\/fd07635ec039ec3ba74ad18ec8a6dbd6","name":"Henrique Machado","image":{"@type":"ImageObject","inLanguage":"pt-BR","@id":"https:\/\/www.gaveanews.com\/#\/schema\/person\/image\/","url":"https:\/\/secure.gravatar.com\/avatar\/b95e35997e01d9800c1b6184bd79d4d898d370a3fce2584f5c77b907d5c7d9e9?s=96&d=mm&r=g","contentUrl":"https:\/\/secure.gravatar.com\/avatar\/b95e35997e01d9800c1b6184bd79d4d898d370a3fce2584f5c77b907d5c7d9e9?s=96&d=mm&r=g","caption":"Henrique Machado"}}]}},"_links":{"self":[{"href":"https:\/\/www.gaveanews.com\/index.php\/wp-json\/wp\/v2\/posts\/147536","targetHints":{"allow":["GET"]}}],"collection":[{"href":"https:\/\/www.gaveanews.com\/index.php\/wp-json\/wp\/v2\/posts"}],"about":[{"href":"https:\/\/www.gaveanews.com\/index.php\/wp-json\/wp\/v2\/types\/post"}],"author":[{"embeddable":true,"href":"https:\/\/www.gaveanews.com\/index.php\/wp-json\/wp\/v2\/users\/15"}],"replies":[{"embeddable":true,"href":"https:\/\/www.gaveanews.com\/index.php\/wp-json\/wp\/v2\/comments?post=147536"}],"version-history":[{"count":3,"href":"https:\/\/www.gaveanews.com\/index.php\/wp-json\/wp\/v2\/posts\/147536\/revisions"}],"predecessor-version":[{"id":147540,"href":"https:\/\/www.gaveanews.com\/index.php\/wp-json\/wp\/v2\/posts\/147536\/revisions\/147540"}],"wp:featuredmedia":[{"embeddable":true,"href":"https:\/\/www.gaveanews.com\/index.php\/wp-json\/wp\/v2\/media\/123051"}],"wp:attachment":[{"href":"https:\/\/www.gaveanews.com\/index.php\/wp-json\/wp\/v2\/media?parent=147536"}],"wp:term":[{"taxonomy":"category","embeddable":true,"href":"https:\/\/www.gaveanews.com\/index.php\/wp-json\/wp\/v2\/categories?post=147536"},{"taxonomy":"post_tag","embeddable":true,"href":"https:\/\/www.gaveanews.com\/index.php\/wp-json\/wp\/v2\/tags?post=147536"}],"curies":[{"name":"wp","href":"https:\/\/api.w.org\/{rel}","templated":true}]}}