{"id":148188,"date":"2024-06-17T14:00:00","date_gmt":"2024-06-17T17:00:00","guid":{"rendered":"https:\/\/www.gaveanews.com\/?p=148188"},"modified":"2024-06-17T13:28:55","modified_gmt":"2024-06-17T16:28:55","slug":"vasco-tem-desfalque-confirmado-para-a-partida-contra-o-juventude","status":"publish","type":"post","link":"https:\/\/www.gaveanews.com\/index.php\/2024\/06\/17\/vasco-tem-desfalque-confirmado-para-a-partida-contra-o-juventude\/","title":{"rendered":"Vasco tem desfalque confirmado para a partida contra o Juventude"},"content":{"rendered":"\n<h3 class=\"wp-block-heading\" id=\"h-vegetti-desfalcara-o-vasco-contra-o-juventude\">Vegetti desfalcar\u00e1 o Vasco contra o Juventude<\/h3>\n\n\n\n<p>Vegetti levou o terceiro cart\u00e3o amarelo no Brasileir\u00e3o, durante o empate em 0 a 0 com o Cruzeiro neste domingo. Como resultado, ele estar\u00e1 ausente no confronto contra o Juventude na quarta-feira, \u00e0s 20h, no Alfredo Jaconi. Essa ser\u00e1 apenas a segunda vez que o atacante n\u00e3o poder\u00e1 jogar pelo Vasco desde sua chegada ao clube no ano passado.<\/p>\n\n\n\n<p>O jogador argentino, atual artilheiro do Brasileir\u00e3o e da Copa do Brasil, ser\u00e1 uma baixa significativa para o Vasco. Dos sete gols marcados pela equipe na competi\u00e7\u00e3o, quatro foram feitos por Vegetti, que tamb\u00e9m se destaca por sua dedica\u00e7\u00e3o ao elenco. \u00c9 raro v\u00ea-lo ausente em alguma partida.<\/p>\n\n\n\n<p>\u00c1lvaro Pacheco expressou pesar pela aus\u00eancia de Vegetti no pr\u00f3ximo jogo, afirmando que ele \u00e9 o melhor atacante do futebol brasileiro.<\/p>\n\n\n\n<p><em>\u2014 Evidente que n\u00e3o podemos esconder a qualidade e influ\u00eancia do Vegetti na equipe. Ele \u00e9 o melhor centroavante do futebol brasileiro. Confio em todos os jogadores e v\u00e3o sugir oportunidades para outros mostrarem o desempenho que tem apresentado durante a semana de treinamento e ter\u00e1 a continuidade de mostrar o trabalho no jogo. Os jogadores gostam de treinar e ter oportunidade de jogar. N\u00e3o jogando o Vegetti, outro jogador ter\u00e1 oportunidade \u2014 disse \u00c1lvaro.<\/em><\/p>\n\n\n\n<figure class=\"wp-block-image size-full\"><img loading=\"lazy\" decoding=\"async\" width=\"984\" height=\"688\" src=\"https:\/\/www.gaveanews.com\/wp-content\/uploads\/11.avif\" alt=\"\" class=\"wp-image-148189\" \/><figcaption class=\"wp-element-caption\">Foto: Andr\u00e9 Dur\u00e3o<\/figcaption><\/figure>\n\n\n\n<p>A \u00faltima vez que o Vasco teve que lidar com a aus\u00eancia de Vegetti foi em novembro do ano passado, contra o Cuiab\u00e1. Apesar disso, a equipe conseguiu uma vit\u00f3ria por 2 a 0 fora de casa nesse confronto. O atacante n\u00e3o p\u00f4de participar devido \u00e0 sua expuls\u00e3o no empate em 1 a 1 contra o Goi\u00e1s, em Goi\u00e2nia, na rodada anterior.<\/p>\n\n\n\n<p>Em 2024, Vegetti perdeu duas partidas do Vasco, mas n\u00e3o por n\u00e3o estar. O atacante foi detido, no Carioca, nas rodadas contra Madureira e Audax da primeira divis\u00e3o.<\/p>\n","protected":false},"excerpt":{"rendered":"<p>Vasco tem desfalque confirmado para a partida contra o Juventude<\/p>\n","protected":false},"author":16,"featured_media":147137,"comment_status":"open","ping_status":"closed","sticky":false,"template":"","format":"standard","meta":{"footnotes":""},"categories":[149,152],"tags":[],"class_list":["post-148188","post","type-post","status-publish","format-standard","has-post-thumbnail","hentry","category-juventude","category-vasco"],"yoast_head":"<!-- This site is optimized with the Yoast SEO Premium plugin v24.2 (Yoast SEO v26.9) - https:\/\/yoast.com\/product\/yoast-seo-premium-wordpress\/ -->\n<title>Vasco tem desfalque confirmado para a partida contra o Juventude<\/title>\n<meta name=\"robots\" content=\"index, follow, max-snippet:-1, max-image-preview:large, max-video-preview:-1\" \/>\n<link rel=\"canonical\" href=\"https:\/\/www.gaveanews.com\/index.php\/2024\/06\/17\/vasco-tem-desfalque-confirmado-para-a-partida-contra-o-juventude\/\" \/>\n<meta property=\"og:locale\" content=\"pt_BR\" \/>\n<meta property=\"og:type\" content=\"article\" \/>\n<meta property=\"og:title\" content=\"Vasco tem desfalque confirmado para a partida contra o Juventude\" \/>\n<meta property=\"og:description\" content=\"Vasco tem desfalque confirmado para a partida contra o Juventude\" \/>\n<meta property=\"og:url\" content=\"https:\/\/www.gaveanews.com\/index.php\/2024\/06\/17\/vasco-tem-desfalque-confirmado-para-a-partida-contra-o-juventude\/\" \/>\n<meta property=\"og:site_name\" content=\"G\u00e1vea News\" \/>\n<meta property=\"article:publisher\" content=\"https:\/\/facebook.com\/gaveaNews\/\" \/>\n<meta property=\"article:published_time\" content=\"2024-06-17T17:00:00+00:00\" \/>\n<meta property=\"og:image\" content=\"https:\/\/www.gaveanews.com\/wp-content\/uploads\/1557182039-vasco-x-gremio.webp\" \/>\n\t<meta property=\"og:image:width\" content=\"774\" \/>\n\t<meta property=\"og:image:height\" content=\"435\" \/>\n\t<meta property=\"og:image:type\" content=\"image\/webp\" \/>\n<meta name=\"author\" content=\"D\u00e9bora Figueiredo\" \/>\n<meta name=\"twitter:card\" content=\"summary_large_image\" \/>\n<meta name=\"twitter:label1\" content=\"Escrito por\" \/>\n\t<meta name=\"twitter:data1\" content=\"D\u00e9bora Figueiredo\" \/>\n\t<meta name=\"twitter:label2\" content=\"Est. tempo de leitura\" \/>\n\t<meta name=\"twitter:data2\" content=\"3 minutos\" \/>\n<script type=\"application\/ld+json\" class=\"yoast-schema-graph\">{\"@context\":\"https:\/\/schema.org\",\"@graph\":[{\"@type\":\"NewsArticle\",\"@id\":\"https:\/\/www.gaveanews.com\/index.php\/2024\/06\/17\/vasco-tem-desfalque-confirmado-para-a-partida-contra-o-juventude\/#article\",\"isPartOf\":{\"@id\":\"https:\/\/www.gaveanews.com\/index.php\/2024\/06\/17\/vasco-tem-desfalque-confirmado-para-a-partida-contra-o-juventude\/\"},\"author\":{\"name\":\"D\u00e9bora Figueiredo\",\"@id\":\"https:\/\/www.gaveanews.com\/#\/schema\/person\/37122681a8575a5c8db05a56f099a5e4\"},\"headline\":\"Vasco tem desfalque confirmado para a partida contra o Juventude\",\"datePublished\":\"2024-06-17T17:00:00+00:00\",\"mainEntityOfPage\":{\"@id\":\"https:\/\/www.gaveanews.com\/index.php\/2024\/06\/17\/vasco-tem-desfalque-confirmado-para-a-partida-contra-o-juventude\/\"},\"wordCount\":325,\"commentCount\":0,\"image\":{\"@id\":\"https:\/\/www.gaveanews.com\/index.php\/2024\/06\/17\/vasco-tem-desfalque-confirmado-para-a-partida-contra-o-juventude\/#primaryimage\"},\"thumbnailUrl\":\"https:\/\/www.gaveanews.com\/wp-content\/uploads\/1557182039-vasco-x-gremio.webp\",\"articleSection\":[\"Juventude\",\"Vasco\"],\"inLanguage\":\"pt-BR\",\"potentialAction\":[{\"@type\":\"CommentAction\",\"name\":\"Comment\",\"target\":[\"https:\/\/www.gaveanews.com\/index.php\/2024\/06\/17\/vasco-tem-desfalque-confirmado-para-a-partida-contra-o-juventude\/#respond\"]}],\"copyrightYear\":\"2024\",\"copyrightHolder\":{\"@id\":\"https:\/\/www.gaveanews.com\/#organization\"}},{\"@type\":\"WebPage\",\"@id\":\"https:\/\/www.gaveanews.com\/index.php\/2024\/06\/17\/vasco-tem-desfalque-confirmado-para-a-partida-contra-o-juventude\/\",\"url\":\"https:\/\/www.gaveanews.com\/index.php\/2024\/06\/17\/vasco-tem-desfalque-confirmado-para-a-partida-contra-o-juventude\/\",\"name\":\"Vasco tem desfalque confirmado para a partida contra o Juventude\",\"isPartOf\":{\"@id\":\"https:\/\/www.gaveanews.com\/#website\"},\"primaryImageOfPage\":{\"@id\":\"https:\/\/www.gaveanews.com\/index.php\/2024\/06\/17\/vasco-tem-desfalque-confirmado-para-a-partida-contra-o-juventude\/#primaryimage\"},\"image\":{\"@id\":\"https:\/\/www.gaveanews.com\/index.php\/2024\/06\/17\/vasco-tem-desfalque-confirmado-para-a-partida-contra-o-juventude\/#primaryimage\"},\"thumbnailUrl\":\"https:\/\/www.gaveanews.com\/wp-content\/uploads\/1557182039-vasco-x-gremio.webp\",\"datePublished\":\"2024-06-17T17:00:00+00:00\",\"author\":{\"@id\":\"https:\/\/www.gaveanews.com\/#\/schema\/person\/37122681a8575a5c8db05a56f099a5e4\"},\"breadcrumb\":{\"@id\":\"https:\/\/www.gaveanews.com\/index.php\/2024\/06\/17\/vasco-tem-desfalque-confirmado-para-a-partida-contra-o-juventude\/#breadcrumb\"},\"inLanguage\":\"pt-BR\",\"potentialAction\":[{\"@type\":\"ReadAction\",\"target\":[\"https:\/\/www.gaveanews.com\/index.php\/2024\/06\/17\/vasco-tem-desfalque-confirmado-para-a-partida-contra-o-juventude\/\"]}]},{\"@type\":\"ImageObject\",\"inLanguage\":\"pt-BR\",\"@id\":\"https:\/\/www.gaveanews.com\/index.php\/2024\/06\/17\/vasco-tem-desfalque-confirmado-para-a-partida-contra-o-juventude\/#primaryimage\",\"url\":\"https:\/\/www.gaveanews.com\/wp-content\/uploads\/1557182039-vasco-x-gremio.webp\",\"contentUrl\":\"https:\/\/www.gaveanews.com\/wp-content\/uploads\/1557182039-vasco-x-gremio.webp\",\"width\":774,\"height\":435,\"caption\":\"Foto: @vascodagama \/ Leandro Amorim \/ RD1\"},{\"@type\":\"BreadcrumbList\",\"@id\":\"https:\/\/www.gaveanews.com\/index.php\/2024\/06\/17\/vasco-tem-desfalque-confirmado-para-a-partida-contra-o-juventude\/#breadcrumb\",\"itemListElement\":[{\"@type\":\"ListItem\",\"position\":1,\"name\":\"Home\",\"item\":\"https:\/\/www.gaveanews.com\/\"},{\"@type\":\"ListItem\",\"position\":2,\"name\":\"Vasco tem desfalque confirmado para a partida contra o Juventude\"}]},{\"@type\":\"WebSite\",\"@id\":\"https:\/\/www.gaveanews.com\/#website\",\"url\":\"https:\/\/www.gaveanews.com\/\",\"name\":\"G\u00e1vea News\",\"description\":\"Veja todas as not\u00edcias sobre o Flamengo: Contrata\u00e7\u00f5es, categorias de base, resultados das partidas, tabela de classifica\u00e7\u00e3o, pr\u00f3ximos jogos!\",\"potentialAction\":[{\"@type\":\"SearchAction\",\"target\":{\"@type\":\"EntryPoint\",\"urlTemplate\":\"https:\/\/www.gaveanews.com\/?s={search_term_string}\"},\"query-input\":{\"@type\":\"PropertyValueSpecification\",\"valueRequired\":true,\"valueName\":\"search_term_string\"}}],\"inLanguage\":\"pt-BR\"},{\"@type\":\"Person\",\"@id\":\"https:\/\/www.gaveanews.com\/#\/schema\/person\/37122681a8575a5c8db05a56f099a5e4\",\"name\":\"D\u00e9bora Figueiredo\",\"image\":{\"@type\":\"ImageObject\",\"inLanguage\":\"pt-BR\",\"@id\":\"https:\/\/www.gaveanews.com\/#\/schema\/person\/image\/\",\"url\":\"https:\/\/secure.gravatar.com\/avatar\/1f44802859351588499d26f52aed1d15796ce17e67602895b72837c08018868d?s=96&d=mm&r=g\",\"contentUrl\":\"https:\/\/secure.gravatar.com\/avatar\/1f44802859351588499d26f52aed1d15796ce17e67602895b72837c08018868d?s=96&d=mm&r=g\",\"caption\":\"D\u00e9bora Figueiredo\"}}]}<\/script>\n<!-- \/ Yoast SEO Premium plugin. -->","yoast_head_json":{"title":"Vasco tem desfalque confirmado para a partida contra o Juventude","robots":{"index":"index","follow":"follow","max-snippet":"max-snippet:-1","max-image-preview":"max-image-preview:large","max-video-preview":"max-video-preview:-1"},"canonical":"https:\/\/www.gaveanews.com\/index.php\/2024\/06\/17\/vasco-tem-desfalque-confirmado-para-a-partida-contra-o-juventude\/","og_locale":"pt_BR","og_type":"article","og_title":"Vasco tem desfalque confirmado para a partida contra o Juventude","og_description":"Vasco tem desfalque confirmado para a partida contra o Juventude","og_url":"https:\/\/www.gaveanews.com\/index.php\/2024\/06\/17\/vasco-tem-desfalque-confirmado-para-a-partida-contra-o-juventude\/","og_site_name":"G\u00e1vea News","article_publisher":"https:\/\/facebook.com\/gaveaNews\/","article_published_time":"2024-06-17T17:00:00+00:00","og_image":[{"width":774,"height":435,"url":"https:\/\/www.gaveanews.com\/wp-content\/uploads\/1557182039-vasco-x-gremio.webp","type":"image\/webp"}],"author":"D\u00e9bora Figueiredo","twitter_card":"summary_large_image","twitter_misc":{"Escrito por":"D\u00e9bora Figueiredo","Est. tempo de leitura":"3 minutos"},"schema":{"@context":"https:\/\/schema.org","@graph":[{"@type":"NewsArticle","@id":"https:\/\/www.gaveanews.com\/index.php\/2024\/06\/17\/vasco-tem-desfalque-confirmado-para-a-partida-contra-o-juventude\/#article","isPartOf":{"@id":"https:\/\/www.gaveanews.com\/index.php\/2024\/06\/17\/vasco-tem-desfalque-confirmado-para-a-partida-contra-o-juventude\/"},"author":{"name":"D\u00e9bora Figueiredo","@id":"https:\/\/www.gaveanews.com\/#\/schema\/person\/37122681a8575a5c8db05a56f099a5e4"},"headline":"Vasco tem desfalque confirmado para a partida contra o Juventude","datePublished":"2024-06-17T17:00:00+00:00","mainEntityOfPage":{"@id":"https:\/\/www.gaveanews.com\/index.php\/2024\/06\/17\/vasco-tem-desfalque-confirmado-para-a-partida-contra-o-juventude\/"},"wordCount":325,"commentCount":0,"image":{"@id":"https:\/\/www.gaveanews.com\/index.php\/2024\/06\/17\/vasco-tem-desfalque-confirmado-para-a-partida-contra-o-juventude\/#primaryimage"},"thumbnailUrl":"https:\/\/www.gaveanews.com\/wp-content\/uploads\/1557182039-vasco-x-gremio.webp","articleSection":["Juventude","Vasco"],"inLanguage":"pt-BR","potentialAction":[{"@type":"CommentAction","name":"Comment","target":["https:\/\/www.gaveanews.com\/index.php\/2024\/06\/17\/vasco-tem-desfalque-confirmado-para-a-partida-contra-o-juventude\/#respond"]}],"copyrightYear":"2024","copyrightHolder":{"@id":"https:\/\/www.gaveanews.com\/#organization"}},{"@type":"WebPage","@id":"https:\/\/www.gaveanews.com\/index.php\/2024\/06\/17\/vasco-tem-desfalque-confirmado-para-a-partida-contra-o-juventude\/","url":"https:\/\/www.gaveanews.com\/index.php\/2024\/06\/17\/vasco-tem-desfalque-confirmado-para-a-partida-contra-o-juventude\/","name":"Vasco tem desfalque confirmado para a partida contra o Juventude","isPartOf":{"@id":"https:\/\/www.gaveanews.com\/#website"},"primaryImageOfPage":{"@id":"https:\/\/www.gaveanews.com\/index.php\/2024\/06\/17\/vasco-tem-desfalque-confirmado-para-a-partida-contra-o-juventude\/#primaryimage"},"image":{"@id":"https:\/\/www.gaveanews.com\/index.php\/2024\/06\/17\/vasco-tem-desfalque-confirmado-para-a-partida-contra-o-juventude\/#primaryimage"},"thumbnailUrl":"https:\/\/www.gaveanews.com\/wp-content\/uploads\/1557182039-vasco-x-gremio.webp","datePublished":"2024-06-17T17:00:00+00:00","author":{"@id":"https:\/\/www.gaveanews.com\/#\/schema\/person\/37122681a8575a5c8db05a56f099a5e4"},"breadcrumb":{"@id":"https:\/\/www.gaveanews.com\/index.php\/2024\/06\/17\/vasco-tem-desfalque-confirmado-para-a-partida-contra-o-juventude\/#breadcrumb"},"inLanguage":"pt-BR","potentialAction":[{"@type":"ReadAction","target":["https:\/\/www.gaveanews.com\/index.php\/2024\/06\/17\/vasco-tem-desfalque-confirmado-para-a-partida-contra-o-juventude\/"]}]},{"@type":"ImageObject","inLanguage":"pt-BR","@id":"https:\/\/www.gaveanews.com\/index.php\/2024\/06\/17\/vasco-tem-desfalque-confirmado-para-a-partida-contra-o-juventude\/#primaryimage","url":"https:\/\/www.gaveanews.com\/wp-content\/uploads\/1557182039-vasco-x-gremio.webp","contentUrl":"https:\/\/www.gaveanews.com\/wp-content\/uploads\/1557182039-vasco-x-gremio.webp","width":774,"height":435,"caption":"Foto: @vascodagama \/ Leandro Amorim \/ RD1"},{"@type":"BreadcrumbList","@id":"https:\/\/www.gaveanews.com\/index.php\/2024\/06\/17\/vasco-tem-desfalque-confirmado-para-a-partida-contra-o-juventude\/#breadcrumb","itemListElement":[{"@type":"ListItem","position":1,"name":"Home","item":"https:\/\/www.gaveanews.com\/"},{"@type":"ListItem","position":2,"name":"Vasco tem desfalque confirmado para a partida contra o Juventude"}]},{"@type":"WebSite","@id":"https:\/\/www.gaveanews.com\/#website","url":"https:\/\/www.gaveanews.com\/","name":"G\u00e1vea News","description":"Veja todas as not\u00edcias sobre o Flamengo: Contrata\u00e7\u00f5es, categorias de base, resultados das partidas, tabela de classifica\u00e7\u00e3o, pr\u00f3ximos jogos!","potentialAction":[{"@type":"SearchAction","target":{"@type":"EntryPoint","urlTemplate":"https:\/\/www.gaveanews.com\/?s={search_term_string}"},"query-input":{"@type":"PropertyValueSpecification","valueRequired":true,"valueName":"search_term_string"}}],"inLanguage":"pt-BR"},{"@type":"Person","@id":"https:\/\/www.gaveanews.com\/#\/schema\/person\/37122681a8575a5c8db05a56f099a5e4","name":"D\u00e9bora Figueiredo","image":{"@type":"ImageObject","inLanguage":"pt-BR","@id":"https:\/\/www.gaveanews.com\/#\/schema\/person\/image\/","url":"https:\/\/secure.gravatar.com\/avatar\/1f44802859351588499d26f52aed1d15796ce17e67602895b72837c08018868d?s=96&d=mm&r=g","contentUrl":"https:\/\/secure.gravatar.com\/avatar\/1f44802859351588499d26f52aed1d15796ce17e67602895b72837c08018868d?s=96&d=mm&r=g","caption":"D\u00e9bora Figueiredo"}}]}},"_links":{"self":[{"href":"https:\/\/www.gaveanews.com\/index.php\/wp-json\/wp\/v2\/posts\/148188","targetHints":{"allow":["GET"]}}],"collection":[{"href":"https:\/\/www.gaveanews.com\/index.php\/wp-json\/wp\/v2\/posts"}],"about":[{"href":"https:\/\/www.gaveanews.com\/index.php\/wp-json\/wp\/v2\/types\/post"}],"author":[{"embeddable":true,"href":"https:\/\/www.gaveanews.com\/index.php\/wp-json\/wp\/v2\/users\/16"}],"replies":[{"embeddable":true,"href":"https:\/\/www.gaveanews.com\/index.php\/wp-json\/wp\/v2\/comments?post=148188"}],"version-history":[{"count":1,"href":"https:\/\/www.gaveanews.com\/index.php\/wp-json\/wp\/v2\/posts\/148188\/revisions"}],"predecessor-version":[{"id":148190,"href":"https:\/\/www.gaveanews.com\/index.php\/wp-json\/wp\/v2\/posts\/148188\/revisions\/148190"}],"wp:featuredmedia":[{"embeddable":true,"href":"https:\/\/www.gaveanews.com\/index.php\/wp-json\/wp\/v2\/media\/147137"}],"wp:attachment":[{"href":"https:\/\/www.gaveanews.com\/index.php\/wp-json\/wp\/v2\/media?parent=148188"}],"wp:term":[{"taxonomy":"category","embeddable":true,"href":"https:\/\/www.gaveanews.com\/index.php\/wp-json\/wp\/v2\/categories?post=148188"},{"taxonomy":"post_tag","embeddable":true,"href":"https:\/\/www.gaveanews.com\/index.php\/wp-json\/wp\/v2\/tags?post=148188"}],"curies":[{"name":"wp","href":"https:\/\/api.w.org\/{rel}","templated":true}]}}