{"id":148350,"date":"2024-06-18T11:25:41","date_gmt":"2024-06-18T14:25:41","guid":{"rendered":"https:\/\/www.gaveanews.com\/?p=148350"},"modified":"2024-06-18T11:25:43","modified_gmt":"2024-06-18T14:25:43","slug":"a-declaracao-de-piquerez-sobre-a-situacao-de-dudu-no-palmeiras","status":"publish","type":"post","link":"https:\/\/www.gaveanews.com\/index.php\/2024\/06\/18\/a-declaracao-de-piquerez-sobre-a-situacao-de-dudu-no-palmeiras\/","title":{"rendered":"A declara\u00e7\u00e3o de Piquerez sobre a situa\u00e7\u00e3o de Dudu no Palmeiras"},"content":{"rendered":"\n<h2 class=\"wp-block-heading\" id=\"h-piquerez-diz-que-elenco-do-palmeiras-apoia-permanencia-de-dudu\">Piquerez diz que elenco do Palmeiras apoia perman\u00eancia de Dudu<\/h2>\n\n\n\n<p>Piquerez celebrou a performance do Palmeiras na vit\u00f3ria por 4 a 0 sobre o Atl\u00e9tico-MG, na Arena MRV, e a decis\u00e3o de Dudu em permanecer. O jogador informou que n\u00e3o ir\u00e1 se transferir para o Cruzeiro, enquanto o lateral esquerdo destacou o apoio dado ao camisa 7 pelo elenco.<\/p>\n\n\n\n<p><em>\u2013 \u00c9 um assunto que eu acho que ficou esclarecido,\u00a0Palmeiras\u00a0e Dudu se pronunciaram. A decis\u00e3o foi que fica, todo o elenco est\u00e1 apoiando. Todo mundo sabe da qualidade dele, esperamos encontrar com ele, todo mundo feliz que ele tenha ficado. Eu estava no vesti\u00e1rio, acho que An\u00edbal que me mostrou que ele tinha falado nas redes sociais, fomos todos ver \u2013 contou.<\/em><\/p>\n\n\n\n<p>Dudu ficou de fora por conta da situa\u00e7\u00e3o complicada envolvendo o Cruzeiro. Ap\u00f3s aceitar a proposta da equipe mineira e ter tamb\u00e9m a aprova\u00e7\u00e3o da diretoria do Palmeiras, o atacante voltou atr\u00e1s e optou por continuar no clube.<\/p>\n\n\n\n<figure class=\"wp-block-image size-full\"><img loading=\"lazy\" decoding=\"async\" width=\"846\" height=\"476\" src=\"https:\/\/www.gaveanews.com\/wp-content\/uploads\/dudu-palmeiras.webp\" alt=\"\" class=\"wp-image-91439\" srcset=\"https:\/\/www.gaveanews.com\/wp-content\/uploads\/dudu-palmeiras.webp 846w, https:\/\/www.gaveanews.com\/wp-content\/uploads\/dudu-palmeiras-300x169.webp 300w, https:\/\/www.gaveanews.com\/wp-content\/uploads\/dudu-palmeiras-768x432.webp 768w, https:\/\/www.gaveanews.com\/wp-content\/uploads\/dudu-palmeiras-746x420.webp 746w, https:\/\/www.gaveanews.com\/wp-content\/uploads\/dudu-palmeiras-640x360.webp 640w, https:\/\/www.gaveanews.com\/wp-content\/uploads\/dudu-palmeiras-681x383.webp 681w, https:\/\/www.gaveanews.com\/wp-content\/uploads\/dudu-palmeiras-100x56.webp 100w\" sizes=\"auto, (max-width: 846px) 100vw, 846px\" \/><figcaption class=\"wp-element-caption\">Dudu em jogo do Palmeiras (Foto: Cesar Greco\/Palmeiras)<\/figcaption><\/figure>\n\n\n\n<p>Mesmo sem Dudu em campo, o Verd\u00e3o teve uma excelente atua\u00e7\u00e3o diante do Atl\u00e9tico-MG e acabou com a invencibilidade do l\u00edder do Brasileir\u00e3o. Piquerez acredita que esse resultado traz confian\u00e7a para a sequ\u00eancia da competi\u00e7\u00e3o.<\/p>\n\n\n\n<p><em>\u2013 Uma vit\u00f3ria que d\u00e1 confian\u00e7a, acho que o treinador vai reclamar da efic\u00e1cia, poder\u00edamos ter feito mais. Mas terceira vit\u00f3ria consecutiva, voltamos felizes com os tr\u00eas pontos \u2013 completou.<\/em><\/p>\n\n\n\n<p>Com esse triunfo, o Palmeiras chegou aos 17 pontos, ocupando a quinta posi\u00e7\u00e3o, apenas dois pontos atr\u00e1s do Botafogo, l\u00edder. O pr\u00f3ximo jogo ser\u00e1 na quinta-feira contra o Bragantino, no Allianz Parque.<\/p>\n","protected":false},"excerpt":{"rendered":"<p>A declara\u00e7\u00e3o de Piquerez sobre a situa\u00e7\u00e3o de Dudu no Palmeiras <\/p>\n","protected":false},"author":16,"featured_media":148351,"comment_status":"open","ping_status":"closed","sticky":false,"template":"","format":"standard","meta":{"footnotes":""},"categories":[150],"tags":[],"class_list":["post-148350","post","type-post","status-publish","format-standard","has-post-thumbnail","hentry","category-palmeiras"],"yoast_head":"<!-- This site is optimized with the Yoast SEO Premium plugin v24.2 (Yoast SEO v26.9) - https:\/\/yoast.com\/product\/yoast-seo-premium-wordpress\/ -->\n<title>A declara\u00e7\u00e3o de Piquerez sobre a situa\u00e7\u00e3o de Dudu no Palmeiras<\/title>\n<meta name=\"robots\" content=\"index, follow, max-snippet:-1, max-image-preview:large, max-video-preview:-1\" \/>\n<link rel=\"canonical\" href=\"https:\/\/www.gaveanews.com\/index.php\/2024\/06\/18\/a-declaracao-de-piquerez-sobre-a-situacao-de-dudu-no-palmeiras\/\" \/>\n<meta property=\"og:locale\" content=\"pt_BR\" \/>\n<meta property=\"og:type\" content=\"article\" \/>\n<meta property=\"og:title\" content=\"A declara\u00e7\u00e3o de Piquerez sobre a situa\u00e7\u00e3o de Dudu no Palmeiras\" \/>\n<meta property=\"og:description\" content=\"A declara\u00e7\u00e3o de Piquerez sobre a situa\u00e7\u00e3o de Dudu no Palmeiras\" \/>\n<meta property=\"og:url\" content=\"https:\/\/www.gaveanews.com\/index.php\/2024\/06\/18\/a-declaracao-de-piquerez-sobre-a-situacao-de-dudu-no-palmeiras\/\" \/>\n<meta property=\"og:site_name\" content=\"G\u00e1vea News\" \/>\n<meta property=\"article:publisher\" content=\"https:\/\/facebook.com\/gaveaNews\/\" \/>\n<meta property=\"article:published_time\" content=\"2024-06-18T14:25:41+00:00\" \/>\n<meta property=\"article:modified_time\" content=\"2024-06-18T14:25:43+00:00\" \/>\n<meta name=\"author\" content=\"D\u00e9bora Figueiredo\" \/>\n<meta name=\"twitter:card\" content=\"summary_large_image\" \/>\n<meta name=\"twitter:label1\" content=\"Escrito por\" \/>\n\t<meta name=\"twitter:data1\" content=\"D\u00e9bora Figueiredo\" \/>\n\t<meta name=\"twitter:label2\" content=\"Est. tempo de leitura\" \/>\n\t<meta name=\"twitter:data2\" content=\"2 minutos\" \/>\n<script type=\"application\/ld+json\" class=\"yoast-schema-graph\">{\"@context\":\"https:\/\/schema.org\",\"@graph\":[{\"@type\":\"NewsArticle\",\"@id\":\"https:\/\/www.gaveanews.com\/index.php\/2024\/06\/18\/a-declaracao-de-piquerez-sobre-a-situacao-de-dudu-no-palmeiras\/#article\",\"isPartOf\":{\"@id\":\"https:\/\/www.gaveanews.com\/index.php\/2024\/06\/18\/a-declaracao-de-piquerez-sobre-a-situacao-de-dudu-no-palmeiras\/\"},\"author\":{\"name\":\"D\u00e9bora Figueiredo\",\"@id\":\"https:\/\/www.gaveanews.com\/#\/schema\/person\/37122681a8575a5c8db05a56f099a5e4\"},\"headline\":\"A declara\u00e7\u00e3o de Piquerez sobre a situa\u00e7\u00e3o de Dudu no Palmeiras\",\"datePublished\":\"2024-06-18T14:25:41+00:00\",\"dateModified\":\"2024-06-18T14:25:43+00:00\",\"mainEntityOfPage\":{\"@id\":\"https:\/\/www.gaveanews.com\/index.php\/2024\/06\/18\/a-declaracao-de-piquerez-sobre-a-situacao-de-dudu-no-palmeiras\/\"},\"wordCount\":302,\"commentCount\":0,\"image\":{\"@id\":\"https:\/\/www.gaveanews.com\/index.php\/2024\/06\/18\/a-declaracao-de-piquerez-sobre-a-situacao-de-dudu-no-palmeiras\/#primaryimage\"},\"thumbnailUrl\":\"https:\/\/www.gaveanews.com\/wp-content\/uploads\/agif24061722014915.avif\",\"articleSection\":[\"Palmeiras\"],\"inLanguage\":\"pt-BR\",\"potentialAction\":[{\"@type\":\"CommentAction\",\"name\":\"Comment\",\"target\":[\"https:\/\/www.gaveanews.com\/index.php\/2024\/06\/18\/a-declaracao-de-piquerez-sobre-a-situacao-de-dudu-no-palmeiras\/#respond\"]}],\"copyrightYear\":\"2024\",\"copyrightHolder\":{\"@id\":\"https:\/\/www.gaveanews.com\/#organization\"}},{\"@type\":\"WebPage\",\"@id\":\"https:\/\/www.gaveanews.com\/index.php\/2024\/06\/18\/a-declaracao-de-piquerez-sobre-a-situacao-de-dudu-no-palmeiras\/\",\"url\":\"https:\/\/www.gaveanews.com\/index.php\/2024\/06\/18\/a-declaracao-de-piquerez-sobre-a-situacao-de-dudu-no-palmeiras\/\",\"name\":\"A declara\u00e7\u00e3o de Piquerez sobre a situa\u00e7\u00e3o de Dudu no Palmeiras\",\"isPartOf\":{\"@id\":\"https:\/\/www.gaveanews.com\/#website\"},\"primaryImageOfPage\":{\"@id\":\"https:\/\/www.gaveanews.com\/index.php\/2024\/06\/18\/a-declaracao-de-piquerez-sobre-a-situacao-de-dudu-no-palmeiras\/#primaryimage\"},\"image\":{\"@id\":\"https:\/\/www.gaveanews.com\/index.php\/2024\/06\/18\/a-declaracao-de-piquerez-sobre-a-situacao-de-dudu-no-palmeiras\/#primaryimage\"},\"thumbnailUrl\":\"https:\/\/www.gaveanews.com\/wp-content\/uploads\/agif24061722014915.avif\",\"datePublished\":\"2024-06-18T14:25:41+00:00\",\"dateModified\":\"2024-06-18T14:25:43+00:00\",\"author\":{\"@id\":\"https:\/\/www.gaveanews.com\/#\/schema\/person\/37122681a8575a5c8db05a56f099a5e4\"},\"breadcrumb\":{\"@id\":\"https:\/\/www.gaveanews.com\/index.php\/2024\/06\/18\/a-declaracao-de-piquerez-sobre-a-situacao-de-dudu-no-palmeiras\/#breadcrumb\"},\"inLanguage\":\"pt-BR\",\"potentialAction\":[{\"@type\":\"ReadAction\",\"target\":[\"https:\/\/www.gaveanews.com\/index.php\/2024\/06\/18\/a-declaracao-de-piquerez-sobre-a-situacao-de-dudu-no-palmeiras\/\"]}]},{\"@type\":\"ImageObject\",\"inLanguage\":\"pt-BR\",\"@id\":\"https:\/\/www.gaveanews.com\/index.php\/2024\/06\/18\/a-declaracao-de-piquerez-sobre-a-situacao-de-dudu-no-palmeiras\/#primaryimage\",\"url\":\"https:\/\/www.gaveanews.com\/wp-content\/uploads\/agif24061722014915.avif\",\"contentUrl\":\"https:\/\/www.gaveanews.com\/wp-content\/uploads\/agif24061722014915.avif\",\"width\":984,\"height\":656,\"caption\":\"Piquerez comemora gol do Palmeiras contra o Atl\u00e9tico-MG \u2014 Foto: Gilson Lobo\/AGIF\"},{\"@type\":\"BreadcrumbList\",\"@id\":\"https:\/\/www.gaveanews.com\/index.php\/2024\/06\/18\/a-declaracao-de-piquerez-sobre-a-situacao-de-dudu-no-palmeiras\/#breadcrumb\",\"itemListElement\":[{\"@type\":\"ListItem\",\"position\":1,\"name\":\"Home\",\"item\":\"https:\/\/www.gaveanews.com\/\"},{\"@type\":\"ListItem\",\"position\":2,\"name\":\"A declara\u00e7\u00e3o de Piquerez sobre a situa\u00e7\u00e3o de Dudu no Palmeiras\"}]},{\"@type\":\"WebSite\",\"@id\":\"https:\/\/www.gaveanews.com\/#website\",\"url\":\"https:\/\/www.gaveanews.com\/\",\"name\":\"G\u00e1vea News\",\"description\":\"Veja todas as not\u00edcias sobre o Flamengo: Contrata\u00e7\u00f5es, categorias de base, resultados das partidas, tabela de classifica\u00e7\u00e3o, pr\u00f3ximos jogos!\",\"potentialAction\":[{\"@type\":\"SearchAction\",\"target\":{\"@type\":\"EntryPoint\",\"urlTemplate\":\"https:\/\/www.gaveanews.com\/?s={search_term_string}\"},\"query-input\":{\"@type\":\"PropertyValueSpecification\",\"valueRequired\":true,\"valueName\":\"search_term_string\"}}],\"inLanguage\":\"pt-BR\"},{\"@type\":\"Person\",\"@id\":\"https:\/\/www.gaveanews.com\/#\/schema\/person\/37122681a8575a5c8db05a56f099a5e4\",\"name\":\"D\u00e9bora Figueiredo\",\"image\":{\"@type\":\"ImageObject\",\"inLanguage\":\"pt-BR\",\"@id\":\"https:\/\/www.gaveanews.com\/#\/schema\/person\/image\/\",\"url\":\"https:\/\/secure.gravatar.com\/avatar\/1f44802859351588499d26f52aed1d15796ce17e67602895b72837c08018868d?s=96&d=mm&r=g\",\"contentUrl\":\"https:\/\/secure.gravatar.com\/avatar\/1f44802859351588499d26f52aed1d15796ce17e67602895b72837c08018868d?s=96&d=mm&r=g\",\"caption\":\"D\u00e9bora Figueiredo\"}}]}<\/script>\n<!-- \/ Yoast SEO Premium plugin. -->","yoast_head_json":{"title":"A declara\u00e7\u00e3o de Piquerez sobre a situa\u00e7\u00e3o de Dudu no Palmeiras","robots":{"index":"index","follow":"follow","max-snippet":"max-snippet:-1","max-image-preview":"max-image-preview:large","max-video-preview":"max-video-preview:-1"},"canonical":"https:\/\/www.gaveanews.com\/index.php\/2024\/06\/18\/a-declaracao-de-piquerez-sobre-a-situacao-de-dudu-no-palmeiras\/","og_locale":"pt_BR","og_type":"article","og_title":"A declara\u00e7\u00e3o de Piquerez sobre a situa\u00e7\u00e3o de Dudu no Palmeiras","og_description":"A declara\u00e7\u00e3o de Piquerez sobre a situa\u00e7\u00e3o de Dudu no Palmeiras","og_url":"https:\/\/www.gaveanews.com\/index.php\/2024\/06\/18\/a-declaracao-de-piquerez-sobre-a-situacao-de-dudu-no-palmeiras\/","og_site_name":"G\u00e1vea News","article_publisher":"https:\/\/facebook.com\/gaveaNews\/","article_published_time":"2024-06-18T14:25:41+00:00","article_modified_time":"2024-06-18T14:25:43+00:00","author":"D\u00e9bora Figueiredo","twitter_card":"summary_large_image","twitter_misc":{"Escrito por":"D\u00e9bora Figueiredo","Est. tempo de leitura":"2 minutos"},"schema":{"@context":"https:\/\/schema.org","@graph":[{"@type":"NewsArticle","@id":"https:\/\/www.gaveanews.com\/index.php\/2024\/06\/18\/a-declaracao-de-piquerez-sobre-a-situacao-de-dudu-no-palmeiras\/#article","isPartOf":{"@id":"https:\/\/www.gaveanews.com\/index.php\/2024\/06\/18\/a-declaracao-de-piquerez-sobre-a-situacao-de-dudu-no-palmeiras\/"},"author":{"name":"D\u00e9bora Figueiredo","@id":"https:\/\/www.gaveanews.com\/#\/schema\/person\/37122681a8575a5c8db05a56f099a5e4"},"headline":"A declara\u00e7\u00e3o de Piquerez sobre a situa\u00e7\u00e3o de Dudu no Palmeiras","datePublished":"2024-06-18T14:25:41+00:00","dateModified":"2024-06-18T14:25:43+00:00","mainEntityOfPage":{"@id":"https:\/\/www.gaveanews.com\/index.php\/2024\/06\/18\/a-declaracao-de-piquerez-sobre-a-situacao-de-dudu-no-palmeiras\/"},"wordCount":302,"commentCount":0,"image":{"@id":"https:\/\/www.gaveanews.com\/index.php\/2024\/06\/18\/a-declaracao-de-piquerez-sobre-a-situacao-de-dudu-no-palmeiras\/#primaryimage"},"thumbnailUrl":"https:\/\/www.gaveanews.com\/wp-content\/uploads\/agif24061722014915.avif","articleSection":["Palmeiras"],"inLanguage":"pt-BR","potentialAction":[{"@type":"CommentAction","name":"Comment","target":["https:\/\/www.gaveanews.com\/index.php\/2024\/06\/18\/a-declaracao-de-piquerez-sobre-a-situacao-de-dudu-no-palmeiras\/#respond"]}],"copyrightYear":"2024","copyrightHolder":{"@id":"https:\/\/www.gaveanews.com\/#organization"}},{"@type":"WebPage","@id":"https:\/\/www.gaveanews.com\/index.php\/2024\/06\/18\/a-declaracao-de-piquerez-sobre-a-situacao-de-dudu-no-palmeiras\/","url":"https:\/\/www.gaveanews.com\/index.php\/2024\/06\/18\/a-declaracao-de-piquerez-sobre-a-situacao-de-dudu-no-palmeiras\/","name":"A declara\u00e7\u00e3o de Piquerez sobre a situa\u00e7\u00e3o de Dudu no Palmeiras","isPartOf":{"@id":"https:\/\/www.gaveanews.com\/#website"},"primaryImageOfPage":{"@id":"https:\/\/www.gaveanews.com\/index.php\/2024\/06\/18\/a-declaracao-de-piquerez-sobre-a-situacao-de-dudu-no-palmeiras\/#primaryimage"},"image":{"@id":"https:\/\/www.gaveanews.com\/index.php\/2024\/06\/18\/a-declaracao-de-piquerez-sobre-a-situacao-de-dudu-no-palmeiras\/#primaryimage"},"thumbnailUrl":"https:\/\/www.gaveanews.com\/wp-content\/uploads\/agif24061722014915.avif","datePublished":"2024-06-18T14:25:41+00:00","dateModified":"2024-06-18T14:25:43+00:00","author":{"@id":"https:\/\/www.gaveanews.com\/#\/schema\/person\/37122681a8575a5c8db05a56f099a5e4"},"breadcrumb":{"@id":"https:\/\/www.gaveanews.com\/index.php\/2024\/06\/18\/a-declaracao-de-piquerez-sobre-a-situacao-de-dudu-no-palmeiras\/#breadcrumb"},"inLanguage":"pt-BR","potentialAction":[{"@type":"ReadAction","target":["https:\/\/www.gaveanews.com\/index.php\/2024\/06\/18\/a-declaracao-de-piquerez-sobre-a-situacao-de-dudu-no-palmeiras\/"]}]},{"@type":"ImageObject","inLanguage":"pt-BR","@id":"https:\/\/www.gaveanews.com\/index.php\/2024\/06\/18\/a-declaracao-de-piquerez-sobre-a-situacao-de-dudu-no-palmeiras\/#primaryimage","url":"https:\/\/www.gaveanews.com\/wp-content\/uploads\/agif24061722014915.avif","contentUrl":"https:\/\/www.gaveanews.com\/wp-content\/uploads\/agif24061722014915.avif","width":984,"height":656,"caption":"Piquerez comemora gol do Palmeiras contra o Atl\u00e9tico-MG \u2014 Foto: Gilson Lobo\/AGIF"},{"@type":"BreadcrumbList","@id":"https:\/\/www.gaveanews.com\/index.php\/2024\/06\/18\/a-declaracao-de-piquerez-sobre-a-situacao-de-dudu-no-palmeiras\/#breadcrumb","itemListElement":[{"@type":"ListItem","position":1,"name":"Home","item":"https:\/\/www.gaveanews.com\/"},{"@type":"ListItem","position":2,"name":"A declara\u00e7\u00e3o de Piquerez sobre a situa\u00e7\u00e3o de Dudu no Palmeiras"}]},{"@type":"WebSite","@id":"https:\/\/www.gaveanews.com\/#website","url":"https:\/\/www.gaveanews.com\/","name":"G\u00e1vea News","description":"Veja todas as not\u00edcias sobre o Flamengo: Contrata\u00e7\u00f5es, categorias de base, resultados das partidas, tabela de classifica\u00e7\u00e3o, pr\u00f3ximos jogos!","potentialAction":[{"@type":"SearchAction","target":{"@type":"EntryPoint","urlTemplate":"https:\/\/www.gaveanews.com\/?s={search_term_string}"},"query-input":{"@type":"PropertyValueSpecification","valueRequired":true,"valueName":"search_term_string"}}],"inLanguage":"pt-BR"},{"@type":"Person","@id":"https:\/\/www.gaveanews.com\/#\/schema\/person\/37122681a8575a5c8db05a56f099a5e4","name":"D\u00e9bora Figueiredo","image":{"@type":"ImageObject","inLanguage":"pt-BR","@id":"https:\/\/www.gaveanews.com\/#\/schema\/person\/image\/","url":"https:\/\/secure.gravatar.com\/avatar\/1f44802859351588499d26f52aed1d15796ce17e67602895b72837c08018868d?s=96&d=mm&r=g","contentUrl":"https:\/\/secure.gravatar.com\/avatar\/1f44802859351588499d26f52aed1d15796ce17e67602895b72837c08018868d?s=96&d=mm&r=g","caption":"D\u00e9bora Figueiredo"}}]}},"_links":{"self":[{"href":"https:\/\/www.gaveanews.com\/index.php\/wp-json\/wp\/v2\/posts\/148350","targetHints":{"allow":["GET"]}}],"collection":[{"href":"https:\/\/www.gaveanews.com\/index.php\/wp-json\/wp\/v2\/posts"}],"about":[{"href":"https:\/\/www.gaveanews.com\/index.php\/wp-json\/wp\/v2\/types\/post"}],"author":[{"embeddable":true,"href":"https:\/\/www.gaveanews.com\/index.php\/wp-json\/wp\/v2\/users\/16"}],"replies":[{"embeddable":true,"href":"https:\/\/www.gaveanews.com\/index.php\/wp-json\/wp\/v2\/comments?post=148350"}],"version-history":[{"count":1,"href":"https:\/\/www.gaveanews.com\/index.php\/wp-json\/wp\/v2\/posts\/148350\/revisions"}],"predecessor-version":[{"id":148352,"href":"https:\/\/www.gaveanews.com\/index.php\/wp-json\/wp\/v2\/posts\/148350\/revisions\/148352"}],"wp:featuredmedia":[{"embeddable":true,"href":"https:\/\/www.gaveanews.com\/index.php\/wp-json\/wp\/v2\/media\/148351"}],"wp:attachment":[{"href":"https:\/\/www.gaveanews.com\/index.php\/wp-json\/wp\/v2\/media?parent=148350"}],"wp:term":[{"taxonomy":"category","embeddable":true,"href":"https:\/\/www.gaveanews.com\/index.php\/wp-json\/wp\/v2\/categories?post=148350"},{"taxonomy":"post_tag","embeddable":true,"href":"https:\/\/www.gaveanews.com\/index.php\/wp-json\/wp\/v2\/tags?post=148350"}],"curies":[{"name":"wp","href":"https:\/\/api.w.org\/{rel}","templated":true}]}}