{"id":148364,"date":"2024-06-18T14:15:44","date_gmt":"2024-06-18T17:15:44","guid":{"rendered":"https:\/\/www.gaveanews.com\/?p=148364"},"modified":"2024-06-18T14:15:46","modified_gmt":"2024-06-18T17:15:46","slug":"danilo-da-juventus-revela-onde-vai-jogar-no-brasil","status":"publish","type":"post","link":"https:\/\/www.gaveanews.com\/index.php\/2024\/06\/18\/danilo-da-juventus-revela-onde-vai-jogar-no-brasil\/","title":{"rendered":"Danilo, da Juventus, revela onde vai jogar no Brasil"},"content":{"rendered":"\n<p>O Flamengo est\u00e1 de olho no mercado de transfer\u00eancias e j\u00e1 se prepara para a pr\u00f3xima janela. O lateral-direito Danilo, atualmente na Juventus, trouxe um alento aos torcedores do Flamengo em entrevista \u00e0 TNT Sports na \u00faltima segunda-feira (17). O jogador mencionou que, em um futuro retorno ao Brasil, suas prioridades seriam o Flamengo e o Santos, clube onde come\u00e7ou sua carreira.<\/p>\n\n\n\n<p>\u2014 <em>Se eu voltar ao Brasil, tenho duas prioridades: Santos e Flamengo<\/em>, afirmou o jogador durante a entrevista.<\/p>\n\n\n\n<p>Danilo, no entanto, foi claro ao afirmar que uma volta ao futebol brasileiro n\u00e3o est\u00e1 nos seus planos imediatos. Com contrato vigente com a Juventus at\u00e9 junho de 2025, o lateral descartou qualquer mudan\u00e7a de clube antes do t\u00e9rmino do acordo com a equipe italiana.<\/p>\n\n\n\n<p>Desde a chegada do t\u00e9cnico Dorival J\u00fanior \u00e0 sele\u00e7\u00e3o brasileira, Danilo tem se destacado pelo papel de lideran\u00e7a que assumiu. Como capit\u00e3o da sele\u00e7\u00e3o, ele tem sido uma figura crucial na motiva\u00e7\u00e3o do elenco, desempenhando um papel fundamental na prepara\u00e7\u00e3o da equipe antes das partidas.<\/p>\n\n\n\n<h2 class=\"wp-block-heading\" id=\"h-carro-luxuoso-de-vini-jr-chama-atencao\">Carro luxuoso de Vini Jr. chama aten\u00e7\u00e3o<\/h2>\n\n\n\n<p>Os jogadores do Real Madrid foram agraciados com \u201cbrindes de luxo\u201d da patrocinadora do clube, a BMW, e puderam escolher entre uma sele\u00e7\u00e3o de modelos el\u00e9tricos de alta classe. Vin\u00edcius J\u00fanior optou pelo BMW i4 M50, avaliado em cerca de R$ 430 mil. Em 2022, antes da Copa do Mundo do Catar, os jogadores tamb\u00e9m receberam carros da BMW, com Vin\u00edcius escolhendo um modelo iX preto, avaliado em cerca de R$ 600 mil. Antes da BMW, o Real Madrid era patrocinado pela Audi, que igualmente presenteava o elenco com carros de alto padr\u00e3o. Veja mais detalhes do carro luxuoso de Vini Jr em nosso canal no YouTube:<\/p>\n\n\n\n<figure class=\"wp-block-embed is-type-video is-provider-youtube wp-block-embed-youtube wp-embed-aspect-16-9 wp-has-aspect-ratio\"><div class=\"wp-block-embed__wrapper\">\n<iframe loading=\"lazy\" title=\"VIN\u00cdCIUS J\u00daNIOR GANHA CARRO DE LUXO! VEJA FOTOS DO VE\u00cdCULO!\" width=\"640\" height=\"360\" src=\"https:\/\/www.youtube.com\/embed\/HsWnGZHEwP8?feature=oembed\" frameborder=\"0\" allow=\"accelerometer; autoplay; clipboard-write; encrypted-media; gyroscope; picture-in-picture; web-share\" referrerpolicy=\"strict-origin-when-cross-origin\" allowfullscreen><\/iframe>\n<\/div><\/figure>\n\n\n\n<h2 class=\"wp-block-heading\" id=\"h-quando-sera-o-proximo-jogo-do-flamengo\">Quando ser\u00e1 o pr\u00f3ximo jogo do Flamengo?<\/h2>\n\n\n\n<p>Em junho, o\u00a0<a href=\"https:\/\/gaveanews.com\/?utm_source=SystemGaveaNews&amp;utm_medium=SystemGaveaNews&amp;utm_campaign=SystemGaveaNews\">Flamengo<\/a>\u00a0n\u00e3o disputar\u00e1 partidas pela Copa Libertadores e Copa do Brasil, concentrando-se exclusivamente no Campeonato Brasileiro. Sob o comando do t\u00e9cnico Tite, a equipe enfrentar\u00e1 uma agenda repleta de desafios no principal torneio nacional. Confira abaixo a agenda do\u00a0<a href=\"https:\/\/gaveanews.com\/?utm_source=SystemGaveaNews&amp;utm_medium=SystemGaveaNews&amp;utm_campaign=SystemGaveaNews\">Flamengo<\/a>\u00a0no m\u00eas de junho:<\/p>\n\n\n\n<ul class=\"wp-block-list\">\n<li>02\/06 \u2013\u00a0<a href=\"https:\/\/www.gaveanews.com\/?s=vasco&amp;utm_source=SystemGaveaNews&amp;utm_medium=SystemGaveaNews&amp;utm_campaign=SystemGaveaNews\">Vasco<\/a>\u00a01\u00d76\u00a0<a href=\"https:\/\/gaveanews.com\/?utm_source=SystemGaveaNews&amp;utm_medium=SystemGaveaNews&amp;utm_campaign=SystemGaveaNews\">Flamengo<\/a><\/li>\n\n\n\n<li>13\/06 \u2013\u00a0<a href=\"https:\/\/gaveanews.com\/?utm_source=SystemGaveaNews&amp;utm_medium=SystemGaveaNews&amp;utm_campaign=SystemGaveaNews\">Flamengo<\/a>\u00a02 x 1\u00a0<a href=\"https:\/\/www.gaveanews.com\/?s=Gr%C3%AAmio&amp;utm_source=SystemGaveaNews&amp;utm_medium=SystemGaveaNews&amp;utm_campaign=SystemGaveaNews\">Gr\u00eamio<\/a><\/li>\n\n\n\n<li>16\/06 \u2013 Athletico-PR 1 x\u00a01\u00a0<a href=\"https:\/\/gaveanews.com\/?utm_source=SystemGaveaNews&amp;utm_medium=SystemGaveaNews&amp;utm_campaign=SystemGaveaNews\">Flamengo<\/a><\/li>\n\n\n\n<li><strong>20\/06 \u2013\u00a0<a href=\"https:\/\/gaveanews.com\/?utm_source=SystemGaveaNews&amp;utm_medium=SystemGaveaNews&amp;utm_campaign=SystemGaveaNews\">Flamengo<\/a>\u00a0x Bahia<\/strong><\/li>\n\n\n\n<li>23\/06 \u2013\u00a0<a href=\"https:\/\/www.gaveanews.com\/?s=fluminense&amp;utm_source=SystemGaveaNews&amp;utm_medium=SystemGaveaNews&amp;utm_campaign=SystemGaveaNews\">Fluminense<\/a>\u00a0x\u00a0<a href=\"https:\/\/gaveanews.com\/?utm_source=SystemGaveaNews&amp;utm_medium=SystemGaveaNews&amp;utm_campaign=SystemGaveaNews\">Flamengo<\/a><\/li>\n\n\n\n<li>26\/06 \u2013 Juventude x\u00a0<a href=\"https:\/\/gaveanews.com\/?utm_source=SystemGaveaNews&amp;utm_medium=SystemGaveaNews&amp;utm_campaign=SystemGaveaNews\">Flamengo<\/a><\/li>\n\n\n\n<li>30\/06 \u2013\u00a0<a href=\"https:\/\/gaveanews.com\/?utm_source=SystemGaveaNews&amp;utm_medium=SystemGaveaNews&amp;utm_campaign=SystemGaveaNews\">Flamengo<\/a>\u00a0x Cruzeiro<\/li>\n<\/ul>\n","protected":false},"excerpt":{"rendered":"<p>O Flamengo est\u00e1 de olho no mercado de transfer\u00eancias e j\u00e1 se prepara para a pr\u00f3xima janela. O lateral-direito Danilo, atualmente na Juventus, trouxe um alento aos torcedores do Flamengo em entrevista \u00e0 TNT Sports na \u00faltima segunda-feira (17). O jogador mencionou que, em um futuro retorno ao Brasil, suas prioridades seriam o Flamengo e [&hellip;]<\/p>\n","protected":false},"author":15,"featured_media":95461,"comment_status":"open","ping_status":"closed","sticky":false,"template":"","format":"standard","meta":{"footnotes":""},"categories":[1,108],"tags":[],"class_list":["post-148364","post","type-post","status-publish","format-standard","has-post-thumbnail","hentry","category-flamengo","category-juventus"],"yoast_head":"<!-- This site is optimized with the Yoast SEO Premium plugin v24.2 (Yoast SEO v26.9) - https:\/\/yoast.com\/product\/yoast-seo-premium-wordpress\/ -->\n<title>Danilo, da Juventus, revela onde vai jogar no Brasil<\/title>\n<meta name=\"robots\" content=\"index, follow, max-snippet:-1, max-image-preview:large, max-video-preview:-1\" \/>\n<link rel=\"canonical\" href=\"https:\/\/www.gaveanews.com\/index.php\/2024\/06\/18\/danilo-da-juventus-revela-onde-vai-jogar-no-brasil\/\" \/>\n<meta property=\"og:locale\" content=\"pt_BR\" \/>\n<meta property=\"og:type\" content=\"article\" \/>\n<meta property=\"og:title\" content=\"Danilo, da Juventus, revela onde vai jogar no Brasil\" \/>\n<meta property=\"og:description\" content=\"O Flamengo est\u00e1 de olho no mercado de transfer\u00eancias e j\u00e1 se prepara para a pr\u00f3xima janela. O lateral-direito Danilo, atualmente na Juventus, trouxe um alento aos torcedores do Flamengo em entrevista \u00e0 TNT Sports na \u00faltima segunda-feira (17). O jogador mencionou que, em um futuro retorno ao Brasil, suas prioridades seriam o Flamengo e [&hellip;]\" \/>\n<meta property=\"og:url\" content=\"https:\/\/www.gaveanews.com\/index.php\/2024\/06\/18\/danilo-da-juventus-revela-onde-vai-jogar-no-brasil\/\" \/>\n<meta property=\"og:site_name\" content=\"G\u00e1vea News\" \/>\n<meta property=\"article:publisher\" content=\"https:\/\/facebook.com\/gaveaNews\/\" \/>\n<meta property=\"article:published_time\" content=\"2024-06-18T17:15:44+00:00\" \/>\n<meta property=\"article:modified_time\" content=\"2024-06-18T17:15:46+00:00\" \/>\n<meta property=\"og:image\" content=\"https:\/\/www.gaveanews.com\/wp-content\/uploads\/danilo-selecao-brasileira.webp\" \/>\n\t<meta property=\"og:image:width\" content=\"876\" \/>\n\t<meta property=\"og:image:height\" content=\"484\" \/>\n\t<meta property=\"og:image:type\" content=\"image\/webp\" \/>\n<meta name=\"author\" content=\"Henrique Machado\" \/>\n<meta name=\"twitter:card\" content=\"summary_large_image\" \/>\n<meta name=\"twitter:label1\" content=\"Escrito por\" \/>\n\t<meta name=\"twitter:data1\" content=\"Henrique Machado\" \/>\n\t<meta name=\"twitter:label2\" content=\"Est. tempo de leitura\" \/>\n\t<meta name=\"twitter:data2\" content=\"3 minutos\" \/>\n<script type=\"application\/ld+json\" class=\"yoast-schema-graph\">{\"@context\":\"https:\/\/schema.org\",\"@graph\":[{\"@type\":\"NewsArticle\",\"@id\":\"https:\/\/www.gaveanews.com\/index.php\/2024\/06\/18\/danilo-da-juventus-revela-onde-vai-jogar-no-brasil\/#article\",\"isPartOf\":{\"@id\":\"https:\/\/www.gaveanews.com\/index.php\/2024\/06\/18\/danilo-da-juventus-revela-onde-vai-jogar-no-brasil\/\"},\"author\":{\"name\":\"Henrique Machado\",\"@id\":\"https:\/\/www.gaveanews.com\/#\/schema\/person\/fd07635ec039ec3ba74ad18ec8a6dbd6\"},\"headline\":\"Danilo, da Juventus, revela onde vai jogar no Brasil\",\"datePublished\":\"2024-06-18T17:15:44+00:00\",\"dateModified\":\"2024-06-18T17:15:46+00:00\",\"mainEntityOfPage\":{\"@id\":\"https:\/\/www.gaveanews.com\/index.php\/2024\/06\/18\/danilo-da-juventus-revela-onde-vai-jogar-no-brasil\/\"},\"wordCount\":394,\"commentCount\":0,\"image\":{\"@id\":\"https:\/\/www.gaveanews.com\/index.php\/2024\/06\/18\/danilo-da-juventus-revela-onde-vai-jogar-no-brasil\/#primaryimage\"},\"thumbnailUrl\":\"https:\/\/www.gaveanews.com\/wp-content\/uploads\/danilo-selecao-brasileira.webp\",\"articleSection\":[\"Flamengo\",\"Juventus\"],\"inLanguage\":\"pt-BR\",\"potentialAction\":[{\"@type\":\"CommentAction\",\"name\":\"Comment\",\"target\":[\"https:\/\/www.gaveanews.com\/index.php\/2024\/06\/18\/danilo-da-juventus-revela-onde-vai-jogar-no-brasil\/#respond\"]}],\"copyrightYear\":\"2024\",\"copyrightHolder\":{\"@id\":\"https:\/\/www.gaveanews.com\/#organization\"}},{\"@type\":\"WebPage\",\"@id\":\"https:\/\/www.gaveanews.com\/index.php\/2024\/06\/18\/danilo-da-juventus-revela-onde-vai-jogar-no-brasil\/\",\"url\":\"https:\/\/www.gaveanews.com\/index.php\/2024\/06\/18\/danilo-da-juventus-revela-onde-vai-jogar-no-brasil\/\",\"name\":\"Danilo, da Juventus, revela onde vai jogar no Brasil\",\"isPartOf\":{\"@id\":\"https:\/\/www.gaveanews.com\/#website\"},\"primaryImageOfPage\":{\"@id\":\"https:\/\/www.gaveanews.com\/index.php\/2024\/06\/18\/danilo-da-juventus-revela-onde-vai-jogar-no-brasil\/#primaryimage\"},\"image\":{\"@id\":\"https:\/\/www.gaveanews.com\/index.php\/2024\/06\/18\/danilo-da-juventus-revela-onde-vai-jogar-no-brasil\/#primaryimage\"},\"thumbnailUrl\":\"https:\/\/www.gaveanews.com\/wp-content\/uploads\/danilo-selecao-brasileira.webp\",\"datePublished\":\"2024-06-18T17:15:44+00:00\",\"dateModified\":\"2024-06-18T17:15:46+00:00\",\"author\":{\"@id\":\"https:\/\/www.gaveanews.com\/#\/schema\/person\/fd07635ec039ec3ba74ad18ec8a6dbd6\"},\"breadcrumb\":{\"@id\":\"https:\/\/www.gaveanews.com\/index.php\/2024\/06\/18\/danilo-da-juventus-revela-onde-vai-jogar-no-brasil\/#breadcrumb\"},\"inLanguage\":\"pt-BR\",\"potentialAction\":[{\"@type\":\"ReadAction\",\"target\":[\"https:\/\/www.gaveanews.com\/index.php\/2024\/06\/18\/danilo-da-juventus-revela-onde-vai-jogar-no-brasil\/\"]}]},{\"@type\":\"ImageObject\",\"inLanguage\":\"pt-BR\",\"@id\":\"https:\/\/www.gaveanews.com\/index.php\/2024\/06\/18\/danilo-da-juventus-revela-onde-vai-jogar-no-brasil\/#primaryimage\",\"url\":\"https:\/\/www.gaveanews.com\/wp-content\/uploads\/danilo-selecao-brasileira.webp\",\"contentUrl\":\"https:\/\/www.gaveanews.com\/wp-content\/uploads\/danilo-selecao-brasileira.webp\",\"width\":876,\"height\":484,\"caption\":\"Danilo em jogo da Sele\u00e7\u00e3o Brasileira (Foto: ANP\/Getty Images)\"},{\"@type\":\"BreadcrumbList\",\"@id\":\"https:\/\/www.gaveanews.com\/index.php\/2024\/06\/18\/danilo-da-juventus-revela-onde-vai-jogar-no-brasil\/#breadcrumb\",\"itemListElement\":[{\"@type\":\"ListItem\",\"position\":1,\"name\":\"Home\",\"item\":\"https:\/\/www.gaveanews.com\/\"},{\"@type\":\"ListItem\",\"position\":2,\"name\":\"Danilo, da Juventus, revela onde vai jogar no Brasil\"}]},{\"@type\":\"WebSite\",\"@id\":\"https:\/\/www.gaveanews.com\/#website\",\"url\":\"https:\/\/www.gaveanews.com\/\",\"name\":\"G\u00e1vea News\",\"description\":\"Veja todas as not\u00edcias sobre o Flamengo: Contrata\u00e7\u00f5es, categorias de base, resultados das partidas, tabela de classifica\u00e7\u00e3o, pr\u00f3ximos jogos!\",\"potentialAction\":[{\"@type\":\"SearchAction\",\"target\":{\"@type\":\"EntryPoint\",\"urlTemplate\":\"https:\/\/www.gaveanews.com\/?s={search_term_string}\"},\"query-input\":{\"@type\":\"PropertyValueSpecification\",\"valueRequired\":true,\"valueName\":\"search_term_string\"}}],\"inLanguage\":\"pt-BR\"},{\"@type\":\"Person\",\"@id\":\"https:\/\/www.gaveanews.com\/#\/schema\/person\/fd07635ec039ec3ba74ad18ec8a6dbd6\",\"name\":\"Henrique Machado\",\"image\":{\"@type\":\"ImageObject\",\"inLanguage\":\"pt-BR\",\"@id\":\"https:\/\/www.gaveanews.com\/#\/schema\/person\/image\/\",\"url\":\"https:\/\/secure.gravatar.com\/avatar\/b95e35997e01d9800c1b6184bd79d4d898d370a3fce2584f5c77b907d5c7d9e9?s=96&d=mm&r=g\",\"contentUrl\":\"https:\/\/secure.gravatar.com\/avatar\/b95e35997e01d9800c1b6184bd79d4d898d370a3fce2584f5c77b907d5c7d9e9?s=96&d=mm&r=g\",\"caption\":\"Henrique Machado\"}}]}<\/script>\n<!-- \/ Yoast SEO Premium plugin. -->","yoast_head_json":{"title":"Danilo, da Juventus, revela onde vai jogar no Brasil","robots":{"index":"index","follow":"follow","max-snippet":"max-snippet:-1","max-image-preview":"max-image-preview:large","max-video-preview":"max-video-preview:-1"},"canonical":"https:\/\/www.gaveanews.com\/index.php\/2024\/06\/18\/danilo-da-juventus-revela-onde-vai-jogar-no-brasil\/","og_locale":"pt_BR","og_type":"article","og_title":"Danilo, da Juventus, revela onde vai jogar no Brasil","og_description":"O Flamengo est\u00e1 de olho no mercado de transfer\u00eancias e j\u00e1 se prepara para a pr\u00f3xima janela. O lateral-direito Danilo, atualmente na Juventus, trouxe um alento aos torcedores do Flamengo em entrevista \u00e0 TNT Sports na \u00faltima segunda-feira (17). O jogador mencionou que, em um futuro retorno ao Brasil, suas prioridades seriam o Flamengo e [&hellip;]","og_url":"https:\/\/www.gaveanews.com\/index.php\/2024\/06\/18\/danilo-da-juventus-revela-onde-vai-jogar-no-brasil\/","og_site_name":"G\u00e1vea News","article_publisher":"https:\/\/facebook.com\/gaveaNews\/","article_published_time":"2024-06-18T17:15:44+00:00","article_modified_time":"2024-06-18T17:15:46+00:00","og_image":[{"width":876,"height":484,"url":"https:\/\/www.gaveanews.com\/wp-content\/uploads\/danilo-selecao-brasileira.webp","type":"image\/webp"}],"author":"Henrique Machado","twitter_card":"summary_large_image","twitter_misc":{"Escrito por":"Henrique Machado","Est. tempo de leitura":"3 minutos"},"schema":{"@context":"https:\/\/schema.org","@graph":[{"@type":"NewsArticle","@id":"https:\/\/www.gaveanews.com\/index.php\/2024\/06\/18\/danilo-da-juventus-revela-onde-vai-jogar-no-brasil\/#article","isPartOf":{"@id":"https:\/\/www.gaveanews.com\/index.php\/2024\/06\/18\/danilo-da-juventus-revela-onde-vai-jogar-no-brasil\/"},"author":{"name":"Henrique Machado","@id":"https:\/\/www.gaveanews.com\/#\/schema\/person\/fd07635ec039ec3ba74ad18ec8a6dbd6"},"headline":"Danilo, da Juventus, revela onde vai jogar no Brasil","datePublished":"2024-06-18T17:15:44+00:00","dateModified":"2024-06-18T17:15:46+00:00","mainEntityOfPage":{"@id":"https:\/\/www.gaveanews.com\/index.php\/2024\/06\/18\/danilo-da-juventus-revela-onde-vai-jogar-no-brasil\/"},"wordCount":394,"commentCount":0,"image":{"@id":"https:\/\/www.gaveanews.com\/index.php\/2024\/06\/18\/danilo-da-juventus-revela-onde-vai-jogar-no-brasil\/#primaryimage"},"thumbnailUrl":"https:\/\/www.gaveanews.com\/wp-content\/uploads\/danilo-selecao-brasileira.webp","articleSection":["Flamengo","Juventus"],"inLanguage":"pt-BR","potentialAction":[{"@type":"CommentAction","name":"Comment","target":["https:\/\/www.gaveanews.com\/index.php\/2024\/06\/18\/danilo-da-juventus-revela-onde-vai-jogar-no-brasil\/#respond"]}],"copyrightYear":"2024","copyrightHolder":{"@id":"https:\/\/www.gaveanews.com\/#organization"}},{"@type":"WebPage","@id":"https:\/\/www.gaveanews.com\/index.php\/2024\/06\/18\/danilo-da-juventus-revela-onde-vai-jogar-no-brasil\/","url":"https:\/\/www.gaveanews.com\/index.php\/2024\/06\/18\/danilo-da-juventus-revela-onde-vai-jogar-no-brasil\/","name":"Danilo, da Juventus, revela onde vai jogar no Brasil","isPartOf":{"@id":"https:\/\/www.gaveanews.com\/#website"},"primaryImageOfPage":{"@id":"https:\/\/www.gaveanews.com\/index.php\/2024\/06\/18\/danilo-da-juventus-revela-onde-vai-jogar-no-brasil\/#primaryimage"},"image":{"@id":"https:\/\/www.gaveanews.com\/index.php\/2024\/06\/18\/danilo-da-juventus-revela-onde-vai-jogar-no-brasil\/#primaryimage"},"thumbnailUrl":"https:\/\/www.gaveanews.com\/wp-content\/uploads\/danilo-selecao-brasileira.webp","datePublished":"2024-06-18T17:15:44+00:00","dateModified":"2024-06-18T17:15:46+00:00","author":{"@id":"https:\/\/www.gaveanews.com\/#\/schema\/person\/fd07635ec039ec3ba74ad18ec8a6dbd6"},"breadcrumb":{"@id":"https:\/\/www.gaveanews.com\/index.php\/2024\/06\/18\/danilo-da-juventus-revela-onde-vai-jogar-no-brasil\/#breadcrumb"},"inLanguage":"pt-BR","potentialAction":[{"@type":"ReadAction","target":["https:\/\/www.gaveanews.com\/index.php\/2024\/06\/18\/danilo-da-juventus-revela-onde-vai-jogar-no-brasil\/"]}]},{"@type":"ImageObject","inLanguage":"pt-BR","@id":"https:\/\/www.gaveanews.com\/index.php\/2024\/06\/18\/danilo-da-juventus-revela-onde-vai-jogar-no-brasil\/#primaryimage","url":"https:\/\/www.gaveanews.com\/wp-content\/uploads\/danilo-selecao-brasileira.webp","contentUrl":"https:\/\/www.gaveanews.com\/wp-content\/uploads\/danilo-selecao-brasileira.webp","width":876,"height":484,"caption":"Danilo em jogo da Sele\u00e7\u00e3o Brasileira (Foto: ANP\/Getty Images)"},{"@type":"BreadcrumbList","@id":"https:\/\/www.gaveanews.com\/index.php\/2024\/06\/18\/danilo-da-juventus-revela-onde-vai-jogar-no-brasil\/#breadcrumb","itemListElement":[{"@type":"ListItem","position":1,"name":"Home","item":"https:\/\/www.gaveanews.com\/"},{"@type":"ListItem","position":2,"name":"Danilo, da Juventus, revela onde vai jogar no Brasil"}]},{"@type":"WebSite","@id":"https:\/\/www.gaveanews.com\/#website","url":"https:\/\/www.gaveanews.com\/","name":"G\u00e1vea News","description":"Veja todas as not\u00edcias sobre o Flamengo: Contrata\u00e7\u00f5es, categorias de base, resultados das partidas, tabela de classifica\u00e7\u00e3o, pr\u00f3ximos jogos!","potentialAction":[{"@type":"SearchAction","target":{"@type":"EntryPoint","urlTemplate":"https:\/\/www.gaveanews.com\/?s={search_term_string}"},"query-input":{"@type":"PropertyValueSpecification","valueRequired":true,"valueName":"search_term_string"}}],"inLanguage":"pt-BR"},{"@type":"Person","@id":"https:\/\/www.gaveanews.com\/#\/schema\/person\/fd07635ec039ec3ba74ad18ec8a6dbd6","name":"Henrique Machado","image":{"@type":"ImageObject","inLanguage":"pt-BR","@id":"https:\/\/www.gaveanews.com\/#\/schema\/person\/image\/","url":"https:\/\/secure.gravatar.com\/avatar\/b95e35997e01d9800c1b6184bd79d4d898d370a3fce2584f5c77b907d5c7d9e9?s=96&d=mm&r=g","contentUrl":"https:\/\/secure.gravatar.com\/avatar\/b95e35997e01d9800c1b6184bd79d4d898d370a3fce2584f5c77b907d5c7d9e9?s=96&d=mm&r=g","caption":"Henrique Machado"}}]}},"_links":{"self":[{"href":"https:\/\/www.gaveanews.com\/index.php\/wp-json\/wp\/v2\/posts\/148364","targetHints":{"allow":["GET"]}}],"collection":[{"href":"https:\/\/www.gaveanews.com\/index.php\/wp-json\/wp\/v2\/posts"}],"about":[{"href":"https:\/\/www.gaveanews.com\/index.php\/wp-json\/wp\/v2\/types\/post"}],"author":[{"embeddable":true,"href":"https:\/\/www.gaveanews.com\/index.php\/wp-json\/wp\/v2\/users\/15"}],"replies":[{"embeddable":true,"href":"https:\/\/www.gaveanews.com\/index.php\/wp-json\/wp\/v2\/comments?post=148364"}],"version-history":[{"count":5,"href":"https:\/\/www.gaveanews.com\/index.php\/wp-json\/wp\/v2\/posts\/148364\/revisions"}],"predecessor-version":[{"id":148379,"href":"https:\/\/www.gaveanews.com\/index.php\/wp-json\/wp\/v2\/posts\/148364\/revisions\/148379"}],"wp:featuredmedia":[{"embeddable":true,"href":"https:\/\/www.gaveanews.com\/index.php\/wp-json\/wp\/v2\/media\/95461"}],"wp:attachment":[{"href":"https:\/\/www.gaveanews.com\/index.php\/wp-json\/wp\/v2\/media?parent=148364"}],"wp:term":[{"taxonomy":"category","embeddable":true,"href":"https:\/\/www.gaveanews.com\/index.php\/wp-json\/wp\/v2\/categories?post=148364"},{"taxonomy":"post_tag","embeddable":true,"href":"https:\/\/www.gaveanews.com\/index.php\/wp-json\/wp\/v2\/tags?post=148364"}],"curies":[{"name":"wp","href":"https:\/\/api.w.org\/{rel}","templated":true}]}}