{"id":148371,"date":"2024-06-18T15:30:00","date_gmt":"2024-06-18T18:30:00","guid":{"rendered":"https:\/\/www.gaveanews.com\/?p=148371"},"modified":"2024-06-18T14:03:18","modified_gmt":"2024-06-18T17:03:18","slug":"a-declaracao-de-hulk-apos-expulsao-contra-o-palmeiras","status":"publish","type":"post","link":"https:\/\/www.gaveanews.com\/index.php\/2024\/06\/18\/a-declaracao-de-hulk-apos-expulsao-contra-o-palmeiras\/","title":{"rendered":"A declara\u00e7\u00e3o de Hulk ap\u00f3s expuls\u00e3o contra o Palmeiras"},"content":{"rendered":"\n<h2 class=\"wp-block-heading\" id=\"h-hulk-detona-arbitragem-apos-expulsao-em-atletico-x-palmeiras\">Hulk\u00a0detona\u00a0arbitragem\u00a0ap\u00f3s expuls\u00e3o em Atl\u00e9tico x Palmeiras<\/h2>\n\n\n\n<p>Na partida entre Atl\u00e9tico-MG e Palmeiras, o atacante Hulk foi expulso por reclamar com o \u00e1rbitro, causando sua revolta com a puni\u00e7\u00e3o recebida. O jogo ocorreu na Arena MRV nesta segunda-feira (17).<\/p>\n\n\n\n<p>Ap\u00f3s se desentender com Z\u00e9 Rafael no meio do campo, o juiz Rodrigo Jos\u00e9 Pereira de Lima mostrou o cart\u00e3o amarelo para o jogador n\u00famero 7 do Atl\u00e9tico, devido a suas reclama\u00e7\u00f5es.<\/p>\n\n\n\n<p>Contudo, Hulk n\u00e3o se conteve e decidiu se manifestar ap\u00f3s o acontecido. De forma direta, afirmou que a expuls\u00e3o n\u00e3o foi justa e que todos viram que ele n\u00e3o fez nada que justificasse tal puni\u00e7\u00e3o.<\/p>\n\n\n\n<figure class=\"wp-block-image size-large\"><img loading=\"lazy\" decoding=\"async\" width=\"1024\" height=\"638\" src=\"https:\/\/www.gaveanews.com\/wp-content\/uploads\/1_hulk-33167996-1024x638.webp\" alt=\"\" class=\"wp-image-148369\" srcset=\"https:\/\/www.gaveanews.com\/wp-content\/uploads\/1_hulk-33167996-1024x638.webp 1024w, https:\/\/www.gaveanews.com\/wp-content\/uploads\/1_hulk-33167996-300x187.webp 300w, https:\/\/www.gaveanews.com\/wp-content\/uploads\/1_hulk-33167996-768x479.webp 768w, https:\/\/www.gaveanews.com\/wp-content\/uploads\/1_hulk-33167996-674x420.webp 674w, https:\/\/www.gaveanews.com\/wp-content\/uploads\/1_hulk-33167996-640x399.webp 640w, https:\/\/www.gaveanews.com\/wp-content\/uploads\/1_hulk-33167996-681x424.webp 681w, https:\/\/www.gaveanews.com\/wp-content\/uploads\/1_hulk-33167996-100x62.webp 100w, https:\/\/www.gaveanews.com\/wp-content\/uploads\/1_hulk-33167996.webp 1200w\" sizes=\"auto, (max-width: 1024px) 100vw, 1024px\" \/><figcaption class=\"wp-element-caption\">Foto; Reprodu\u00e7\u00e3o<\/figcaption><\/figure>\n\n\n\n<p><em>-Eu n\u00e3o falei e n\u00e3o esbocei nenhuma atitude de para receber o cart\u00e3o amarelo. Isso ap\u00f3s receber a falta. Simplesmente o \u00e1rbitro Rodrigo me mostrou o amarelo. As imagens est\u00e3o a\u00ed para comprovar,\u00a0come\u00e7ou.<\/em><\/p>\n\n\n\n<p><em>-Quando perguntei por que recebi o amarelo, ele mostrou o segundo amarelo, seguido de vermelho. Isso em poucos segundos. O \u00e1rbitro errou. Importante que todos vejam e revejam as imagens. A expuls\u00e3o foi um erro. Foi injusta,\u00a0relatou Hulk.<\/em><\/p>\n\n\n\n<p>Ainda no gramado, ele buscou uma c\u00e2mera para criticar a decis\u00e3o tomada, expressando toda sua frustra\u00e7\u00e3o com a situa\u00e7\u00e3o.<\/p>\n\n\n\n<p><em>-Eu s\u00f3 pe\u00e7o, por favor: faz leitura labial, pede para ele escrever na s\u00famula o porqu\u00ea do segundo amarelo. Botei a m\u00e3o para tr\u00e1s e perguntei por que ele deu amarelo. Agora pode pegar c\u00e2meras, \u00e1udio, tudo. Isso \u00e9 demais, velho. Isso \u00e9 imposs\u00edvel!,\u00a0<\/em>disse.<\/p>\n","protected":false},"excerpt":{"rendered":"<p>A declara\u00e7\u00e3o de Hulk ap\u00f3s expuls\u00e3o contra o Palmeiras<\/p>\n","protected":false},"author":16,"featured_media":143185,"comment_status":"open","ping_status":"closed","sticky":false,"template":"","format":"standard","meta":{"footnotes":""},"categories":[136,150],"tags":[],"class_list":["post-148371","post","type-post","status-publish","format-standard","has-post-thumbnail","hentry","category-atletico-mg","category-palmeiras"],"yoast_head":"<!-- This site is optimized with the Yoast SEO Premium plugin v24.2 (Yoast SEO v26.9) - https:\/\/yoast.com\/product\/yoast-seo-premium-wordpress\/ -->\n<title>A declara\u00e7\u00e3o de Hulk ap\u00f3s expuls\u00e3o contra o Palmeiras<\/title>\n<meta name=\"robots\" content=\"index, follow, max-snippet:-1, max-image-preview:large, max-video-preview:-1\" \/>\n<link rel=\"canonical\" href=\"https:\/\/www.gaveanews.com\/index.php\/2024\/06\/18\/a-declaracao-de-hulk-apos-expulsao-contra-o-palmeiras\/\" \/>\n<meta property=\"og:locale\" content=\"pt_BR\" \/>\n<meta property=\"og:type\" content=\"article\" \/>\n<meta property=\"og:title\" content=\"A declara\u00e7\u00e3o de Hulk ap\u00f3s expuls\u00e3o contra o Palmeiras\" \/>\n<meta property=\"og:description\" content=\"A declara\u00e7\u00e3o de Hulk ap\u00f3s expuls\u00e3o contra o Palmeiras\" \/>\n<meta property=\"og:url\" content=\"https:\/\/www.gaveanews.com\/index.php\/2024\/06\/18\/a-declaracao-de-hulk-apos-expulsao-contra-o-palmeiras\/\" \/>\n<meta property=\"og:site_name\" content=\"G\u00e1vea News\" \/>\n<meta property=\"article:publisher\" content=\"https:\/\/facebook.com\/gaveaNews\/\" \/>\n<meta property=\"article:published_time\" content=\"2024-06-18T18:30:00+00:00\" \/>\n<meta property=\"og:image\" content=\"https:\/\/www.gaveanews.com\/wp-content\/uploads\/hulk-atletico-mg.webp\" \/>\n\t<meta property=\"og:image:width\" content=\"1200\" \/>\n\t<meta property=\"og:image:height\" content=\"675\" \/>\n\t<meta property=\"og:image:type\" content=\"image\/webp\" \/>\n<meta name=\"author\" content=\"D\u00e9bora Figueiredo\" \/>\n<meta name=\"twitter:card\" content=\"summary_large_image\" \/>\n<meta name=\"twitter:label1\" content=\"Escrito por\" \/>\n\t<meta name=\"twitter:data1\" content=\"D\u00e9bora Figueiredo\" \/>\n\t<meta name=\"twitter:label2\" content=\"Est. tempo de leitura\" \/>\n\t<meta name=\"twitter:data2\" content=\"2 minutos\" \/>\n<script type=\"application\/ld+json\" class=\"yoast-schema-graph\">{\"@context\":\"https:\/\/schema.org\",\"@graph\":[{\"@type\":\"NewsArticle\",\"@id\":\"https:\/\/www.gaveanews.com\/index.php\/2024\/06\/18\/a-declaracao-de-hulk-apos-expulsao-contra-o-palmeiras\/#article\",\"isPartOf\":{\"@id\":\"https:\/\/www.gaveanews.com\/index.php\/2024\/06\/18\/a-declaracao-de-hulk-apos-expulsao-contra-o-palmeiras\/\"},\"author\":{\"name\":\"D\u00e9bora Figueiredo\",\"@id\":\"https:\/\/www.gaveanews.com\/#\/schema\/person\/37122681a8575a5c8db05a56f099a5e4\"},\"headline\":\"A declara\u00e7\u00e3o de Hulk ap\u00f3s expuls\u00e3o contra o Palmeiras\",\"datePublished\":\"2024-06-18T18:30:00+00:00\",\"mainEntityOfPage\":{\"@id\":\"https:\/\/www.gaveanews.com\/index.php\/2024\/06\/18\/a-declaracao-de-hulk-apos-expulsao-contra-o-palmeiras\/\"},\"wordCount\":289,\"commentCount\":0,\"image\":{\"@id\":\"https:\/\/www.gaveanews.com\/index.php\/2024\/06\/18\/a-declaracao-de-hulk-apos-expulsao-contra-o-palmeiras\/#primaryimage\"},\"thumbnailUrl\":\"https:\/\/www.gaveanews.com\/wp-content\/uploads\/hulk-atletico-mg.webp\",\"articleSection\":[\"Atl\u00e9tico-MG\",\"Palmeiras\"],\"inLanguage\":\"pt-BR\",\"potentialAction\":[{\"@type\":\"CommentAction\",\"name\":\"Comment\",\"target\":[\"https:\/\/www.gaveanews.com\/index.php\/2024\/06\/18\/a-declaracao-de-hulk-apos-expulsao-contra-o-palmeiras\/#respond\"]}],\"copyrightYear\":\"2024\",\"copyrightHolder\":{\"@id\":\"https:\/\/www.gaveanews.com\/#organization\"}},{\"@type\":\"WebPage\",\"@id\":\"https:\/\/www.gaveanews.com\/index.php\/2024\/06\/18\/a-declaracao-de-hulk-apos-expulsao-contra-o-palmeiras\/\",\"url\":\"https:\/\/www.gaveanews.com\/index.php\/2024\/06\/18\/a-declaracao-de-hulk-apos-expulsao-contra-o-palmeiras\/\",\"name\":\"A declara\u00e7\u00e3o de Hulk ap\u00f3s expuls\u00e3o contra o Palmeiras\",\"isPartOf\":{\"@id\":\"https:\/\/www.gaveanews.com\/#website\"},\"primaryImageOfPage\":{\"@id\":\"https:\/\/www.gaveanews.com\/index.php\/2024\/06\/18\/a-declaracao-de-hulk-apos-expulsao-contra-o-palmeiras\/#primaryimage\"},\"image\":{\"@id\":\"https:\/\/www.gaveanews.com\/index.php\/2024\/06\/18\/a-declaracao-de-hulk-apos-expulsao-contra-o-palmeiras\/#primaryimage\"},\"thumbnailUrl\":\"https:\/\/www.gaveanews.com\/wp-content\/uploads\/hulk-atletico-mg.webp\",\"datePublished\":\"2024-06-18T18:30:00+00:00\",\"author\":{\"@id\":\"https:\/\/www.gaveanews.com\/#\/schema\/person\/37122681a8575a5c8db05a56f099a5e4\"},\"breadcrumb\":{\"@id\":\"https:\/\/www.gaveanews.com\/index.php\/2024\/06\/18\/a-declaracao-de-hulk-apos-expulsao-contra-o-palmeiras\/#breadcrumb\"},\"inLanguage\":\"pt-BR\",\"potentialAction\":[{\"@type\":\"ReadAction\",\"target\":[\"https:\/\/www.gaveanews.com\/index.php\/2024\/06\/18\/a-declaracao-de-hulk-apos-expulsao-contra-o-palmeiras\/\"]}]},{\"@type\":\"ImageObject\",\"inLanguage\":\"pt-BR\",\"@id\":\"https:\/\/www.gaveanews.com\/index.php\/2024\/06\/18\/a-declaracao-de-hulk-apos-expulsao-contra-o-palmeiras\/#primaryimage\",\"url\":\"https:\/\/www.gaveanews.com\/wp-content\/uploads\/hulk-atletico-mg.webp\",\"contentUrl\":\"https:\/\/www.gaveanews.com\/wp-content\/uploads\/hulk-atletico-mg.webp\",\"width\":1200,\"height\":675,\"caption\":\"Hulk em a\u00e7\u00e3o pelo Atl\u00e9tico-MG (Foto: Eurasia Sport Images\/Getty Images South America)\"},{\"@type\":\"BreadcrumbList\",\"@id\":\"https:\/\/www.gaveanews.com\/index.php\/2024\/06\/18\/a-declaracao-de-hulk-apos-expulsao-contra-o-palmeiras\/#breadcrumb\",\"itemListElement\":[{\"@type\":\"ListItem\",\"position\":1,\"name\":\"Home\",\"item\":\"https:\/\/www.gaveanews.com\/\"},{\"@type\":\"ListItem\",\"position\":2,\"name\":\"A declara\u00e7\u00e3o de Hulk ap\u00f3s expuls\u00e3o contra o Palmeiras\"}]},{\"@type\":\"WebSite\",\"@id\":\"https:\/\/www.gaveanews.com\/#website\",\"url\":\"https:\/\/www.gaveanews.com\/\",\"name\":\"G\u00e1vea News\",\"description\":\"Veja todas as not\u00edcias sobre o Flamengo: Contrata\u00e7\u00f5es, categorias de base, resultados das partidas, tabela de classifica\u00e7\u00e3o, pr\u00f3ximos jogos!\",\"potentialAction\":[{\"@type\":\"SearchAction\",\"target\":{\"@type\":\"EntryPoint\",\"urlTemplate\":\"https:\/\/www.gaveanews.com\/?s={search_term_string}\"},\"query-input\":{\"@type\":\"PropertyValueSpecification\",\"valueRequired\":true,\"valueName\":\"search_term_string\"}}],\"inLanguage\":\"pt-BR\"},{\"@type\":\"Person\",\"@id\":\"https:\/\/www.gaveanews.com\/#\/schema\/person\/37122681a8575a5c8db05a56f099a5e4\",\"name\":\"D\u00e9bora Figueiredo\",\"image\":{\"@type\":\"ImageObject\",\"inLanguage\":\"pt-BR\",\"@id\":\"https:\/\/www.gaveanews.com\/#\/schema\/person\/image\/\",\"url\":\"https:\/\/secure.gravatar.com\/avatar\/1f44802859351588499d26f52aed1d15796ce17e67602895b72837c08018868d?s=96&d=mm&r=g\",\"contentUrl\":\"https:\/\/secure.gravatar.com\/avatar\/1f44802859351588499d26f52aed1d15796ce17e67602895b72837c08018868d?s=96&d=mm&r=g\",\"caption\":\"D\u00e9bora Figueiredo\"}}]}<\/script>\n<!-- \/ Yoast SEO Premium plugin. -->","yoast_head_json":{"title":"A declara\u00e7\u00e3o de Hulk ap\u00f3s expuls\u00e3o contra o Palmeiras","robots":{"index":"index","follow":"follow","max-snippet":"max-snippet:-1","max-image-preview":"max-image-preview:large","max-video-preview":"max-video-preview:-1"},"canonical":"https:\/\/www.gaveanews.com\/index.php\/2024\/06\/18\/a-declaracao-de-hulk-apos-expulsao-contra-o-palmeiras\/","og_locale":"pt_BR","og_type":"article","og_title":"A declara\u00e7\u00e3o de Hulk ap\u00f3s expuls\u00e3o contra o Palmeiras","og_description":"A declara\u00e7\u00e3o de Hulk ap\u00f3s expuls\u00e3o contra o Palmeiras","og_url":"https:\/\/www.gaveanews.com\/index.php\/2024\/06\/18\/a-declaracao-de-hulk-apos-expulsao-contra-o-palmeiras\/","og_site_name":"G\u00e1vea News","article_publisher":"https:\/\/facebook.com\/gaveaNews\/","article_published_time":"2024-06-18T18:30:00+00:00","og_image":[{"width":1200,"height":675,"url":"https:\/\/www.gaveanews.com\/wp-content\/uploads\/hulk-atletico-mg.webp","type":"image\/webp"}],"author":"D\u00e9bora Figueiredo","twitter_card":"summary_large_image","twitter_misc":{"Escrito por":"D\u00e9bora Figueiredo","Est. tempo de leitura":"2 minutos"},"schema":{"@context":"https:\/\/schema.org","@graph":[{"@type":"NewsArticle","@id":"https:\/\/www.gaveanews.com\/index.php\/2024\/06\/18\/a-declaracao-de-hulk-apos-expulsao-contra-o-palmeiras\/#article","isPartOf":{"@id":"https:\/\/www.gaveanews.com\/index.php\/2024\/06\/18\/a-declaracao-de-hulk-apos-expulsao-contra-o-palmeiras\/"},"author":{"name":"D\u00e9bora Figueiredo","@id":"https:\/\/www.gaveanews.com\/#\/schema\/person\/37122681a8575a5c8db05a56f099a5e4"},"headline":"A declara\u00e7\u00e3o de Hulk ap\u00f3s expuls\u00e3o contra o Palmeiras","datePublished":"2024-06-18T18:30:00+00:00","mainEntityOfPage":{"@id":"https:\/\/www.gaveanews.com\/index.php\/2024\/06\/18\/a-declaracao-de-hulk-apos-expulsao-contra-o-palmeiras\/"},"wordCount":289,"commentCount":0,"image":{"@id":"https:\/\/www.gaveanews.com\/index.php\/2024\/06\/18\/a-declaracao-de-hulk-apos-expulsao-contra-o-palmeiras\/#primaryimage"},"thumbnailUrl":"https:\/\/www.gaveanews.com\/wp-content\/uploads\/hulk-atletico-mg.webp","articleSection":["Atl\u00e9tico-MG","Palmeiras"],"inLanguage":"pt-BR","potentialAction":[{"@type":"CommentAction","name":"Comment","target":["https:\/\/www.gaveanews.com\/index.php\/2024\/06\/18\/a-declaracao-de-hulk-apos-expulsao-contra-o-palmeiras\/#respond"]}],"copyrightYear":"2024","copyrightHolder":{"@id":"https:\/\/www.gaveanews.com\/#organization"}},{"@type":"WebPage","@id":"https:\/\/www.gaveanews.com\/index.php\/2024\/06\/18\/a-declaracao-de-hulk-apos-expulsao-contra-o-palmeiras\/","url":"https:\/\/www.gaveanews.com\/index.php\/2024\/06\/18\/a-declaracao-de-hulk-apos-expulsao-contra-o-palmeiras\/","name":"A declara\u00e7\u00e3o de Hulk ap\u00f3s expuls\u00e3o contra o Palmeiras","isPartOf":{"@id":"https:\/\/www.gaveanews.com\/#website"},"primaryImageOfPage":{"@id":"https:\/\/www.gaveanews.com\/index.php\/2024\/06\/18\/a-declaracao-de-hulk-apos-expulsao-contra-o-palmeiras\/#primaryimage"},"image":{"@id":"https:\/\/www.gaveanews.com\/index.php\/2024\/06\/18\/a-declaracao-de-hulk-apos-expulsao-contra-o-palmeiras\/#primaryimage"},"thumbnailUrl":"https:\/\/www.gaveanews.com\/wp-content\/uploads\/hulk-atletico-mg.webp","datePublished":"2024-06-18T18:30:00+00:00","author":{"@id":"https:\/\/www.gaveanews.com\/#\/schema\/person\/37122681a8575a5c8db05a56f099a5e4"},"breadcrumb":{"@id":"https:\/\/www.gaveanews.com\/index.php\/2024\/06\/18\/a-declaracao-de-hulk-apos-expulsao-contra-o-palmeiras\/#breadcrumb"},"inLanguage":"pt-BR","potentialAction":[{"@type":"ReadAction","target":["https:\/\/www.gaveanews.com\/index.php\/2024\/06\/18\/a-declaracao-de-hulk-apos-expulsao-contra-o-palmeiras\/"]}]},{"@type":"ImageObject","inLanguage":"pt-BR","@id":"https:\/\/www.gaveanews.com\/index.php\/2024\/06\/18\/a-declaracao-de-hulk-apos-expulsao-contra-o-palmeiras\/#primaryimage","url":"https:\/\/www.gaveanews.com\/wp-content\/uploads\/hulk-atletico-mg.webp","contentUrl":"https:\/\/www.gaveanews.com\/wp-content\/uploads\/hulk-atletico-mg.webp","width":1200,"height":675,"caption":"Hulk em a\u00e7\u00e3o pelo Atl\u00e9tico-MG (Foto: Eurasia Sport Images\/Getty Images South America)"},{"@type":"BreadcrumbList","@id":"https:\/\/www.gaveanews.com\/index.php\/2024\/06\/18\/a-declaracao-de-hulk-apos-expulsao-contra-o-palmeiras\/#breadcrumb","itemListElement":[{"@type":"ListItem","position":1,"name":"Home","item":"https:\/\/www.gaveanews.com\/"},{"@type":"ListItem","position":2,"name":"A declara\u00e7\u00e3o de Hulk ap\u00f3s expuls\u00e3o contra o Palmeiras"}]},{"@type":"WebSite","@id":"https:\/\/www.gaveanews.com\/#website","url":"https:\/\/www.gaveanews.com\/","name":"G\u00e1vea News","description":"Veja todas as not\u00edcias sobre o Flamengo: Contrata\u00e7\u00f5es, categorias de base, resultados das partidas, tabela de classifica\u00e7\u00e3o, pr\u00f3ximos jogos!","potentialAction":[{"@type":"SearchAction","target":{"@type":"EntryPoint","urlTemplate":"https:\/\/www.gaveanews.com\/?s={search_term_string}"},"query-input":{"@type":"PropertyValueSpecification","valueRequired":true,"valueName":"search_term_string"}}],"inLanguage":"pt-BR"},{"@type":"Person","@id":"https:\/\/www.gaveanews.com\/#\/schema\/person\/37122681a8575a5c8db05a56f099a5e4","name":"D\u00e9bora Figueiredo","image":{"@type":"ImageObject","inLanguage":"pt-BR","@id":"https:\/\/www.gaveanews.com\/#\/schema\/person\/image\/","url":"https:\/\/secure.gravatar.com\/avatar\/1f44802859351588499d26f52aed1d15796ce17e67602895b72837c08018868d?s=96&d=mm&r=g","contentUrl":"https:\/\/secure.gravatar.com\/avatar\/1f44802859351588499d26f52aed1d15796ce17e67602895b72837c08018868d?s=96&d=mm&r=g","caption":"D\u00e9bora Figueiredo"}}]}},"_links":{"self":[{"href":"https:\/\/www.gaveanews.com\/index.php\/wp-json\/wp\/v2\/posts\/148371","targetHints":{"allow":["GET"]}}],"collection":[{"href":"https:\/\/www.gaveanews.com\/index.php\/wp-json\/wp\/v2\/posts"}],"about":[{"href":"https:\/\/www.gaveanews.com\/index.php\/wp-json\/wp\/v2\/types\/post"}],"author":[{"embeddable":true,"href":"https:\/\/www.gaveanews.com\/index.php\/wp-json\/wp\/v2\/users\/16"}],"replies":[{"embeddable":true,"href":"https:\/\/www.gaveanews.com\/index.php\/wp-json\/wp\/v2\/comments?post=148371"}],"version-history":[{"count":1,"href":"https:\/\/www.gaveanews.com\/index.php\/wp-json\/wp\/v2\/posts\/148371\/revisions"}],"predecessor-version":[{"id":148372,"href":"https:\/\/www.gaveanews.com\/index.php\/wp-json\/wp\/v2\/posts\/148371\/revisions\/148372"}],"wp:featuredmedia":[{"embeddable":true,"href":"https:\/\/www.gaveanews.com\/index.php\/wp-json\/wp\/v2\/media\/143185"}],"wp:attachment":[{"href":"https:\/\/www.gaveanews.com\/index.php\/wp-json\/wp\/v2\/media?parent=148371"}],"wp:term":[{"taxonomy":"category","embeddable":true,"href":"https:\/\/www.gaveanews.com\/index.php\/wp-json\/wp\/v2\/categories?post=148371"},{"taxonomy":"post_tag","embeddable":true,"href":"https:\/\/www.gaveanews.com\/index.php\/wp-json\/wp\/v2\/tags?post=148371"}],"curies":[{"name":"wp","href":"https:\/\/api.w.org\/{rel}","templated":true}]}}