{"id":148473,"date":"2024-06-19T00:00:44","date_gmt":"2024-06-19T03:00:44","guid":{"rendered":"https:\/\/www.gaveanews.com\/?p=148473"},"modified":"2024-06-19T00:15:29","modified_gmt":"2024-06-19T03:15:29","slug":"para-jogar-no-flamengo-ele-esta-disposto-a-abaixo-seu-salario","status":"publish","type":"post","link":"https:\/\/www.gaveanews.com\/index.php\/2024\/06\/19\/para-jogar-no-flamengo-ele-esta-disposto-a-abaixo-seu-salario\/","title":{"rendered":"Para jogar no Flamengo, ele est\u00e1 disposto a abaixar seu sal\u00e1rio"},"content":{"rendered":"\n<p>O Flamengo se prepara para a abertura da pr\u00f3xima janela de transfer\u00eancias. Ao contr\u00e1rio de temporadas anteriores, quando agiu de maneira agressiva no mercado, o clube carioca adota uma postura mais conservadora. A diretoria, liderada por Marcos Braz e Rodolfo Landim, est\u00e1 mais cautelosa em suas a\u00e7\u00f5es, enquanto alguns clubes, como o Cruzeiro, j\u00e1 se refor\u00e7aram para a temporada.<\/p>\n\n\n\n<p>Entretanto, um movimento recente gerou expectativa entre os torcedores do Flamengo. O clube manifestou interesse em contratar Marcos Ant\u00f4nio, jogador da Lazio que atualmente est\u00e1 de f\u00e9rias na Bahia. Conforme informa\u00e7\u00f5es do jornalista Julio Miguel Neto, o Flamengo entrou em contato com o atleta e apresentou uma proposta consider\u00e1vel de 4,5 milh\u00f5es de euros, o equivalente a 25 milh\u00f5es de reais. Marcos Ant\u00f4nio, que atua no meio de campo, foi informado do interesse rubro-negro.<\/p>\n\n\n\n<p>A proposta do Flamengo por Marcos Ant\u00f4nio \u00e9 um dos principais movimentos do clube na janela de transfer\u00eancias do meio do ano. O jogador, que expressou desejo de se transferir para o Flamengo, est\u00e1 disposto a abrir m\u00e3o de valores e benef\u00edcios para facilitar a negocia\u00e7\u00e3o. O volante j\u00e1 comunicou ao clube italiano seu interesse em sair e jogar pelo Mais Querido, o que pode ajudar nas tratativas entre os clubes.<\/p>\n\n\n\n<h2 class=\"wp-block-heading\" id=\"h-tudo-sobre-marcos-antonio-silva-santos\">Tudo sobre Marcos Ant\u00f4nio Silva Santos<\/h2>\n\n\n<div class=\"wp-block-image\">\n<figure class=\"aligncenter size-large\"><img loading=\"lazy\" decoding=\"async\" width=\"1024\" height=\"683\" src=\"https:\/\/www.gaveanews.com\/wp-content\/uploads\/marcosantonio_1705336374030-edited-1024x683.webp\" alt=\"Marcos Ant\u00f4nio\" class=\"wp-image-121463\" srcset=\"https:\/\/www.gaveanews.com\/wp-content\/uploads\/marcosantonio_1705336374030-edited-1024x683.webp 1024w, https:\/\/www.gaveanews.com\/wp-content\/uploads\/marcosantonio_1705336374030-edited-300x200.webp 300w, https:\/\/www.gaveanews.com\/wp-content\/uploads\/marcosantonio_1705336374030-edited-768x512.webp 768w, https:\/\/www.gaveanews.com\/wp-content\/uploads\/marcosantonio_1705336374030-edited-630x420.webp 630w, https:\/\/www.gaveanews.com\/wp-content\/uploads\/marcosantonio_1705336374030-edited-1260x840.webp 1260w, https:\/\/www.gaveanews.com\/wp-content\/uploads\/marcosantonio_1705336374030-edited-640x427.webp 640w, https:\/\/www.gaveanews.com\/wp-content\/uploads\/marcosantonio_1705336374030-edited-1280x853.webp 1280w, https:\/\/www.gaveanews.com\/wp-content\/uploads\/marcosantonio_1705336374030-edited-681x454.webp 681w, https:\/\/www.gaveanews.com\/wp-content\/uploads\/marcosantonio_1705336374030-edited-1362x908.webp 1362w, https:\/\/www.gaveanews.com\/wp-content\/uploads\/marcosantonio_1705336374030-edited-100x67.webp 100w, https:\/\/www.gaveanews.com\/wp-content\/uploads\/marcosantonio_1705336374030-edited.webp 1440w\" sizes=\"auto, (max-width: 1024px) 100vw, 1024px\" \/><figcaption class=\"wp-element-caption\">Marcos Ant\u00f4nio pela sele\u00e7\u00e3o Brasileira (Foto: Reprodu\u00e7\u00e3o\/Instagram)<\/figcaption><\/figure>\n<\/div>\n\n\n<p>Marcos Ant\u00f4nio Silva Santos, mais conhecido como Marcos Ant\u00f4nio, \u00e9 um meio-campista brasileiro que se destacou inicialmente nas categorias de base do Athletico Paranaense. Sua habilidade com a bola e vis\u00e3o de jogo rapidamente chamaram a aten\u00e7\u00e3o dos olheiros europeus, levando-o a ser contratado pelo Estoril, de Portugal, onde come\u00e7ou sua trajet\u00f3ria no futebol europeu.<\/p>\n\n\n\n<p>Ap\u00f3s um breve per\u00edodo no Estoril, Marcos Ant\u00f4nio transferiu-se para o Shakhtar Donetsk, da Ucr\u00e2nia, em 2019. No Shakhtar, o meio-campista teve a oportunidade de disputar a Liga dos Campe\u00f5es da UEFA, aumentando sua experi\u00eancia em competi\u00e7\u00f5es de alto n\u00edvel. Durante sua passagem pelo clube ucraniano, conquistou a Supercopa da Ucr\u00e2nia e o Campeonato Ucraniano, refor\u00e7ando sua posi\u00e7\u00e3o como um dos talentos promissores do futebol brasileiro no cen\u00e1rio europeu.<\/p>\n\n\n\n<p>Posteriormente, Marcos Ant\u00f4nio seguiu para o futebol italiano, onde assinou contrato com a Lazio em 2022. Na Lazio, ele continuou a demonstrar sua qualidade t\u00e9cnica e capacidade de atuar tanto na defesa quanto no ataque, contribuindo significativamente para a campanha do clube na Serie A e em competi\u00e7\u00f5es europeias. Sua versatilidade no meio-campo foi um dos fatores que o fizeram ganhar espa\u00e7o na equipe titular.<\/p>\n\n\n\n<p>Al\u00e9m de sua carreira nos clubes, Marcos Ant\u00f4nio tamb\u00e9m teve a oportunidade de representar a Sele\u00e7\u00e3o Brasileira em categorias de base. Ele participou do Sul-Americano Sub-17 e do Mundial Sub-17, competi\u00e7\u00f5es em que demonstrou seu talento e potencial para o futuro. Embora ainda n\u00e3o tenha estreado pela Sele\u00e7\u00e3o principal, Marcos Ant\u00f4nio \u00e9 visto como uma promessa e segue aguardando novas oportunidades para defender o Brasil em torneios internacionais.<\/p>\n","protected":false},"excerpt":{"rendered":"<p>O Flamengo se prepara para a abertura da pr\u00f3xima janela de transfer\u00eancias. Ao contr\u00e1rio de temporadas anteriores, quando agiu de maneira agressiva no mercado, o clube carioca adota uma postura mais conservadora. A diretoria, liderada por Marcos Braz e Rodolfo Landim, est\u00e1 mais cautelosa em suas a\u00e7\u00f5es, enquanto alguns clubes, como o Cruzeiro, j\u00e1 se [&hellip;]<\/p>\n","protected":false},"author":1,"featured_media":127549,"comment_status":"open","ping_status":"closed","sticky":false,"template":"","format":"standard","meta":{"footnotes":""},"categories":[1],"tags":[],"class_list":["post-148473","post","type-post","status-publish","format-standard","has-post-thumbnail","hentry","category-flamengo"],"yoast_head":"<!-- This site is optimized with the Yoast SEO Premium plugin v24.2 (Yoast SEO v26.9) - https:\/\/yoast.com\/product\/yoast-seo-premium-wordpress\/ -->\n<title>Para jogar no Flamengo, ele est\u00e1 disposto a abaixar seu sal\u00e1rio<\/title>\n<meta name=\"robots\" content=\"index, follow, max-snippet:-1, max-image-preview:large, max-video-preview:-1\" \/>\n<link rel=\"canonical\" href=\"https:\/\/www.gaveanews.com\/index.php\/2024\/06\/19\/para-jogar-no-flamengo-ele-esta-disposto-a-abaixo-seu-salario\/\" \/>\n<meta property=\"og:locale\" content=\"pt_BR\" \/>\n<meta property=\"og:type\" content=\"article\" \/>\n<meta property=\"og:title\" content=\"Para jogar no Flamengo, ele est\u00e1 disposto a abaixar seu sal\u00e1rio\" \/>\n<meta property=\"og:description\" content=\"O Flamengo se prepara para a abertura da pr\u00f3xima janela de transfer\u00eancias. Ao contr\u00e1rio de temporadas anteriores, quando agiu de maneira agressiva no mercado, o clube carioca adota uma postura mais conservadora. A diretoria, liderada por Marcos Braz e Rodolfo Landim, est\u00e1 mais cautelosa em suas a\u00e7\u00f5es, enquanto alguns clubes, como o Cruzeiro, j\u00e1 se [&hellip;]\" \/>\n<meta property=\"og:url\" content=\"https:\/\/www.gaveanews.com\/index.php\/2024\/06\/19\/para-jogar-no-flamengo-ele-esta-disposto-a-abaixo-seu-salario\/\" \/>\n<meta property=\"og:site_name\" content=\"G\u00e1vea News\" \/>\n<meta property=\"article:publisher\" content=\"https:\/\/facebook.com\/gaveaNews\/\" \/>\n<meta property=\"article:published_time\" content=\"2024-06-19T03:00:44+00:00\" \/>\n<meta property=\"article:modified_time\" content=\"2024-06-19T03:15:29+00:00\" \/>\n<meta property=\"og:image\" content=\"https:\/\/www.gaveanews.com\/wp-content\/uploads\/Marcos-Braz.webp\" \/>\n\t<meta property=\"og:image:width\" content=\"1200\" \/>\n\t<meta property=\"og:image:height\" content=\"750\" \/>\n\t<meta property=\"og:image:type\" content=\"image\/webp\" \/>\n<meta name=\"author\" content=\"Equipe G\u00e1vea News\" \/>\n<meta name=\"twitter:card\" content=\"summary_large_image\" \/>\n<meta name=\"twitter:label1\" content=\"Escrito por\" \/>\n\t<meta name=\"twitter:data1\" content=\"Equipe G\u00e1vea News\" \/>\n\t<meta name=\"twitter:label2\" content=\"Est. tempo de leitura\" \/>\n\t<meta name=\"twitter:data2\" content=\"4 minutos\" \/>\n<script type=\"application\/ld+json\" class=\"yoast-schema-graph\">{\"@context\":\"https:\/\/schema.org\",\"@graph\":[{\"@type\":\"NewsArticle\",\"@id\":\"https:\/\/www.gaveanews.com\/index.php\/2024\/06\/19\/para-jogar-no-flamengo-ele-esta-disposto-a-abaixo-seu-salario\/#article\",\"isPartOf\":{\"@id\":\"https:\/\/www.gaveanews.com\/index.php\/2024\/06\/19\/para-jogar-no-flamengo-ele-esta-disposto-a-abaixo-seu-salario\/\"},\"author\":{\"name\":\"Equipe G\u00e1vea News\",\"@id\":\"https:\/\/www.gaveanews.com\/#\/schema\/person\/2ec14f73fb96be2caf28f91afb14749d\"},\"headline\":\"Para jogar no Flamengo, ele est\u00e1 disposto a abaixar seu sal\u00e1rio\",\"datePublished\":\"2024-06-19T03:00:44+00:00\",\"dateModified\":\"2024-06-19T03:15:29+00:00\",\"mainEntityOfPage\":{\"@id\":\"https:\/\/www.gaveanews.com\/index.php\/2024\/06\/19\/para-jogar-no-flamengo-ele-esta-disposto-a-abaixo-seu-salario\/\"},\"wordCount\":531,\"commentCount\":0,\"image\":{\"@id\":\"https:\/\/www.gaveanews.com\/index.php\/2024\/06\/19\/para-jogar-no-flamengo-ele-esta-disposto-a-abaixo-seu-salario\/#primaryimage\"},\"thumbnailUrl\":\"https:\/\/www.gaveanews.com\/wp-content\/uploads\/Marcos-Braz.webp\",\"articleSection\":[\"Flamengo\"],\"inLanguage\":\"pt-BR\",\"potentialAction\":[{\"@type\":\"CommentAction\",\"name\":\"Comment\",\"target\":[\"https:\/\/www.gaveanews.com\/index.php\/2024\/06\/19\/para-jogar-no-flamengo-ele-esta-disposto-a-abaixo-seu-salario\/#respond\"]}],\"copyrightYear\":\"2024\",\"copyrightHolder\":{\"@id\":\"https:\/\/www.gaveanews.com\/#organization\"}},{\"@type\":\"WebPage\",\"@id\":\"https:\/\/www.gaveanews.com\/index.php\/2024\/06\/19\/para-jogar-no-flamengo-ele-esta-disposto-a-abaixo-seu-salario\/\",\"url\":\"https:\/\/www.gaveanews.com\/index.php\/2024\/06\/19\/para-jogar-no-flamengo-ele-esta-disposto-a-abaixo-seu-salario\/\",\"name\":\"Para jogar no Flamengo, ele est\u00e1 disposto a abaixar seu sal\u00e1rio\",\"isPartOf\":{\"@id\":\"https:\/\/www.gaveanews.com\/#website\"},\"primaryImageOfPage\":{\"@id\":\"https:\/\/www.gaveanews.com\/index.php\/2024\/06\/19\/para-jogar-no-flamengo-ele-esta-disposto-a-abaixo-seu-salario\/#primaryimage\"},\"image\":{\"@id\":\"https:\/\/www.gaveanews.com\/index.php\/2024\/06\/19\/para-jogar-no-flamengo-ele-esta-disposto-a-abaixo-seu-salario\/#primaryimage\"},\"thumbnailUrl\":\"https:\/\/www.gaveanews.com\/wp-content\/uploads\/Marcos-Braz.webp\",\"datePublished\":\"2024-06-19T03:00:44+00:00\",\"dateModified\":\"2024-06-19T03:15:29+00:00\",\"author\":{\"@id\":\"https:\/\/www.gaveanews.com\/#\/schema\/person\/2ec14f73fb96be2caf28f91afb14749d\"},\"breadcrumb\":{\"@id\":\"https:\/\/www.gaveanews.com\/index.php\/2024\/06\/19\/para-jogar-no-flamengo-ele-esta-disposto-a-abaixo-seu-salario\/#breadcrumb\"},\"inLanguage\":\"pt-BR\",\"potentialAction\":[{\"@type\":\"ReadAction\",\"target\":[\"https:\/\/www.gaveanews.com\/index.php\/2024\/06\/19\/para-jogar-no-flamengo-ele-esta-disposto-a-abaixo-seu-salario\/\"]}]},{\"@type\":\"ImageObject\",\"inLanguage\":\"pt-BR\",\"@id\":\"https:\/\/www.gaveanews.com\/index.php\/2024\/06\/19\/para-jogar-no-flamengo-ele-esta-disposto-a-abaixo-seu-salario\/#primaryimage\",\"url\":\"https:\/\/www.gaveanews.com\/wp-content\/uploads\/Marcos-Braz.webp\",\"contentUrl\":\"https:\/\/www.gaveanews.com\/wp-content\/uploads\/Marcos-Braz.webp\",\"width\":1200,\"height\":750,\"caption\":\"Marcos Braz j\u00e1 foi vice-presidente de futebol do Flamengo - Foto: Gilvan de Souza\/Flamengo\"},{\"@type\":\"BreadcrumbList\",\"@id\":\"https:\/\/www.gaveanews.com\/index.php\/2024\/06\/19\/para-jogar-no-flamengo-ele-esta-disposto-a-abaixo-seu-salario\/#breadcrumb\",\"itemListElement\":[{\"@type\":\"ListItem\",\"position\":1,\"name\":\"Home\",\"item\":\"https:\/\/www.gaveanews.com\/\"},{\"@type\":\"ListItem\",\"position\":2,\"name\":\"Para jogar no Flamengo, ele est\u00e1 disposto a abaixar seu sal\u00e1rio\"}]},{\"@type\":\"WebSite\",\"@id\":\"https:\/\/www.gaveanews.com\/#website\",\"url\":\"https:\/\/www.gaveanews.com\/\",\"name\":\"G\u00e1vea News\",\"description\":\"Veja todas as not\u00edcias sobre o Flamengo: Contrata\u00e7\u00f5es, categorias de base, resultados das partidas, tabela de classifica\u00e7\u00e3o, pr\u00f3ximos jogos!\",\"potentialAction\":[{\"@type\":\"SearchAction\",\"target\":{\"@type\":\"EntryPoint\",\"urlTemplate\":\"https:\/\/www.gaveanews.com\/?s={search_term_string}\"},\"query-input\":{\"@type\":\"PropertyValueSpecification\",\"valueRequired\":true,\"valueName\":\"search_term_string\"}}],\"inLanguage\":\"pt-BR\"},{\"@type\":\"Person\",\"@id\":\"https:\/\/www.gaveanews.com\/#\/schema\/person\/2ec14f73fb96be2caf28f91afb14749d\",\"name\":\"Equipe G\u00e1vea News\",\"image\":{\"@type\":\"ImageObject\",\"inLanguage\":\"pt-BR\",\"@id\":\"https:\/\/www.gaveanews.com\/#\/schema\/person\/image\/\",\"url\":\"https:\/\/secure.gravatar.com\/avatar\/1e1956f1facbffd3f8fa53a326721950116b3b9dc9bd44939c01180fd4a745a9?s=96&d=mm&r=g\",\"contentUrl\":\"https:\/\/secure.gravatar.com\/avatar\/1e1956f1facbffd3f8fa53a326721950116b3b9dc9bd44939c01180fd4a745a9?s=96&d=mm&r=g\",\"caption\":\"Equipe G\u00e1vea News\"}}]}<\/script>\n<!-- \/ Yoast SEO Premium plugin. -->","yoast_head_json":{"title":"Para jogar no Flamengo, ele est\u00e1 disposto a abaixar seu sal\u00e1rio","robots":{"index":"index","follow":"follow","max-snippet":"max-snippet:-1","max-image-preview":"max-image-preview:large","max-video-preview":"max-video-preview:-1"},"canonical":"https:\/\/www.gaveanews.com\/index.php\/2024\/06\/19\/para-jogar-no-flamengo-ele-esta-disposto-a-abaixo-seu-salario\/","og_locale":"pt_BR","og_type":"article","og_title":"Para jogar no Flamengo, ele est\u00e1 disposto a abaixar seu sal\u00e1rio","og_description":"O Flamengo se prepara para a abertura da pr\u00f3xima janela de transfer\u00eancias. Ao contr\u00e1rio de temporadas anteriores, quando agiu de maneira agressiva no mercado, o clube carioca adota uma postura mais conservadora. A diretoria, liderada por Marcos Braz e Rodolfo Landim, est\u00e1 mais cautelosa em suas a\u00e7\u00f5es, enquanto alguns clubes, como o Cruzeiro, j\u00e1 se [&hellip;]","og_url":"https:\/\/www.gaveanews.com\/index.php\/2024\/06\/19\/para-jogar-no-flamengo-ele-esta-disposto-a-abaixo-seu-salario\/","og_site_name":"G\u00e1vea News","article_publisher":"https:\/\/facebook.com\/gaveaNews\/","article_published_time":"2024-06-19T03:00:44+00:00","article_modified_time":"2024-06-19T03:15:29+00:00","og_image":[{"width":1200,"height":750,"url":"https:\/\/www.gaveanews.com\/wp-content\/uploads\/Marcos-Braz.webp","type":"image\/webp"}],"author":"Equipe G\u00e1vea News","twitter_card":"summary_large_image","twitter_misc":{"Escrito por":"Equipe G\u00e1vea News","Est. tempo de leitura":"4 minutos"},"schema":{"@context":"https:\/\/schema.org","@graph":[{"@type":"NewsArticle","@id":"https:\/\/www.gaveanews.com\/index.php\/2024\/06\/19\/para-jogar-no-flamengo-ele-esta-disposto-a-abaixo-seu-salario\/#article","isPartOf":{"@id":"https:\/\/www.gaveanews.com\/index.php\/2024\/06\/19\/para-jogar-no-flamengo-ele-esta-disposto-a-abaixo-seu-salario\/"},"author":{"name":"Equipe G\u00e1vea News","@id":"https:\/\/www.gaveanews.com\/#\/schema\/person\/2ec14f73fb96be2caf28f91afb14749d"},"headline":"Para jogar no Flamengo, ele est\u00e1 disposto a abaixar seu sal\u00e1rio","datePublished":"2024-06-19T03:00:44+00:00","dateModified":"2024-06-19T03:15:29+00:00","mainEntityOfPage":{"@id":"https:\/\/www.gaveanews.com\/index.php\/2024\/06\/19\/para-jogar-no-flamengo-ele-esta-disposto-a-abaixo-seu-salario\/"},"wordCount":531,"commentCount":0,"image":{"@id":"https:\/\/www.gaveanews.com\/index.php\/2024\/06\/19\/para-jogar-no-flamengo-ele-esta-disposto-a-abaixo-seu-salario\/#primaryimage"},"thumbnailUrl":"https:\/\/www.gaveanews.com\/wp-content\/uploads\/Marcos-Braz.webp","articleSection":["Flamengo"],"inLanguage":"pt-BR","potentialAction":[{"@type":"CommentAction","name":"Comment","target":["https:\/\/www.gaveanews.com\/index.php\/2024\/06\/19\/para-jogar-no-flamengo-ele-esta-disposto-a-abaixo-seu-salario\/#respond"]}],"copyrightYear":"2024","copyrightHolder":{"@id":"https:\/\/www.gaveanews.com\/#organization"}},{"@type":"WebPage","@id":"https:\/\/www.gaveanews.com\/index.php\/2024\/06\/19\/para-jogar-no-flamengo-ele-esta-disposto-a-abaixo-seu-salario\/","url":"https:\/\/www.gaveanews.com\/index.php\/2024\/06\/19\/para-jogar-no-flamengo-ele-esta-disposto-a-abaixo-seu-salario\/","name":"Para jogar no Flamengo, ele est\u00e1 disposto a abaixar seu sal\u00e1rio","isPartOf":{"@id":"https:\/\/www.gaveanews.com\/#website"},"primaryImageOfPage":{"@id":"https:\/\/www.gaveanews.com\/index.php\/2024\/06\/19\/para-jogar-no-flamengo-ele-esta-disposto-a-abaixo-seu-salario\/#primaryimage"},"image":{"@id":"https:\/\/www.gaveanews.com\/index.php\/2024\/06\/19\/para-jogar-no-flamengo-ele-esta-disposto-a-abaixo-seu-salario\/#primaryimage"},"thumbnailUrl":"https:\/\/www.gaveanews.com\/wp-content\/uploads\/Marcos-Braz.webp","datePublished":"2024-06-19T03:00:44+00:00","dateModified":"2024-06-19T03:15:29+00:00","author":{"@id":"https:\/\/www.gaveanews.com\/#\/schema\/person\/2ec14f73fb96be2caf28f91afb14749d"},"breadcrumb":{"@id":"https:\/\/www.gaveanews.com\/index.php\/2024\/06\/19\/para-jogar-no-flamengo-ele-esta-disposto-a-abaixo-seu-salario\/#breadcrumb"},"inLanguage":"pt-BR","potentialAction":[{"@type":"ReadAction","target":["https:\/\/www.gaveanews.com\/index.php\/2024\/06\/19\/para-jogar-no-flamengo-ele-esta-disposto-a-abaixo-seu-salario\/"]}]},{"@type":"ImageObject","inLanguage":"pt-BR","@id":"https:\/\/www.gaveanews.com\/index.php\/2024\/06\/19\/para-jogar-no-flamengo-ele-esta-disposto-a-abaixo-seu-salario\/#primaryimage","url":"https:\/\/www.gaveanews.com\/wp-content\/uploads\/Marcos-Braz.webp","contentUrl":"https:\/\/www.gaveanews.com\/wp-content\/uploads\/Marcos-Braz.webp","width":1200,"height":750,"caption":"Marcos Braz j\u00e1 foi vice-presidente de futebol do Flamengo - Foto: Gilvan de Souza\/Flamengo"},{"@type":"BreadcrumbList","@id":"https:\/\/www.gaveanews.com\/index.php\/2024\/06\/19\/para-jogar-no-flamengo-ele-esta-disposto-a-abaixo-seu-salario\/#breadcrumb","itemListElement":[{"@type":"ListItem","position":1,"name":"Home","item":"https:\/\/www.gaveanews.com\/"},{"@type":"ListItem","position":2,"name":"Para jogar no Flamengo, ele est\u00e1 disposto a abaixar seu sal\u00e1rio"}]},{"@type":"WebSite","@id":"https:\/\/www.gaveanews.com\/#website","url":"https:\/\/www.gaveanews.com\/","name":"G\u00e1vea News","description":"Veja todas as not\u00edcias sobre o Flamengo: Contrata\u00e7\u00f5es, categorias de base, resultados das partidas, tabela de classifica\u00e7\u00e3o, pr\u00f3ximos jogos!","potentialAction":[{"@type":"SearchAction","target":{"@type":"EntryPoint","urlTemplate":"https:\/\/www.gaveanews.com\/?s={search_term_string}"},"query-input":{"@type":"PropertyValueSpecification","valueRequired":true,"valueName":"search_term_string"}}],"inLanguage":"pt-BR"},{"@type":"Person","@id":"https:\/\/www.gaveanews.com\/#\/schema\/person\/2ec14f73fb96be2caf28f91afb14749d","name":"Equipe G\u00e1vea News","image":{"@type":"ImageObject","inLanguage":"pt-BR","@id":"https:\/\/www.gaveanews.com\/#\/schema\/person\/image\/","url":"https:\/\/secure.gravatar.com\/avatar\/1e1956f1facbffd3f8fa53a326721950116b3b9dc9bd44939c01180fd4a745a9?s=96&d=mm&r=g","contentUrl":"https:\/\/secure.gravatar.com\/avatar\/1e1956f1facbffd3f8fa53a326721950116b3b9dc9bd44939c01180fd4a745a9?s=96&d=mm&r=g","caption":"Equipe G\u00e1vea News"}}]}},"_links":{"self":[{"href":"https:\/\/www.gaveanews.com\/index.php\/wp-json\/wp\/v2\/posts\/148473","targetHints":{"allow":["GET"]}}],"collection":[{"href":"https:\/\/www.gaveanews.com\/index.php\/wp-json\/wp\/v2\/posts"}],"about":[{"href":"https:\/\/www.gaveanews.com\/index.php\/wp-json\/wp\/v2\/types\/post"}],"author":[{"embeddable":true,"href":"https:\/\/www.gaveanews.com\/index.php\/wp-json\/wp\/v2\/users\/1"}],"replies":[{"embeddable":true,"href":"https:\/\/www.gaveanews.com\/index.php\/wp-json\/wp\/v2\/comments?post=148473"}],"version-history":[{"count":2,"href":"https:\/\/www.gaveanews.com\/index.php\/wp-json\/wp\/v2\/posts\/148473\/revisions"}],"predecessor-version":[{"id":148476,"href":"https:\/\/www.gaveanews.com\/index.php\/wp-json\/wp\/v2\/posts\/148473\/revisions\/148476"}],"wp:featuredmedia":[{"embeddable":true,"href":"https:\/\/www.gaveanews.com\/index.php\/wp-json\/wp\/v2\/media\/127549"}],"wp:attachment":[{"href":"https:\/\/www.gaveanews.com\/index.php\/wp-json\/wp\/v2\/media?parent=148473"}],"wp:term":[{"taxonomy":"category","embeddable":true,"href":"https:\/\/www.gaveanews.com\/index.php\/wp-json\/wp\/v2\/categories?post=148473"},{"taxonomy":"post_tag","embeddable":true,"href":"https:\/\/www.gaveanews.com\/index.php\/wp-json\/wp\/v2\/tags?post=148473"}],"curies":[{"name":"wp","href":"https:\/\/api.w.org\/{rel}","templated":true}]}}