{"id":148594,"date":"2024-06-19T23:48:10","date_gmt":"2024-06-20T02:48:10","guid":{"rendered":"https:\/\/www.gaveanews.com\/?p=148594"},"modified":"2024-06-19T23:48:12","modified_gmt":"2024-06-20T02:48:12","slug":"a-declaracao-de-carille-apos-a-vitoria-do-santos","status":"publish","type":"post","link":"https:\/\/www.gaveanews.com\/index.php\/2024\/06\/19\/a-declaracao-de-carille-apos-a-vitoria-do-santos\/","title":{"rendered":"A declara\u00e7\u00e3o de Carille ap\u00f3s a vit\u00f3ria do Santos"},"content":{"rendered":"\n<h2 class=\"wp-block-heading\" id=\"h-tecnico-falou-em-coletiva-sobre-as-taticas-aplicadas-em-campo\">T\u00e9cnico falou em coletiva sobre as t\u00e1ticas aplicadas em campo<\/h2>\n\n\n\n<p>O t\u00e9cnico do Santos reconheceu seus erros em decis\u00f5es recentes. Ele admitiu que deveria ter insistido mais na virada do Paulista, assumindo a responsabilidade. Destacou tamb\u00e9m que a S\u00e9rie B exige jogos de disputa e briga, e \u00e9 crucial entender isso. No jogo em Ponta Grossa, escalou Willian, mesmo sabendo que n\u00e3o era a melhor op\u00e7\u00e3o dispon\u00edvel.<\/p>\n\n\n\n<p>\u2014 <em>O erro se passa por a\u00ed, tinha que ser persistente e n\u00e3o fiz. \u00c9 entender que tem jogo em campo ruim em condi\u00e7\u00e3o de jogo que voc\u00ea precisa de um piv\u00f4 por mais tempo. S\u00e3o caracter\u00edsticas e eu s\u00f3 tinha o Willian para jogar (em Ponta Grossa). Era jogo para ele? N\u00e3o, mas era o que eu tinha. Temos que entender o que \u00e9 S\u00e9rie B, tem hora que \u00e9 jogo de disputa, de briga. Eu e o torcedor santista temos que entender isso.<\/em><\/p>\n\n\n\n<p>\u2014 <em>Eu tinha que ter insistido mais na virada do paulista e n\u00e3o fiz. O erro \u00e9 meu, foi um aprendizado. Agora, vai ter a janela. \u00c9 isso<\/em>, afirmou o t\u00e9cnico.<\/p>\n\n\n\n<p>Al\u00e9m disso, o comandante comentou sobre a press\u00e3o que afeta seus familiares e amigos durante momentos dif\u00edceis. Ele ressaltou a import\u00e2ncia de manter a calma e focar nos pr\u00f3ximos 27 jogos, com o objetivo de estar bem posicionado para a fase final.<\/p>\n\n\n\n<p>\u2014 <em>Nesses momentos, quem sofre mais \u00e9 fam\u00edlia e amigos. Essa \u00e9 a verdade. Todo mundo liga preocupado e voc\u00ea tenta n\u00e3o levar press\u00e3o para onde j\u00e1 tem mais press\u00e3o. Tentei dar uma prele\u00e7\u00e3o tranquila, estamos na parte de cima, tem muito o que acontecer. Faltam 27 jogos e o importante \u00e9 estarmos ali no bolo para, na fase final, arrancarmos<\/em>, comentou o t\u00e9cnico.<\/p>\n\n\n\n<h3 class=\"wp-block-heading\" id=\"h-sobre-o-elenco\">Sobre o elenco<\/h3>\n\n\n\n<p>Carille falou sobre a necessidade de ter mais jogadores no elenco para administrar melhor o grupo. Sobre o jogo contra o Botafogo, ele destacou a cria\u00e7\u00e3o de muitas chances e a import\u00e2ncia de ter um piv\u00f4, como Julio, para enfrentar defesas fechadas.<\/p>\n\n\n\n<p>\u2014 <em>Criamos muitas chances contra o Botafogo. Tivemos muitas bolas na trave, analisar o resultado e desempenho. Contra o Botafogo, criamos nos dois tempos contra uma defesa com linha de cinco. Hoje, tamb\u00e9m ficamos perto da \u00e1rea. Por isso, \u00e9 bom voc\u00ea ter um piv\u00f4 que briga pela bola a\u00e9rea que \u00e9 o caso do Julio, que nos d\u00e1 mais op\u00e7\u00f5es para enfrentar times t\u00e3o fechados assim<\/em>, disse F\u00e1bio.<\/p>\n\n\n\n<p>Ele reconheceu que chegar \u00e0 final do Paulist\u00e3o pode ter causado uma acomoda\u00e7\u00e3o. Agora, com a janela de transfer\u00eancias aberta, ele pretende corrigir os erros e continuar trabalhando para melhorar o desempenho da equipe.<\/p>\n\n\n\n<p>\u2014 <em>Hoje, analisando, chegar na final do Paulist\u00e3o n\u00e3o foi bom. Isso me acomodou, trouxe assuntos, conversei, persisti e n\u00e3o insisti. Preciso ter 40 jogadores e eu administrar o grupo do que fazer isso<\/em>, finalizou o t\u00e9cnico.<\/p>\n","protected":false},"excerpt":{"rendered":"<p>T\u00e9cnico falou em coletiva sobre as t\u00e1ticas aplicadas em campo O t\u00e9cnico do Santos reconheceu seus erros em decis\u00f5es recentes. Ele admitiu que deveria ter insistido mais na virada do Paulista, assumindo a responsabilidade. Destacou tamb\u00e9m que a S\u00e9rie B exige jogos de disputa e briga, e \u00e9 crucial entender isso. No jogo em Ponta [&hellip;]<\/p>\n","protected":false},"author":17,"featured_media":148602,"comment_status":"open","ping_status":"closed","sticky":false,"template":"","format":"standard","meta":{"footnotes":""},"categories":[139],"tags":[241,331,240],"class_list":["post-148594","post","type-post","status-publish","format-standard","has-post-thumbnail","hentry","category-santos","tag-carille","tag-fabio-carille-2","tag-santos"],"yoast_head":"<!-- This site is optimized with the Yoast SEO Premium plugin v24.2 (Yoast SEO v26.9) - https:\/\/yoast.com\/product\/yoast-seo-premium-wordpress\/ -->\n<title>A declara\u00e7\u00e3o de Carille ap\u00f3s a vit\u00f3ria do Santos<\/title>\n<meta name=\"robots\" content=\"index, follow, max-snippet:-1, max-image-preview:large, max-video-preview:-1\" \/>\n<link rel=\"canonical\" href=\"https:\/\/www.gaveanews.com\/index.php\/2024\/06\/19\/a-declaracao-de-carille-apos-a-vitoria-do-santos\/\" \/>\n<meta property=\"og:locale\" content=\"pt_BR\" \/>\n<meta property=\"og:type\" content=\"article\" \/>\n<meta property=\"og:title\" content=\"A declara\u00e7\u00e3o de Carille ap\u00f3s a vit\u00f3ria do Santos\" \/>\n<meta property=\"og:description\" content=\"T\u00e9cnico falou em coletiva sobre as t\u00e1ticas aplicadas em campo O t\u00e9cnico do Santos reconheceu seus erros em decis\u00f5es recentes. Ele admitiu que deveria ter insistido mais na virada do Paulista, assumindo a responsabilidade. Destacou tamb\u00e9m que a S\u00e9rie B exige jogos de disputa e briga, e \u00e9 crucial entender isso. No jogo em Ponta [&hellip;]\" \/>\n<meta property=\"og:url\" content=\"https:\/\/www.gaveanews.com\/index.php\/2024\/06\/19\/a-declaracao-de-carille-apos-a-vitoria-do-santos\/\" \/>\n<meta property=\"og:site_name\" content=\"G\u00e1vea News\" \/>\n<meta property=\"article:publisher\" content=\"https:\/\/facebook.com\/gaveaNews\/\" \/>\n<meta property=\"article:published_time\" content=\"2024-06-20T02:48:10+00:00\" \/>\n<meta property=\"article:modified_time\" content=\"2024-06-20T02:48:12+00:00\" \/>\n<meta property=\"og:image\" content=\"https:\/\/www.gaveanews.com\/wp-content\/uploads\/Carille-durante-uma-entrevista-coletiva-do-Santos.webp\" \/>\n\t<meta property=\"og:image:width\" content=\"1600\" \/>\n\t<meta property=\"og:image:height\" content=\"1280\" \/>\n\t<meta property=\"og:image:type\" content=\"image\/jpeg\" \/>\n<meta name=\"author\" content=\"Geovanna Thomaz\" \/>\n<meta name=\"twitter:card\" content=\"summary_large_image\" \/>\n<meta name=\"twitter:label1\" content=\"Escrito por\" \/>\n\t<meta name=\"twitter:data1\" content=\"Geovanna Thomaz\" \/>\n\t<meta name=\"twitter:label2\" content=\"Est. tempo de leitura\" \/>\n\t<meta name=\"twitter:data2\" content=\"3 minutos\" \/>\n<script type=\"application\/ld+json\" class=\"yoast-schema-graph\">{\"@context\":\"https:\/\/schema.org\",\"@graph\":[{\"@type\":\"NewsArticle\",\"@id\":\"https:\/\/www.gaveanews.com\/index.php\/2024\/06\/19\/a-declaracao-de-carille-apos-a-vitoria-do-santos\/#article\",\"isPartOf\":{\"@id\":\"https:\/\/www.gaveanews.com\/index.php\/2024\/06\/19\/a-declaracao-de-carille-apos-a-vitoria-do-santos\/\"},\"author\":{\"name\":\"Geovanna Thomaz\",\"@id\":\"https:\/\/www.gaveanews.com\/#\/schema\/person\/f42654babcd2b2014a1a65af82b081f1\"},\"headline\":\"A declara\u00e7\u00e3o de Carille ap\u00f3s a vit\u00f3ria do Santos\",\"datePublished\":\"2024-06-20T02:48:10+00:00\",\"dateModified\":\"2024-06-20T02:48:12+00:00\",\"mainEntityOfPage\":{\"@id\":\"https:\/\/www.gaveanews.com\/index.php\/2024\/06\/19\/a-declaracao-de-carille-apos-a-vitoria-do-santos\/\"},\"wordCount\":508,\"commentCount\":0,\"image\":{\"@id\":\"https:\/\/www.gaveanews.com\/index.php\/2024\/06\/19\/a-declaracao-de-carille-apos-a-vitoria-do-santos\/#primaryimage\"},\"thumbnailUrl\":\"https:\/\/www.gaveanews.com\/wp-content\/uploads\/Carille-durante-uma-entrevista-coletiva-do-Santos.webp\",\"keywords\":[\"Carille\",\"Fabio Carille\",\"Santos\"],\"articleSection\":[\"Santos\"],\"inLanguage\":\"pt-BR\",\"potentialAction\":[{\"@type\":\"CommentAction\",\"name\":\"Comment\",\"target\":[\"https:\/\/www.gaveanews.com\/index.php\/2024\/06\/19\/a-declaracao-de-carille-apos-a-vitoria-do-santos\/#respond\"]}],\"copyrightYear\":\"2024\",\"copyrightHolder\":{\"@id\":\"https:\/\/www.gaveanews.com\/#organization\"}},{\"@type\":\"WebPage\",\"@id\":\"https:\/\/www.gaveanews.com\/index.php\/2024\/06\/19\/a-declaracao-de-carille-apos-a-vitoria-do-santos\/\",\"url\":\"https:\/\/www.gaveanews.com\/index.php\/2024\/06\/19\/a-declaracao-de-carille-apos-a-vitoria-do-santos\/\",\"name\":\"A declara\u00e7\u00e3o de Carille ap\u00f3s a vit\u00f3ria do Santos\",\"isPartOf\":{\"@id\":\"https:\/\/www.gaveanews.com\/#website\"},\"primaryImageOfPage\":{\"@id\":\"https:\/\/www.gaveanews.com\/index.php\/2024\/06\/19\/a-declaracao-de-carille-apos-a-vitoria-do-santos\/#primaryimage\"},\"image\":{\"@id\":\"https:\/\/www.gaveanews.com\/index.php\/2024\/06\/19\/a-declaracao-de-carille-apos-a-vitoria-do-santos\/#primaryimage\"},\"thumbnailUrl\":\"https:\/\/www.gaveanews.com\/wp-content\/uploads\/Carille-durante-uma-entrevista-coletiva-do-Santos.webp\",\"datePublished\":\"2024-06-20T02:48:10+00:00\",\"dateModified\":\"2024-06-20T02:48:12+00:00\",\"author\":{\"@id\":\"https:\/\/www.gaveanews.com\/#\/schema\/person\/f42654babcd2b2014a1a65af82b081f1\"},\"breadcrumb\":{\"@id\":\"https:\/\/www.gaveanews.com\/index.php\/2024\/06\/19\/a-declaracao-de-carille-apos-a-vitoria-do-santos\/#breadcrumb\"},\"inLanguage\":\"pt-BR\",\"potentialAction\":[{\"@type\":\"ReadAction\",\"target\":[\"https:\/\/www.gaveanews.com\/index.php\/2024\/06\/19\/a-declaracao-de-carille-apos-a-vitoria-do-santos\/\"]}]},{\"@type\":\"ImageObject\",\"inLanguage\":\"pt-BR\",\"@id\":\"https:\/\/www.gaveanews.com\/index.php\/2024\/06\/19\/a-declaracao-de-carille-apos-a-vitoria-do-santos\/#primaryimage\",\"url\":\"https:\/\/www.gaveanews.com\/wp-content\/uploads\/Carille-durante-uma-entrevista-coletiva-do-Santos.webp\",\"contentUrl\":\"https:\/\/www.gaveanews.com\/wp-content\/uploads\/Carille-durante-uma-entrevista-coletiva-do-Santos.webp\",\"width\":1600,\"height\":1280,\"caption\":\"Carille durante uma entrevista coletiva do Santos (Foto: Reprodu\u00e7\u00e3o)\"},{\"@type\":\"BreadcrumbList\",\"@id\":\"https:\/\/www.gaveanews.com\/index.php\/2024\/06\/19\/a-declaracao-de-carille-apos-a-vitoria-do-santos\/#breadcrumb\",\"itemListElement\":[{\"@type\":\"ListItem\",\"position\":1,\"name\":\"Home\",\"item\":\"https:\/\/www.gaveanews.com\/\"},{\"@type\":\"ListItem\",\"position\":2,\"name\":\"A declara\u00e7\u00e3o de Carille ap\u00f3s a vit\u00f3ria do Santos\"}]},{\"@type\":\"WebSite\",\"@id\":\"https:\/\/www.gaveanews.com\/#website\",\"url\":\"https:\/\/www.gaveanews.com\/\",\"name\":\"G\u00e1vea News\",\"description\":\"Veja todas as not\u00edcias sobre o Flamengo: Contrata\u00e7\u00f5es, categorias de base, resultados das partidas, tabela de classifica\u00e7\u00e3o, pr\u00f3ximos jogos!\",\"potentialAction\":[{\"@type\":\"SearchAction\",\"target\":{\"@type\":\"EntryPoint\",\"urlTemplate\":\"https:\/\/www.gaveanews.com\/?s={search_term_string}\"},\"query-input\":{\"@type\":\"PropertyValueSpecification\",\"valueRequired\":true,\"valueName\":\"search_term_string\"}}],\"inLanguage\":\"pt-BR\"},{\"@type\":\"Person\",\"@id\":\"https:\/\/www.gaveanews.com\/#\/schema\/person\/f42654babcd2b2014a1a65af82b081f1\",\"name\":\"Geovanna Thomaz\",\"image\":{\"@type\":\"ImageObject\",\"inLanguage\":\"pt-BR\",\"@id\":\"https:\/\/www.gaveanews.com\/#\/schema\/person\/image\/\",\"url\":\"https:\/\/secure.gravatar.com\/avatar\/4092073255489533afb558984b49b64268c47198af8623cc82a925ae9fb7118a?s=96&d=mm&r=g\",\"contentUrl\":\"https:\/\/secure.gravatar.com\/avatar\/4092073255489533afb558984b49b64268c47198af8623cc82a925ae9fb7118a?s=96&d=mm&r=g\",\"caption\":\"Geovanna Thomaz\"}}]}<\/script>\n<!-- \/ Yoast SEO Premium plugin. -->","yoast_head_json":{"title":"A declara\u00e7\u00e3o de Carille ap\u00f3s a vit\u00f3ria do Santos","robots":{"index":"index","follow":"follow","max-snippet":"max-snippet:-1","max-image-preview":"max-image-preview:large","max-video-preview":"max-video-preview:-1"},"canonical":"https:\/\/www.gaveanews.com\/index.php\/2024\/06\/19\/a-declaracao-de-carille-apos-a-vitoria-do-santos\/","og_locale":"pt_BR","og_type":"article","og_title":"A declara\u00e7\u00e3o de Carille ap\u00f3s a vit\u00f3ria do Santos","og_description":"T\u00e9cnico falou em coletiva sobre as t\u00e1ticas aplicadas em campo O t\u00e9cnico do Santos reconheceu seus erros em decis\u00f5es recentes. Ele admitiu que deveria ter insistido mais na virada do Paulista, assumindo a responsabilidade. Destacou tamb\u00e9m que a S\u00e9rie B exige jogos de disputa e briga, e \u00e9 crucial entender isso. No jogo em Ponta [&hellip;]","og_url":"https:\/\/www.gaveanews.com\/index.php\/2024\/06\/19\/a-declaracao-de-carille-apos-a-vitoria-do-santos\/","og_site_name":"G\u00e1vea News","article_publisher":"https:\/\/facebook.com\/gaveaNews\/","article_published_time":"2024-06-20T02:48:10+00:00","article_modified_time":"2024-06-20T02:48:12+00:00","og_image":[{"width":1600,"height":1280,"url":"https:\/\/www.gaveanews.com\/wp-content\/uploads\/Carille-durante-uma-entrevista-coletiva-do-Santos.webp","type":"image\/jpeg"}],"author":"Geovanna Thomaz","twitter_card":"summary_large_image","twitter_misc":{"Escrito por":"Geovanna Thomaz","Est. tempo de leitura":"3 minutos"},"schema":{"@context":"https:\/\/schema.org","@graph":[{"@type":"NewsArticle","@id":"https:\/\/www.gaveanews.com\/index.php\/2024\/06\/19\/a-declaracao-de-carille-apos-a-vitoria-do-santos\/#article","isPartOf":{"@id":"https:\/\/www.gaveanews.com\/index.php\/2024\/06\/19\/a-declaracao-de-carille-apos-a-vitoria-do-santos\/"},"author":{"name":"Geovanna Thomaz","@id":"https:\/\/www.gaveanews.com\/#\/schema\/person\/f42654babcd2b2014a1a65af82b081f1"},"headline":"A declara\u00e7\u00e3o de Carille ap\u00f3s a vit\u00f3ria do Santos","datePublished":"2024-06-20T02:48:10+00:00","dateModified":"2024-06-20T02:48:12+00:00","mainEntityOfPage":{"@id":"https:\/\/www.gaveanews.com\/index.php\/2024\/06\/19\/a-declaracao-de-carille-apos-a-vitoria-do-santos\/"},"wordCount":508,"commentCount":0,"image":{"@id":"https:\/\/www.gaveanews.com\/index.php\/2024\/06\/19\/a-declaracao-de-carille-apos-a-vitoria-do-santos\/#primaryimage"},"thumbnailUrl":"https:\/\/www.gaveanews.com\/wp-content\/uploads\/Carille-durante-uma-entrevista-coletiva-do-Santos.webp","keywords":["Carille","Fabio Carille","Santos"],"articleSection":["Santos"],"inLanguage":"pt-BR","potentialAction":[{"@type":"CommentAction","name":"Comment","target":["https:\/\/www.gaveanews.com\/index.php\/2024\/06\/19\/a-declaracao-de-carille-apos-a-vitoria-do-santos\/#respond"]}],"copyrightYear":"2024","copyrightHolder":{"@id":"https:\/\/www.gaveanews.com\/#organization"}},{"@type":"WebPage","@id":"https:\/\/www.gaveanews.com\/index.php\/2024\/06\/19\/a-declaracao-de-carille-apos-a-vitoria-do-santos\/","url":"https:\/\/www.gaveanews.com\/index.php\/2024\/06\/19\/a-declaracao-de-carille-apos-a-vitoria-do-santos\/","name":"A declara\u00e7\u00e3o de Carille ap\u00f3s a vit\u00f3ria do Santos","isPartOf":{"@id":"https:\/\/www.gaveanews.com\/#website"},"primaryImageOfPage":{"@id":"https:\/\/www.gaveanews.com\/index.php\/2024\/06\/19\/a-declaracao-de-carille-apos-a-vitoria-do-santos\/#primaryimage"},"image":{"@id":"https:\/\/www.gaveanews.com\/index.php\/2024\/06\/19\/a-declaracao-de-carille-apos-a-vitoria-do-santos\/#primaryimage"},"thumbnailUrl":"https:\/\/www.gaveanews.com\/wp-content\/uploads\/Carille-durante-uma-entrevista-coletiva-do-Santos.webp","datePublished":"2024-06-20T02:48:10+00:00","dateModified":"2024-06-20T02:48:12+00:00","author":{"@id":"https:\/\/www.gaveanews.com\/#\/schema\/person\/f42654babcd2b2014a1a65af82b081f1"},"breadcrumb":{"@id":"https:\/\/www.gaveanews.com\/index.php\/2024\/06\/19\/a-declaracao-de-carille-apos-a-vitoria-do-santos\/#breadcrumb"},"inLanguage":"pt-BR","potentialAction":[{"@type":"ReadAction","target":["https:\/\/www.gaveanews.com\/index.php\/2024\/06\/19\/a-declaracao-de-carille-apos-a-vitoria-do-santos\/"]}]},{"@type":"ImageObject","inLanguage":"pt-BR","@id":"https:\/\/www.gaveanews.com\/index.php\/2024\/06\/19\/a-declaracao-de-carille-apos-a-vitoria-do-santos\/#primaryimage","url":"https:\/\/www.gaveanews.com\/wp-content\/uploads\/Carille-durante-uma-entrevista-coletiva-do-Santos.webp","contentUrl":"https:\/\/www.gaveanews.com\/wp-content\/uploads\/Carille-durante-uma-entrevista-coletiva-do-Santos.webp","width":1600,"height":1280,"caption":"Carille durante uma entrevista coletiva do Santos (Foto: Reprodu\u00e7\u00e3o)"},{"@type":"BreadcrumbList","@id":"https:\/\/www.gaveanews.com\/index.php\/2024\/06\/19\/a-declaracao-de-carille-apos-a-vitoria-do-santos\/#breadcrumb","itemListElement":[{"@type":"ListItem","position":1,"name":"Home","item":"https:\/\/www.gaveanews.com\/"},{"@type":"ListItem","position":2,"name":"A declara\u00e7\u00e3o de Carille ap\u00f3s a vit\u00f3ria do Santos"}]},{"@type":"WebSite","@id":"https:\/\/www.gaveanews.com\/#website","url":"https:\/\/www.gaveanews.com\/","name":"G\u00e1vea News","description":"Veja todas as not\u00edcias sobre o Flamengo: Contrata\u00e7\u00f5es, categorias de base, resultados das partidas, tabela de classifica\u00e7\u00e3o, pr\u00f3ximos jogos!","potentialAction":[{"@type":"SearchAction","target":{"@type":"EntryPoint","urlTemplate":"https:\/\/www.gaveanews.com\/?s={search_term_string}"},"query-input":{"@type":"PropertyValueSpecification","valueRequired":true,"valueName":"search_term_string"}}],"inLanguage":"pt-BR"},{"@type":"Person","@id":"https:\/\/www.gaveanews.com\/#\/schema\/person\/f42654babcd2b2014a1a65af82b081f1","name":"Geovanna Thomaz","image":{"@type":"ImageObject","inLanguage":"pt-BR","@id":"https:\/\/www.gaveanews.com\/#\/schema\/person\/image\/","url":"https:\/\/secure.gravatar.com\/avatar\/4092073255489533afb558984b49b64268c47198af8623cc82a925ae9fb7118a?s=96&d=mm&r=g","contentUrl":"https:\/\/secure.gravatar.com\/avatar\/4092073255489533afb558984b49b64268c47198af8623cc82a925ae9fb7118a?s=96&d=mm&r=g","caption":"Geovanna Thomaz"}}]}},"_links":{"self":[{"href":"https:\/\/www.gaveanews.com\/index.php\/wp-json\/wp\/v2\/posts\/148594","targetHints":{"allow":["GET"]}}],"collection":[{"href":"https:\/\/www.gaveanews.com\/index.php\/wp-json\/wp\/v2\/posts"}],"about":[{"href":"https:\/\/www.gaveanews.com\/index.php\/wp-json\/wp\/v2\/types\/post"}],"author":[{"embeddable":true,"href":"https:\/\/www.gaveanews.com\/index.php\/wp-json\/wp\/v2\/users\/17"}],"replies":[{"embeddable":true,"href":"https:\/\/www.gaveanews.com\/index.php\/wp-json\/wp\/v2\/comments?post=148594"}],"version-history":[{"count":2,"href":"https:\/\/www.gaveanews.com\/index.php\/wp-json\/wp\/v2\/posts\/148594\/revisions"}],"predecessor-version":[{"id":148609,"href":"https:\/\/www.gaveanews.com\/index.php\/wp-json\/wp\/v2\/posts\/148594\/revisions\/148609"}],"wp:featuredmedia":[{"embeddable":true,"href":"https:\/\/www.gaveanews.com\/index.php\/wp-json\/wp\/v2\/media\/148602"}],"wp:attachment":[{"href":"https:\/\/www.gaveanews.com\/index.php\/wp-json\/wp\/v2\/media?parent=148594"}],"wp:term":[{"taxonomy":"category","embeddable":true,"href":"https:\/\/www.gaveanews.com\/index.php\/wp-json\/wp\/v2\/categories?post=148594"},{"taxonomy":"post_tag","embeddable":true,"href":"https:\/\/www.gaveanews.com\/index.php\/wp-json\/wp\/v2\/tags?post=148594"}],"curies":[{"name":"wp","href":"https:\/\/api.w.org\/{rel}","templated":true}]}}