{"id":148598,"date":"2024-06-19T23:47:14","date_gmt":"2024-06-20T02:47:14","guid":{"rendered":"https:\/\/www.gaveanews.com\/?p=148598"},"modified":"2024-06-19T23:47:16","modified_gmt":"2024-06-20T02:47:16","slug":"a-declaracao-de-calleri-apos-a-derrota-do-sao-paulo","status":"publish","type":"post","link":"https:\/\/www.gaveanews.com\/index.php\/2024\/06\/19\/a-declaracao-de-calleri-apos-a-derrota-do-sao-paulo\/","title":{"rendered":"A declara\u00e7\u00e3o de Calleri ap\u00f3s a derrota do S\u00e3o Paulo"},"content":{"rendered":"\n<h2 class=\"wp-block-heading\" id=\"h-capitao-da-equipe-afirma-que-o-time-fez-um-partida-abaixo-do-esperado\">Capit\u00e3o da equipe afirma que o time fez um partida abaixo do esperado<\/h2>\n\n\n\n<p>O S\u00e3o Paulo conheceu sua primeira derrota na era Zubeldia. A invencibilidade de 12 jogos sob o comando do novo t\u00e9cnico, acabou contra o Cuiab\u00e1, no Morumbis, nesta quarta-feira (19). Os donos da casa perderam por 1 a 0 e o capit\u00e3o Jonathan Calleri n\u00e3o buscou justificativa para a m\u00e1 atua\u00e7\u00e3o da equipe nesta partida. <\/p>\n\n\n\n<p>A equipe saiu diante de vaias de sua torcida, caso vencesse, o Tricolor retornaria ao G-4 do Campeonato Brasileiro.<\/p>\n\n\n\n<p>\u2014 <em>Acho que s\u00e3o v\u00e1lidas (as vaias), a gente n\u00e3o jogou bem outra vez. Temos que fazer um pouco mais dentro de casa, no Morumbis. Temos que ganhar, temos fome e gana de brigar pelo Brasileir\u00e3o<\/em>, afirmou o camisa 9.<\/p>\n\n\n\n<p>O argentino ainda cobrou seus companheiros de equipe, afirmando que todos devem fazer uma autocr\u00edtica e ver onde pode melhorar para ajudar a equipe.<\/p>\n\n\n\n<p>\u2014 <em>Foi uma partida muito abaixo de todo mundo, temos que melhorar, falar entre n\u00f3s, e n\u00e3o tem desculpa, hoje n\u00e3o foi o que a gente trabalhou, temos que fazer uma &#8216;mea culpa&#8217; para dentro para ver no que pode melhorar. Est\u00e1vamos havia 13 jogos invictos, mas hoje n\u00e3o foi a imagem que a torcida vem vendo nos \u00faltimos jogos<\/em>, comentou Calleri.<\/p>\n\n\n\n<p>Zubeld\u00eda come\u00e7ou com Galoppo, Michel Ara\u00fajo e Wellington Rato nas vagas de Luiz Gustavo, Lucas e Rodrigo Nestor, que entraram na segunda etapa do jogo em casa.<\/p>\n\n\n\n<p>O Tricolor volta a campo no s\u00e1bado (22), contra o Vasco, em S\u00e3o Janu\u00e1rio, pelo Campeonato Brasileiro.<\/p>\n","protected":false},"excerpt":{"rendered":"<p>Capit\u00e3o da equipe afirma que o time fez um partida abaixo do esperado O S\u00e3o Paulo conheceu sua primeira derrota na era Zubeldia. A invencibilidade de 12 jogos sob o comando do novo t\u00e9cnico, acabou contra o Cuiab\u00e1, no Morumbis, nesta quarta-feira (19). Os donos da casa perderam por 1 a 0 e o capit\u00e3o [&hellip;]<\/p>\n","protected":false},"author":17,"featured_media":148324,"comment_status":"open","ping_status":"closed","sticky":false,"template":"","format":"standard","meta":{"footnotes":""},"categories":[151],"tags":[292,313,236],"class_list":["post-148598","post","type-post","status-publish","format-standard","has-post-thumbnail","hentry","category-sao-paulo","tag-calleri","tag-jonathan-calleri","tag-sao-paulo"],"yoast_head":"<!-- This site is optimized with the Yoast SEO Premium plugin v24.2 (Yoast SEO v26.9) - https:\/\/yoast.com\/product\/yoast-seo-premium-wordpress\/ -->\n<title>A declara\u00e7\u00e3o de Calleri ap\u00f3s a derrota do S\u00e3o Paulo<\/title>\n<meta name=\"robots\" content=\"index, follow, max-snippet:-1, max-image-preview:large, max-video-preview:-1\" \/>\n<link rel=\"canonical\" href=\"https:\/\/www.gaveanews.com\/index.php\/2024\/06\/19\/a-declaracao-de-calleri-apos-a-derrota-do-sao-paulo\/\" \/>\n<meta property=\"og:locale\" content=\"pt_BR\" \/>\n<meta property=\"og:type\" content=\"article\" \/>\n<meta property=\"og:title\" content=\"A declara\u00e7\u00e3o de Calleri ap\u00f3s a derrota do S\u00e3o Paulo\" \/>\n<meta property=\"og:description\" content=\"Capit\u00e3o da equipe afirma que o time fez um partida abaixo do esperado O S\u00e3o Paulo conheceu sua primeira derrota na era Zubeldia. A invencibilidade de 12 jogos sob o comando do novo t\u00e9cnico, acabou contra o Cuiab\u00e1, no Morumbis, nesta quarta-feira (19). Os donos da casa perderam por 1 a 0 e o capit\u00e3o [&hellip;]\" \/>\n<meta property=\"og:url\" content=\"https:\/\/www.gaveanews.com\/index.php\/2024\/06\/19\/a-declaracao-de-calleri-apos-a-derrota-do-sao-paulo\/\" \/>\n<meta property=\"og:site_name\" content=\"G\u00e1vea News\" \/>\n<meta property=\"article:publisher\" content=\"https:\/\/facebook.com\/gaveaNews\/\" \/>\n<meta property=\"article:published_time\" content=\"2024-06-20T02:47:14+00:00\" \/>\n<meta property=\"article:modified_time\" content=\"2024-06-20T02:47:16+00:00\" \/>\n<meta property=\"og:image\" content=\"https:\/\/www.gaveanews.com\/wp-content\/uploads\/Jonathan-Calleri-em-acao-pelo-Sao-Paulo.webp\" \/>\n\t<meta property=\"og:image:width\" content=\"1080\" \/>\n\t<meta property=\"og:image:height\" content=\"1346\" \/>\n\t<meta property=\"og:image:type\" content=\"image\/jpeg\" \/>\n<meta name=\"author\" content=\"Geovanna Thomaz\" \/>\n<meta name=\"twitter:card\" content=\"summary_large_image\" \/>\n<meta name=\"twitter:label1\" content=\"Escrito por\" \/>\n\t<meta name=\"twitter:data1\" content=\"Geovanna Thomaz\" \/>\n\t<meta name=\"twitter:label2\" content=\"Est. tempo de leitura\" \/>\n\t<meta name=\"twitter:data2\" content=\"2 minutos\" \/>\n<script type=\"application\/ld+json\" class=\"yoast-schema-graph\">{\"@context\":\"https:\/\/schema.org\",\"@graph\":[{\"@type\":\"NewsArticle\",\"@id\":\"https:\/\/www.gaveanews.com\/index.php\/2024\/06\/19\/a-declaracao-de-calleri-apos-a-derrota-do-sao-paulo\/#article\",\"isPartOf\":{\"@id\":\"https:\/\/www.gaveanews.com\/index.php\/2024\/06\/19\/a-declaracao-de-calleri-apos-a-derrota-do-sao-paulo\/\"},\"author\":{\"name\":\"Geovanna Thomaz\",\"@id\":\"https:\/\/www.gaveanews.com\/#\/schema\/person\/f42654babcd2b2014a1a65af82b081f1\"},\"headline\":\"A declara\u00e7\u00e3o de Calleri ap\u00f3s a derrota do S\u00e3o Paulo\",\"datePublished\":\"2024-06-20T02:47:14+00:00\",\"dateModified\":\"2024-06-20T02:47:16+00:00\",\"mainEntityOfPage\":{\"@id\":\"https:\/\/www.gaveanews.com\/index.php\/2024\/06\/19\/a-declaracao-de-calleri-apos-a-derrota-do-sao-paulo\/\"},\"wordCount\":283,\"commentCount\":0,\"image\":{\"@id\":\"https:\/\/www.gaveanews.com\/index.php\/2024\/06\/19\/a-declaracao-de-calleri-apos-a-derrota-do-sao-paulo\/#primaryimage\"},\"thumbnailUrl\":\"https:\/\/www.gaveanews.com\/wp-content\/uploads\/Jonathan-Calleri-em-acao-pelo-Sao-Paulo.webp\",\"keywords\":[\"Calleri\",\"Jonathan Calleri\",\"S\u00e3o Paulo\"],\"articleSection\":[\"S\u00e3o Paulo\"],\"inLanguage\":\"pt-BR\",\"potentialAction\":[{\"@type\":\"CommentAction\",\"name\":\"Comment\",\"target\":[\"https:\/\/www.gaveanews.com\/index.php\/2024\/06\/19\/a-declaracao-de-calleri-apos-a-derrota-do-sao-paulo\/#respond\"]}],\"copyrightYear\":\"2024\",\"copyrightHolder\":{\"@id\":\"https:\/\/www.gaveanews.com\/#organization\"}},{\"@type\":\"WebPage\",\"@id\":\"https:\/\/www.gaveanews.com\/index.php\/2024\/06\/19\/a-declaracao-de-calleri-apos-a-derrota-do-sao-paulo\/\",\"url\":\"https:\/\/www.gaveanews.com\/index.php\/2024\/06\/19\/a-declaracao-de-calleri-apos-a-derrota-do-sao-paulo\/\",\"name\":\"A declara\u00e7\u00e3o de Calleri ap\u00f3s a derrota do S\u00e3o Paulo\",\"isPartOf\":{\"@id\":\"https:\/\/www.gaveanews.com\/#website\"},\"primaryImageOfPage\":{\"@id\":\"https:\/\/www.gaveanews.com\/index.php\/2024\/06\/19\/a-declaracao-de-calleri-apos-a-derrota-do-sao-paulo\/#primaryimage\"},\"image\":{\"@id\":\"https:\/\/www.gaveanews.com\/index.php\/2024\/06\/19\/a-declaracao-de-calleri-apos-a-derrota-do-sao-paulo\/#primaryimage\"},\"thumbnailUrl\":\"https:\/\/www.gaveanews.com\/wp-content\/uploads\/Jonathan-Calleri-em-acao-pelo-Sao-Paulo.webp\",\"datePublished\":\"2024-06-20T02:47:14+00:00\",\"dateModified\":\"2024-06-20T02:47:16+00:00\",\"author\":{\"@id\":\"https:\/\/www.gaveanews.com\/#\/schema\/person\/f42654babcd2b2014a1a65af82b081f1\"},\"breadcrumb\":{\"@id\":\"https:\/\/www.gaveanews.com\/index.php\/2024\/06\/19\/a-declaracao-de-calleri-apos-a-derrota-do-sao-paulo\/#breadcrumb\"},\"inLanguage\":\"pt-BR\",\"potentialAction\":[{\"@type\":\"ReadAction\",\"target\":[\"https:\/\/www.gaveanews.com\/index.php\/2024\/06\/19\/a-declaracao-de-calleri-apos-a-derrota-do-sao-paulo\/\"]}]},{\"@type\":\"ImageObject\",\"inLanguage\":\"pt-BR\",\"@id\":\"https:\/\/www.gaveanews.com\/index.php\/2024\/06\/19\/a-declaracao-de-calleri-apos-a-derrota-do-sao-paulo\/#primaryimage\",\"url\":\"https:\/\/www.gaveanews.com\/wp-content\/uploads\/Jonathan-Calleri-em-acao-pelo-Sao-Paulo.webp\",\"contentUrl\":\"https:\/\/www.gaveanews.com\/wp-content\/uploads\/Jonathan-Calleri-em-acao-pelo-Sao-Paulo.webp\",\"width\":1080,\"height\":1346,\"caption\":\"Jonathan Calleri em a\u00e7\u00e3o pelo S\u00e3o Paulo (Foto: Reprodu\u00e7\u00e3o\/Instagram)\"},{\"@type\":\"BreadcrumbList\",\"@id\":\"https:\/\/www.gaveanews.com\/index.php\/2024\/06\/19\/a-declaracao-de-calleri-apos-a-derrota-do-sao-paulo\/#breadcrumb\",\"itemListElement\":[{\"@type\":\"ListItem\",\"position\":1,\"name\":\"Home\",\"item\":\"https:\/\/www.gaveanews.com\/\"},{\"@type\":\"ListItem\",\"position\":2,\"name\":\"A declara\u00e7\u00e3o de Calleri ap\u00f3s a derrota do S\u00e3o Paulo\"}]},{\"@type\":\"WebSite\",\"@id\":\"https:\/\/www.gaveanews.com\/#website\",\"url\":\"https:\/\/www.gaveanews.com\/\",\"name\":\"G\u00e1vea News\",\"description\":\"Veja todas as not\u00edcias sobre o Flamengo: Contrata\u00e7\u00f5es, categorias de base, resultados das partidas, tabela de classifica\u00e7\u00e3o, pr\u00f3ximos jogos!\",\"potentialAction\":[{\"@type\":\"SearchAction\",\"target\":{\"@type\":\"EntryPoint\",\"urlTemplate\":\"https:\/\/www.gaveanews.com\/?s={search_term_string}\"},\"query-input\":{\"@type\":\"PropertyValueSpecification\",\"valueRequired\":true,\"valueName\":\"search_term_string\"}}],\"inLanguage\":\"pt-BR\"},{\"@type\":\"Person\",\"@id\":\"https:\/\/www.gaveanews.com\/#\/schema\/person\/f42654babcd2b2014a1a65af82b081f1\",\"name\":\"Geovanna Thomaz\",\"image\":{\"@type\":\"ImageObject\",\"inLanguage\":\"pt-BR\",\"@id\":\"https:\/\/www.gaveanews.com\/#\/schema\/person\/image\/\",\"url\":\"https:\/\/secure.gravatar.com\/avatar\/4092073255489533afb558984b49b64268c47198af8623cc82a925ae9fb7118a?s=96&d=mm&r=g\",\"contentUrl\":\"https:\/\/secure.gravatar.com\/avatar\/4092073255489533afb558984b49b64268c47198af8623cc82a925ae9fb7118a?s=96&d=mm&r=g\",\"caption\":\"Geovanna Thomaz\"}}]}<\/script>\n<!-- \/ Yoast SEO Premium plugin. -->","yoast_head_json":{"title":"A declara\u00e7\u00e3o de Calleri ap\u00f3s a derrota do S\u00e3o Paulo","robots":{"index":"index","follow":"follow","max-snippet":"max-snippet:-1","max-image-preview":"max-image-preview:large","max-video-preview":"max-video-preview:-1"},"canonical":"https:\/\/www.gaveanews.com\/index.php\/2024\/06\/19\/a-declaracao-de-calleri-apos-a-derrota-do-sao-paulo\/","og_locale":"pt_BR","og_type":"article","og_title":"A declara\u00e7\u00e3o de Calleri ap\u00f3s a derrota do S\u00e3o Paulo","og_description":"Capit\u00e3o da equipe afirma que o time fez um partida abaixo do esperado O S\u00e3o Paulo conheceu sua primeira derrota na era Zubeldia. A invencibilidade de 12 jogos sob o comando do novo t\u00e9cnico, acabou contra o Cuiab\u00e1, no Morumbis, nesta quarta-feira (19). Os donos da casa perderam por 1 a 0 e o capit\u00e3o [&hellip;]","og_url":"https:\/\/www.gaveanews.com\/index.php\/2024\/06\/19\/a-declaracao-de-calleri-apos-a-derrota-do-sao-paulo\/","og_site_name":"G\u00e1vea News","article_publisher":"https:\/\/facebook.com\/gaveaNews\/","article_published_time":"2024-06-20T02:47:14+00:00","article_modified_time":"2024-06-20T02:47:16+00:00","og_image":[{"width":1080,"height":1346,"url":"https:\/\/www.gaveanews.com\/wp-content\/uploads\/Jonathan-Calleri-em-acao-pelo-Sao-Paulo.webp","type":"image\/jpeg"}],"author":"Geovanna Thomaz","twitter_card":"summary_large_image","twitter_misc":{"Escrito por":"Geovanna Thomaz","Est. tempo de leitura":"2 minutos"},"schema":{"@context":"https:\/\/schema.org","@graph":[{"@type":"NewsArticle","@id":"https:\/\/www.gaveanews.com\/index.php\/2024\/06\/19\/a-declaracao-de-calleri-apos-a-derrota-do-sao-paulo\/#article","isPartOf":{"@id":"https:\/\/www.gaveanews.com\/index.php\/2024\/06\/19\/a-declaracao-de-calleri-apos-a-derrota-do-sao-paulo\/"},"author":{"name":"Geovanna Thomaz","@id":"https:\/\/www.gaveanews.com\/#\/schema\/person\/f42654babcd2b2014a1a65af82b081f1"},"headline":"A declara\u00e7\u00e3o de Calleri ap\u00f3s a derrota do S\u00e3o Paulo","datePublished":"2024-06-20T02:47:14+00:00","dateModified":"2024-06-20T02:47:16+00:00","mainEntityOfPage":{"@id":"https:\/\/www.gaveanews.com\/index.php\/2024\/06\/19\/a-declaracao-de-calleri-apos-a-derrota-do-sao-paulo\/"},"wordCount":283,"commentCount":0,"image":{"@id":"https:\/\/www.gaveanews.com\/index.php\/2024\/06\/19\/a-declaracao-de-calleri-apos-a-derrota-do-sao-paulo\/#primaryimage"},"thumbnailUrl":"https:\/\/www.gaveanews.com\/wp-content\/uploads\/Jonathan-Calleri-em-acao-pelo-Sao-Paulo.webp","keywords":["Calleri","Jonathan Calleri","S\u00e3o Paulo"],"articleSection":["S\u00e3o Paulo"],"inLanguage":"pt-BR","potentialAction":[{"@type":"CommentAction","name":"Comment","target":["https:\/\/www.gaveanews.com\/index.php\/2024\/06\/19\/a-declaracao-de-calleri-apos-a-derrota-do-sao-paulo\/#respond"]}],"copyrightYear":"2024","copyrightHolder":{"@id":"https:\/\/www.gaveanews.com\/#organization"}},{"@type":"WebPage","@id":"https:\/\/www.gaveanews.com\/index.php\/2024\/06\/19\/a-declaracao-de-calleri-apos-a-derrota-do-sao-paulo\/","url":"https:\/\/www.gaveanews.com\/index.php\/2024\/06\/19\/a-declaracao-de-calleri-apos-a-derrota-do-sao-paulo\/","name":"A declara\u00e7\u00e3o de Calleri ap\u00f3s a derrota do S\u00e3o Paulo","isPartOf":{"@id":"https:\/\/www.gaveanews.com\/#website"},"primaryImageOfPage":{"@id":"https:\/\/www.gaveanews.com\/index.php\/2024\/06\/19\/a-declaracao-de-calleri-apos-a-derrota-do-sao-paulo\/#primaryimage"},"image":{"@id":"https:\/\/www.gaveanews.com\/index.php\/2024\/06\/19\/a-declaracao-de-calleri-apos-a-derrota-do-sao-paulo\/#primaryimage"},"thumbnailUrl":"https:\/\/www.gaveanews.com\/wp-content\/uploads\/Jonathan-Calleri-em-acao-pelo-Sao-Paulo.webp","datePublished":"2024-06-20T02:47:14+00:00","dateModified":"2024-06-20T02:47:16+00:00","author":{"@id":"https:\/\/www.gaveanews.com\/#\/schema\/person\/f42654babcd2b2014a1a65af82b081f1"},"breadcrumb":{"@id":"https:\/\/www.gaveanews.com\/index.php\/2024\/06\/19\/a-declaracao-de-calleri-apos-a-derrota-do-sao-paulo\/#breadcrumb"},"inLanguage":"pt-BR","potentialAction":[{"@type":"ReadAction","target":["https:\/\/www.gaveanews.com\/index.php\/2024\/06\/19\/a-declaracao-de-calleri-apos-a-derrota-do-sao-paulo\/"]}]},{"@type":"ImageObject","inLanguage":"pt-BR","@id":"https:\/\/www.gaveanews.com\/index.php\/2024\/06\/19\/a-declaracao-de-calleri-apos-a-derrota-do-sao-paulo\/#primaryimage","url":"https:\/\/www.gaveanews.com\/wp-content\/uploads\/Jonathan-Calleri-em-acao-pelo-Sao-Paulo.webp","contentUrl":"https:\/\/www.gaveanews.com\/wp-content\/uploads\/Jonathan-Calleri-em-acao-pelo-Sao-Paulo.webp","width":1080,"height":1346,"caption":"Jonathan Calleri em a\u00e7\u00e3o pelo S\u00e3o Paulo (Foto: Reprodu\u00e7\u00e3o\/Instagram)"},{"@type":"BreadcrumbList","@id":"https:\/\/www.gaveanews.com\/index.php\/2024\/06\/19\/a-declaracao-de-calleri-apos-a-derrota-do-sao-paulo\/#breadcrumb","itemListElement":[{"@type":"ListItem","position":1,"name":"Home","item":"https:\/\/www.gaveanews.com\/"},{"@type":"ListItem","position":2,"name":"A declara\u00e7\u00e3o de Calleri ap\u00f3s a derrota do S\u00e3o Paulo"}]},{"@type":"WebSite","@id":"https:\/\/www.gaveanews.com\/#website","url":"https:\/\/www.gaveanews.com\/","name":"G\u00e1vea News","description":"Veja todas as not\u00edcias sobre o Flamengo: Contrata\u00e7\u00f5es, categorias de base, resultados das partidas, tabela de classifica\u00e7\u00e3o, pr\u00f3ximos jogos!","potentialAction":[{"@type":"SearchAction","target":{"@type":"EntryPoint","urlTemplate":"https:\/\/www.gaveanews.com\/?s={search_term_string}"},"query-input":{"@type":"PropertyValueSpecification","valueRequired":true,"valueName":"search_term_string"}}],"inLanguage":"pt-BR"},{"@type":"Person","@id":"https:\/\/www.gaveanews.com\/#\/schema\/person\/f42654babcd2b2014a1a65af82b081f1","name":"Geovanna Thomaz","image":{"@type":"ImageObject","inLanguage":"pt-BR","@id":"https:\/\/www.gaveanews.com\/#\/schema\/person\/image\/","url":"https:\/\/secure.gravatar.com\/avatar\/4092073255489533afb558984b49b64268c47198af8623cc82a925ae9fb7118a?s=96&d=mm&r=g","contentUrl":"https:\/\/secure.gravatar.com\/avatar\/4092073255489533afb558984b49b64268c47198af8623cc82a925ae9fb7118a?s=96&d=mm&r=g","caption":"Geovanna Thomaz"}}]}},"_links":{"self":[{"href":"https:\/\/www.gaveanews.com\/index.php\/wp-json\/wp\/v2\/posts\/148598","targetHints":{"allow":["GET"]}}],"collection":[{"href":"https:\/\/www.gaveanews.com\/index.php\/wp-json\/wp\/v2\/posts"}],"about":[{"href":"https:\/\/www.gaveanews.com\/index.php\/wp-json\/wp\/v2\/types\/post"}],"author":[{"embeddable":true,"href":"https:\/\/www.gaveanews.com\/index.php\/wp-json\/wp\/v2\/users\/17"}],"replies":[{"embeddable":true,"href":"https:\/\/www.gaveanews.com\/index.php\/wp-json\/wp\/v2\/comments?post=148598"}],"version-history":[{"count":2,"href":"https:\/\/www.gaveanews.com\/index.php\/wp-json\/wp\/v2\/posts\/148598\/revisions"}],"predecessor-version":[{"id":148607,"href":"https:\/\/www.gaveanews.com\/index.php\/wp-json\/wp\/v2\/posts\/148598\/revisions\/148607"}],"wp:featuredmedia":[{"embeddable":true,"href":"https:\/\/www.gaveanews.com\/index.php\/wp-json\/wp\/v2\/media\/148324"}],"wp:attachment":[{"href":"https:\/\/www.gaveanews.com\/index.php\/wp-json\/wp\/v2\/media?parent=148598"}],"wp:term":[{"taxonomy":"category","embeddable":true,"href":"https:\/\/www.gaveanews.com\/index.php\/wp-json\/wp\/v2\/categories?post=148598"},{"taxonomy":"post_tag","embeddable":true,"href":"https:\/\/www.gaveanews.com\/index.php\/wp-json\/wp\/v2\/tags?post=148598"}],"curies":[{"name":"wp","href":"https:\/\/api.w.org\/{rel}","templated":true}]}}