{"id":148604,"date":"2024-06-20T01:14:17","date_gmt":"2024-06-20T04:14:17","guid":{"rendered":"https:\/\/www.gaveanews.com\/?p=148604"},"modified":"2024-06-20T01:14:19","modified_gmt":"2024-06-20T04:14:19","slug":"a-declaracao-de-zubeldia-apos-a-sua-primeira-derrota-no-comando-do-sao-paulo","status":"publish","type":"post","link":"https:\/\/www.gaveanews.com\/index.php\/2024\/06\/20\/a-declaracao-de-zubeldia-apos-a-sua-primeira-derrota-no-comando-do-sao-paulo\/","title":{"rendered":"A declara\u00e7\u00e3o de Zubeldia ap\u00f3s a sua primeira derrota no comando do S\u00e3o Paulo"},"content":{"rendered":"\n<h2 class=\"wp-block-heading\" id=\"h-o-tecnico-conheceu-sua-primeira-derrota-apos-o-assumir-o-comando-do-sao-paulo\">O t\u00e9cnico conheceu sua primeira derrota ap\u00f3s o assumir o comando do S\u00e3o Paulo<\/h2>\n\n\n\n<p>Luis Zubeldia conheceu sua primeira derrota na noite desta quarta-feira (19), no Morumbis, onde perdeu para o Cuiab\u00e1 por 1 a 0. <\/p>\n\n\n\n<p>O t\u00e9cnico do Tricolor foi sincero ao fazer sua avalia\u00e7\u00e3o sobre a partida, sua invencibilidade durou 12 jogos, desde a sua chegada. Sem procurar justificativas, Zubeldia afirma que o S\u00e3o Paulo jogou mal em casa e deu espa\u00e7o para o rival vencer. <\/p>\n\n\n\n<p>\u2014 <em>Hoje jogamos mal. Em alguns momentos do segundo tempo tivemos iniciativa, mas fizemos uma m\u00e1 partida. O rival se sentiu c\u00f4modo. E quando isso acontece, provavelmente vamos perder, como aconteceu. Tivemos um rendimento abaixo, todos. Abaixo do esperado. E n\u00e3o ficamos c\u00f4modos na partida. Temos de assumir que o rival foi melhor<\/em>, disse o treinador.<\/p>\n\n\n\n<p>O t\u00e9cnico ficou surpreso com a derrota, Zubeldia ressaltou que o rival se sentiu confort\u00e1vel e sua equipe n\u00e3o encontrou sua maneira de jogar, apresentando um rendimento abaixo do esperado. Ele afirmou que a equipe deve se preparar para o pr\u00f3ximo jogo, sem tempo para celebra\u00e7\u00f5es ou dramatiza\u00e7\u00f5es.<\/p>\n\n\n\n<p>\u2014 <em>\u00c9 inesperado, porque as \u00faltimas partidas foram muito disputadas. Tanto no Inter quanto contra o Corinthians. Hoje n\u00e3o aconteceu nada disso. O rival se sentiu c\u00f4modo. N\u00e3o conseguimos encontrar solu\u00e7\u00f5es. E me parece que o rendimento de todos foi abaixo, abaixo da nossa capacidade, sem d\u00favida. \u00c9 um campeonato grande. Imagino que isso pode acontecer, mas n\u00e3o esper\u00e1vamos que acontecesse hoje. Agora, vamos nos preparar para o pr\u00f3ximo. N\u00e3o temos tempo para festejar ou dramatizar<\/em>, afirmou.<\/p>\n\n\n\n<h3 class=\"wp-block-heading\" id=\"h-proximo-jogo\">Pr\u00f3ximo jogo<\/h3>\n\n\n\n<p>O t\u00e9cnico reconhece novamente a m\u00e1 atua\u00e7\u00e3o e diz que o foco \u00e9 a vit\u00f3ria no pr\u00f3ximo jogo. <\/p>\n\n\n\n<p>\u2014 <em>Temos de ganhar o pr\u00f3ximo jogo, o Brasileir\u00e3o \u00e9 assim. Os jogadores vinham de empatar o cl\u00e1ssico. Tem de virar a p\u00e1gina r\u00e1pido. Quando vai bem, quando vai mal. Sem d\u00favidas temos de jogar o melhor poss\u00edvel. Hoje n\u00e3o fizemos bem nada. N\u00e3o recuper\u00e1vamos a bola, n\u00e3o tivemos uma circula\u00e7\u00e3o que gerasse perigo. Fomos mal<\/em>, finalizou.<\/p>\n","protected":false},"excerpt":{"rendered":"<p>O t\u00e9cnico conheceu sua primeira derrota ap\u00f3s o assumir o comando do S\u00e3o Paulo Luis Zubeldia conheceu sua primeira derrota na noite desta quarta-feira (19), no Morumbis, onde perdeu para o Cuiab\u00e1 por 1 a 0. O t\u00e9cnico do Tricolor foi sincero ao fazer sua avalia\u00e7\u00e3o sobre a partida, sua invencibilidade durou 12 jogos, desde [&hellip;]<\/p>\n","protected":false},"author":17,"featured_media":143461,"comment_status":"open","ping_status":"closed","sticky":false,"template":"","format":"standard","meta":{"footnotes":""},"categories":[151],"tags":[236,280],"class_list":["post-148604","post","type-post","status-publish","format-standard","has-post-thumbnail","hentry","category-sao-paulo","tag-sao-paulo","tag-zubeldia"],"yoast_head":"<!-- This site is optimized with the Yoast SEO Premium plugin v24.2 (Yoast SEO v26.9) - https:\/\/yoast.com\/product\/yoast-seo-premium-wordpress\/ -->\n<title>A declara\u00e7\u00e3o de Zubeldia ap\u00f3s a sua primeira derrota no comando do S\u00e3o Paulo<\/title>\n<meta name=\"robots\" content=\"index, follow, max-snippet:-1, max-image-preview:large, max-video-preview:-1\" \/>\n<link rel=\"canonical\" href=\"https:\/\/www.gaveanews.com\/index.php\/2024\/06\/20\/a-declaracao-de-zubeldia-apos-a-sua-primeira-derrota-no-comando-do-sao-paulo\/\" \/>\n<meta property=\"og:locale\" content=\"pt_BR\" \/>\n<meta property=\"og:type\" content=\"article\" \/>\n<meta property=\"og:title\" content=\"A declara\u00e7\u00e3o de Zubeldia ap\u00f3s a sua primeira derrota no comando do S\u00e3o Paulo\" \/>\n<meta property=\"og:description\" content=\"O t\u00e9cnico conheceu sua primeira derrota ap\u00f3s o assumir o comando do S\u00e3o Paulo Luis Zubeldia conheceu sua primeira derrota na noite desta quarta-feira (19), no Morumbis, onde perdeu para o Cuiab\u00e1 por 1 a 0. O t\u00e9cnico do Tricolor foi sincero ao fazer sua avalia\u00e7\u00e3o sobre a partida, sua invencibilidade durou 12 jogos, desde [&hellip;]\" \/>\n<meta property=\"og:url\" content=\"https:\/\/www.gaveanews.com\/index.php\/2024\/06\/20\/a-declaracao-de-zubeldia-apos-a-sua-primeira-derrota-no-comando-do-sao-paulo\/\" \/>\n<meta property=\"og:site_name\" content=\"G\u00e1vea News\" \/>\n<meta property=\"article:publisher\" content=\"https:\/\/facebook.com\/gaveaNews\/\" \/>\n<meta property=\"article:published_time\" content=\"2024-06-20T04:14:17+00:00\" \/>\n<meta property=\"article:modified_time\" content=\"2024-06-20T04:14:19+00:00\" \/>\n<meta property=\"og:image\" content=\"https:\/\/www.gaveanews.com\/wp-content\/uploads\/i-18.webp\" \/>\n\t<meta property=\"og:image:width\" content=\"570\" \/>\n\t<meta property=\"og:image:height\" content=\"321\" \/>\n\t<meta property=\"og:image:type\" content=\"image\/jpeg\" \/>\n<meta name=\"author\" content=\"Geovanna Thomaz\" \/>\n<meta name=\"twitter:card\" content=\"summary_large_image\" \/>\n<meta name=\"twitter:label1\" content=\"Escrito por\" \/>\n\t<meta name=\"twitter:data1\" content=\"Geovanna Thomaz\" \/>\n\t<meta name=\"twitter:label2\" content=\"Est. tempo de leitura\" \/>\n\t<meta name=\"twitter:data2\" content=\"3 minutos\" \/>\n<script type=\"application\/ld+json\" class=\"yoast-schema-graph\">{\"@context\":\"https:\/\/schema.org\",\"@graph\":[{\"@type\":\"NewsArticle\",\"@id\":\"https:\/\/www.gaveanews.com\/index.php\/2024\/06\/20\/a-declaracao-de-zubeldia-apos-a-sua-primeira-derrota-no-comando-do-sao-paulo\/#article\",\"isPartOf\":{\"@id\":\"https:\/\/www.gaveanews.com\/index.php\/2024\/06\/20\/a-declaracao-de-zubeldia-apos-a-sua-primeira-derrota-no-comando-do-sao-paulo\/\"},\"author\":{\"name\":\"Geovanna Thomaz\",\"@id\":\"https:\/\/www.gaveanews.com\/#\/schema\/person\/f42654babcd2b2014a1a65af82b081f1\"},\"headline\":\"A declara\u00e7\u00e3o de Zubeldia ap\u00f3s a sua primeira derrota no comando do S\u00e3o Paulo\",\"datePublished\":\"2024-06-20T04:14:17+00:00\",\"dateModified\":\"2024-06-20T04:14:19+00:00\",\"mainEntityOfPage\":{\"@id\":\"https:\/\/www.gaveanews.com\/index.php\/2024\/06\/20\/a-declaracao-de-zubeldia-apos-a-sua-primeira-derrota-no-comando-do-sao-paulo\/\"},\"wordCount\":384,\"commentCount\":0,\"image\":{\"@id\":\"https:\/\/www.gaveanews.com\/index.php\/2024\/06\/20\/a-declaracao-de-zubeldia-apos-a-sua-primeira-derrota-no-comando-do-sao-paulo\/#primaryimage\"},\"thumbnailUrl\":\"https:\/\/www.gaveanews.com\/wp-content\/uploads\/i-18.webp\",\"keywords\":[\"S\u00e3o Paulo\",\"Zubeldia\"],\"articleSection\":[\"S\u00e3o Paulo\"],\"inLanguage\":\"pt-BR\",\"potentialAction\":[{\"@type\":\"CommentAction\",\"name\":\"Comment\",\"target\":[\"https:\/\/www.gaveanews.com\/index.php\/2024\/06\/20\/a-declaracao-de-zubeldia-apos-a-sua-primeira-derrota-no-comando-do-sao-paulo\/#respond\"]}],\"copyrightYear\":\"2024\",\"copyrightHolder\":{\"@id\":\"https:\/\/www.gaveanews.com\/#organization\"}},{\"@type\":\"WebPage\",\"@id\":\"https:\/\/www.gaveanews.com\/index.php\/2024\/06\/20\/a-declaracao-de-zubeldia-apos-a-sua-primeira-derrota-no-comando-do-sao-paulo\/\",\"url\":\"https:\/\/www.gaveanews.com\/index.php\/2024\/06\/20\/a-declaracao-de-zubeldia-apos-a-sua-primeira-derrota-no-comando-do-sao-paulo\/\",\"name\":\"A declara\u00e7\u00e3o de Zubeldia ap\u00f3s a sua primeira derrota no comando do S\u00e3o Paulo\",\"isPartOf\":{\"@id\":\"https:\/\/www.gaveanews.com\/#website\"},\"primaryImageOfPage\":{\"@id\":\"https:\/\/www.gaveanews.com\/index.php\/2024\/06\/20\/a-declaracao-de-zubeldia-apos-a-sua-primeira-derrota-no-comando-do-sao-paulo\/#primaryimage\"},\"image\":{\"@id\":\"https:\/\/www.gaveanews.com\/index.php\/2024\/06\/20\/a-declaracao-de-zubeldia-apos-a-sua-primeira-derrota-no-comando-do-sao-paulo\/#primaryimage\"},\"thumbnailUrl\":\"https:\/\/www.gaveanews.com\/wp-content\/uploads\/i-18.webp\",\"datePublished\":\"2024-06-20T04:14:17+00:00\",\"dateModified\":\"2024-06-20T04:14:19+00:00\",\"author\":{\"@id\":\"https:\/\/www.gaveanews.com\/#\/schema\/person\/f42654babcd2b2014a1a65af82b081f1\"},\"breadcrumb\":{\"@id\":\"https:\/\/www.gaveanews.com\/index.php\/2024\/06\/20\/a-declaracao-de-zubeldia-apos-a-sua-primeira-derrota-no-comando-do-sao-paulo\/#breadcrumb\"},\"inLanguage\":\"pt-BR\",\"potentialAction\":[{\"@type\":\"ReadAction\",\"target\":[\"https:\/\/www.gaveanews.com\/index.php\/2024\/06\/20\/a-declaracao-de-zubeldia-apos-a-sua-primeira-derrota-no-comando-do-sao-paulo\/\"]}]},{\"@type\":\"ImageObject\",\"inLanguage\":\"pt-BR\",\"@id\":\"https:\/\/www.gaveanews.com\/index.php\/2024\/06\/20\/a-declaracao-de-zubeldia-apos-a-sua-primeira-derrota-no-comando-do-sao-paulo\/#primaryimage\",\"url\":\"https:\/\/www.gaveanews.com\/wp-content\/uploads\/i-18.webp\",\"contentUrl\":\"https:\/\/www.gaveanews.com\/wp-content\/uploads\/i-18.webp\",\"width\":570,\"height\":321,\"caption\":\"Luis Zubeld\u00eda durante S\u00e3o Paulo x Fluminense Alexandre Schneider\/Getty Images\"},{\"@type\":\"BreadcrumbList\",\"@id\":\"https:\/\/www.gaveanews.com\/index.php\/2024\/06\/20\/a-declaracao-de-zubeldia-apos-a-sua-primeira-derrota-no-comando-do-sao-paulo\/#breadcrumb\",\"itemListElement\":[{\"@type\":\"ListItem\",\"position\":1,\"name\":\"Home\",\"item\":\"https:\/\/www.gaveanews.com\/\"},{\"@type\":\"ListItem\",\"position\":2,\"name\":\"A declara\u00e7\u00e3o de Zubeldia ap\u00f3s a sua primeira derrota no comando do S\u00e3o Paulo\"}]},{\"@type\":\"WebSite\",\"@id\":\"https:\/\/www.gaveanews.com\/#website\",\"url\":\"https:\/\/www.gaveanews.com\/\",\"name\":\"G\u00e1vea News\",\"description\":\"Veja todas as not\u00edcias sobre o Flamengo: Contrata\u00e7\u00f5es, categorias de base, resultados das partidas, tabela de classifica\u00e7\u00e3o, pr\u00f3ximos jogos!\",\"potentialAction\":[{\"@type\":\"SearchAction\",\"target\":{\"@type\":\"EntryPoint\",\"urlTemplate\":\"https:\/\/www.gaveanews.com\/?s={search_term_string}\"},\"query-input\":{\"@type\":\"PropertyValueSpecification\",\"valueRequired\":true,\"valueName\":\"search_term_string\"}}],\"inLanguage\":\"pt-BR\"},{\"@type\":\"Person\",\"@id\":\"https:\/\/www.gaveanews.com\/#\/schema\/person\/f42654babcd2b2014a1a65af82b081f1\",\"name\":\"Geovanna Thomaz\",\"image\":{\"@type\":\"ImageObject\",\"inLanguage\":\"pt-BR\",\"@id\":\"https:\/\/www.gaveanews.com\/#\/schema\/person\/image\/\",\"url\":\"https:\/\/secure.gravatar.com\/avatar\/4092073255489533afb558984b49b64268c47198af8623cc82a925ae9fb7118a?s=96&d=mm&r=g\",\"contentUrl\":\"https:\/\/secure.gravatar.com\/avatar\/4092073255489533afb558984b49b64268c47198af8623cc82a925ae9fb7118a?s=96&d=mm&r=g\",\"caption\":\"Geovanna Thomaz\"}}]}<\/script>\n<!-- \/ Yoast SEO Premium plugin. -->","yoast_head_json":{"title":"A declara\u00e7\u00e3o de Zubeldia ap\u00f3s a sua primeira derrota no comando do S\u00e3o Paulo","robots":{"index":"index","follow":"follow","max-snippet":"max-snippet:-1","max-image-preview":"max-image-preview:large","max-video-preview":"max-video-preview:-1"},"canonical":"https:\/\/www.gaveanews.com\/index.php\/2024\/06\/20\/a-declaracao-de-zubeldia-apos-a-sua-primeira-derrota-no-comando-do-sao-paulo\/","og_locale":"pt_BR","og_type":"article","og_title":"A declara\u00e7\u00e3o de Zubeldia ap\u00f3s a sua primeira derrota no comando do S\u00e3o Paulo","og_description":"O t\u00e9cnico conheceu sua primeira derrota ap\u00f3s o assumir o comando do S\u00e3o Paulo Luis Zubeldia conheceu sua primeira derrota na noite desta quarta-feira (19), no Morumbis, onde perdeu para o Cuiab\u00e1 por 1 a 0. O t\u00e9cnico do Tricolor foi sincero ao fazer sua avalia\u00e7\u00e3o sobre a partida, sua invencibilidade durou 12 jogos, desde [&hellip;]","og_url":"https:\/\/www.gaveanews.com\/index.php\/2024\/06\/20\/a-declaracao-de-zubeldia-apos-a-sua-primeira-derrota-no-comando-do-sao-paulo\/","og_site_name":"G\u00e1vea News","article_publisher":"https:\/\/facebook.com\/gaveaNews\/","article_published_time":"2024-06-20T04:14:17+00:00","article_modified_time":"2024-06-20T04:14:19+00:00","og_image":[{"width":570,"height":321,"url":"https:\/\/www.gaveanews.com\/wp-content\/uploads\/i-18.webp","type":"image\/jpeg"}],"author":"Geovanna Thomaz","twitter_card":"summary_large_image","twitter_misc":{"Escrito por":"Geovanna Thomaz","Est. tempo de leitura":"3 minutos"},"schema":{"@context":"https:\/\/schema.org","@graph":[{"@type":"NewsArticle","@id":"https:\/\/www.gaveanews.com\/index.php\/2024\/06\/20\/a-declaracao-de-zubeldia-apos-a-sua-primeira-derrota-no-comando-do-sao-paulo\/#article","isPartOf":{"@id":"https:\/\/www.gaveanews.com\/index.php\/2024\/06\/20\/a-declaracao-de-zubeldia-apos-a-sua-primeira-derrota-no-comando-do-sao-paulo\/"},"author":{"name":"Geovanna Thomaz","@id":"https:\/\/www.gaveanews.com\/#\/schema\/person\/f42654babcd2b2014a1a65af82b081f1"},"headline":"A declara\u00e7\u00e3o de Zubeldia ap\u00f3s a sua primeira derrota no comando do S\u00e3o Paulo","datePublished":"2024-06-20T04:14:17+00:00","dateModified":"2024-06-20T04:14:19+00:00","mainEntityOfPage":{"@id":"https:\/\/www.gaveanews.com\/index.php\/2024\/06\/20\/a-declaracao-de-zubeldia-apos-a-sua-primeira-derrota-no-comando-do-sao-paulo\/"},"wordCount":384,"commentCount":0,"image":{"@id":"https:\/\/www.gaveanews.com\/index.php\/2024\/06\/20\/a-declaracao-de-zubeldia-apos-a-sua-primeira-derrota-no-comando-do-sao-paulo\/#primaryimage"},"thumbnailUrl":"https:\/\/www.gaveanews.com\/wp-content\/uploads\/i-18.webp","keywords":["S\u00e3o Paulo","Zubeldia"],"articleSection":["S\u00e3o Paulo"],"inLanguage":"pt-BR","potentialAction":[{"@type":"CommentAction","name":"Comment","target":["https:\/\/www.gaveanews.com\/index.php\/2024\/06\/20\/a-declaracao-de-zubeldia-apos-a-sua-primeira-derrota-no-comando-do-sao-paulo\/#respond"]}],"copyrightYear":"2024","copyrightHolder":{"@id":"https:\/\/www.gaveanews.com\/#organization"}},{"@type":"WebPage","@id":"https:\/\/www.gaveanews.com\/index.php\/2024\/06\/20\/a-declaracao-de-zubeldia-apos-a-sua-primeira-derrota-no-comando-do-sao-paulo\/","url":"https:\/\/www.gaveanews.com\/index.php\/2024\/06\/20\/a-declaracao-de-zubeldia-apos-a-sua-primeira-derrota-no-comando-do-sao-paulo\/","name":"A declara\u00e7\u00e3o de Zubeldia ap\u00f3s a sua primeira derrota no comando do S\u00e3o Paulo","isPartOf":{"@id":"https:\/\/www.gaveanews.com\/#website"},"primaryImageOfPage":{"@id":"https:\/\/www.gaveanews.com\/index.php\/2024\/06\/20\/a-declaracao-de-zubeldia-apos-a-sua-primeira-derrota-no-comando-do-sao-paulo\/#primaryimage"},"image":{"@id":"https:\/\/www.gaveanews.com\/index.php\/2024\/06\/20\/a-declaracao-de-zubeldia-apos-a-sua-primeira-derrota-no-comando-do-sao-paulo\/#primaryimage"},"thumbnailUrl":"https:\/\/www.gaveanews.com\/wp-content\/uploads\/i-18.webp","datePublished":"2024-06-20T04:14:17+00:00","dateModified":"2024-06-20T04:14:19+00:00","author":{"@id":"https:\/\/www.gaveanews.com\/#\/schema\/person\/f42654babcd2b2014a1a65af82b081f1"},"breadcrumb":{"@id":"https:\/\/www.gaveanews.com\/index.php\/2024\/06\/20\/a-declaracao-de-zubeldia-apos-a-sua-primeira-derrota-no-comando-do-sao-paulo\/#breadcrumb"},"inLanguage":"pt-BR","potentialAction":[{"@type":"ReadAction","target":["https:\/\/www.gaveanews.com\/index.php\/2024\/06\/20\/a-declaracao-de-zubeldia-apos-a-sua-primeira-derrota-no-comando-do-sao-paulo\/"]}]},{"@type":"ImageObject","inLanguage":"pt-BR","@id":"https:\/\/www.gaveanews.com\/index.php\/2024\/06\/20\/a-declaracao-de-zubeldia-apos-a-sua-primeira-derrota-no-comando-do-sao-paulo\/#primaryimage","url":"https:\/\/www.gaveanews.com\/wp-content\/uploads\/i-18.webp","contentUrl":"https:\/\/www.gaveanews.com\/wp-content\/uploads\/i-18.webp","width":570,"height":321,"caption":"Luis Zubeld\u00eda durante S\u00e3o Paulo x Fluminense Alexandre Schneider\/Getty Images"},{"@type":"BreadcrumbList","@id":"https:\/\/www.gaveanews.com\/index.php\/2024\/06\/20\/a-declaracao-de-zubeldia-apos-a-sua-primeira-derrota-no-comando-do-sao-paulo\/#breadcrumb","itemListElement":[{"@type":"ListItem","position":1,"name":"Home","item":"https:\/\/www.gaveanews.com\/"},{"@type":"ListItem","position":2,"name":"A declara\u00e7\u00e3o de Zubeldia ap\u00f3s a sua primeira derrota no comando do S\u00e3o Paulo"}]},{"@type":"WebSite","@id":"https:\/\/www.gaveanews.com\/#website","url":"https:\/\/www.gaveanews.com\/","name":"G\u00e1vea News","description":"Veja todas as not\u00edcias sobre o Flamengo: Contrata\u00e7\u00f5es, categorias de base, resultados das partidas, tabela de classifica\u00e7\u00e3o, pr\u00f3ximos jogos!","potentialAction":[{"@type":"SearchAction","target":{"@type":"EntryPoint","urlTemplate":"https:\/\/www.gaveanews.com\/?s={search_term_string}"},"query-input":{"@type":"PropertyValueSpecification","valueRequired":true,"valueName":"search_term_string"}}],"inLanguage":"pt-BR"},{"@type":"Person","@id":"https:\/\/www.gaveanews.com\/#\/schema\/person\/f42654babcd2b2014a1a65af82b081f1","name":"Geovanna Thomaz","image":{"@type":"ImageObject","inLanguage":"pt-BR","@id":"https:\/\/www.gaveanews.com\/#\/schema\/person\/image\/","url":"https:\/\/secure.gravatar.com\/avatar\/4092073255489533afb558984b49b64268c47198af8623cc82a925ae9fb7118a?s=96&d=mm&r=g","contentUrl":"https:\/\/secure.gravatar.com\/avatar\/4092073255489533afb558984b49b64268c47198af8623cc82a925ae9fb7118a?s=96&d=mm&r=g","caption":"Geovanna Thomaz"}}]}},"_links":{"self":[{"href":"https:\/\/www.gaveanews.com\/index.php\/wp-json\/wp\/v2\/posts\/148604","targetHints":{"allow":["GET"]}}],"collection":[{"href":"https:\/\/www.gaveanews.com\/index.php\/wp-json\/wp\/v2\/posts"}],"about":[{"href":"https:\/\/www.gaveanews.com\/index.php\/wp-json\/wp\/v2\/types\/post"}],"author":[{"embeddable":true,"href":"https:\/\/www.gaveanews.com\/index.php\/wp-json\/wp\/v2\/users\/17"}],"replies":[{"embeddable":true,"href":"https:\/\/www.gaveanews.com\/index.php\/wp-json\/wp\/v2\/comments?post=148604"}],"version-history":[{"count":2,"href":"https:\/\/www.gaveanews.com\/index.php\/wp-json\/wp\/v2\/posts\/148604\/revisions"}],"predecessor-version":[{"id":148620,"href":"https:\/\/www.gaveanews.com\/index.php\/wp-json\/wp\/v2\/posts\/148604\/revisions\/148620"}],"wp:featuredmedia":[{"embeddable":true,"href":"https:\/\/www.gaveanews.com\/index.php\/wp-json\/wp\/v2\/media\/143461"}],"wp:attachment":[{"href":"https:\/\/www.gaveanews.com\/index.php\/wp-json\/wp\/v2\/media?parent=148604"}],"wp:term":[{"taxonomy":"category","embeddable":true,"href":"https:\/\/www.gaveanews.com\/index.php\/wp-json\/wp\/v2\/categories?post=148604"},{"taxonomy":"post_tag","embeddable":true,"href":"https:\/\/www.gaveanews.com\/index.php\/wp-json\/wp\/v2\/tags?post=148604"}],"curies":[{"name":"wp","href":"https:\/\/api.w.org\/{rel}","templated":true}]}}