{"id":148613,"date":"2024-06-20T00:51:45","date_gmt":"2024-06-20T03:51:45","guid":{"rendered":"https:\/\/www.gaveanews.com\/?p=148613"},"modified":"2024-06-20T00:51:47","modified_gmt":"2024-06-20T03:51:47","slug":"que-situacao-rival-do-flamengo-opta-por-demitir-seu-tecnico","status":"publish","type":"post","link":"https:\/\/www.gaveanews.com\/index.php\/2024\/06\/20\/que-situacao-rival-do-flamengo-opta-por-demitir-seu-tecnico\/","title":{"rendered":"Que situa\u00e7\u00e3o! Rival do Flamengo opta por demitir seu t\u00e9cnico"},"content":{"rendered":"\n<p>\u00c1lvaro Pacheco est\u00e1 de sa\u00edda do Vasco ap\u00f3s sofrer a terceira derrota em quatro jogos. A diretoria do clube prepara a demiss\u00e3o do t\u00e9cnico portugu\u00eas, que deve ser comunicada na quinta-feira, quando a delega\u00e7\u00e3o retornar ao Rio de Janeiro. A derrota por 2 a 0 para o Juventude, na noite desta quarta-feira, foi a \u00faltima partida sob o comando de Pacheco.<\/p>\n\n\n\n<p>O presidente do Vasco, Pedrinho, que n\u00e3o viajou para Caxias do Sul, ser\u00e1 o respons\u00e1vel por anunciar a decis\u00e3o. Durante a curta passagem de Pacheco, o Vasco empatou uma partida e perdeu tr\u00eas, um desempenho insuficiente para mant\u00ea-lo no cargo. A multa rescis\u00f3ria do treinador \u00e9 referente a todo o contrato assinado at\u00e9 o fim de 2024, mas a diretoria busca um acordo para n\u00e3o arcar com todos os vencimentos.<\/p>\n\n\n\n<p>\u00c1lvaro Pacheco foi contratado um dia antes da decis\u00e3o judicial que retirou a 777 do controle da SAF vasca\u00edna, devolvendo a gest\u00e3o ao clube. A negocia\u00e7\u00e3o foi conduzida por Pedro Martins, que continua na diretoria, e por L\u00facio Barbosa, que deixou o cargo de CEO. Apesar da gest\u00e3o Pedrinho ter mantido o acordo com Pacheco, houve resist\u00eancia interna desde a estreia do treinador, especialmente ap\u00f3s a goleada hist\u00f3rica de 6 a 1 para o Flamengo no Maracan\u00e3.<\/p>\n\n\n\n<p>A estreia de \u00c1lvaro Pacheco aconteceu em 2 de junho, marcando a maior derrota do Vasco para o Flamengo em sua hist\u00f3ria. Em seguida, o time sofreu outra derrota por 2 a 0 para o Palmeiras no Allianz Arena. O \u00fanico resultado positivo foi o empate sem gols com o Cruzeiro em S\u00e3o Janu\u00e1rio. Contudo, a derrota para o Juventude acabou sendo decisiva para a sua demiss\u00e3o.<\/p>\n\n\n\n<p>Agora, o Vasco precisa se reorganizar rapidamente para enfrentar o S\u00e3o Paulo no Brasileir\u00e3o. A partida est\u00e1 marcada para este s\u00e1bado (22), \u00e0s 21h30 (hor\u00e1rio de Bras\u00edlia), em S\u00e3o Janu\u00e1rio. O time busca uma recupera\u00e7\u00e3o no campeonato e um novo treinador deve ser anunciado em breve para conduzir a equipe.<\/p>\n\n\n\n<h2 class=\"wp-block-heading\" id=\"h-carro-luxuoso-de-vini-jr-chama-atencao\">Carro luxuoso de Vini Jr. chama aten\u00e7\u00e3o<\/h2>\n\n\n\n<p>Os jogadores do Real Madrid foram agraciados com \u201cbrindes de luxo\u201d da patrocinadora do clube, a BMW, e puderam escolher entre uma sele\u00e7\u00e3o de modelos el\u00e9tricos de alta classe. Vin\u00edcius J\u00fanior optou pelo BMW i4 M50, avaliado em cerca de R$ 430 mil. Antes da BMW, o Real Madrid era patrocinado pela Audi, que igualmente presenteava o elenco com carros de alto padr\u00e3o. Veja mais detalhes do carro luxuoso de&nbsp;<a href=\"https:\/\/www.gaveanews.com\/?s=Vin%C3%ADcius+Jr&amp;utm_source=SystemGaveaNews&amp;utm_medium=SystemGaveaNews&amp;utm_campaign=SystemGaveaNews\" target=\"_blank\" rel=\"noreferrer noopener\">Vini Jr<\/a>&nbsp;em nosso canal no&nbsp;<a href=\"https:\/\/youtube.com\/gaveanews?sub_confirmation=1\">YouTube<\/a>:<\/p>\n\n\n\n<figure class=\"wp-block-embed is-type-video is-provider-youtube wp-block-embed-youtube wp-embed-aspect-16-9 wp-has-aspect-ratio\"><div class=\"wp-block-embed__wrapper\">\n<iframe loading=\"lazy\" title=\"VIN\u00cdCIUS J\u00daNIOR GANHA CARRO DE LUXO! VEJA FOTOS DO VE\u00cdCULO!\" width=\"640\" height=\"360\" src=\"https:\/\/www.youtube.com\/embed\/HsWnGZHEwP8?feature=oembed\" frameborder=\"0\" allow=\"accelerometer; autoplay; clipboard-write; encrypted-media; gyroscope; picture-in-picture; web-share\" referrerpolicy=\"strict-origin-when-cross-origin\" allowfullscreen><\/iframe>\n<\/div><\/figure>\n","protected":false},"excerpt":{"rendered":"<p>\u00c1lvaro Pacheco est\u00e1 de sa\u00edda do Vasco ap\u00f3s sofrer a terceira derrota em quatro jogos. A diretoria do clube prepara a demiss\u00e3o do t\u00e9cnico portugu\u00eas, que deve ser comunicada na quinta-feira, quando a delega\u00e7\u00e3o retornar ao Rio de Janeiro. A derrota por 2 a 0 para o Juventude, na noite desta quarta-feira, foi a \u00faltima [&hellip;]<\/p>\n","protected":false},"author":1,"featured_media":146869,"comment_status":"open","ping_status":"closed","sticky":false,"template":"","format":"standard","meta":{"footnotes":""},"categories":[1],"tags":[],"class_list":["post-148613","post","type-post","status-publish","format-standard","has-post-thumbnail","hentry","category-flamengo"],"yoast_head":"<!-- This site is optimized with the Yoast SEO Premium plugin v24.2 (Yoast SEO v26.9) - https:\/\/yoast.com\/product\/yoast-seo-premium-wordpress\/ -->\n<title>Que situa\u00e7\u00e3o! Rival do Flamengo opta por demitir seu t\u00e9cnico<\/title>\n<meta name=\"description\" content=\"A multa rescis\u00f3ria do treinador \u00e9 referente a todo o contrato assinado at\u00e9 o fim de 2024, mas a diretoria busca um acordo,\" \/>\n<meta name=\"robots\" content=\"index, follow, max-snippet:-1, max-image-preview:large, max-video-preview:-1\" \/>\n<link rel=\"canonical\" href=\"https:\/\/www.gaveanews.com\/index.php\/2024\/06\/20\/que-situacao-rival-do-flamengo-opta-por-demitir-seu-tecnico\/\" \/>\n<meta property=\"og:locale\" content=\"pt_BR\" \/>\n<meta property=\"og:type\" content=\"article\" \/>\n<meta property=\"og:title\" content=\"Que situa\u00e7\u00e3o! Rival do Flamengo opta por demitir seu t\u00e9cnico\" \/>\n<meta property=\"og:description\" content=\"A multa rescis\u00f3ria do treinador \u00e9 referente a todo o contrato assinado at\u00e9 o fim de 2024, mas a diretoria busca um acordo,\" \/>\n<meta property=\"og:url\" content=\"https:\/\/www.gaveanews.com\/index.php\/2024\/06\/20\/que-situacao-rival-do-flamengo-opta-por-demitir-seu-tecnico\/\" \/>\n<meta property=\"og:site_name\" content=\"G\u00e1vea News\" \/>\n<meta property=\"article:publisher\" content=\"https:\/\/facebook.com\/gaveaNews\/\" \/>\n<meta property=\"article:published_time\" content=\"2024-06-20T03:51:45+00:00\" \/>\n<meta property=\"article:modified_time\" content=\"2024-06-20T03:51:47+00:00\" \/>\n<meta property=\"og:image\" content=\"https:\/\/www.gaveanews.com\/wp-content\/uploads\/everton-cebolinha-flamengo-1.webp\" \/>\n\t<meta property=\"og:image:width\" content=\"900\" \/>\n\t<meta property=\"og:image:height\" content=\"600\" \/>\n\t<meta property=\"og:image:type\" content=\"image\/jpeg\" \/>\n<meta name=\"author\" content=\"Equipe G\u00e1vea News\" \/>\n<meta name=\"twitter:card\" content=\"summary_large_image\" \/>\n<meta name=\"twitter:label1\" content=\"Escrito por\" \/>\n\t<meta name=\"twitter:data1\" content=\"Equipe G\u00e1vea News\" \/>\n\t<meta name=\"twitter:label2\" content=\"Est. tempo de leitura\" \/>\n\t<meta name=\"twitter:data2\" content=\"3 minutos\" \/>\n<script type=\"application\/ld+json\" class=\"yoast-schema-graph\">{\"@context\":\"https:\/\/schema.org\",\"@graph\":[{\"@type\":\"NewsArticle\",\"@id\":\"https:\/\/www.gaveanews.com\/index.php\/2024\/06\/20\/que-situacao-rival-do-flamengo-opta-por-demitir-seu-tecnico\/#article\",\"isPartOf\":{\"@id\":\"https:\/\/www.gaveanews.com\/index.php\/2024\/06\/20\/que-situacao-rival-do-flamengo-opta-por-demitir-seu-tecnico\/\"},\"author\":{\"name\":\"Equipe G\u00e1vea News\",\"@id\":\"https:\/\/www.gaveanews.com\/#\/schema\/person\/2ec14f73fb96be2caf28f91afb14749d\"},\"headline\":\"Que situa\u00e7\u00e3o! Rival do Flamengo opta por demitir seu t\u00e9cnico\",\"datePublished\":\"2024-06-20T03:51:45+00:00\",\"dateModified\":\"2024-06-20T03:51:47+00:00\",\"mainEntityOfPage\":{\"@id\":\"https:\/\/www.gaveanews.com\/index.php\/2024\/06\/20\/que-situacao-rival-do-flamengo-opta-por-demitir-seu-tecnico\/\"},\"wordCount\":459,\"commentCount\":0,\"image\":{\"@id\":\"https:\/\/www.gaveanews.com\/index.php\/2024\/06\/20\/que-situacao-rival-do-flamengo-opta-por-demitir-seu-tecnico\/#primaryimage\"},\"thumbnailUrl\":\"https:\/\/www.gaveanews.com\/wp-content\/uploads\/everton-cebolinha-flamengo-1.webp\",\"articleSection\":[\"Flamengo\"],\"inLanguage\":\"pt-BR\",\"potentialAction\":[{\"@type\":\"CommentAction\",\"name\":\"Comment\",\"target\":[\"https:\/\/www.gaveanews.com\/index.php\/2024\/06\/20\/que-situacao-rival-do-flamengo-opta-por-demitir-seu-tecnico\/#respond\"]}],\"copyrightYear\":\"2024\",\"copyrightHolder\":{\"@id\":\"https:\/\/www.gaveanews.com\/#organization\"}},{\"@type\":\"WebPage\",\"@id\":\"https:\/\/www.gaveanews.com\/index.php\/2024\/06\/20\/que-situacao-rival-do-flamengo-opta-por-demitir-seu-tecnico\/\",\"url\":\"https:\/\/www.gaveanews.com\/index.php\/2024\/06\/20\/que-situacao-rival-do-flamengo-opta-por-demitir-seu-tecnico\/\",\"name\":\"Que situa\u00e7\u00e3o! Rival do Flamengo opta por demitir seu t\u00e9cnico\",\"isPartOf\":{\"@id\":\"https:\/\/www.gaveanews.com\/#website\"},\"primaryImageOfPage\":{\"@id\":\"https:\/\/www.gaveanews.com\/index.php\/2024\/06\/20\/que-situacao-rival-do-flamengo-opta-por-demitir-seu-tecnico\/#primaryimage\"},\"image\":{\"@id\":\"https:\/\/www.gaveanews.com\/index.php\/2024\/06\/20\/que-situacao-rival-do-flamengo-opta-por-demitir-seu-tecnico\/#primaryimage\"},\"thumbnailUrl\":\"https:\/\/www.gaveanews.com\/wp-content\/uploads\/everton-cebolinha-flamengo-1.webp\",\"datePublished\":\"2024-06-20T03:51:45+00:00\",\"dateModified\":\"2024-06-20T03:51:47+00:00\",\"author\":{\"@id\":\"https:\/\/www.gaveanews.com\/#\/schema\/person\/2ec14f73fb96be2caf28f91afb14749d\"},\"description\":\"A multa rescis\u00f3ria do treinador \u00e9 referente a todo o contrato assinado at\u00e9 o fim de 2024, mas a diretoria busca um acordo,\",\"breadcrumb\":{\"@id\":\"https:\/\/www.gaveanews.com\/index.php\/2024\/06\/20\/que-situacao-rival-do-flamengo-opta-por-demitir-seu-tecnico\/#breadcrumb\"},\"inLanguage\":\"pt-BR\",\"potentialAction\":[{\"@type\":\"ReadAction\",\"target\":[\"https:\/\/www.gaveanews.com\/index.php\/2024\/06\/20\/que-situacao-rival-do-flamengo-opta-por-demitir-seu-tecnico\/\"]}]},{\"@type\":\"ImageObject\",\"inLanguage\":\"pt-BR\",\"@id\":\"https:\/\/www.gaveanews.com\/index.php\/2024\/06\/20\/que-situacao-rival-do-flamengo-opta-por-demitir-seu-tecnico\/#primaryimage\",\"url\":\"https:\/\/www.gaveanews.com\/wp-content\/uploads\/everton-cebolinha-flamengo-1.webp\",\"contentUrl\":\"https:\/\/www.gaveanews.com\/wp-content\/uploads\/everton-cebolinha-flamengo-1.webp\",\"width\":900,\"height\":600,\"caption\":\"Everton Cebolinha em a\u00e7\u00e3o pelo Flamengo contra o Vasco (Foto: Gilvan de Souza\/Flamengo)\"},{\"@type\":\"BreadcrumbList\",\"@id\":\"https:\/\/www.gaveanews.com\/index.php\/2024\/06\/20\/que-situacao-rival-do-flamengo-opta-por-demitir-seu-tecnico\/#breadcrumb\",\"itemListElement\":[{\"@type\":\"ListItem\",\"position\":1,\"name\":\"Home\",\"item\":\"https:\/\/www.gaveanews.com\/\"},{\"@type\":\"ListItem\",\"position\":2,\"name\":\"Que situa\u00e7\u00e3o! Rival do Flamengo opta por demitir seu t\u00e9cnico\"}]},{\"@type\":\"WebSite\",\"@id\":\"https:\/\/www.gaveanews.com\/#website\",\"url\":\"https:\/\/www.gaveanews.com\/\",\"name\":\"G\u00e1vea News\",\"description\":\"Veja todas as not\u00edcias sobre o Flamengo: Contrata\u00e7\u00f5es, categorias de base, resultados das partidas, tabela de classifica\u00e7\u00e3o, pr\u00f3ximos jogos!\",\"potentialAction\":[{\"@type\":\"SearchAction\",\"target\":{\"@type\":\"EntryPoint\",\"urlTemplate\":\"https:\/\/www.gaveanews.com\/?s={search_term_string}\"},\"query-input\":{\"@type\":\"PropertyValueSpecification\",\"valueRequired\":true,\"valueName\":\"search_term_string\"}}],\"inLanguage\":\"pt-BR\"},{\"@type\":\"Person\",\"@id\":\"https:\/\/www.gaveanews.com\/#\/schema\/person\/2ec14f73fb96be2caf28f91afb14749d\",\"name\":\"Equipe G\u00e1vea News\",\"image\":{\"@type\":\"ImageObject\",\"inLanguage\":\"pt-BR\",\"@id\":\"https:\/\/www.gaveanews.com\/#\/schema\/person\/image\/\",\"url\":\"https:\/\/secure.gravatar.com\/avatar\/1e1956f1facbffd3f8fa53a326721950116b3b9dc9bd44939c01180fd4a745a9?s=96&d=mm&r=g\",\"contentUrl\":\"https:\/\/secure.gravatar.com\/avatar\/1e1956f1facbffd3f8fa53a326721950116b3b9dc9bd44939c01180fd4a745a9?s=96&d=mm&r=g\",\"caption\":\"Equipe G\u00e1vea News\"}}]}<\/script>\n<!-- \/ Yoast SEO Premium plugin. -->","yoast_head_json":{"title":"Que situa\u00e7\u00e3o! Rival do Flamengo opta por demitir seu t\u00e9cnico","description":"A multa rescis\u00f3ria do treinador \u00e9 referente a todo o contrato assinado at\u00e9 o fim de 2024, mas a diretoria busca um acordo,","robots":{"index":"index","follow":"follow","max-snippet":"max-snippet:-1","max-image-preview":"max-image-preview:large","max-video-preview":"max-video-preview:-1"},"canonical":"https:\/\/www.gaveanews.com\/index.php\/2024\/06\/20\/que-situacao-rival-do-flamengo-opta-por-demitir-seu-tecnico\/","og_locale":"pt_BR","og_type":"article","og_title":"Que situa\u00e7\u00e3o! Rival do Flamengo opta por demitir seu t\u00e9cnico","og_description":"A multa rescis\u00f3ria do treinador \u00e9 referente a todo o contrato assinado at\u00e9 o fim de 2024, mas a diretoria busca um acordo,","og_url":"https:\/\/www.gaveanews.com\/index.php\/2024\/06\/20\/que-situacao-rival-do-flamengo-opta-por-demitir-seu-tecnico\/","og_site_name":"G\u00e1vea News","article_publisher":"https:\/\/facebook.com\/gaveaNews\/","article_published_time":"2024-06-20T03:51:45+00:00","article_modified_time":"2024-06-20T03:51:47+00:00","og_image":[{"width":900,"height":600,"url":"https:\/\/www.gaveanews.com\/wp-content\/uploads\/everton-cebolinha-flamengo-1.webp","type":"image\/jpeg"}],"author":"Equipe G\u00e1vea News","twitter_card":"summary_large_image","twitter_misc":{"Escrito por":"Equipe G\u00e1vea News","Est. tempo de leitura":"3 minutos"},"schema":{"@context":"https:\/\/schema.org","@graph":[{"@type":"NewsArticle","@id":"https:\/\/www.gaveanews.com\/index.php\/2024\/06\/20\/que-situacao-rival-do-flamengo-opta-por-demitir-seu-tecnico\/#article","isPartOf":{"@id":"https:\/\/www.gaveanews.com\/index.php\/2024\/06\/20\/que-situacao-rival-do-flamengo-opta-por-demitir-seu-tecnico\/"},"author":{"name":"Equipe G\u00e1vea News","@id":"https:\/\/www.gaveanews.com\/#\/schema\/person\/2ec14f73fb96be2caf28f91afb14749d"},"headline":"Que situa\u00e7\u00e3o! Rival do Flamengo opta por demitir seu t\u00e9cnico","datePublished":"2024-06-20T03:51:45+00:00","dateModified":"2024-06-20T03:51:47+00:00","mainEntityOfPage":{"@id":"https:\/\/www.gaveanews.com\/index.php\/2024\/06\/20\/que-situacao-rival-do-flamengo-opta-por-demitir-seu-tecnico\/"},"wordCount":459,"commentCount":0,"image":{"@id":"https:\/\/www.gaveanews.com\/index.php\/2024\/06\/20\/que-situacao-rival-do-flamengo-opta-por-demitir-seu-tecnico\/#primaryimage"},"thumbnailUrl":"https:\/\/www.gaveanews.com\/wp-content\/uploads\/everton-cebolinha-flamengo-1.webp","articleSection":["Flamengo"],"inLanguage":"pt-BR","potentialAction":[{"@type":"CommentAction","name":"Comment","target":["https:\/\/www.gaveanews.com\/index.php\/2024\/06\/20\/que-situacao-rival-do-flamengo-opta-por-demitir-seu-tecnico\/#respond"]}],"copyrightYear":"2024","copyrightHolder":{"@id":"https:\/\/www.gaveanews.com\/#organization"}},{"@type":"WebPage","@id":"https:\/\/www.gaveanews.com\/index.php\/2024\/06\/20\/que-situacao-rival-do-flamengo-opta-por-demitir-seu-tecnico\/","url":"https:\/\/www.gaveanews.com\/index.php\/2024\/06\/20\/que-situacao-rival-do-flamengo-opta-por-demitir-seu-tecnico\/","name":"Que situa\u00e7\u00e3o! Rival do Flamengo opta por demitir seu t\u00e9cnico","isPartOf":{"@id":"https:\/\/www.gaveanews.com\/#website"},"primaryImageOfPage":{"@id":"https:\/\/www.gaveanews.com\/index.php\/2024\/06\/20\/que-situacao-rival-do-flamengo-opta-por-demitir-seu-tecnico\/#primaryimage"},"image":{"@id":"https:\/\/www.gaveanews.com\/index.php\/2024\/06\/20\/que-situacao-rival-do-flamengo-opta-por-demitir-seu-tecnico\/#primaryimage"},"thumbnailUrl":"https:\/\/www.gaveanews.com\/wp-content\/uploads\/everton-cebolinha-flamengo-1.webp","datePublished":"2024-06-20T03:51:45+00:00","dateModified":"2024-06-20T03:51:47+00:00","author":{"@id":"https:\/\/www.gaveanews.com\/#\/schema\/person\/2ec14f73fb96be2caf28f91afb14749d"},"description":"A multa rescis\u00f3ria do treinador \u00e9 referente a todo o contrato assinado at\u00e9 o fim de 2024, mas a diretoria busca um acordo,","breadcrumb":{"@id":"https:\/\/www.gaveanews.com\/index.php\/2024\/06\/20\/que-situacao-rival-do-flamengo-opta-por-demitir-seu-tecnico\/#breadcrumb"},"inLanguage":"pt-BR","potentialAction":[{"@type":"ReadAction","target":["https:\/\/www.gaveanews.com\/index.php\/2024\/06\/20\/que-situacao-rival-do-flamengo-opta-por-demitir-seu-tecnico\/"]}]},{"@type":"ImageObject","inLanguage":"pt-BR","@id":"https:\/\/www.gaveanews.com\/index.php\/2024\/06\/20\/que-situacao-rival-do-flamengo-opta-por-demitir-seu-tecnico\/#primaryimage","url":"https:\/\/www.gaveanews.com\/wp-content\/uploads\/everton-cebolinha-flamengo-1.webp","contentUrl":"https:\/\/www.gaveanews.com\/wp-content\/uploads\/everton-cebolinha-flamengo-1.webp","width":900,"height":600,"caption":"Everton Cebolinha em a\u00e7\u00e3o pelo Flamengo contra o Vasco (Foto: Gilvan de Souza\/Flamengo)"},{"@type":"BreadcrumbList","@id":"https:\/\/www.gaveanews.com\/index.php\/2024\/06\/20\/que-situacao-rival-do-flamengo-opta-por-demitir-seu-tecnico\/#breadcrumb","itemListElement":[{"@type":"ListItem","position":1,"name":"Home","item":"https:\/\/www.gaveanews.com\/"},{"@type":"ListItem","position":2,"name":"Que situa\u00e7\u00e3o! Rival do Flamengo opta por demitir seu t\u00e9cnico"}]},{"@type":"WebSite","@id":"https:\/\/www.gaveanews.com\/#website","url":"https:\/\/www.gaveanews.com\/","name":"G\u00e1vea News","description":"Veja todas as not\u00edcias sobre o Flamengo: Contrata\u00e7\u00f5es, categorias de base, resultados das partidas, tabela de classifica\u00e7\u00e3o, pr\u00f3ximos jogos!","potentialAction":[{"@type":"SearchAction","target":{"@type":"EntryPoint","urlTemplate":"https:\/\/www.gaveanews.com\/?s={search_term_string}"},"query-input":{"@type":"PropertyValueSpecification","valueRequired":true,"valueName":"search_term_string"}}],"inLanguage":"pt-BR"},{"@type":"Person","@id":"https:\/\/www.gaveanews.com\/#\/schema\/person\/2ec14f73fb96be2caf28f91afb14749d","name":"Equipe G\u00e1vea News","image":{"@type":"ImageObject","inLanguage":"pt-BR","@id":"https:\/\/www.gaveanews.com\/#\/schema\/person\/image\/","url":"https:\/\/secure.gravatar.com\/avatar\/1e1956f1facbffd3f8fa53a326721950116b3b9dc9bd44939c01180fd4a745a9?s=96&d=mm&r=g","contentUrl":"https:\/\/secure.gravatar.com\/avatar\/1e1956f1facbffd3f8fa53a326721950116b3b9dc9bd44939c01180fd4a745a9?s=96&d=mm&r=g","caption":"Equipe G\u00e1vea News"}}]}},"_links":{"self":[{"href":"https:\/\/www.gaveanews.com\/index.php\/wp-json\/wp\/v2\/posts\/148613","targetHints":{"allow":["GET"]}}],"collection":[{"href":"https:\/\/www.gaveanews.com\/index.php\/wp-json\/wp\/v2\/posts"}],"about":[{"href":"https:\/\/www.gaveanews.com\/index.php\/wp-json\/wp\/v2\/types\/post"}],"author":[{"embeddable":true,"href":"https:\/\/www.gaveanews.com\/index.php\/wp-json\/wp\/v2\/users\/1"}],"replies":[{"embeddable":true,"href":"https:\/\/www.gaveanews.com\/index.php\/wp-json\/wp\/v2\/comments?post=148613"}],"version-history":[{"count":1,"href":"https:\/\/www.gaveanews.com\/index.php\/wp-json\/wp\/v2\/posts\/148613\/revisions"}],"predecessor-version":[{"id":148615,"href":"https:\/\/www.gaveanews.com\/index.php\/wp-json\/wp\/v2\/posts\/148613\/revisions\/148615"}],"wp:featuredmedia":[{"embeddable":true,"href":"https:\/\/www.gaveanews.com\/index.php\/wp-json\/wp\/v2\/media\/146869"}],"wp:attachment":[{"href":"https:\/\/www.gaveanews.com\/index.php\/wp-json\/wp\/v2\/media?parent=148613"}],"wp:term":[{"taxonomy":"category","embeddable":true,"href":"https:\/\/www.gaveanews.com\/index.php\/wp-json\/wp\/v2\/categories?post=148613"},{"taxonomy":"post_tag","embeddable":true,"href":"https:\/\/www.gaveanews.com\/index.php\/wp-json\/wp\/v2\/tags?post=148613"}],"curies":[{"name":"wp","href":"https:\/\/api.w.org\/{rel}","templated":true}]}}