{"id":148634,"date":"2024-06-20T07:00:00","date_gmt":"2024-06-20T10:00:00","guid":{"rendered":"https:\/\/www.gaveanews.com\/?p=148634"},"modified":"2024-06-20T03:32:26","modified_gmt":"2024-06-20T06:32:26","slug":"mais-3-jogadores-do-flamengo-sao-convocados","status":"publish","type":"post","link":"https:\/\/www.gaveanews.com\/index.php\/2024\/06\/20\/mais-3-jogadores-do-flamengo-sao-convocados\/","title":{"rendered":"Mais 3 jogadores do Flamengo s\u00e3o convocados"},"content":{"rendered":"\n<p>A Sele\u00e7\u00e3o Brasileira Sub-17 vai disputar a Cascais Luso Cup, que acontecer\u00e1 entre os dias 10 e 14 de julho na regi\u00e3o de Lisboa, Portugal. A convoca\u00e7\u00e3o feita pelo t\u00e9cnico Ramon Menezes inclui 23 jogadores, entre eles tr\u00eas atletas do Flamengo: o goleiro L\u00e9o Nannetti, de 16 anos, o zagueiro Jo\u00e3o Victor, de 17 anos, e o meia Pablo, tamb\u00e9m de 17 anos. A competi\u00e7\u00e3o reunir\u00e1 sele\u00e7\u00f5es da Uni\u00e3o das Federa\u00e7\u00f5es de Futebol de L\u00edngua Portuguesa e contar\u00e1 ainda com a presen\u00e7a da Ar\u00e1bia Saudita, agora comandada pelo ex-Fla M\u00e1rio Jorge.<\/p>\n\n\n\n<p>Os jogadores convocados devem se apresentar \u00e0 Sele\u00e7\u00e3o Brasileira em 4 de julho. As datas exatas e a tabela dos jogos ainda n\u00e3o foram divulgadas pela organiza\u00e7\u00e3o do evento. Al\u00e9m do Brasil, participar\u00e3o da competi\u00e7\u00e3o as sele\u00e7\u00f5es de Ar\u00e1bia Saudita, Mo\u00e7ambique, S\u00e3o Tom\u00e9 e Pr\u00edncipe, Angola, Guin\u00e9 Equatorial, Guin\u00e9-Bissau e Cabo Verde.<\/p>\n\n\n\n<p>Nesse sentido, Nannetti e Pablo s\u00e3o parte do grupo Sub-17 do Flamengo, que recentemente conquistou a Copa Rio Sub-17 sob o comando de Filipe Lu\u00eds. Jo\u00e3o Victor, por sua vez, j\u00e1 foi promovido ao Sub-20 no in\u00edcio de 2024 e atualmente disputa o Campeonato Brasileiro da categoria. .<\/p>\n\n\n\n<p>A participa\u00e7\u00e3o na Cascais Luso Cup causar\u00e1 desfalques para o Flamengo. Nannetti e Pablo estar\u00e3o ausentes no in\u00edcio do Brasileir\u00e3o Sub-17, que come\u00e7a em 2 de julho, enquanto Jo\u00e3o Victor ser\u00e1 um desfalque no Sub-20, impactando o time durante o Campeonato Brasileiro e o Estadual em andamento. <\/p>\n\n\n\n<ul class=\"wp-block-list\">\n<li><strong>GOLEIROS \u2013\u00a0<\/strong>Henrique \u2013 Internacional;\u00a0<strong>L\u00e9o Nannetti \u2013 Flamengo<\/strong>; Vitor \u2013 Cruzeiro.<\/li>\n\n\n\n<li><strong>ZAGUEIROS \u2013\u00a0<\/strong>Arthur Dias \u2013 Athletico-PR; Igor Gomes \u2013 S\u00e3o Paulo; Jo\u00e3o Alencar \u2013 Santos;\u00a0<strong>Jo\u00e3o Victor \u2013 Flamengo<\/strong>.<\/li>\n\n\n\n<li><strong>LATERAIS \u2013\u00a0<\/strong>Igor Felisberto \u2013 S\u00e3o Paulo; Kaio \u2013 Fluminense; Pedro Gabriel \u2013 Gr\u00eamio; Vin\u00edcius Lira \u2013 Santos.<\/li>\n\n\n\n<li><strong>MEIO-CAMPISTAS \u2013\u00a0<\/strong>Erick Bel\u00ea \u2013 Palmeiras; Felipe \u2013 Palmeiras;\u00a0<strong>Pablo \u2013 Flamengo<\/strong>; Pedro Bezerra \u2013 S\u00e3o Paulo; Roger \u2013 Bahia; Zort\u00eaa \u2013 Gr\u00eamio.<\/li>\n\n\n\n<li><strong>ATACANTES \u2013\u00a0<\/strong>Ant\u00f4nio Marcos \u2013 Palmeiras; Guilherme Silva \u2013 Corinthians; Isaque \u2013 Fluminense; Luca Meirelles \u2013 Santos; Lucca \u2013 S\u00e3o Paulo; Riquelme Felipe \u2013 Fluminense.<\/li>\n<\/ul>\n\n\n\n<h2 class=\"wp-block-heading\" id=\"h-fusca-chines-sera-vendido-no-brasil\">Fusca chin\u00eas ser\u00e1 vendido no Brasil<\/h2>\n\n\n\n<p>Al\u00e9m disso, o portal G\u00e1vea News tamb\u00e9m est\u00e1 produzindo conte\u00fados relacionados ao setor automotivo. Em outras palavras, se voc\u00ea deseja se manter bem informado sobre esse assunto,\u00a0<a href=\"https:\/\/www.gaveanews.com\/index.php\/carros\/\">clique aqui para acessar exclusivamente as not\u00edcias dessa categoria.<\/a> <\/p>\n\n\n\n<p>Assim sendo, n\u00f3s publicamos duas not\u00edcias de destaque:\u00a0<a href=\"https:\/\/www.gaveanews.com\/index.php\/2024\/04\/20\/carros-populares-com-manutencao-cara-e-complicada?utm_source=Recirculacao&amp;utm_medium=SubtituloFinalDaMateria&amp;utm_campaign=SubtituloFinalDaMateria\" target=\"_blank\" rel=\"noreferrer noopener\">Carros populares com manuten\u00e7\u00e3o cara e complicada<\/a>, e <a href=\"https:\/\/www.gaveanews.com\/index.php\/2024\/04\/19\/muito-moderno-fusca-alternativo-comecara-a-ser-vendido-no-brasil\/?utm_source=Recirculacao&amp;utm_medium=SubtituloFinalDaMateria&amp;utm_campaign=SubtituloFinalDaMateria\" target=\"_blank\" rel=\"noreferrer noopener\">Fusca \u2018alternativo\u2019 come\u00e7ar\u00e1 a ser vendido no Brasil (veja fotos).<\/a><\/p>\n","protected":false},"excerpt":{"rendered":"<p>A Sele\u00e7\u00e3o Brasileira Sub-17 vai disputar a Cascais Luso Cup, que acontecer\u00e1 entre os dias 10 e 14 de julho na regi\u00e3o de Lisboa, Portugal. A convoca\u00e7\u00e3o feita pelo t\u00e9cnico Ramon Menezes inclui 23 jogadores, entre eles tr\u00eas atletas do Flamengo: o goleiro L\u00e9o Nannetti, de 16 anos, o zagueiro Jo\u00e3o Victor, de 17 anos, [&hellip;]<\/p>\n","protected":false},"author":1,"featured_media":71873,"comment_status":"open","ping_status":"closed","sticky":false,"template":"","format":"standard","meta":{"footnotes":""},"categories":[1],"tags":[],"class_list":["post-148634","post","type-post","status-publish","format-standard","has-post-thumbnail","hentry","category-flamengo"],"yoast_head":"<!-- This site is optimized with the Yoast SEO Premium plugin v24.2 (Yoast SEO v26.9) - https:\/\/yoast.com\/product\/yoast-seo-premium-wordpress\/ -->\n<title>Mais 3 jogadores do Flamengo s\u00e3o convocados<\/title>\n<meta name=\"description\" content=\"Recheado de talentos, o time do Flamengo sempre sofre muito quando as sele\u00e7\u00f5es realizam suas respectivas convoca\u00e7\u00f5es.\" \/>\n<meta name=\"robots\" content=\"index, follow, max-snippet:-1, max-image-preview:large, max-video-preview:-1\" \/>\n<link rel=\"canonical\" href=\"https:\/\/www.gaveanews.com\/index.php\/2024\/06\/20\/mais-3-jogadores-do-flamengo-sao-convocados\/\" \/>\n<meta property=\"og:locale\" content=\"pt_BR\" \/>\n<meta property=\"og:type\" content=\"article\" \/>\n<meta property=\"og:title\" content=\"Mais 3 jogadores do Flamengo s\u00e3o convocados\" \/>\n<meta property=\"og:description\" content=\"Recheado de talentos, o time do Flamengo sempre sofre muito quando as sele\u00e7\u00f5es realizam suas respectivas convoca\u00e7\u00f5es.\" \/>\n<meta property=\"og:url\" content=\"https:\/\/www.gaveanews.com\/index.php\/2024\/06\/20\/mais-3-jogadores-do-flamengo-sao-convocados\/\" \/>\n<meta property=\"og:site_name\" content=\"G\u00e1vea News\" \/>\n<meta property=\"article:publisher\" content=\"https:\/\/facebook.com\/gaveaNews\/\" \/>\n<meta property=\"article:published_time\" content=\"2024-06-20T10:00:00+00:00\" \/>\n<meta property=\"og:image\" content=\"https:\/\/www.gaveanews.com\/wp-content\/uploads\/Elenco-Sub-17-do-Flamengo-levanta-a-taca-da-Copa-do-Brasil-da-categoria.webp\" \/>\n\t<meta property=\"og:image:width\" content=\"799\" \/>\n\t<meta property=\"og:image:height\" content=\"533\" \/>\n\t<meta property=\"og:image:type\" content=\"image\/jpeg\" \/>\n<meta name=\"author\" content=\"Equipe G\u00e1vea News\" \/>\n<meta name=\"twitter:card\" content=\"summary_large_image\" \/>\n<meta name=\"twitter:label1\" content=\"Escrito por\" \/>\n\t<meta name=\"twitter:data1\" content=\"Equipe G\u00e1vea News\" \/>\n\t<meta name=\"twitter:label2\" content=\"Est. tempo de leitura\" \/>\n\t<meta name=\"twitter:data2\" content=\"3 minutos\" \/>\n<script type=\"application\/ld+json\" class=\"yoast-schema-graph\">{\"@context\":\"https:\/\/schema.org\",\"@graph\":[{\"@type\":\"NewsArticle\",\"@id\":\"https:\/\/www.gaveanews.com\/index.php\/2024\/06\/20\/mais-3-jogadores-do-flamengo-sao-convocados\/#article\",\"isPartOf\":{\"@id\":\"https:\/\/www.gaveanews.com\/index.php\/2024\/06\/20\/mais-3-jogadores-do-flamengo-sao-convocados\/\"},\"author\":{\"name\":\"Equipe G\u00e1vea News\",\"@id\":\"https:\/\/www.gaveanews.com\/#\/schema\/person\/2ec14f73fb96be2caf28f91afb14749d\"},\"headline\":\"Mais 3 jogadores do Flamengo s\u00e3o convocados\",\"datePublished\":\"2024-06-20T10:00:00+00:00\",\"mainEntityOfPage\":{\"@id\":\"https:\/\/www.gaveanews.com\/index.php\/2024\/06\/20\/mais-3-jogadores-do-flamengo-sao-convocados\/\"},\"wordCount\":431,\"commentCount\":0,\"image\":{\"@id\":\"https:\/\/www.gaveanews.com\/index.php\/2024\/06\/20\/mais-3-jogadores-do-flamengo-sao-convocados\/#primaryimage\"},\"thumbnailUrl\":\"https:\/\/www.gaveanews.com\/wp-content\/uploads\/Elenco-Sub-17-do-Flamengo-levanta-a-taca-da-Copa-do-Brasil-da-categoria.webp\",\"articleSection\":[\"Flamengo\"],\"inLanguage\":\"pt-BR\",\"potentialAction\":[{\"@type\":\"CommentAction\",\"name\":\"Comment\",\"target\":[\"https:\/\/www.gaveanews.com\/index.php\/2024\/06\/20\/mais-3-jogadores-do-flamengo-sao-convocados\/#respond\"]}],\"copyrightYear\":\"2024\",\"copyrightHolder\":{\"@id\":\"https:\/\/www.gaveanews.com\/#organization\"}},{\"@type\":\"WebPage\",\"@id\":\"https:\/\/www.gaveanews.com\/index.php\/2024\/06\/20\/mais-3-jogadores-do-flamengo-sao-convocados\/\",\"url\":\"https:\/\/www.gaveanews.com\/index.php\/2024\/06\/20\/mais-3-jogadores-do-flamengo-sao-convocados\/\",\"name\":\"Mais 3 jogadores do Flamengo s\u00e3o convocados\",\"isPartOf\":{\"@id\":\"https:\/\/www.gaveanews.com\/#website\"},\"primaryImageOfPage\":{\"@id\":\"https:\/\/www.gaveanews.com\/index.php\/2024\/06\/20\/mais-3-jogadores-do-flamengo-sao-convocados\/#primaryimage\"},\"image\":{\"@id\":\"https:\/\/www.gaveanews.com\/index.php\/2024\/06\/20\/mais-3-jogadores-do-flamengo-sao-convocados\/#primaryimage\"},\"thumbnailUrl\":\"https:\/\/www.gaveanews.com\/wp-content\/uploads\/Elenco-Sub-17-do-Flamengo-levanta-a-taca-da-Copa-do-Brasil-da-categoria.webp\",\"datePublished\":\"2024-06-20T10:00:00+00:00\",\"author\":{\"@id\":\"https:\/\/www.gaveanews.com\/#\/schema\/person\/2ec14f73fb96be2caf28f91afb14749d\"},\"description\":\"Recheado de talentos, o time do Flamengo sempre sofre muito quando as sele\u00e7\u00f5es realizam suas respectivas convoca\u00e7\u00f5es.\",\"breadcrumb\":{\"@id\":\"https:\/\/www.gaveanews.com\/index.php\/2024\/06\/20\/mais-3-jogadores-do-flamengo-sao-convocados\/#breadcrumb\"},\"inLanguage\":\"pt-BR\",\"potentialAction\":[{\"@type\":\"ReadAction\",\"target\":[\"https:\/\/www.gaveanews.com\/index.php\/2024\/06\/20\/mais-3-jogadores-do-flamengo-sao-convocados\/\"]}]},{\"@type\":\"ImageObject\",\"inLanguage\":\"pt-BR\",\"@id\":\"https:\/\/www.gaveanews.com\/index.php\/2024\/06\/20\/mais-3-jogadores-do-flamengo-sao-convocados\/#primaryimage\",\"url\":\"https:\/\/www.gaveanews.com\/wp-content\/uploads\/Elenco-Sub-17-do-Flamengo-levanta-a-taca-da-Copa-do-Brasil-da-categoria.webp\",\"contentUrl\":\"https:\/\/www.gaveanews.com\/wp-content\/uploads\/Elenco-Sub-17-do-Flamengo-levanta-a-taca-da-Copa-do-Brasil-da-categoria.webp\",\"width\":799,\"height\":533,\"caption\":\"Elenco Sub-17 do Flamengo levanta a ta\u00e7a da Copa do Brasil da categoria (Foto: Gilvan de Souza\/Flamengo)\"},{\"@type\":\"BreadcrumbList\",\"@id\":\"https:\/\/www.gaveanews.com\/index.php\/2024\/06\/20\/mais-3-jogadores-do-flamengo-sao-convocados\/#breadcrumb\",\"itemListElement\":[{\"@type\":\"ListItem\",\"position\":1,\"name\":\"Home\",\"item\":\"https:\/\/www.gaveanews.com\/\"},{\"@type\":\"ListItem\",\"position\":2,\"name\":\"Mais 3 jogadores do Flamengo s\u00e3o convocados\"}]},{\"@type\":\"WebSite\",\"@id\":\"https:\/\/www.gaveanews.com\/#website\",\"url\":\"https:\/\/www.gaveanews.com\/\",\"name\":\"G\u00e1vea News\",\"description\":\"Veja todas as not\u00edcias sobre o Flamengo: Contrata\u00e7\u00f5es, categorias de base, resultados das partidas, tabela de classifica\u00e7\u00e3o, pr\u00f3ximos jogos!\",\"potentialAction\":[{\"@type\":\"SearchAction\",\"target\":{\"@type\":\"EntryPoint\",\"urlTemplate\":\"https:\/\/www.gaveanews.com\/?s={search_term_string}\"},\"query-input\":{\"@type\":\"PropertyValueSpecification\",\"valueRequired\":true,\"valueName\":\"search_term_string\"}}],\"inLanguage\":\"pt-BR\"},{\"@type\":\"Person\",\"@id\":\"https:\/\/www.gaveanews.com\/#\/schema\/person\/2ec14f73fb96be2caf28f91afb14749d\",\"name\":\"Equipe G\u00e1vea News\",\"image\":{\"@type\":\"ImageObject\",\"inLanguage\":\"pt-BR\",\"@id\":\"https:\/\/www.gaveanews.com\/#\/schema\/person\/image\/\",\"url\":\"https:\/\/secure.gravatar.com\/avatar\/1e1956f1facbffd3f8fa53a326721950116b3b9dc9bd44939c01180fd4a745a9?s=96&d=mm&r=g\",\"contentUrl\":\"https:\/\/secure.gravatar.com\/avatar\/1e1956f1facbffd3f8fa53a326721950116b3b9dc9bd44939c01180fd4a745a9?s=96&d=mm&r=g\",\"caption\":\"Equipe G\u00e1vea News\"}}]}<\/script>\n<!-- \/ Yoast SEO Premium plugin. -->","yoast_head_json":{"title":"Mais 3 jogadores do Flamengo s\u00e3o convocados","description":"Recheado de talentos, o time do Flamengo sempre sofre muito quando as sele\u00e7\u00f5es realizam suas respectivas convoca\u00e7\u00f5es.","robots":{"index":"index","follow":"follow","max-snippet":"max-snippet:-1","max-image-preview":"max-image-preview:large","max-video-preview":"max-video-preview:-1"},"canonical":"https:\/\/www.gaveanews.com\/index.php\/2024\/06\/20\/mais-3-jogadores-do-flamengo-sao-convocados\/","og_locale":"pt_BR","og_type":"article","og_title":"Mais 3 jogadores do Flamengo s\u00e3o convocados","og_description":"Recheado de talentos, o time do Flamengo sempre sofre muito quando as sele\u00e7\u00f5es realizam suas respectivas convoca\u00e7\u00f5es.","og_url":"https:\/\/www.gaveanews.com\/index.php\/2024\/06\/20\/mais-3-jogadores-do-flamengo-sao-convocados\/","og_site_name":"G\u00e1vea News","article_publisher":"https:\/\/facebook.com\/gaveaNews\/","article_published_time":"2024-06-20T10:00:00+00:00","og_image":[{"width":799,"height":533,"url":"https:\/\/www.gaveanews.com\/wp-content\/uploads\/Elenco-Sub-17-do-Flamengo-levanta-a-taca-da-Copa-do-Brasil-da-categoria.webp","type":"image\/jpeg"}],"author":"Equipe G\u00e1vea News","twitter_card":"summary_large_image","twitter_misc":{"Escrito por":"Equipe G\u00e1vea News","Est. tempo de leitura":"3 minutos"},"schema":{"@context":"https:\/\/schema.org","@graph":[{"@type":"NewsArticle","@id":"https:\/\/www.gaveanews.com\/index.php\/2024\/06\/20\/mais-3-jogadores-do-flamengo-sao-convocados\/#article","isPartOf":{"@id":"https:\/\/www.gaveanews.com\/index.php\/2024\/06\/20\/mais-3-jogadores-do-flamengo-sao-convocados\/"},"author":{"name":"Equipe G\u00e1vea News","@id":"https:\/\/www.gaveanews.com\/#\/schema\/person\/2ec14f73fb96be2caf28f91afb14749d"},"headline":"Mais 3 jogadores do Flamengo s\u00e3o convocados","datePublished":"2024-06-20T10:00:00+00:00","mainEntityOfPage":{"@id":"https:\/\/www.gaveanews.com\/index.php\/2024\/06\/20\/mais-3-jogadores-do-flamengo-sao-convocados\/"},"wordCount":431,"commentCount":0,"image":{"@id":"https:\/\/www.gaveanews.com\/index.php\/2024\/06\/20\/mais-3-jogadores-do-flamengo-sao-convocados\/#primaryimage"},"thumbnailUrl":"https:\/\/www.gaveanews.com\/wp-content\/uploads\/Elenco-Sub-17-do-Flamengo-levanta-a-taca-da-Copa-do-Brasil-da-categoria.webp","articleSection":["Flamengo"],"inLanguage":"pt-BR","potentialAction":[{"@type":"CommentAction","name":"Comment","target":["https:\/\/www.gaveanews.com\/index.php\/2024\/06\/20\/mais-3-jogadores-do-flamengo-sao-convocados\/#respond"]}],"copyrightYear":"2024","copyrightHolder":{"@id":"https:\/\/www.gaveanews.com\/#organization"}},{"@type":"WebPage","@id":"https:\/\/www.gaveanews.com\/index.php\/2024\/06\/20\/mais-3-jogadores-do-flamengo-sao-convocados\/","url":"https:\/\/www.gaveanews.com\/index.php\/2024\/06\/20\/mais-3-jogadores-do-flamengo-sao-convocados\/","name":"Mais 3 jogadores do Flamengo s\u00e3o convocados","isPartOf":{"@id":"https:\/\/www.gaveanews.com\/#website"},"primaryImageOfPage":{"@id":"https:\/\/www.gaveanews.com\/index.php\/2024\/06\/20\/mais-3-jogadores-do-flamengo-sao-convocados\/#primaryimage"},"image":{"@id":"https:\/\/www.gaveanews.com\/index.php\/2024\/06\/20\/mais-3-jogadores-do-flamengo-sao-convocados\/#primaryimage"},"thumbnailUrl":"https:\/\/www.gaveanews.com\/wp-content\/uploads\/Elenco-Sub-17-do-Flamengo-levanta-a-taca-da-Copa-do-Brasil-da-categoria.webp","datePublished":"2024-06-20T10:00:00+00:00","author":{"@id":"https:\/\/www.gaveanews.com\/#\/schema\/person\/2ec14f73fb96be2caf28f91afb14749d"},"description":"Recheado de talentos, o time do Flamengo sempre sofre muito quando as sele\u00e7\u00f5es realizam suas respectivas convoca\u00e7\u00f5es.","breadcrumb":{"@id":"https:\/\/www.gaveanews.com\/index.php\/2024\/06\/20\/mais-3-jogadores-do-flamengo-sao-convocados\/#breadcrumb"},"inLanguage":"pt-BR","potentialAction":[{"@type":"ReadAction","target":["https:\/\/www.gaveanews.com\/index.php\/2024\/06\/20\/mais-3-jogadores-do-flamengo-sao-convocados\/"]}]},{"@type":"ImageObject","inLanguage":"pt-BR","@id":"https:\/\/www.gaveanews.com\/index.php\/2024\/06\/20\/mais-3-jogadores-do-flamengo-sao-convocados\/#primaryimage","url":"https:\/\/www.gaveanews.com\/wp-content\/uploads\/Elenco-Sub-17-do-Flamengo-levanta-a-taca-da-Copa-do-Brasil-da-categoria.webp","contentUrl":"https:\/\/www.gaveanews.com\/wp-content\/uploads\/Elenco-Sub-17-do-Flamengo-levanta-a-taca-da-Copa-do-Brasil-da-categoria.webp","width":799,"height":533,"caption":"Elenco Sub-17 do Flamengo levanta a ta\u00e7a da Copa do Brasil da categoria (Foto: Gilvan de Souza\/Flamengo)"},{"@type":"BreadcrumbList","@id":"https:\/\/www.gaveanews.com\/index.php\/2024\/06\/20\/mais-3-jogadores-do-flamengo-sao-convocados\/#breadcrumb","itemListElement":[{"@type":"ListItem","position":1,"name":"Home","item":"https:\/\/www.gaveanews.com\/"},{"@type":"ListItem","position":2,"name":"Mais 3 jogadores do Flamengo s\u00e3o convocados"}]},{"@type":"WebSite","@id":"https:\/\/www.gaveanews.com\/#website","url":"https:\/\/www.gaveanews.com\/","name":"G\u00e1vea News","description":"Veja todas as not\u00edcias sobre o Flamengo: Contrata\u00e7\u00f5es, categorias de base, resultados das partidas, tabela de classifica\u00e7\u00e3o, pr\u00f3ximos jogos!","potentialAction":[{"@type":"SearchAction","target":{"@type":"EntryPoint","urlTemplate":"https:\/\/www.gaveanews.com\/?s={search_term_string}"},"query-input":{"@type":"PropertyValueSpecification","valueRequired":true,"valueName":"search_term_string"}}],"inLanguage":"pt-BR"},{"@type":"Person","@id":"https:\/\/www.gaveanews.com\/#\/schema\/person\/2ec14f73fb96be2caf28f91afb14749d","name":"Equipe G\u00e1vea News","image":{"@type":"ImageObject","inLanguage":"pt-BR","@id":"https:\/\/www.gaveanews.com\/#\/schema\/person\/image\/","url":"https:\/\/secure.gravatar.com\/avatar\/1e1956f1facbffd3f8fa53a326721950116b3b9dc9bd44939c01180fd4a745a9?s=96&d=mm&r=g","contentUrl":"https:\/\/secure.gravatar.com\/avatar\/1e1956f1facbffd3f8fa53a326721950116b3b9dc9bd44939c01180fd4a745a9?s=96&d=mm&r=g","caption":"Equipe G\u00e1vea News"}}]}},"_links":{"self":[{"href":"https:\/\/www.gaveanews.com\/index.php\/wp-json\/wp\/v2\/posts\/148634","targetHints":{"allow":["GET"]}}],"collection":[{"href":"https:\/\/www.gaveanews.com\/index.php\/wp-json\/wp\/v2\/posts"}],"about":[{"href":"https:\/\/www.gaveanews.com\/index.php\/wp-json\/wp\/v2\/types\/post"}],"author":[{"embeddable":true,"href":"https:\/\/www.gaveanews.com\/index.php\/wp-json\/wp\/v2\/users\/1"}],"replies":[{"embeddable":true,"href":"https:\/\/www.gaveanews.com\/index.php\/wp-json\/wp\/v2\/comments?post=148634"}],"version-history":[{"count":1,"href":"https:\/\/www.gaveanews.com\/index.php\/wp-json\/wp\/v2\/posts\/148634\/revisions"}],"predecessor-version":[{"id":148635,"href":"https:\/\/www.gaveanews.com\/index.php\/wp-json\/wp\/v2\/posts\/148634\/revisions\/148635"}],"wp:featuredmedia":[{"embeddable":true,"href":"https:\/\/www.gaveanews.com\/index.php\/wp-json\/wp\/v2\/media\/71873"}],"wp:attachment":[{"href":"https:\/\/www.gaveanews.com\/index.php\/wp-json\/wp\/v2\/media?parent=148634"}],"wp:term":[{"taxonomy":"category","embeddable":true,"href":"https:\/\/www.gaveanews.com\/index.php\/wp-json\/wp\/v2\/categories?post=148634"},{"taxonomy":"post_tag","embeddable":true,"href":"https:\/\/www.gaveanews.com\/index.php\/wp-json\/wp\/v2\/tags?post=148634"}],"curies":[{"name":"wp","href":"https:\/\/api.w.org\/{rel}","templated":true}]}}