{"id":148636,"date":"2024-06-20T07:30:00","date_gmt":"2024-06-20T10:30:00","guid":{"rendered":"https:\/\/www.gaveanews.com\/?p=148636"},"modified":"2024-06-20T03:42:07","modified_gmt":"2024-06-20T06:42:07","slug":"cruzeiro-manda-representante-para-a-europa-para-atravessar-negocio-do-flamengo","status":"publish","type":"post","link":"https:\/\/www.gaveanews.com\/index.php\/2024\/06\/20\/cruzeiro-manda-representante-para-a-europa-para-atravessar-negocio-do-flamengo\/","title":{"rendered":"Cruzeiro manda representante para a Europa para atravessar neg\u00f3cio do Flamengo"},"content":{"rendered":"\n<p>O CEO de futebol do Cruzeiro, Alexandre Mattos, est\u00e1 em miss\u00e3o na Europa com o objetivo de destravar negocia\u00e7\u00f5es importantes para o clube mineiro. Uma das principais metas de Mattos \u00e9 entender as possibilidades de contratar Walace, volante de 29 anos, atualmente na Udinese.<\/p>\n\n\n\n<p>Walace, revelado pelo Gr\u00eamio e campe\u00e3o ol\u00edmpico com a Sele\u00e7\u00e3o Brasileira em 2016, tem sido um nome recorrente nas janelas de transfer\u00eancias. Desde 2018, ele \u00e9 especulado como poss\u00edvel refor\u00e7o do Flamengo, mas at\u00e9 agora nenhuma negocia\u00e7\u00e3o se concretizou. <\/p>\n\n\n\n<p>O volante v\u00ea com bons olhos a possibilidade de retornar ao Brasil. Com contrato at\u00e9 junho de 2026, Walace pediu para ser negociado e a Udinese est\u00e1 disposta a liber\u00e1-lo por cerca de R$ 35 milh\u00f5es. A presen\u00e7a de Alexandre Mattos na Europa busca justamente firmar um acordo com os mandat\u00e1rios do clube italiano.<\/p>\n\n\n\n<h2 class=\"wp-block-heading\" id=\"h-carreira-de-walace-souza-silva\">Carreira de Walace Souza Silva<\/h2>\n\n\n<div class=\"wp-block-image\">\n<figure class=\"aligncenter size-full\"><img loading=\"lazy\" decoding=\"async\" width=\"889\" height=\"567\" src=\"https:\/\/www.gaveanews.com\/wp-content\/uploads\/Walace-jogador-da-Udinese.webp\" alt=\"\" class=\"wp-image-84769\" srcset=\"https:\/\/www.gaveanews.com\/wp-content\/uploads\/Walace-jogador-da-Udinese.webp 889w, https:\/\/www.gaveanews.com\/wp-content\/uploads\/Walace-jogador-da-Udinese-300x191.webp 300w, https:\/\/www.gaveanews.com\/wp-content\/uploads\/Walace-jogador-da-Udinese-768x490.webp 768w, https:\/\/www.gaveanews.com\/wp-content\/uploads\/Walace-jogador-da-Udinese-659x420.webp 659w, https:\/\/www.gaveanews.com\/wp-content\/uploads\/Walace-jogador-da-Udinese-640x408.webp 640w, https:\/\/www.gaveanews.com\/wp-content\/uploads\/Walace-jogador-da-Udinese-681x434.webp 681w, https:\/\/www.gaveanews.com\/wp-content\/uploads\/Walace-jogador-da-Udinese-100x64.webp 100w\" sizes=\"auto, (max-width: 889px) 100vw, 889px\" \/><figcaption class=\"wp-element-caption\">Walace, jogador da Udinese (Foto: Reprodu\u00e7\u00e3o)<\/figcaption><\/figure>\n<\/div>\n\n\n<p>Walace Souza Silva, conhecido simplesmente como Walace, come\u00e7ou sua carreira profissional no Gr\u00eamio, onde rapidamente se destacou como volante. Revelado pelas categorias de base do clube, ele fez sua estreia pelo time principal em 2014. Durante sua passagem pelo Gr\u00eamio, Walace se tornou uma pe\u00e7a fundamental no meio-campo, ajudando o clube a conquistar a Copa do Brasil em 2016, um t\u00edtulo que encerrou um jejum de 15 anos sem conquistas nacionais.<\/p>\n\n\n\n<p>Em 2017, Walace se transferiu para o Hamburgo, da Alemanha, onde permaneceu at\u00e9 2019. No futebol europeu, ele continuou a evoluir como jogador, enfrentando desafios na Bundesliga e aprimorando suas habilidades defensivas e de distribui\u00e7\u00e3o de bola. Posteriormente, Walace mudou-se para a Udinese, da It\u00e1lia, onde continuou a mostrar seu valor em uma das ligas mais competitivas do mundo, a Serie A.<\/p>\n\n\n\n<p>Al\u00e9m de sua trajet\u00f3ria nos clubes, Walace teve uma participa\u00e7\u00e3o importante na sele\u00e7\u00e3o brasileira. Ele foi convocado para a Sele\u00e7\u00e3o Ol\u00edmpica que disputou os Jogos Ol\u00edmpicos de 2016 no Rio de Janeiro. Na competi\u00e7\u00e3o, Walace desempenhou um papel crucial no meio-campo, contribuindo para que o Brasil conquistasse a medalha de ouro in\u00e9dita no futebol masculino, um feito hist\u00f3rico para o esporte nacional.<\/p>\n","protected":false},"excerpt":{"rendered":"<p>O CEO de futebol do Cruzeiro, Alexandre Mattos, est\u00e1 em miss\u00e3o na Europa com o objetivo de destravar negocia\u00e7\u00f5es importantes para o clube mineiro. Uma das principais metas de Mattos \u00e9 entender as possibilidades de contratar Walace, volante de 29 anos, atualmente na Udinese. Walace, revelado pelo Gr\u00eamio e campe\u00e3o ol\u00edmpico com a Sele\u00e7\u00e3o Brasileira [&hellip;]<\/p>\n","protected":false},"author":1,"featured_media":127549,"comment_status":"open","ping_status":"closed","sticky":false,"template":"","format":"standard","meta":{"footnotes":""},"categories":[1],"tags":[],"class_list":["post-148636","post","type-post","status-publish","format-standard","has-post-thumbnail","hentry","category-flamengo"],"yoast_head":"<!-- This site is optimized with the Yoast SEO Premium plugin v24.2 (Yoast SEO v26.9) - https:\/\/yoast.com\/product\/yoast-seo-premium-wordpress\/ -->\n<title>Cruzeiro manda representante para a Europa para atravessar neg\u00f3cio do Flamengo<\/title>\n<meta name=\"robots\" content=\"index, follow, max-snippet:-1, max-image-preview:large, max-video-preview:-1\" \/>\n<link rel=\"canonical\" href=\"https:\/\/www.gaveanews.com\/index.php\/2024\/06\/20\/cruzeiro-manda-representante-para-a-europa-para-atravessar-negocio-do-flamengo\/\" \/>\n<meta property=\"og:locale\" content=\"pt_BR\" \/>\n<meta property=\"og:type\" content=\"article\" \/>\n<meta property=\"og:title\" content=\"Cruzeiro manda representante para a Europa para atravessar neg\u00f3cio do Flamengo\" \/>\n<meta property=\"og:description\" content=\"O CEO de futebol do Cruzeiro, Alexandre Mattos, est\u00e1 em miss\u00e3o na Europa com o objetivo de destravar negocia\u00e7\u00f5es importantes para o clube mineiro. Uma das principais metas de Mattos \u00e9 entender as possibilidades de contratar Walace, volante de 29 anos, atualmente na Udinese. Walace, revelado pelo Gr\u00eamio e campe\u00e3o ol\u00edmpico com a Sele\u00e7\u00e3o Brasileira [&hellip;]\" \/>\n<meta property=\"og:url\" content=\"https:\/\/www.gaveanews.com\/index.php\/2024\/06\/20\/cruzeiro-manda-representante-para-a-europa-para-atravessar-negocio-do-flamengo\/\" \/>\n<meta property=\"og:site_name\" content=\"G\u00e1vea News\" \/>\n<meta property=\"article:publisher\" content=\"https:\/\/facebook.com\/gaveaNews\/\" \/>\n<meta property=\"article:published_time\" content=\"2024-06-20T10:30:00+00:00\" \/>\n<meta property=\"og:image\" content=\"https:\/\/www.gaveanews.com\/wp-content\/uploads\/Marcos-Braz.webp\" \/>\n\t<meta property=\"og:image:width\" content=\"1200\" \/>\n\t<meta property=\"og:image:height\" content=\"750\" \/>\n\t<meta property=\"og:image:type\" content=\"image\/webp\" \/>\n<meta name=\"author\" content=\"Equipe G\u00e1vea News\" \/>\n<meta name=\"twitter:card\" content=\"summary_large_image\" \/>\n<meta name=\"twitter:label1\" content=\"Escrito por\" \/>\n\t<meta name=\"twitter:data1\" content=\"Equipe G\u00e1vea News\" \/>\n\t<meta name=\"twitter:label2\" content=\"Est. tempo de leitura\" \/>\n\t<meta name=\"twitter:data2\" content=\"3 minutos\" \/>\n<script type=\"application\/ld+json\" class=\"yoast-schema-graph\">{\"@context\":\"https:\/\/schema.org\",\"@graph\":[{\"@type\":\"NewsArticle\",\"@id\":\"https:\/\/www.gaveanews.com\/index.php\/2024\/06\/20\/cruzeiro-manda-representante-para-a-europa-para-atravessar-negocio-do-flamengo\/#article\",\"isPartOf\":{\"@id\":\"https:\/\/www.gaveanews.com\/index.php\/2024\/06\/20\/cruzeiro-manda-representante-para-a-europa-para-atravessar-negocio-do-flamengo\/\"},\"author\":{\"name\":\"Equipe G\u00e1vea News\",\"@id\":\"https:\/\/www.gaveanews.com\/#\/schema\/person\/2ec14f73fb96be2caf28f91afb14749d\"},\"headline\":\"Cruzeiro manda representante para a Europa para atravessar neg\u00f3cio do Flamengo\",\"datePublished\":\"2024-06-20T10:30:00+00:00\",\"mainEntityOfPage\":{\"@id\":\"https:\/\/www.gaveanews.com\/index.php\/2024\/06\/20\/cruzeiro-manda-representante-para-a-europa-para-atravessar-negocio-do-flamengo\/\"},\"wordCount\":374,\"commentCount\":0,\"image\":{\"@id\":\"https:\/\/www.gaveanews.com\/index.php\/2024\/06\/20\/cruzeiro-manda-representante-para-a-europa-para-atravessar-negocio-do-flamengo\/#primaryimage\"},\"thumbnailUrl\":\"https:\/\/www.gaveanews.com\/wp-content\/uploads\/Marcos-Braz.webp\",\"articleSection\":[\"Flamengo\"],\"inLanguage\":\"pt-BR\",\"potentialAction\":[{\"@type\":\"CommentAction\",\"name\":\"Comment\",\"target\":[\"https:\/\/www.gaveanews.com\/index.php\/2024\/06\/20\/cruzeiro-manda-representante-para-a-europa-para-atravessar-negocio-do-flamengo\/#respond\"]}],\"copyrightYear\":\"2024\",\"copyrightHolder\":{\"@id\":\"https:\/\/www.gaveanews.com\/#organization\"}},{\"@type\":\"WebPage\",\"@id\":\"https:\/\/www.gaveanews.com\/index.php\/2024\/06\/20\/cruzeiro-manda-representante-para-a-europa-para-atravessar-negocio-do-flamengo\/\",\"url\":\"https:\/\/www.gaveanews.com\/index.php\/2024\/06\/20\/cruzeiro-manda-representante-para-a-europa-para-atravessar-negocio-do-flamengo\/\",\"name\":\"Cruzeiro manda representante para a Europa para atravessar neg\u00f3cio do Flamengo\",\"isPartOf\":{\"@id\":\"https:\/\/www.gaveanews.com\/#website\"},\"primaryImageOfPage\":{\"@id\":\"https:\/\/www.gaveanews.com\/index.php\/2024\/06\/20\/cruzeiro-manda-representante-para-a-europa-para-atravessar-negocio-do-flamengo\/#primaryimage\"},\"image\":{\"@id\":\"https:\/\/www.gaveanews.com\/index.php\/2024\/06\/20\/cruzeiro-manda-representante-para-a-europa-para-atravessar-negocio-do-flamengo\/#primaryimage\"},\"thumbnailUrl\":\"https:\/\/www.gaveanews.com\/wp-content\/uploads\/Marcos-Braz.webp\",\"datePublished\":\"2024-06-20T10:30:00+00:00\",\"author\":{\"@id\":\"https:\/\/www.gaveanews.com\/#\/schema\/person\/2ec14f73fb96be2caf28f91afb14749d\"},\"breadcrumb\":{\"@id\":\"https:\/\/www.gaveanews.com\/index.php\/2024\/06\/20\/cruzeiro-manda-representante-para-a-europa-para-atravessar-negocio-do-flamengo\/#breadcrumb\"},\"inLanguage\":\"pt-BR\",\"potentialAction\":[{\"@type\":\"ReadAction\",\"target\":[\"https:\/\/www.gaveanews.com\/index.php\/2024\/06\/20\/cruzeiro-manda-representante-para-a-europa-para-atravessar-negocio-do-flamengo\/\"]}]},{\"@type\":\"ImageObject\",\"inLanguage\":\"pt-BR\",\"@id\":\"https:\/\/www.gaveanews.com\/index.php\/2024\/06\/20\/cruzeiro-manda-representante-para-a-europa-para-atravessar-negocio-do-flamengo\/#primaryimage\",\"url\":\"https:\/\/www.gaveanews.com\/wp-content\/uploads\/Marcos-Braz.webp\",\"contentUrl\":\"https:\/\/www.gaveanews.com\/wp-content\/uploads\/Marcos-Braz.webp\",\"width\":1200,\"height\":750,\"caption\":\"Marcos Braz j\u00e1 foi vice-presidente de futebol do Flamengo - Foto: Gilvan de Souza\/Flamengo\"},{\"@type\":\"BreadcrumbList\",\"@id\":\"https:\/\/www.gaveanews.com\/index.php\/2024\/06\/20\/cruzeiro-manda-representante-para-a-europa-para-atravessar-negocio-do-flamengo\/#breadcrumb\",\"itemListElement\":[{\"@type\":\"ListItem\",\"position\":1,\"name\":\"Home\",\"item\":\"https:\/\/www.gaveanews.com\/\"},{\"@type\":\"ListItem\",\"position\":2,\"name\":\"Cruzeiro manda representante para a Europa para atravessar neg\u00f3cio do Flamengo\"}]},{\"@type\":\"WebSite\",\"@id\":\"https:\/\/www.gaveanews.com\/#website\",\"url\":\"https:\/\/www.gaveanews.com\/\",\"name\":\"G\u00e1vea News\",\"description\":\"Veja todas as not\u00edcias sobre o Flamengo: Contrata\u00e7\u00f5es, categorias de base, resultados das partidas, tabela de classifica\u00e7\u00e3o, pr\u00f3ximos jogos!\",\"potentialAction\":[{\"@type\":\"SearchAction\",\"target\":{\"@type\":\"EntryPoint\",\"urlTemplate\":\"https:\/\/www.gaveanews.com\/?s={search_term_string}\"},\"query-input\":{\"@type\":\"PropertyValueSpecification\",\"valueRequired\":true,\"valueName\":\"search_term_string\"}}],\"inLanguage\":\"pt-BR\"},{\"@type\":\"Person\",\"@id\":\"https:\/\/www.gaveanews.com\/#\/schema\/person\/2ec14f73fb96be2caf28f91afb14749d\",\"name\":\"Equipe G\u00e1vea News\",\"image\":{\"@type\":\"ImageObject\",\"inLanguage\":\"pt-BR\",\"@id\":\"https:\/\/www.gaveanews.com\/#\/schema\/person\/image\/\",\"url\":\"https:\/\/secure.gravatar.com\/avatar\/1e1956f1facbffd3f8fa53a326721950116b3b9dc9bd44939c01180fd4a745a9?s=96&d=mm&r=g\",\"contentUrl\":\"https:\/\/secure.gravatar.com\/avatar\/1e1956f1facbffd3f8fa53a326721950116b3b9dc9bd44939c01180fd4a745a9?s=96&d=mm&r=g\",\"caption\":\"Equipe G\u00e1vea News\"}}]}<\/script>\n<!-- \/ Yoast SEO Premium plugin. -->","yoast_head_json":{"title":"Cruzeiro manda representante para a Europa para atravessar neg\u00f3cio do Flamengo","robots":{"index":"index","follow":"follow","max-snippet":"max-snippet:-1","max-image-preview":"max-image-preview:large","max-video-preview":"max-video-preview:-1"},"canonical":"https:\/\/www.gaveanews.com\/index.php\/2024\/06\/20\/cruzeiro-manda-representante-para-a-europa-para-atravessar-negocio-do-flamengo\/","og_locale":"pt_BR","og_type":"article","og_title":"Cruzeiro manda representante para a Europa para atravessar neg\u00f3cio do Flamengo","og_description":"O CEO de futebol do Cruzeiro, Alexandre Mattos, est\u00e1 em miss\u00e3o na Europa com o objetivo de destravar negocia\u00e7\u00f5es importantes para o clube mineiro. Uma das principais metas de Mattos \u00e9 entender as possibilidades de contratar Walace, volante de 29 anos, atualmente na Udinese. Walace, revelado pelo Gr\u00eamio e campe\u00e3o ol\u00edmpico com a Sele\u00e7\u00e3o Brasileira [&hellip;]","og_url":"https:\/\/www.gaveanews.com\/index.php\/2024\/06\/20\/cruzeiro-manda-representante-para-a-europa-para-atravessar-negocio-do-flamengo\/","og_site_name":"G\u00e1vea News","article_publisher":"https:\/\/facebook.com\/gaveaNews\/","article_published_time":"2024-06-20T10:30:00+00:00","og_image":[{"width":1200,"height":750,"url":"https:\/\/www.gaveanews.com\/wp-content\/uploads\/Marcos-Braz.webp","type":"image\/webp"}],"author":"Equipe G\u00e1vea News","twitter_card":"summary_large_image","twitter_misc":{"Escrito por":"Equipe G\u00e1vea News","Est. tempo de leitura":"3 minutos"},"schema":{"@context":"https:\/\/schema.org","@graph":[{"@type":"NewsArticle","@id":"https:\/\/www.gaveanews.com\/index.php\/2024\/06\/20\/cruzeiro-manda-representante-para-a-europa-para-atravessar-negocio-do-flamengo\/#article","isPartOf":{"@id":"https:\/\/www.gaveanews.com\/index.php\/2024\/06\/20\/cruzeiro-manda-representante-para-a-europa-para-atravessar-negocio-do-flamengo\/"},"author":{"name":"Equipe G\u00e1vea News","@id":"https:\/\/www.gaveanews.com\/#\/schema\/person\/2ec14f73fb96be2caf28f91afb14749d"},"headline":"Cruzeiro manda representante para a Europa para atravessar neg\u00f3cio do Flamengo","datePublished":"2024-06-20T10:30:00+00:00","mainEntityOfPage":{"@id":"https:\/\/www.gaveanews.com\/index.php\/2024\/06\/20\/cruzeiro-manda-representante-para-a-europa-para-atravessar-negocio-do-flamengo\/"},"wordCount":374,"commentCount":0,"image":{"@id":"https:\/\/www.gaveanews.com\/index.php\/2024\/06\/20\/cruzeiro-manda-representante-para-a-europa-para-atravessar-negocio-do-flamengo\/#primaryimage"},"thumbnailUrl":"https:\/\/www.gaveanews.com\/wp-content\/uploads\/Marcos-Braz.webp","articleSection":["Flamengo"],"inLanguage":"pt-BR","potentialAction":[{"@type":"CommentAction","name":"Comment","target":["https:\/\/www.gaveanews.com\/index.php\/2024\/06\/20\/cruzeiro-manda-representante-para-a-europa-para-atravessar-negocio-do-flamengo\/#respond"]}],"copyrightYear":"2024","copyrightHolder":{"@id":"https:\/\/www.gaveanews.com\/#organization"}},{"@type":"WebPage","@id":"https:\/\/www.gaveanews.com\/index.php\/2024\/06\/20\/cruzeiro-manda-representante-para-a-europa-para-atravessar-negocio-do-flamengo\/","url":"https:\/\/www.gaveanews.com\/index.php\/2024\/06\/20\/cruzeiro-manda-representante-para-a-europa-para-atravessar-negocio-do-flamengo\/","name":"Cruzeiro manda representante para a Europa para atravessar neg\u00f3cio do Flamengo","isPartOf":{"@id":"https:\/\/www.gaveanews.com\/#website"},"primaryImageOfPage":{"@id":"https:\/\/www.gaveanews.com\/index.php\/2024\/06\/20\/cruzeiro-manda-representante-para-a-europa-para-atravessar-negocio-do-flamengo\/#primaryimage"},"image":{"@id":"https:\/\/www.gaveanews.com\/index.php\/2024\/06\/20\/cruzeiro-manda-representante-para-a-europa-para-atravessar-negocio-do-flamengo\/#primaryimage"},"thumbnailUrl":"https:\/\/www.gaveanews.com\/wp-content\/uploads\/Marcos-Braz.webp","datePublished":"2024-06-20T10:30:00+00:00","author":{"@id":"https:\/\/www.gaveanews.com\/#\/schema\/person\/2ec14f73fb96be2caf28f91afb14749d"},"breadcrumb":{"@id":"https:\/\/www.gaveanews.com\/index.php\/2024\/06\/20\/cruzeiro-manda-representante-para-a-europa-para-atravessar-negocio-do-flamengo\/#breadcrumb"},"inLanguage":"pt-BR","potentialAction":[{"@type":"ReadAction","target":["https:\/\/www.gaveanews.com\/index.php\/2024\/06\/20\/cruzeiro-manda-representante-para-a-europa-para-atravessar-negocio-do-flamengo\/"]}]},{"@type":"ImageObject","inLanguage":"pt-BR","@id":"https:\/\/www.gaveanews.com\/index.php\/2024\/06\/20\/cruzeiro-manda-representante-para-a-europa-para-atravessar-negocio-do-flamengo\/#primaryimage","url":"https:\/\/www.gaveanews.com\/wp-content\/uploads\/Marcos-Braz.webp","contentUrl":"https:\/\/www.gaveanews.com\/wp-content\/uploads\/Marcos-Braz.webp","width":1200,"height":750,"caption":"Marcos Braz j\u00e1 foi vice-presidente de futebol do Flamengo - Foto: Gilvan de Souza\/Flamengo"},{"@type":"BreadcrumbList","@id":"https:\/\/www.gaveanews.com\/index.php\/2024\/06\/20\/cruzeiro-manda-representante-para-a-europa-para-atravessar-negocio-do-flamengo\/#breadcrumb","itemListElement":[{"@type":"ListItem","position":1,"name":"Home","item":"https:\/\/www.gaveanews.com\/"},{"@type":"ListItem","position":2,"name":"Cruzeiro manda representante para a Europa para atravessar neg\u00f3cio do Flamengo"}]},{"@type":"WebSite","@id":"https:\/\/www.gaveanews.com\/#website","url":"https:\/\/www.gaveanews.com\/","name":"G\u00e1vea News","description":"Veja todas as not\u00edcias sobre o Flamengo: Contrata\u00e7\u00f5es, categorias de base, resultados das partidas, tabela de classifica\u00e7\u00e3o, pr\u00f3ximos jogos!","potentialAction":[{"@type":"SearchAction","target":{"@type":"EntryPoint","urlTemplate":"https:\/\/www.gaveanews.com\/?s={search_term_string}"},"query-input":{"@type":"PropertyValueSpecification","valueRequired":true,"valueName":"search_term_string"}}],"inLanguage":"pt-BR"},{"@type":"Person","@id":"https:\/\/www.gaveanews.com\/#\/schema\/person\/2ec14f73fb96be2caf28f91afb14749d","name":"Equipe G\u00e1vea News","image":{"@type":"ImageObject","inLanguage":"pt-BR","@id":"https:\/\/www.gaveanews.com\/#\/schema\/person\/image\/","url":"https:\/\/secure.gravatar.com\/avatar\/1e1956f1facbffd3f8fa53a326721950116b3b9dc9bd44939c01180fd4a745a9?s=96&d=mm&r=g","contentUrl":"https:\/\/secure.gravatar.com\/avatar\/1e1956f1facbffd3f8fa53a326721950116b3b9dc9bd44939c01180fd4a745a9?s=96&d=mm&r=g","caption":"Equipe G\u00e1vea News"}}]}},"_links":{"self":[{"href":"https:\/\/www.gaveanews.com\/index.php\/wp-json\/wp\/v2\/posts\/148636","targetHints":{"allow":["GET"]}}],"collection":[{"href":"https:\/\/www.gaveanews.com\/index.php\/wp-json\/wp\/v2\/posts"}],"about":[{"href":"https:\/\/www.gaveanews.com\/index.php\/wp-json\/wp\/v2\/types\/post"}],"author":[{"embeddable":true,"href":"https:\/\/www.gaveanews.com\/index.php\/wp-json\/wp\/v2\/users\/1"}],"replies":[{"embeddable":true,"href":"https:\/\/www.gaveanews.com\/index.php\/wp-json\/wp\/v2\/comments?post=148636"}],"version-history":[{"count":1,"href":"https:\/\/www.gaveanews.com\/index.php\/wp-json\/wp\/v2\/posts\/148636\/revisions"}],"predecessor-version":[{"id":148638,"href":"https:\/\/www.gaveanews.com\/index.php\/wp-json\/wp\/v2\/posts\/148636\/revisions\/148638"}],"wp:featuredmedia":[{"embeddable":true,"href":"https:\/\/www.gaveanews.com\/index.php\/wp-json\/wp\/v2\/media\/127549"}],"wp:attachment":[{"href":"https:\/\/www.gaveanews.com\/index.php\/wp-json\/wp\/v2\/media?parent=148636"}],"wp:term":[{"taxonomy":"category","embeddable":true,"href":"https:\/\/www.gaveanews.com\/index.php\/wp-json\/wp\/v2\/categories?post=148636"},{"taxonomy":"post_tag","embeddable":true,"href":"https:\/\/www.gaveanews.com\/index.php\/wp-json\/wp\/v2\/tags?post=148636"}],"curies":[{"name":"wp","href":"https:\/\/api.w.org\/{rel}","templated":true}]}}