{"id":148640,"date":"2024-06-20T08:00:00","date_gmt":"2024-06-20T11:00:00","guid":{"rendered":"https:\/\/www.gaveanews.com\/?p=148640"},"modified":"2024-06-20T03:55:34","modified_gmt":"2024-06-20T06:55:34","slug":"galvao-bueno-vai-participar-de-novo-programa-na-rede-globo","status":"publish","type":"post","link":"https:\/\/www.gaveanews.com\/index.php\/2024\/06\/20\/galvao-bueno-vai-participar-de-novo-programa-na-rede-globo\/","title":{"rendered":"Galv\u00e3o Bueno vai participar de novo programa na Rede Globo"},"content":{"rendered":"\n<p>A Globo finalizou todos os detalhes da Central Ol\u00edmpica, programa di\u00e1rio que cobrir\u00e1 os acontecimentos dos Jogos Ol\u00edmpicos de Paris. O programa ser\u00e1 comandado por Tadeu Schmidt e pela ex-jogadora de v\u00f4lei Fernanda Garay, e ser\u00e1 transmitido em hor\u00e1rio nobre, logo ap\u00f3s a novela &#8220;Renascer&#8221;. Al\u00e9m de Schmidt e Garay, o programa contar\u00e1 com as participa\u00e7\u00f5es de Karine Alves, Tiago Medeiros, Galv\u00e3o Bueno e Marcelo Adnet, trazendo uma diversidade de perspectivas e abordagens para a cobertura ol\u00edmpica.<\/p>\n\n\n\n<p>Tadeu Schmidt ter\u00e1 um papel crucial no programa, realizando uma cr\u00f4nica di\u00e1ria sobre os melhores momentos dos Jogos. Fernanda Garay apresentar\u00e1 o quadro &#8220;Cabe\u00e7a de Atleta&#8221;, onde utilizar\u00e1 sua experi\u00eancia como ex-jogadora para analisar o estado mental dos atletas em momentos decisivos. Ela tamb\u00e9m atualizar\u00e1 o &#8220;term\u00f4metro&#8221; de desempenho dos atletas ao final de cada programa, destacando quem teve um desempenho bom ou ruim.<\/p>\n\n\n\n<p>Galv\u00e3o Bueno, famoso narrador esportivo, trar\u00e1 sua experi\u00eancia e carisma para o quadro &#8220;Olha o Que Ele Viu&#8221;, comentando os eventos mais importantes do dia. Karine Alves, por sua vez, explorar\u00e1 as ruas de Paris para mostrar curiosidades e hist\u00f3rias locais durante as competi\u00e7\u00f5es, proporcionando uma vis\u00e3o mais ampla e cultural dos Jogos Ol\u00edmpicos.<\/p>\n\n\n\n<p>Tiago Medeiros acompanhar\u00e1 as provas dos atletas brasileiros ao lado de seus amigos e familiares, trazendo um olhar mais \u00edntimo e emocionante para a cobertura. Al\u00e9m disso, ele desafiar\u00e1 as pessoas nas ruas a praticarem modalidades que est\u00e3o sendo disputadas em Paris, tornando a experi\u00eancia mais interativa e divertida. O humorista Marcelo Adnet tamb\u00e9m contribuir\u00e1 com sua irrever\u00eancia, adicionando um toque de humor ao programa.<\/p>\n\n\n\n<p>A Central Ol\u00edmpica ainda ter\u00e1 o quadro &#8220;Boa Sorte&#8221;, onde parentes e amigos dos atletas brasileiros gravar\u00e3o mensagens de apoio na v\u00e9spera das competi\u00e7\u00f5es, refor\u00e7ando a conex\u00e3o emocional com o p\u00fablico. No quadro &#8220;\u00c9 Amanh\u00e3&#8221;, personalidades como o chef Claude Troisgros e a atriz Susana Vieira convocar\u00e3o os telespectadores a n\u00e3o perderem os eventos do dia seguinte, aumentando a expectativa e o engajamento.<\/p>\n\n\n\n<p>Al\u00e9m das novidades sobre o programa, Galv\u00e3o Bueno, que havia anunciado aposentadoria em 2022, retornou \u00e0 TV no programa &#8220;\u00c9 de Casa&#8221;. Atualmente, ele est\u00e1 em conversas com a Globo para renovar seu contrato, que termina no final do ano. <\/p>\n\n\n\n<p>Ligado \u00e0 \u00e1rea de entretenimento, Galv\u00e3o continua a ser uma figura importante para a emissora, mantendo seu v\u00ednculo com o p\u00fablico e trazendo sua expertise para a cobertura dos Jogos Ol\u00edmpicos.<\/p>\n","protected":false},"excerpt":{"rendered":"<p>A Globo finalizou todos os detalhes da Central Ol\u00edmpica, programa di\u00e1rio que cobrir\u00e1 os acontecimentos dos Jogos Ol\u00edmpicos de Paris. O programa ser\u00e1 comandado por Tadeu Schmidt e pela ex-jogadora de v\u00f4lei Fernanda Garay, e ser\u00e1 transmitido em hor\u00e1rio nobre, logo ap\u00f3s a novela &#8220;Renascer&#8221;. Al\u00e9m de Schmidt e Garay, o programa contar\u00e1 com as [&hellip;]<\/p>\n","protected":false},"author":1,"featured_media":96144,"comment_status":"open","ping_status":"closed","sticky":false,"template":"","format":"standard","meta":{"footnotes":""},"categories":[1,148],"tags":[],"class_list":["post-148640","post","type-post","status-publish","format-standard","has-post-thumbnail","hentry","category-flamengo","category-internacional"],"yoast_head":"<!-- This site is optimized with the Yoast SEO Premium plugin v24.2 (Yoast SEO v26.9) - https:\/\/yoast.com\/product\/yoast-seo-premium-wordpress\/ -->\n<title>Galv\u00e3o Bueno vai participar de novo programa na Rede Globo<\/title>\n<meta name=\"robots\" content=\"index, follow, max-snippet:-1, max-image-preview:large, max-video-preview:-1\" \/>\n<link rel=\"canonical\" href=\"https:\/\/www.gaveanews.com\/index.php\/2024\/06\/20\/galvao-bueno-vai-participar-de-novo-programa-na-rede-globo\/\" \/>\n<meta property=\"og:locale\" content=\"pt_BR\" \/>\n<meta property=\"og:type\" content=\"article\" \/>\n<meta property=\"og:title\" content=\"Galv\u00e3o Bueno vai participar de novo programa na Rede Globo\" \/>\n<meta property=\"og:description\" content=\"A Globo finalizou todos os detalhes da Central Ol\u00edmpica, programa di\u00e1rio que cobrir\u00e1 os acontecimentos dos Jogos Ol\u00edmpicos de Paris. O programa ser\u00e1 comandado por Tadeu Schmidt e pela ex-jogadora de v\u00f4lei Fernanda Garay, e ser\u00e1 transmitido em hor\u00e1rio nobre, logo ap\u00f3s a novela &#8220;Renascer&#8221;. Al\u00e9m de Schmidt e Garay, o programa contar\u00e1 com as [&hellip;]\" \/>\n<meta property=\"og:url\" content=\"https:\/\/www.gaveanews.com\/index.php\/2024\/06\/20\/galvao-bueno-vai-participar-de-novo-programa-na-rede-globo\/\" \/>\n<meta property=\"og:site_name\" content=\"G\u00e1vea News\" \/>\n<meta property=\"article:publisher\" content=\"https:\/\/facebook.com\/gaveaNews\/\" \/>\n<meta property=\"article:published_time\" content=\"2024-06-20T11:00:00+00:00\" \/>\n<meta property=\"og:image\" content=\"https:\/\/www.gaveanews.com\/wp-content\/uploads\/Galvao-Bueno-canal-YouTube.webp\" \/>\n\t<meta property=\"og:image:width\" content=\"846\" \/>\n\t<meta property=\"og:image:height\" content=\"577\" \/>\n\t<meta property=\"og:image:type\" content=\"image\/png\" \/>\n<meta name=\"author\" content=\"Equipe G\u00e1vea News\" \/>\n<meta name=\"twitter:card\" content=\"summary_large_image\" \/>\n<meta name=\"twitter:label1\" content=\"Escrito por\" \/>\n\t<meta name=\"twitter:data1\" content=\"Equipe G\u00e1vea News\" \/>\n\t<meta name=\"twitter:label2\" content=\"Est. tempo de leitura\" \/>\n\t<meta name=\"twitter:data2\" content=\"3 minutos\" \/>\n<script type=\"application\/ld+json\" class=\"yoast-schema-graph\">{\"@context\":\"https:\/\/schema.org\",\"@graph\":[{\"@type\":\"NewsArticle\",\"@id\":\"https:\/\/www.gaveanews.com\/index.php\/2024\/06\/20\/galvao-bueno-vai-participar-de-novo-programa-na-rede-globo\/#article\",\"isPartOf\":{\"@id\":\"https:\/\/www.gaveanews.com\/index.php\/2024\/06\/20\/galvao-bueno-vai-participar-de-novo-programa-na-rede-globo\/\"},\"author\":{\"name\":\"Equipe G\u00e1vea News\",\"@id\":\"https:\/\/www.gaveanews.com\/#\/schema\/person\/2ec14f73fb96be2caf28f91afb14749d\"},\"headline\":\"Galv\u00e3o Bueno vai participar de novo programa na Rede Globo\",\"datePublished\":\"2024-06-20T11:00:00+00:00\",\"mainEntityOfPage\":{\"@id\":\"https:\/\/www.gaveanews.com\/index.php\/2024\/06\/20\/galvao-bueno-vai-participar-de-novo-programa-na-rede-globo\/\"},\"wordCount\":442,\"commentCount\":0,\"image\":{\"@id\":\"https:\/\/www.gaveanews.com\/index.php\/2024\/06\/20\/galvao-bueno-vai-participar-de-novo-programa-na-rede-globo\/#primaryimage\"},\"thumbnailUrl\":\"https:\/\/www.gaveanews.com\/wp-content\/uploads\/Galvao-Bueno-canal-YouTube.webp\",\"articleSection\":[\"Flamengo\",\"Internacional\"],\"inLanguage\":\"pt-BR\",\"potentialAction\":[{\"@type\":\"CommentAction\",\"name\":\"Comment\",\"target\":[\"https:\/\/www.gaveanews.com\/index.php\/2024\/06\/20\/galvao-bueno-vai-participar-de-novo-programa-na-rede-globo\/#respond\"]}],\"copyrightYear\":\"2024\",\"copyrightHolder\":{\"@id\":\"https:\/\/www.gaveanews.com\/#organization\"}},{\"@type\":\"WebPage\",\"@id\":\"https:\/\/www.gaveanews.com\/index.php\/2024\/06\/20\/galvao-bueno-vai-participar-de-novo-programa-na-rede-globo\/\",\"url\":\"https:\/\/www.gaveanews.com\/index.php\/2024\/06\/20\/galvao-bueno-vai-participar-de-novo-programa-na-rede-globo\/\",\"name\":\"Galv\u00e3o Bueno vai participar de novo programa na Rede Globo\",\"isPartOf\":{\"@id\":\"https:\/\/www.gaveanews.com\/#website\"},\"primaryImageOfPage\":{\"@id\":\"https:\/\/www.gaveanews.com\/index.php\/2024\/06\/20\/galvao-bueno-vai-participar-de-novo-programa-na-rede-globo\/#primaryimage\"},\"image\":{\"@id\":\"https:\/\/www.gaveanews.com\/index.php\/2024\/06\/20\/galvao-bueno-vai-participar-de-novo-programa-na-rede-globo\/#primaryimage\"},\"thumbnailUrl\":\"https:\/\/www.gaveanews.com\/wp-content\/uploads\/Galvao-Bueno-canal-YouTube.webp\",\"datePublished\":\"2024-06-20T11:00:00+00:00\",\"author\":{\"@id\":\"https:\/\/www.gaveanews.com\/#\/schema\/person\/2ec14f73fb96be2caf28f91afb14749d\"},\"breadcrumb\":{\"@id\":\"https:\/\/www.gaveanews.com\/index.php\/2024\/06\/20\/galvao-bueno-vai-participar-de-novo-programa-na-rede-globo\/#breadcrumb\"},\"inLanguage\":\"pt-BR\",\"potentialAction\":[{\"@type\":\"ReadAction\",\"target\":[\"https:\/\/www.gaveanews.com\/index.php\/2024\/06\/20\/galvao-bueno-vai-participar-de-novo-programa-na-rede-globo\/\"]}]},{\"@type\":\"ImageObject\",\"inLanguage\":\"pt-BR\",\"@id\":\"https:\/\/www.gaveanews.com\/index.php\/2024\/06\/20\/galvao-bueno-vai-participar-de-novo-programa-na-rede-globo\/#primaryimage\",\"url\":\"https:\/\/www.gaveanews.com\/wp-content\/uploads\/Galvao-Bueno-canal-YouTube.webp\",\"contentUrl\":\"https:\/\/www.gaveanews.com\/wp-content\/uploads\/Galvao-Bueno-canal-YouTube.webp\",\"width\":846,\"height\":577,\"caption\":\"Galv\u00e3o Bueno (Foto: Divulga\u00e7\u00e3o)\"},{\"@type\":\"BreadcrumbList\",\"@id\":\"https:\/\/www.gaveanews.com\/index.php\/2024\/06\/20\/galvao-bueno-vai-participar-de-novo-programa-na-rede-globo\/#breadcrumb\",\"itemListElement\":[{\"@type\":\"ListItem\",\"position\":1,\"name\":\"Home\",\"item\":\"https:\/\/www.gaveanews.com\/\"},{\"@type\":\"ListItem\",\"position\":2,\"name\":\"Galv\u00e3o Bueno vai participar de novo programa na Rede Globo\"}]},{\"@type\":\"WebSite\",\"@id\":\"https:\/\/www.gaveanews.com\/#website\",\"url\":\"https:\/\/www.gaveanews.com\/\",\"name\":\"G\u00e1vea News\",\"description\":\"Veja todas as not\u00edcias sobre o Flamengo: Contrata\u00e7\u00f5es, categorias de base, resultados das partidas, tabela de classifica\u00e7\u00e3o, pr\u00f3ximos jogos!\",\"potentialAction\":[{\"@type\":\"SearchAction\",\"target\":{\"@type\":\"EntryPoint\",\"urlTemplate\":\"https:\/\/www.gaveanews.com\/?s={search_term_string}\"},\"query-input\":{\"@type\":\"PropertyValueSpecification\",\"valueRequired\":true,\"valueName\":\"search_term_string\"}}],\"inLanguage\":\"pt-BR\"},{\"@type\":\"Person\",\"@id\":\"https:\/\/www.gaveanews.com\/#\/schema\/person\/2ec14f73fb96be2caf28f91afb14749d\",\"name\":\"Equipe G\u00e1vea News\",\"image\":{\"@type\":\"ImageObject\",\"inLanguage\":\"pt-BR\",\"@id\":\"https:\/\/www.gaveanews.com\/#\/schema\/person\/image\/\",\"url\":\"https:\/\/secure.gravatar.com\/avatar\/1e1956f1facbffd3f8fa53a326721950116b3b9dc9bd44939c01180fd4a745a9?s=96&d=mm&r=g\",\"contentUrl\":\"https:\/\/secure.gravatar.com\/avatar\/1e1956f1facbffd3f8fa53a326721950116b3b9dc9bd44939c01180fd4a745a9?s=96&d=mm&r=g\",\"caption\":\"Equipe G\u00e1vea News\"}}]}<\/script>\n<!-- \/ Yoast SEO Premium plugin. -->","yoast_head_json":{"title":"Galv\u00e3o Bueno vai participar de novo programa na Rede Globo","robots":{"index":"index","follow":"follow","max-snippet":"max-snippet:-1","max-image-preview":"max-image-preview:large","max-video-preview":"max-video-preview:-1"},"canonical":"https:\/\/www.gaveanews.com\/index.php\/2024\/06\/20\/galvao-bueno-vai-participar-de-novo-programa-na-rede-globo\/","og_locale":"pt_BR","og_type":"article","og_title":"Galv\u00e3o Bueno vai participar de novo programa na Rede Globo","og_description":"A Globo finalizou todos os detalhes da Central Ol\u00edmpica, programa di\u00e1rio que cobrir\u00e1 os acontecimentos dos Jogos Ol\u00edmpicos de Paris. O programa ser\u00e1 comandado por Tadeu Schmidt e pela ex-jogadora de v\u00f4lei Fernanda Garay, e ser\u00e1 transmitido em hor\u00e1rio nobre, logo ap\u00f3s a novela &#8220;Renascer&#8221;. Al\u00e9m de Schmidt e Garay, o programa contar\u00e1 com as [&hellip;]","og_url":"https:\/\/www.gaveanews.com\/index.php\/2024\/06\/20\/galvao-bueno-vai-participar-de-novo-programa-na-rede-globo\/","og_site_name":"G\u00e1vea News","article_publisher":"https:\/\/facebook.com\/gaveaNews\/","article_published_time":"2024-06-20T11:00:00+00:00","og_image":[{"width":846,"height":577,"url":"https:\/\/www.gaveanews.com\/wp-content\/uploads\/Galvao-Bueno-canal-YouTube.webp","type":"image\/png"}],"author":"Equipe G\u00e1vea News","twitter_card":"summary_large_image","twitter_misc":{"Escrito por":"Equipe G\u00e1vea News","Est. tempo de leitura":"3 minutos"},"schema":{"@context":"https:\/\/schema.org","@graph":[{"@type":"NewsArticle","@id":"https:\/\/www.gaveanews.com\/index.php\/2024\/06\/20\/galvao-bueno-vai-participar-de-novo-programa-na-rede-globo\/#article","isPartOf":{"@id":"https:\/\/www.gaveanews.com\/index.php\/2024\/06\/20\/galvao-bueno-vai-participar-de-novo-programa-na-rede-globo\/"},"author":{"name":"Equipe G\u00e1vea News","@id":"https:\/\/www.gaveanews.com\/#\/schema\/person\/2ec14f73fb96be2caf28f91afb14749d"},"headline":"Galv\u00e3o Bueno vai participar de novo programa na Rede Globo","datePublished":"2024-06-20T11:00:00+00:00","mainEntityOfPage":{"@id":"https:\/\/www.gaveanews.com\/index.php\/2024\/06\/20\/galvao-bueno-vai-participar-de-novo-programa-na-rede-globo\/"},"wordCount":442,"commentCount":0,"image":{"@id":"https:\/\/www.gaveanews.com\/index.php\/2024\/06\/20\/galvao-bueno-vai-participar-de-novo-programa-na-rede-globo\/#primaryimage"},"thumbnailUrl":"https:\/\/www.gaveanews.com\/wp-content\/uploads\/Galvao-Bueno-canal-YouTube.webp","articleSection":["Flamengo","Internacional"],"inLanguage":"pt-BR","potentialAction":[{"@type":"CommentAction","name":"Comment","target":["https:\/\/www.gaveanews.com\/index.php\/2024\/06\/20\/galvao-bueno-vai-participar-de-novo-programa-na-rede-globo\/#respond"]}],"copyrightYear":"2024","copyrightHolder":{"@id":"https:\/\/www.gaveanews.com\/#organization"}},{"@type":"WebPage","@id":"https:\/\/www.gaveanews.com\/index.php\/2024\/06\/20\/galvao-bueno-vai-participar-de-novo-programa-na-rede-globo\/","url":"https:\/\/www.gaveanews.com\/index.php\/2024\/06\/20\/galvao-bueno-vai-participar-de-novo-programa-na-rede-globo\/","name":"Galv\u00e3o Bueno vai participar de novo programa na Rede Globo","isPartOf":{"@id":"https:\/\/www.gaveanews.com\/#website"},"primaryImageOfPage":{"@id":"https:\/\/www.gaveanews.com\/index.php\/2024\/06\/20\/galvao-bueno-vai-participar-de-novo-programa-na-rede-globo\/#primaryimage"},"image":{"@id":"https:\/\/www.gaveanews.com\/index.php\/2024\/06\/20\/galvao-bueno-vai-participar-de-novo-programa-na-rede-globo\/#primaryimage"},"thumbnailUrl":"https:\/\/www.gaveanews.com\/wp-content\/uploads\/Galvao-Bueno-canal-YouTube.webp","datePublished":"2024-06-20T11:00:00+00:00","author":{"@id":"https:\/\/www.gaveanews.com\/#\/schema\/person\/2ec14f73fb96be2caf28f91afb14749d"},"breadcrumb":{"@id":"https:\/\/www.gaveanews.com\/index.php\/2024\/06\/20\/galvao-bueno-vai-participar-de-novo-programa-na-rede-globo\/#breadcrumb"},"inLanguage":"pt-BR","potentialAction":[{"@type":"ReadAction","target":["https:\/\/www.gaveanews.com\/index.php\/2024\/06\/20\/galvao-bueno-vai-participar-de-novo-programa-na-rede-globo\/"]}]},{"@type":"ImageObject","inLanguage":"pt-BR","@id":"https:\/\/www.gaveanews.com\/index.php\/2024\/06\/20\/galvao-bueno-vai-participar-de-novo-programa-na-rede-globo\/#primaryimage","url":"https:\/\/www.gaveanews.com\/wp-content\/uploads\/Galvao-Bueno-canal-YouTube.webp","contentUrl":"https:\/\/www.gaveanews.com\/wp-content\/uploads\/Galvao-Bueno-canal-YouTube.webp","width":846,"height":577,"caption":"Galv\u00e3o Bueno (Foto: Divulga\u00e7\u00e3o)"},{"@type":"BreadcrumbList","@id":"https:\/\/www.gaveanews.com\/index.php\/2024\/06\/20\/galvao-bueno-vai-participar-de-novo-programa-na-rede-globo\/#breadcrumb","itemListElement":[{"@type":"ListItem","position":1,"name":"Home","item":"https:\/\/www.gaveanews.com\/"},{"@type":"ListItem","position":2,"name":"Galv\u00e3o Bueno vai participar de novo programa na Rede Globo"}]},{"@type":"WebSite","@id":"https:\/\/www.gaveanews.com\/#website","url":"https:\/\/www.gaveanews.com\/","name":"G\u00e1vea News","description":"Veja todas as not\u00edcias sobre o Flamengo: Contrata\u00e7\u00f5es, categorias de base, resultados das partidas, tabela de classifica\u00e7\u00e3o, pr\u00f3ximos jogos!","potentialAction":[{"@type":"SearchAction","target":{"@type":"EntryPoint","urlTemplate":"https:\/\/www.gaveanews.com\/?s={search_term_string}"},"query-input":{"@type":"PropertyValueSpecification","valueRequired":true,"valueName":"search_term_string"}}],"inLanguage":"pt-BR"},{"@type":"Person","@id":"https:\/\/www.gaveanews.com\/#\/schema\/person\/2ec14f73fb96be2caf28f91afb14749d","name":"Equipe G\u00e1vea News","image":{"@type":"ImageObject","inLanguage":"pt-BR","@id":"https:\/\/www.gaveanews.com\/#\/schema\/person\/image\/","url":"https:\/\/secure.gravatar.com\/avatar\/1e1956f1facbffd3f8fa53a326721950116b3b9dc9bd44939c01180fd4a745a9?s=96&d=mm&r=g","contentUrl":"https:\/\/secure.gravatar.com\/avatar\/1e1956f1facbffd3f8fa53a326721950116b3b9dc9bd44939c01180fd4a745a9?s=96&d=mm&r=g","caption":"Equipe G\u00e1vea News"}}]}},"_links":{"self":[{"href":"https:\/\/www.gaveanews.com\/index.php\/wp-json\/wp\/v2\/posts\/148640","targetHints":{"allow":["GET"]}}],"collection":[{"href":"https:\/\/www.gaveanews.com\/index.php\/wp-json\/wp\/v2\/posts"}],"about":[{"href":"https:\/\/www.gaveanews.com\/index.php\/wp-json\/wp\/v2\/types\/post"}],"author":[{"embeddable":true,"href":"https:\/\/www.gaveanews.com\/index.php\/wp-json\/wp\/v2\/users\/1"}],"replies":[{"embeddable":true,"href":"https:\/\/www.gaveanews.com\/index.php\/wp-json\/wp\/v2\/comments?post=148640"}],"version-history":[{"count":1,"href":"https:\/\/www.gaveanews.com\/index.php\/wp-json\/wp\/v2\/posts\/148640\/revisions"}],"predecessor-version":[{"id":148641,"href":"https:\/\/www.gaveanews.com\/index.php\/wp-json\/wp\/v2\/posts\/148640\/revisions\/148641"}],"wp:featuredmedia":[{"embeddable":true,"href":"https:\/\/www.gaveanews.com\/index.php\/wp-json\/wp\/v2\/media\/96144"}],"wp:attachment":[{"href":"https:\/\/www.gaveanews.com\/index.php\/wp-json\/wp\/v2\/media?parent=148640"}],"wp:term":[{"taxonomy":"category","embeddable":true,"href":"https:\/\/www.gaveanews.com\/index.php\/wp-json\/wp\/v2\/categories?post=148640"},{"taxonomy":"post_tag","embeddable":true,"href":"https:\/\/www.gaveanews.com\/index.php\/wp-json\/wp\/v2\/tags?post=148640"}],"curies":[{"name":"wp","href":"https:\/\/api.w.org\/{rel}","templated":true}]}}