{"id":148651,"date":"2024-06-20T10:00:00","date_gmt":"2024-06-20T13:00:00","guid":{"rendered":"https:\/\/www.gaveanews.com\/?p=148651"},"modified":"2024-06-20T09:48:46","modified_gmt":"2024-06-20T12:48:46","slug":"corinthians-encaminha-contratacao-de-novo-volante","status":"publish","type":"post","link":"https:\/\/www.gaveanews.com\/index.php\/2024\/06\/20\/corinthians-encaminha-contratacao-de-novo-volante\/","title":{"rendered":"Corinthians encaminha contrata\u00e7\u00e3o de novo volante"},"content":{"rendered":"\n<h2 class=\"wp-block-heading\" id=\"h-corinthians-negocia-a-contratacao-do-volante-walace-da-udinese\">Corinthians negocia a contrata\u00e7\u00e3o do volante Walace, da Udinese<\/h2>\n\n\n\n<p>Nas \u00faltimas horas, o Corinthians avan\u00e7ou nas negocia\u00e7\u00f5es para contratar Walace. A Udinese est\u00e1 solicitando 8 milh\u00f5es de euros (R$ 47 milh\u00f5es, na cota\u00e7\u00e3o atual) para a transfer\u00eancia em definitivo do volante.<\/p>\n\n\n\n<p>A equipe italiana concordou em permitir o pagamento em at\u00e9 seis parcelas, o que \u00e9 considerado positivo pelo Tim\u00e3o. No entanto, \u00e9 necess\u00e1rio definir o melhor modelo de neg\u00f3cio.<\/p>\n\n\n\n<p>Para sair da It\u00e1lia, onde tem contrato at\u00e9 junho de 2026, o jogador deseja assinar um novo contrato v\u00e1lido por cinco anos. Al\u00e9m do Corinthians, o Rennes, da Fran\u00e7a, tamb\u00e9m demonstra interesse.<\/p>\n\n\n\n<figure class=\"wp-block-image size-full\"><img loading=\"lazy\" decoding=\"async\" width=\"860\" height=\"484\" src=\"https:\/\/www.gaveanews.com\/wp-content\/uploads\/walace-udinese-860x484-1.webp\" alt=\"\" class=\"wp-image-148656\" srcset=\"https:\/\/www.gaveanews.com\/wp-content\/uploads\/walace-udinese-860x484-1.webp 860w, https:\/\/www.gaveanews.com\/wp-content\/uploads\/walace-udinese-860x484-1-300x169.webp 300w, https:\/\/www.gaveanews.com\/wp-content\/uploads\/walace-udinese-860x484-1-768x432.webp 768w, https:\/\/www.gaveanews.com\/wp-content\/uploads\/walace-udinese-860x484-1-746x420.webp 746w, https:\/\/www.gaveanews.com\/wp-content\/uploads\/walace-udinese-860x484-1-640x360.webp 640w, https:\/\/www.gaveanews.com\/wp-content\/uploads\/walace-udinese-860x484-1-681x383.webp 681w, https:\/\/www.gaveanews.com\/wp-content\/uploads\/walace-udinese-860x484-1-100x56.webp 100w\" sizes=\"auto, (max-width: 860px) 100vw, 860px\" \/><figcaption class=\"wp-element-caption\">Foto: Reprodu\u00e7\u00e3o-Udinese<\/figcaption><\/figure>\n\n\n\n<p>O pedido partiu do t\u00e9cnico portugu\u00eas Ant\u00f3nio Oliveira, que busca um meio-campista robusto e alto. Walace, revelado pelo Gr\u00eamio, est\u00e1 na Europa desde 2016, quando se transferiu para o futebol alem\u00e3o (Hamburgo e Hannover 96). Ele representa a Udinese h\u00e1 cinco temporadas.<\/p>\n\n\n\n<p>Wallace ainda n\u00e3o revelou seu futuro, mas v\u00ea o retorno ao Brasil como uma alternativa interessante. Este atleta jogou pelo Gr\u00eamio no Brasil e tamb\u00e9m discutiu com o Flamengo na janela de transfer\u00eancias anterior, mas n\u00e3o houve acordo para retornar ao pa\u00eds.<\/p>\n\n\n\n<p>Na \u00faltima temporada pela Udinese, Wallace disputou 38 partidas e marcou 2 gols em 3.333 minutos em campo. O jogador foi recomendado pelo Gr\u00eamio e deixou o clube em 2017 para jogar no Hamburgo, da Alemanha. Em 2018, jogou pelo Hannover, time do mesmo pa\u00eds, e no ano seguinte foi vendido para a Udinese.<\/p>\n","protected":false},"excerpt":{"rendered":"<p>Corinthians encaminha contrata\u00e7\u00e3o de novo volante<\/p>\n","protected":false},"author":16,"featured_media":145590,"comment_status":"open","ping_status":"closed","sticky":false,"template":"","format":"standard","meta":{"footnotes":""},"categories":[141],"tags":[],"class_list":["post-148651","post","type-post","status-publish","format-standard","has-post-thumbnail","hentry","category-corinthians"],"yoast_head":"<!-- This site is optimized with the Yoast SEO Premium plugin v24.2 (Yoast SEO v26.9) - https:\/\/yoast.com\/product\/yoast-seo-premium-wordpress\/ -->\n<title>Corinthians encaminha contrata\u00e7\u00e3o de novo volante<\/title>\n<meta name=\"robots\" content=\"index, follow, max-snippet:-1, max-image-preview:large, max-video-preview:-1\" \/>\n<link rel=\"canonical\" href=\"https:\/\/www.gaveanews.com\/index.php\/2024\/06\/20\/corinthians-encaminha-contratacao-de-novo-volante\/\" \/>\n<meta property=\"og:locale\" content=\"pt_BR\" \/>\n<meta property=\"og:type\" content=\"article\" \/>\n<meta property=\"og:title\" content=\"Corinthians encaminha contrata\u00e7\u00e3o de novo volante\" \/>\n<meta property=\"og:description\" content=\"Corinthians encaminha contrata\u00e7\u00e3o de novo volante\" \/>\n<meta property=\"og:url\" content=\"https:\/\/www.gaveanews.com\/index.php\/2024\/06\/20\/corinthians-encaminha-contratacao-de-novo-volante\/\" \/>\n<meta property=\"og:site_name\" content=\"G\u00e1vea News\" \/>\n<meta property=\"article:publisher\" content=\"https:\/\/facebook.com\/gaveaNews\/\" \/>\n<meta property=\"article:published_time\" content=\"2024-06-20T13:00:00+00:00\" \/>\n<meta property=\"og:image\" content=\"https:\/\/www.gaveanews.com\/wp-content\/uploads\/Augusto-Melo-durante-coletiva-de-imprensa-do-Corinthians.webp\" \/>\n\t<meta property=\"og:image:width\" content=\"1920\" \/>\n\t<meta property=\"og:image:height\" content=\"1080\" \/>\n\t<meta property=\"og:image:type\" content=\"image\/jpeg\" \/>\n<meta name=\"author\" content=\"D\u00e9bora Figueiredo\" \/>\n<meta name=\"twitter:card\" content=\"summary_large_image\" \/>\n<meta name=\"twitter:label1\" content=\"Escrito por\" \/>\n\t<meta name=\"twitter:data1\" content=\"D\u00e9bora Figueiredo\" \/>\n\t<meta name=\"twitter:label2\" content=\"Est. tempo de leitura\" \/>\n\t<meta name=\"twitter:data2\" content=\"2 minutos\" \/>\n<script type=\"application\/ld+json\" class=\"yoast-schema-graph\">{\"@context\":\"https:\/\/schema.org\",\"@graph\":[{\"@type\":\"NewsArticle\",\"@id\":\"https:\/\/www.gaveanews.com\/index.php\/2024\/06\/20\/corinthians-encaminha-contratacao-de-novo-volante\/#article\",\"isPartOf\":{\"@id\":\"https:\/\/www.gaveanews.com\/index.php\/2024\/06\/20\/corinthians-encaminha-contratacao-de-novo-volante\/\"},\"author\":{\"name\":\"D\u00e9bora Figueiredo\",\"@id\":\"https:\/\/www.gaveanews.com\/#\/schema\/person\/37122681a8575a5c8db05a56f099a5e4\"},\"headline\":\"Corinthians encaminha contrata\u00e7\u00e3o de novo volante\",\"datePublished\":\"2024-06-20T13:00:00+00:00\",\"mainEntityOfPage\":{\"@id\":\"https:\/\/www.gaveanews.com\/index.php\/2024\/06\/20\/corinthians-encaminha-contratacao-de-novo-volante\/\"},\"wordCount\":266,\"commentCount\":0,\"image\":{\"@id\":\"https:\/\/www.gaveanews.com\/index.php\/2024\/06\/20\/corinthians-encaminha-contratacao-de-novo-volante\/#primaryimage\"},\"thumbnailUrl\":\"https:\/\/www.gaveanews.com\/wp-content\/uploads\/Augusto-Melo-durante-coletiva-de-imprensa-do-Corinthians.webp\",\"articleSection\":[\"Corinthians\"],\"inLanguage\":\"pt-BR\",\"potentialAction\":[{\"@type\":\"CommentAction\",\"name\":\"Comment\",\"target\":[\"https:\/\/www.gaveanews.com\/index.php\/2024\/06\/20\/corinthians-encaminha-contratacao-de-novo-volante\/#respond\"]}],\"copyrightYear\":\"2024\",\"copyrightHolder\":{\"@id\":\"https:\/\/www.gaveanews.com\/#organization\"}},{\"@type\":\"WebPage\",\"@id\":\"https:\/\/www.gaveanews.com\/index.php\/2024\/06\/20\/corinthians-encaminha-contratacao-de-novo-volante\/\",\"url\":\"https:\/\/www.gaveanews.com\/index.php\/2024\/06\/20\/corinthians-encaminha-contratacao-de-novo-volante\/\",\"name\":\"Corinthians encaminha contrata\u00e7\u00e3o de novo volante\",\"isPartOf\":{\"@id\":\"https:\/\/www.gaveanews.com\/#website\"},\"primaryImageOfPage\":{\"@id\":\"https:\/\/www.gaveanews.com\/index.php\/2024\/06\/20\/corinthians-encaminha-contratacao-de-novo-volante\/#primaryimage\"},\"image\":{\"@id\":\"https:\/\/www.gaveanews.com\/index.php\/2024\/06\/20\/corinthians-encaminha-contratacao-de-novo-volante\/#primaryimage\"},\"thumbnailUrl\":\"https:\/\/www.gaveanews.com\/wp-content\/uploads\/Augusto-Melo-durante-coletiva-de-imprensa-do-Corinthians.webp\",\"datePublished\":\"2024-06-20T13:00:00+00:00\",\"author\":{\"@id\":\"https:\/\/www.gaveanews.com\/#\/schema\/person\/37122681a8575a5c8db05a56f099a5e4\"},\"breadcrumb\":{\"@id\":\"https:\/\/www.gaveanews.com\/index.php\/2024\/06\/20\/corinthians-encaminha-contratacao-de-novo-volante\/#breadcrumb\"},\"inLanguage\":\"pt-BR\",\"potentialAction\":[{\"@type\":\"ReadAction\",\"target\":[\"https:\/\/www.gaveanews.com\/index.php\/2024\/06\/20\/corinthians-encaminha-contratacao-de-novo-volante\/\"]}]},{\"@type\":\"ImageObject\",\"inLanguage\":\"pt-BR\",\"@id\":\"https:\/\/www.gaveanews.com\/index.php\/2024\/06\/20\/corinthians-encaminha-contratacao-de-novo-volante\/#primaryimage\",\"url\":\"https:\/\/www.gaveanews.com\/wp-content\/uploads\/Augusto-Melo-durante-coletiva-de-imprensa-do-Corinthians.webp\",\"contentUrl\":\"https:\/\/www.gaveanews.com\/wp-content\/uploads\/Augusto-Melo-durante-coletiva-de-imprensa-do-Corinthians.webp\",\"width\":1920,\"height\":1080,\"caption\":\"Augusto Melo durante coletiva de imprensa do Corinthians (Foto: Rodrigo Coca\/ Corinthians)\"},{\"@type\":\"BreadcrumbList\",\"@id\":\"https:\/\/www.gaveanews.com\/index.php\/2024\/06\/20\/corinthians-encaminha-contratacao-de-novo-volante\/#breadcrumb\",\"itemListElement\":[{\"@type\":\"ListItem\",\"position\":1,\"name\":\"Home\",\"item\":\"https:\/\/www.gaveanews.com\/\"},{\"@type\":\"ListItem\",\"position\":2,\"name\":\"Corinthians encaminha contrata\u00e7\u00e3o de novo volante\"}]},{\"@type\":\"WebSite\",\"@id\":\"https:\/\/www.gaveanews.com\/#website\",\"url\":\"https:\/\/www.gaveanews.com\/\",\"name\":\"G\u00e1vea News\",\"description\":\"Veja todas as not\u00edcias sobre o Flamengo: Contrata\u00e7\u00f5es, categorias de base, resultados das partidas, tabela de classifica\u00e7\u00e3o, pr\u00f3ximos jogos!\",\"potentialAction\":[{\"@type\":\"SearchAction\",\"target\":{\"@type\":\"EntryPoint\",\"urlTemplate\":\"https:\/\/www.gaveanews.com\/?s={search_term_string}\"},\"query-input\":{\"@type\":\"PropertyValueSpecification\",\"valueRequired\":true,\"valueName\":\"search_term_string\"}}],\"inLanguage\":\"pt-BR\"},{\"@type\":\"Person\",\"@id\":\"https:\/\/www.gaveanews.com\/#\/schema\/person\/37122681a8575a5c8db05a56f099a5e4\",\"name\":\"D\u00e9bora Figueiredo\",\"image\":{\"@type\":\"ImageObject\",\"inLanguage\":\"pt-BR\",\"@id\":\"https:\/\/www.gaveanews.com\/#\/schema\/person\/image\/\",\"url\":\"https:\/\/secure.gravatar.com\/avatar\/1f44802859351588499d26f52aed1d15796ce17e67602895b72837c08018868d?s=96&d=mm&r=g\",\"contentUrl\":\"https:\/\/secure.gravatar.com\/avatar\/1f44802859351588499d26f52aed1d15796ce17e67602895b72837c08018868d?s=96&d=mm&r=g\",\"caption\":\"D\u00e9bora Figueiredo\"}}]}<\/script>\n<!-- \/ Yoast SEO Premium plugin. -->","yoast_head_json":{"title":"Corinthians encaminha contrata\u00e7\u00e3o de novo volante","robots":{"index":"index","follow":"follow","max-snippet":"max-snippet:-1","max-image-preview":"max-image-preview:large","max-video-preview":"max-video-preview:-1"},"canonical":"https:\/\/www.gaveanews.com\/index.php\/2024\/06\/20\/corinthians-encaminha-contratacao-de-novo-volante\/","og_locale":"pt_BR","og_type":"article","og_title":"Corinthians encaminha contrata\u00e7\u00e3o de novo volante","og_description":"Corinthians encaminha contrata\u00e7\u00e3o de novo volante","og_url":"https:\/\/www.gaveanews.com\/index.php\/2024\/06\/20\/corinthians-encaminha-contratacao-de-novo-volante\/","og_site_name":"G\u00e1vea News","article_publisher":"https:\/\/facebook.com\/gaveaNews\/","article_published_time":"2024-06-20T13:00:00+00:00","og_image":[{"width":1920,"height":1080,"url":"https:\/\/www.gaveanews.com\/wp-content\/uploads\/Augusto-Melo-durante-coletiva-de-imprensa-do-Corinthians.webp","type":"image\/jpeg"}],"author":"D\u00e9bora Figueiredo","twitter_card":"summary_large_image","twitter_misc":{"Escrito por":"D\u00e9bora Figueiredo","Est. tempo de leitura":"2 minutos"},"schema":{"@context":"https:\/\/schema.org","@graph":[{"@type":"NewsArticle","@id":"https:\/\/www.gaveanews.com\/index.php\/2024\/06\/20\/corinthians-encaminha-contratacao-de-novo-volante\/#article","isPartOf":{"@id":"https:\/\/www.gaveanews.com\/index.php\/2024\/06\/20\/corinthians-encaminha-contratacao-de-novo-volante\/"},"author":{"name":"D\u00e9bora Figueiredo","@id":"https:\/\/www.gaveanews.com\/#\/schema\/person\/37122681a8575a5c8db05a56f099a5e4"},"headline":"Corinthians encaminha contrata\u00e7\u00e3o de novo volante","datePublished":"2024-06-20T13:00:00+00:00","mainEntityOfPage":{"@id":"https:\/\/www.gaveanews.com\/index.php\/2024\/06\/20\/corinthians-encaminha-contratacao-de-novo-volante\/"},"wordCount":266,"commentCount":0,"image":{"@id":"https:\/\/www.gaveanews.com\/index.php\/2024\/06\/20\/corinthians-encaminha-contratacao-de-novo-volante\/#primaryimage"},"thumbnailUrl":"https:\/\/www.gaveanews.com\/wp-content\/uploads\/Augusto-Melo-durante-coletiva-de-imprensa-do-Corinthians.webp","articleSection":["Corinthians"],"inLanguage":"pt-BR","potentialAction":[{"@type":"CommentAction","name":"Comment","target":["https:\/\/www.gaveanews.com\/index.php\/2024\/06\/20\/corinthians-encaminha-contratacao-de-novo-volante\/#respond"]}],"copyrightYear":"2024","copyrightHolder":{"@id":"https:\/\/www.gaveanews.com\/#organization"}},{"@type":"WebPage","@id":"https:\/\/www.gaveanews.com\/index.php\/2024\/06\/20\/corinthians-encaminha-contratacao-de-novo-volante\/","url":"https:\/\/www.gaveanews.com\/index.php\/2024\/06\/20\/corinthians-encaminha-contratacao-de-novo-volante\/","name":"Corinthians encaminha contrata\u00e7\u00e3o de novo volante","isPartOf":{"@id":"https:\/\/www.gaveanews.com\/#website"},"primaryImageOfPage":{"@id":"https:\/\/www.gaveanews.com\/index.php\/2024\/06\/20\/corinthians-encaminha-contratacao-de-novo-volante\/#primaryimage"},"image":{"@id":"https:\/\/www.gaveanews.com\/index.php\/2024\/06\/20\/corinthians-encaminha-contratacao-de-novo-volante\/#primaryimage"},"thumbnailUrl":"https:\/\/www.gaveanews.com\/wp-content\/uploads\/Augusto-Melo-durante-coletiva-de-imprensa-do-Corinthians.webp","datePublished":"2024-06-20T13:00:00+00:00","author":{"@id":"https:\/\/www.gaveanews.com\/#\/schema\/person\/37122681a8575a5c8db05a56f099a5e4"},"breadcrumb":{"@id":"https:\/\/www.gaveanews.com\/index.php\/2024\/06\/20\/corinthians-encaminha-contratacao-de-novo-volante\/#breadcrumb"},"inLanguage":"pt-BR","potentialAction":[{"@type":"ReadAction","target":["https:\/\/www.gaveanews.com\/index.php\/2024\/06\/20\/corinthians-encaminha-contratacao-de-novo-volante\/"]}]},{"@type":"ImageObject","inLanguage":"pt-BR","@id":"https:\/\/www.gaveanews.com\/index.php\/2024\/06\/20\/corinthians-encaminha-contratacao-de-novo-volante\/#primaryimage","url":"https:\/\/www.gaveanews.com\/wp-content\/uploads\/Augusto-Melo-durante-coletiva-de-imprensa-do-Corinthians.webp","contentUrl":"https:\/\/www.gaveanews.com\/wp-content\/uploads\/Augusto-Melo-durante-coletiva-de-imprensa-do-Corinthians.webp","width":1920,"height":1080,"caption":"Augusto Melo durante coletiva de imprensa do Corinthians (Foto: Rodrigo Coca\/ Corinthians)"},{"@type":"BreadcrumbList","@id":"https:\/\/www.gaveanews.com\/index.php\/2024\/06\/20\/corinthians-encaminha-contratacao-de-novo-volante\/#breadcrumb","itemListElement":[{"@type":"ListItem","position":1,"name":"Home","item":"https:\/\/www.gaveanews.com\/"},{"@type":"ListItem","position":2,"name":"Corinthians encaminha contrata\u00e7\u00e3o de novo volante"}]},{"@type":"WebSite","@id":"https:\/\/www.gaveanews.com\/#website","url":"https:\/\/www.gaveanews.com\/","name":"G\u00e1vea News","description":"Veja todas as not\u00edcias sobre o Flamengo: Contrata\u00e7\u00f5es, categorias de base, resultados das partidas, tabela de classifica\u00e7\u00e3o, pr\u00f3ximos jogos!","potentialAction":[{"@type":"SearchAction","target":{"@type":"EntryPoint","urlTemplate":"https:\/\/www.gaveanews.com\/?s={search_term_string}"},"query-input":{"@type":"PropertyValueSpecification","valueRequired":true,"valueName":"search_term_string"}}],"inLanguage":"pt-BR"},{"@type":"Person","@id":"https:\/\/www.gaveanews.com\/#\/schema\/person\/37122681a8575a5c8db05a56f099a5e4","name":"D\u00e9bora Figueiredo","image":{"@type":"ImageObject","inLanguage":"pt-BR","@id":"https:\/\/www.gaveanews.com\/#\/schema\/person\/image\/","url":"https:\/\/secure.gravatar.com\/avatar\/1f44802859351588499d26f52aed1d15796ce17e67602895b72837c08018868d?s=96&d=mm&r=g","contentUrl":"https:\/\/secure.gravatar.com\/avatar\/1f44802859351588499d26f52aed1d15796ce17e67602895b72837c08018868d?s=96&d=mm&r=g","caption":"D\u00e9bora Figueiredo"}}]}},"_links":{"self":[{"href":"https:\/\/www.gaveanews.com\/index.php\/wp-json\/wp\/v2\/posts\/148651","targetHints":{"allow":["GET"]}}],"collection":[{"href":"https:\/\/www.gaveanews.com\/index.php\/wp-json\/wp\/v2\/posts"}],"about":[{"href":"https:\/\/www.gaveanews.com\/index.php\/wp-json\/wp\/v2\/types\/post"}],"author":[{"embeddable":true,"href":"https:\/\/www.gaveanews.com\/index.php\/wp-json\/wp\/v2\/users\/16"}],"replies":[{"embeddable":true,"href":"https:\/\/www.gaveanews.com\/index.php\/wp-json\/wp\/v2\/comments?post=148651"}],"version-history":[{"count":1,"href":"https:\/\/www.gaveanews.com\/index.php\/wp-json\/wp\/v2\/posts\/148651\/revisions"}],"predecessor-version":[{"id":148657,"href":"https:\/\/www.gaveanews.com\/index.php\/wp-json\/wp\/v2\/posts\/148651\/revisions\/148657"}],"wp:featuredmedia":[{"embeddable":true,"href":"https:\/\/www.gaveanews.com\/index.php\/wp-json\/wp\/v2\/media\/145590"}],"wp:attachment":[{"href":"https:\/\/www.gaveanews.com\/index.php\/wp-json\/wp\/v2\/media?parent=148651"}],"wp:term":[{"taxonomy":"category","embeddable":true,"href":"https:\/\/www.gaveanews.com\/index.php\/wp-json\/wp\/v2\/categories?post=148651"},{"taxonomy":"post_tag","embeddable":true,"href":"https:\/\/www.gaveanews.com\/index.php\/wp-json\/wp\/v2\/tags?post=148651"}],"curies":[{"name":"wp","href":"https:\/\/api.w.org\/{rel}","templated":true}]}}