{"id":148652,"date":"2024-06-20T09:43:15","date_gmt":"2024-06-20T12:43:15","guid":{"rendered":"https:\/\/www.gaveanews.com\/?p=148652"},"modified":"2024-06-20T09:43:17","modified_gmt":"2024-06-20T12:43:17","slug":"torcida-do-flamengo-toma-atitude-direcionada-a-everton-ribeiro","status":"publish","type":"post","link":"https:\/\/www.gaveanews.com\/index.php\/2024\/06\/20\/torcida-do-flamengo-toma-atitude-direcionada-a-everton-ribeiro\/","title":{"rendered":"Torcida do Flamengo toma atitude direcionada a Everton Ribeiro"},"content":{"rendered":"\n<p>Nesta quinta-feira, \u00e0s 20h (hor\u00e1rio de Bras\u00edlia), o Bahia enfrentar\u00e1 o Flamengo no Maracan\u00e3, pelo Campeonato Brasileiro. O destaque da partida ser\u00e1 o reencontro de Everton Ribeiro com seu ex-clube. Everton, que agora defende o Bahia, fez hist\u00f3ria no Flamengo e ser\u00e1 homenageado pelos torcedores rubro-negros. <\/p>\n\n\n\n<p>As torcidas organizadas Fla-Mangua\u00e7a, Urubuzada e Na\u00e7\u00e3o 12 preparam uma homenagem especial, exibindo tr\u00eas bandeiras no Setor Norte do est\u00e1dio, com refer\u00eancias ao n\u00famero 7, \u00e0 bra\u00e7adeira de capit\u00e3o e aos 11 t\u00edtulos conquistados pelo jogador no Flamengo.<\/p>\n\n\n\n<p>Everton Ribeiro chegou ao Flamengo em 2017 e se tornou um dos principais jogadores do clube. Durante sua passagem, conquistou duas Libertadores, dois Campeonatos Brasileiros, uma Copa do Brasil, duas Supercopas do Brasil, uma Recopa Sul-Americana e quatro Campeonatos Cariocas. O meia, juntamente com Diego Ribas, foi um dos pilares do projeto que levou o Flamengo a reencontrar os dias de gl\u00f3ria. O jogador \u00e9 lembrado como um dos grandes \u00eddolos da recente hist\u00f3ria rubro-negra.<\/p>\n\n\n\n<p>Contudo, o Flamengo n\u00e3o planeja fazer uma homenagem oficial a Everton Ribeiro durante a partida. A decis\u00e3o da diretoria n\u00e3o se deve a qualquer problema com o jogador, mas sim ao respeito pela import\u00e2ncia do jogo, que vale tr\u00eas pontos. Ambas as equipes lutam pela lideran\u00e7a do Campeonato Brasileiro, com a possibilidade de assumirem a ponta da tabela ap\u00f3s o empate entre Athletico-PR e Botafogo.<\/p>\n\n\n\n<p>Curiosamente, a \u00faltima vez que Everton Ribeiro enfrentou o Flamengo foi h\u00e1 10 anos, em 1\u00ba de junho de 2014, quando jogava pelo Cruzeiro. Naquela ocasi\u00e3o, o Cruzeiro venceu por 3 a 0. Desde ent\u00e3o, Everton vestiu a camisa do Flamengo em 394 partidas, marcando 46 gols. Agora, ele volta ao Maracan\u00e3, mas como advers\u00e1rio, defendendo as cores do Bahia.<\/p>\n\n\n\n<p>Apesar de n\u00e3o haver homenagem oficial na partida, o Flamengo j\u00e1 prestou tributo a Everton Ribeiro em 6 de janeiro de 2024. Naquela ocasi\u00e3o, Everton, sua esposa Mar\u00edlia Nery, e seus filhos Augusto e Ant\u00f4nio visitaram o Ninho do Urubu para uma sess\u00e3o de fotos e grava\u00e7\u00e3o de uma entrevista. Durante a visita, a fam\u00edlia recebeu uma placa comemorativa e medalhas personalizadas. A homenagem incluiu ainda um quadro com uma charge de Everton erguendo a Copa do Brasil.<\/p>\n","protected":false},"excerpt":{"rendered":"<p>Nesta quinta-feira, \u00e0s 20h (hor\u00e1rio de Bras\u00edlia), o Bahia enfrentar\u00e1 o Flamengo no Maracan\u00e3, pelo Campeonato Brasileiro. O destaque da partida ser\u00e1 o reencontro de Everton Ribeiro com seu ex-clube. Everton, que agora defende o Bahia, fez hist\u00f3ria no Flamengo e ser\u00e1 homenageado pelos torcedores rubro-negros. As torcidas organizadas Fla-Mangua\u00e7a, Urubuzada e Na\u00e7\u00e3o 12 preparam [&hellip;]<\/p>\n","protected":false},"author":1,"featured_media":148291,"comment_status":"open","ping_status":"closed","sticky":false,"template":"","format":"standard","meta":{"footnotes":""},"categories":[1],"tags":[],"class_list":["post-148652","post","type-post","status-publish","format-standard","has-post-thumbnail","hentry","category-flamengo"],"yoast_head":"<!-- This site is optimized with the Yoast SEO Premium plugin v24.2 (Yoast SEO v26.9) - https:\/\/yoast.com\/product\/yoast-seo-premium-wordpress\/ -->\n<title>Torcida do Flamengo toma atitude direcionada a Everton Ribeiro<\/title>\n<meta name=\"robots\" content=\"index, follow, max-snippet:-1, max-image-preview:large, max-video-preview:-1\" \/>\n<link rel=\"canonical\" href=\"https:\/\/www.gaveanews.com\/index.php\/2024\/06\/20\/torcida-do-flamengo-toma-atitude-direcionada-a-everton-ribeiro\/\" \/>\n<meta property=\"og:locale\" content=\"pt_BR\" \/>\n<meta property=\"og:type\" content=\"article\" \/>\n<meta property=\"og:title\" content=\"Torcida do Flamengo toma atitude direcionada a Everton Ribeiro\" \/>\n<meta property=\"og:description\" content=\"Nesta quinta-feira, \u00e0s 20h (hor\u00e1rio de Bras\u00edlia), o Bahia enfrentar\u00e1 o Flamengo no Maracan\u00e3, pelo Campeonato Brasileiro. O destaque da partida ser\u00e1 o reencontro de Everton Ribeiro com seu ex-clube. Everton, que agora defende o Bahia, fez hist\u00f3ria no Flamengo e ser\u00e1 homenageado pelos torcedores rubro-negros. As torcidas organizadas Fla-Mangua\u00e7a, Urubuzada e Na\u00e7\u00e3o 12 preparam [&hellip;]\" \/>\n<meta property=\"og:url\" content=\"https:\/\/www.gaveanews.com\/index.php\/2024\/06\/20\/torcida-do-flamengo-toma-atitude-direcionada-a-everton-ribeiro\/\" \/>\n<meta property=\"og:site_name\" content=\"G\u00e1vea News\" \/>\n<meta property=\"article:publisher\" content=\"https:\/\/facebook.com\/gaveaNews\/\" \/>\n<meta property=\"article:published_time\" content=\"2024-06-20T12:43:15+00:00\" \/>\n<meta property=\"article:modified_time\" content=\"2024-06-20T12:43:17+00:00\" \/>\n<meta name=\"author\" content=\"Equipe G\u00e1vea News\" \/>\n<meta name=\"twitter:card\" content=\"summary_large_image\" \/>\n<meta name=\"twitter:label1\" content=\"Escrito por\" \/>\n\t<meta name=\"twitter:data1\" content=\"Equipe G\u00e1vea News\" \/>\n\t<meta name=\"twitter:label2\" content=\"Est. tempo de leitura\" \/>\n\t<meta name=\"twitter:data2\" content=\"3 minutos\" \/>\n<script type=\"application\/ld+json\" class=\"yoast-schema-graph\">{\"@context\":\"https:\/\/schema.org\",\"@graph\":[{\"@type\":\"NewsArticle\",\"@id\":\"https:\/\/www.gaveanews.com\/index.php\/2024\/06\/20\/torcida-do-flamengo-toma-atitude-direcionada-a-everton-ribeiro\/#article\",\"isPartOf\":{\"@id\":\"https:\/\/www.gaveanews.com\/index.php\/2024\/06\/20\/torcida-do-flamengo-toma-atitude-direcionada-a-everton-ribeiro\/\"},\"author\":{\"name\":\"Equipe G\u00e1vea News\",\"@id\":\"https:\/\/www.gaveanews.com\/#\/schema\/person\/2ec14f73fb96be2caf28f91afb14749d\"},\"headline\":\"Torcida do Flamengo toma atitude direcionada a Everton Ribeiro\",\"datePublished\":\"2024-06-20T12:43:15+00:00\",\"dateModified\":\"2024-06-20T12:43:17+00:00\",\"mainEntityOfPage\":{\"@id\":\"https:\/\/www.gaveanews.com\/index.php\/2024\/06\/20\/torcida-do-flamengo-toma-atitude-direcionada-a-everton-ribeiro\/\"},\"wordCount\":387,\"commentCount\":0,\"image\":{\"@id\":\"https:\/\/www.gaveanews.com\/index.php\/2024\/06\/20\/torcida-do-flamengo-toma-atitude-direcionada-a-everton-ribeiro\/#primaryimage\"},\"thumbnailUrl\":\"https:\/\/www.gaveanews.com\/wp-content\/uploads\/53630999807-63f737b3c1-k.avif\",\"articleSection\":[\"Flamengo\"],\"inLanguage\":\"pt-BR\",\"potentialAction\":[{\"@type\":\"CommentAction\",\"name\":\"Comment\",\"target\":[\"https:\/\/www.gaveanews.com\/index.php\/2024\/06\/20\/torcida-do-flamengo-toma-atitude-direcionada-a-everton-ribeiro\/#respond\"]}],\"copyrightYear\":\"2024\",\"copyrightHolder\":{\"@id\":\"https:\/\/www.gaveanews.com\/#organization\"}},{\"@type\":\"WebPage\",\"@id\":\"https:\/\/www.gaveanews.com\/index.php\/2024\/06\/20\/torcida-do-flamengo-toma-atitude-direcionada-a-everton-ribeiro\/\",\"url\":\"https:\/\/www.gaveanews.com\/index.php\/2024\/06\/20\/torcida-do-flamengo-toma-atitude-direcionada-a-everton-ribeiro\/\",\"name\":\"Torcida do Flamengo toma atitude direcionada a Everton Ribeiro\",\"isPartOf\":{\"@id\":\"https:\/\/www.gaveanews.com\/#website\"},\"primaryImageOfPage\":{\"@id\":\"https:\/\/www.gaveanews.com\/index.php\/2024\/06\/20\/torcida-do-flamengo-toma-atitude-direcionada-a-everton-ribeiro\/#primaryimage\"},\"image\":{\"@id\":\"https:\/\/www.gaveanews.com\/index.php\/2024\/06\/20\/torcida-do-flamengo-toma-atitude-direcionada-a-everton-ribeiro\/#primaryimage\"},\"thumbnailUrl\":\"https:\/\/www.gaveanews.com\/wp-content\/uploads\/53630999807-63f737b3c1-k.avif\",\"datePublished\":\"2024-06-20T12:43:15+00:00\",\"dateModified\":\"2024-06-20T12:43:17+00:00\",\"author\":{\"@id\":\"https:\/\/www.gaveanews.com\/#\/schema\/person\/2ec14f73fb96be2caf28f91afb14749d\"},\"breadcrumb\":{\"@id\":\"https:\/\/www.gaveanews.com\/index.php\/2024\/06\/20\/torcida-do-flamengo-toma-atitude-direcionada-a-everton-ribeiro\/#breadcrumb\"},\"inLanguage\":\"pt-BR\",\"potentialAction\":[{\"@type\":\"ReadAction\",\"target\":[\"https:\/\/www.gaveanews.com\/index.php\/2024\/06\/20\/torcida-do-flamengo-toma-atitude-direcionada-a-everton-ribeiro\/\"]}]},{\"@type\":\"ImageObject\",\"inLanguage\":\"pt-BR\",\"@id\":\"https:\/\/www.gaveanews.com\/index.php\/2024\/06\/20\/torcida-do-flamengo-toma-atitude-direcionada-a-everton-ribeiro\/#primaryimage\",\"url\":\"https:\/\/www.gaveanews.com\/wp-content\/uploads\/53630999807-63f737b3c1-k.avif\",\"contentUrl\":\"https:\/\/www.gaveanews.com\/wp-content\/uploads\/53630999807-63f737b3c1-k.avif\",\"width\":984,\"height\":656,\"caption\":\"Everton Ribeiro em treino do Bahia \u2014 Foto: Tiago Caldas \/ EC Bahia\"},{\"@type\":\"BreadcrumbList\",\"@id\":\"https:\/\/www.gaveanews.com\/index.php\/2024\/06\/20\/torcida-do-flamengo-toma-atitude-direcionada-a-everton-ribeiro\/#breadcrumb\",\"itemListElement\":[{\"@type\":\"ListItem\",\"position\":1,\"name\":\"Home\",\"item\":\"https:\/\/www.gaveanews.com\/\"},{\"@type\":\"ListItem\",\"position\":2,\"name\":\"Torcida do Flamengo toma atitude direcionada a Everton Ribeiro\"}]},{\"@type\":\"WebSite\",\"@id\":\"https:\/\/www.gaveanews.com\/#website\",\"url\":\"https:\/\/www.gaveanews.com\/\",\"name\":\"G\u00e1vea News\",\"description\":\"Veja todas as not\u00edcias sobre o Flamengo: Contrata\u00e7\u00f5es, categorias de base, resultados das partidas, tabela de classifica\u00e7\u00e3o, pr\u00f3ximos jogos!\",\"potentialAction\":[{\"@type\":\"SearchAction\",\"target\":{\"@type\":\"EntryPoint\",\"urlTemplate\":\"https:\/\/www.gaveanews.com\/?s={search_term_string}\"},\"query-input\":{\"@type\":\"PropertyValueSpecification\",\"valueRequired\":true,\"valueName\":\"search_term_string\"}}],\"inLanguage\":\"pt-BR\"},{\"@type\":\"Person\",\"@id\":\"https:\/\/www.gaveanews.com\/#\/schema\/person\/2ec14f73fb96be2caf28f91afb14749d\",\"name\":\"Equipe G\u00e1vea News\",\"image\":{\"@type\":\"ImageObject\",\"inLanguage\":\"pt-BR\",\"@id\":\"https:\/\/www.gaveanews.com\/#\/schema\/person\/image\/\",\"url\":\"https:\/\/secure.gravatar.com\/avatar\/1e1956f1facbffd3f8fa53a326721950116b3b9dc9bd44939c01180fd4a745a9?s=96&d=mm&r=g\",\"contentUrl\":\"https:\/\/secure.gravatar.com\/avatar\/1e1956f1facbffd3f8fa53a326721950116b3b9dc9bd44939c01180fd4a745a9?s=96&d=mm&r=g\",\"caption\":\"Equipe G\u00e1vea News\"}}]}<\/script>\n<!-- \/ Yoast SEO Premium plugin. -->","yoast_head_json":{"title":"Torcida do Flamengo toma atitude direcionada a Everton Ribeiro","robots":{"index":"index","follow":"follow","max-snippet":"max-snippet:-1","max-image-preview":"max-image-preview:large","max-video-preview":"max-video-preview:-1"},"canonical":"https:\/\/www.gaveanews.com\/index.php\/2024\/06\/20\/torcida-do-flamengo-toma-atitude-direcionada-a-everton-ribeiro\/","og_locale":"pt_BR","og_type":"article","og_title":"Torcida do Flamengo toma atitude direcionada a Everton Ribeiro","og_description":"Nesta quinta-feira, \u00e0s 20h (hor\u00e1rio de Bras\u00edlia), o Bahia enfrentar\u00e1 o Flamengo no Maracan\u00e3, pelo Campeonato Brasileiro. O destaque da partida ser\u00e1 o reencontro de Everton Ribeiro com seu ex-clube. Everton, que agora defende o Bahia, fez hist\u00f3ria no Flamengo e ser\u00e1 homenageado pelos torcedores rubro-negros. As torcidas organizadas Fla-Mangua\u00e7a, Urubuzada e Na\u00e7\u00e3o 12 preparam [&hellip;]","og_url":"https:\/\/www.gaveanews.com\/index.php\/2024\/06\/20\/torcida-do-flamengo-toma-atitude-direcionada-a-everton-ribeiro\/","og_site_name":"G\u00e1vea News","article_publisher":"https:\/\/facebook.com\/gaveaNews\/","article_published_time":"2024-06-20T12:43:15+00:00","article_modified_time":"2024-06-20T12:43:17+00:00","author":"Equipe G\u00e1vea News","twitter_card":"summary_large_image","twitter_misc":{"Escrito por":"Equipe G\u00e1vea News","Est. tempo de leitura":"3 minutos"},"schema":{"@context":"https:\/\/schema.org","@graph":[{"@type":"NewsArticle","@id":"https:\/\/www.gaveanews.com\/index.php\/2024\/06\/20\/torcida-do-flamengo-toma-atitude-direcionada-a-everton-ribeiro\/#article","isPartOf":{"@id":"https:\/\/www.gaveanews.com\/index.php\/2024\/06\/20\/torcida-do-flamengo-toma-atitude-direcionada-a-everton-ribeiro\/"},"author":{"name":"Equipe G\u00e1vea News","@id":"https:\/\/www.gaveanews.com\/#\/schema\/person\/2ec14f73fb96be2caf28f91afb14749d"},"headline":"Torcida do Flamengo toma atitude direcionada a Everton Ribeiro","datePublished":"2024-06-20T12:43:15+00:00","dateModified":"2024-06-20T12:43:17+00:00","mainEntityOfPage":{"@id":"https:\/\/www.gaveanews.com\/index.php\/2024\/06\/20\/torcida-do-flamengo-toma-atitude-direcionada-a-everton-ribeiro\/"},"wordCount":387,"commentCount":0,"image":{"@id":"https:\/\/www.gaveanews.com\/index.php\/2024\/06\/20\/torcida-do-flamengo-toma-atitude-direcionada-a-everton-ribeiro\/#primaryimage"},"thumbnailUrl":"https:\/\/www.gaveanews.com\/wp-content\/uploads\/53630999807-63f737b3c1-k.avif","articleSection":["Flamengo"],"inLanguage":"pt-BR","potentialAction":[{"@type":"CommentAction","name":"Comment","target":["https:\/\/www.gaveanews.com\/index.php\/2024\/06\/20\/torcida-do-flamengo-toma-atitude-direcionada-a-everton-ribeiro\/#respond"]}],"copyrightYear":"2024","copyrightHolder":{"@id":"https:\/\/www.gaveanews.com\/#organization"}},{"@type":"WebPage","@id":"https:\/\/www.gaveanews.com\/index.php\/2024\/06\/20\/torcida-do-flamengo-toma-atitude-direcionada-a-everton-ribeiro\/","url":"https:\/\/www.gaveanews.com\/index.php\/2024\/06\/20\/torcida-do-flamengo-toma-atitude-direcionada-a-everton-ribeiro\/","name":"Torcida do Flamengo toma atitude direcionada a Everton Ribeiro","isPartOf":{"@id":"https:\/\/www.gaveanews.com\/#website"},"primaryImageOfPage":{"@id":"https:\/\/www.gaveanews.com\/index.php\/2024\/06\/20\/torcida-do-flamengo-toma-atitude-direcionada-a-everton-ribeiro\/#primaryimage"},"image":{"@id":"https:\/\/www.gaveanews.com\/index.php\/2024\/06\/20\/torcida-do-flamengo-toma-atitude-direcionada-a-everton-ribeiro\/#primaryimage"},"thumbnailUrl":"https:\/\/www.gaveanews.com\/wp-content\/uploads\/53630999807-63f737b3c1-k.avif","datePublished":"2024-06-20T12:43:15+00:00","dateModified":"2024-06-20T12:43:17+00:00","author":{"@id":"https:\/\/www.gaveanews.com\/#\/schema\/person\/2ec14f73fb96be2caf28f91afb14749d"},"breadcrumb":{"@id":"https:\/\/www.gaveanews.com\/index.php\/2024\/06\/20\/torcida-do-flamengo-toma-atitude-direcionada-a-everton-ribeiro\/#breadcrumb"},"inLanguage":"pt-BR","potentialAction":[{"@type":"ReadAction","target":["https:\/\/www.gaveanews.com\/index.php\/2024\/06\/20\/torcida-do-flamengo-toma-atitude-direcionada-a-everton-ribeiro\/"]}]},{"@type":"ImageObject","inLanguage":"pt-BR","@id":"https:\/\/www.gaveanews.com\/index.php\/2024\/06\/20\/torcida-do-flamengo-toma-atitude-direcionada-a-everton-ribeiro\/#primaryimage","url":"https:\/\/www.gaveanews.com\/wp-content\/uploads\/53630999807-63f737b3c1-k.avif","contentUrl":"https:\/\/www.gaveanews.com\/wp-content\/uploads\/53630999807-63f737b3c1-k.avif","width":984,"height":656,"caption":"Everton Ribeiro em treino do Bahia \u2014 Foto: Tiago Caldas \/ EC Bahia"},{"@type":"BreadcrumbList","@id":"https:\/\/www.gaveanews.com\/index.php\/2024\/06\/20\/torcida-do-flamengo-toma-atitude-direcionada-a-everton-ribeiro\/#breadcrumb","itemListElement":[{"@type":"ListItem","position":1,"name":"Home","item":"https:\/\/www.gaveanews.com\/"},{"@type":"ListItem","position":2,"name":"Torcida do Flamengo toma atitude direcionada a Everton Ribeiro"}]},{"@type":"WebSite","@id":"https:\/\/www.gaveanews.com\/#website","url":"https:\/\/www.gaveanews.com\/","name":"G\u00e1vea News","description":"Veja todas as not\u00edcias sobre o Flamengo: Contrata\u00e7\u00f5es, categorias de base, resultados das partidas, tabela de classifica\u00e7\u00e3o, pr\u00f3ximos jogos!","potentialAction":[{"@type":"SearchAction","target":{"@type":"EntryPoint","urlTemplate":"https:\/\/www.gaveanews.com\/?s={search_term_string}"},"query-input":{"@type":"PropertyValueSpecification","valueRequired":true,"valueName":"search_term_string"}}],"inLanguage":"pt-BR"},{"@type":"Person","@id":"https:\/\/www.gaveanews.com\/#\/schema\/person\/2ec14f73fb96be2caf28f91afb14749d","name":"Equipe G\u00e1vea News","image":{"@type":"ImageObject","inLanguage":"pt-BR","@id":"https:\/\/www.gaveanews.com\/#\/schema\/person\/image\/","url":"https:\/\/secure.gravatar.com\/avatar\/1e1956f1facbffd3f8fa53a326721950116b3b9dc9bd44939c01180fd4a745a9?s=96&d=mm&r=g","contentUrl":"https:\/\/secure.gravatar.com\/avatar\/1e1956f1facbffd3f8fa53a326721950116b3b9dc9bd44939c01180fd4a745a9?s=96&d=mm&r=g","caption":"Equipe G\u00e1vea News"}}]}},"_links":{"self":[{"href":"https:\/\/www.gaveanews.com\/index.php\/wp-json\/wp\/v2\/posts\/148652","targetHints":{"allow":["GET"]}}],"collection":[{"href":"https:\/\/www.gaveanews.com\/index.php\/wp-json\/wp\/v2\/posts"}],"about":[{"href":"https:\/\/www.gaveanews.com\/index.php\/wp-json\/wp\/v2\/types\/post"}],"author":[{"embeddable":true,"href":"https:\/\/www.gaveanews.com\/index.php\/wp-json\/wp\/v2\/users\/1"}],"replies":[{"embeddable":true,"href":"https:\/\/www.gaveanews.com\/index.php\/wp-json\/wp\/v2\/comments?post=148652"}],"version-history":[{"count":1,"href":"https:\/\/www.gaveanews.com\/index.php\/wp-json\/wp\/v2\/posts\/148652\/revisions"}],"predecessor-version":[{"id":148654,"href":"https:\/\/www.gaveanews.com\/index.php\/wp-json\/wp\/v2\/posts\/148652\/revisions\/148654"}],"wp:featuredmedia":[{"embeddable":true,"href":"https:\/\/www.gaveanews.com\/index.php\/wp-json\/wp\/v2\/media\/148291"}],"wp:attachment":[{"href":"https:\/\/www.gaveanews.com\/index.php\/wp-json\/wp\/v2\/media?parent=148652"}],"wp:term":[{"taxonomy":"category","embeddable":true,"href":"https:\/\/www.gaveanews.com\/index.php\/wp-json\/wp\/v2\/categories?post=148652"},{"taxonomy":"post_tag","embeddable":true,"href":"https:\/\/www.gaveanews.com\/index.php\/wp-json\/wp\/v2\/tags?post=148652"}],"curies":[{"name":"wp","href":"https:\/\/api.w.org\/{rel}","templated":true}]}}