{"id":148685,"date":"2024-06-20T14:50:42","date_gmt":"2024-06-20T17:50:42","guid":{"rendered":"https:\/\/www.gaveanews.com\/?p=148685"},"modified":"2024-06-20T14:50:45","modified_gmt":"2024-06-20T17:50:45","slug":"flamengo-busca-reforco-na-premier-league","status":"publish","type":"post","link":"https:\/\/www.gaveanews.com\/index.php\/2024\/06\/20\/flamengo-busca-reforco-na-premier-league\/","title":{"rendered":"Flamengo busca refor\u00e7o na Premier League"},"content":{"rendered":"\n<p>O Flamengo est\u00e1 empenhado em refor\u00e7ar seu elenco para a segunda metade da temporada. A diretoria do clube reconhece que ainda h\u00e1 posi\u00e7\u00f5es que necessitam de refor\u00e7os, e a lateral-direita \u00e9 uma delas.<\/p>\n\n\n\n<p>Segundo informa\u00e7\u00f5es do jornalista Alasdair Gold, do Football London, o Flamengo demonstra interesse em contratar o lateral-direito Emerson Royal, atualmente no Tottenham. O jogador de 25 anos participou de 24 jogos na \u00faltima temporada e marcou um gol. H\u00e1 especula\u00e7\u00f5es sobre uma poss\u00edvel sa\u00edda do atleta na pr\u00f3xima janela de transfer\u00eancias.<\/p>\n\n\n\n<p>Entretanto, a disputa pelo jogador n\u00e3o ser\u00e1 f\u00e1cil para o Rubro-Negro. Emerson Royal est\u00e1 na mira de outros clubes internacionais, inclusive do mundo \u00e1rabe. Seu contrato com o Tottenham \u00e9 v\u00e1lido at\u00e9 meados de 2026, o que pode complicar as negocia\u00e7\u00f5es.<\/p>\n\n\n\n<figure class=\"wp-block-image size-large\"><img loading=\"lazy\" decoding=\"async\" width=\"1024\" height=\"1024\" src=\"https:\/\/www.gaveanews.com\/wp-content\/uploads\/Emerson-Royal-durante-treino-do-Brasil-1024x1024.webp\" alt=\"\" class=\"wp-image-114437\" srcset=\"https:\/\/www.gaveanews.com\/wp-content\/uploads\/Emerson-Royal-durante-treino-do-Brasil-1024x1024.webp 1024w, https:\/\/www.gaveanews.com\/wp-content\/uploads\/Emerson-Royal-durante-treino-do-Brasil-300x300.webp 300w, https:\/\/www.gaveanews.com\/wp-content\/uploads\/Emerson-Royal-durante-treino-do-Brasil-150x150.webp 150w, https:\/\/www.gaveanews.com\/wp-content\/uploads\/Emerson-Royal-durante-treino-do-Brasil-768x768.webp 768w, https:\/\/www.gaveanews.com\/wp-content\/uploads\/Emerson-Royal-durante-treino-do-Brasil-420x420.webp 420w, https:\/\/www.gaveanews.com\/wp-content\/uploads\/Emerson-Royal-durante-treino-do-Brasil-840x840.webp 840w, https:\/\/www.gaveanews.com\/wp-content\/uploads\/Emerson-Royal-durante-treino-do-Brasil-640x640.webp 640w, https:\/\/www.gaveanews.com\/wp-content\/uploads\/Emerson-Royal-durante-treino-do-Brasil-681x681.webp 681w, https:\/\/www.gaveanews.com\/wp-content\/uploads\/Emerson-Royal-durante-treino-do-Brasil-100x100.webp 100w, https:\/\/www.gaveanews.com\/wp-content\/uploads\/Emerson-Royal-durante-treino-do-Brasil.webp 1080w\" sizes=\"auto, (max-width: 1024px) 100vw, 1024px\" \/><figcaption class=\"wp-element-caption\">Emerson Royal durante treino do Brasil (Foto: Reprodu\u00e7\u00e3o\/Instagram)<\/figcaption><\/figure>\n\n\n\n<p>A lateral-direita \u00e9 uma posi\u00e7\u00e3o frequentemente citada pelos torcedores do Flamengo como carente de qualidade. Wesley, revelado pelas categorias de base, ainda precisa amadurecer para ganhar a confian\u00e7a da torcida. O atual titular, Varela, est\u00e1 disputando a Copa Am\u00e9rica com o Uruguai. Contratado em 2022, ele teve um desempenho irregular, alternando bons e maus momentos.<\/p>\n\n\n\n<p>Emerson Royal, por sua vez, possui ampla experi\u00eancia no futebol europeu. Apesar de algumas cr\u00edticas, sua perman\u00eancia prolongada no continente europeu evidencia sua qualidade. Revelado pela Ponte Preta, Emerson passou por Atl\u00e9tico Mineiro, Real Betis e Barcelona antes de chegar ao Tottenham. Al\u00e9m disso, ele j\u00e1 disputou 10 jogos pela Sele\u00e7\u00e3o Brasileira.<\/p>\n\n\n\n<h2 class=\"wp-block-heading\" id=\"h-quando-sera-o-proximo-jogo-do-flamengo\">Quando ser\u00e1 o pr\u00f3ximo jogo do Flamengo?<\/h2>\n\n\n\n<p>Em junho, o\u00a0<a href=\"https:\/\/gaveanews.com\/?utm_source=SystemGaveaNews&amp;utm_medium=SystemGaveaNews&amp;utm_campaign=SystemGaveaNews\">Flamengo<\/a>\u00a0n\u00e3o disputar\u00e1 partidas pela Copa Libertadores e Copa do Brasil, concentrando-se exclusivamente no Campeonato Brasileiro. Sob o comando do t\u00e9cnico Tite, a equipe enfrentar\u00e1 uma agenda repleta de desafios no principal torneio nacional. Confira abaixo a agenda do\u00a0<a href=\"https:\/\/gaveanews.com\/?utm_source=SystemGaveaNews&amp;utm_medium=SystemGaveaNews&amp;utm_campaign=SystemGaveaNews\">Flamengo<\/a>\u00a0no m\u00eas de junho:<\/p>\n\n\n\n<ul class=\"wp-block-list\">\n<li>02\/06 \u2013\u00a0<a href=\"https:\/\/www.gaveanews.com\/?s=vasco&amp;utm_source=SystemGaveaNews&amp;utm_medium=SystemGaveaNews&amp;utm_campaign=SystemGaveaNews\">Vasco<\/a>\u00a01\u00d76\u00a0<a href=\"https:\/\/gaveanews.com\/?utm_source=SystemGaveaNews&amp;utm_medium=SystemGaveaNews&amp;utm_campaign=SystemGaveaNews\">Flamengo<\/a><\/li>\n\n\n\n<li>13\/06 \u2013\u00a0<a href=\"https:\/\/gaveanews.com\/?utm_source=SystemGaveaNews&amp;utm_medium=SystemGaveaNews&amp;utm_campaign=SystemGaveaNews\">Flamengo<\/a>\u00a02 x 1\u00a0<a href=\"https:\/\/www.gaveanews.com\/?s=Gr%C3%AAmio&amp;utm_source=SystemGaveaNews&amp;utm_medium=SystemGaveaNews&amp;utm_campaign=SystemGaveaNews\">Gr\u00eamio<\/a><\/li>\n\n\n\n<li>16\/06 \u2013 Athletico-PR 1 x\u00a01\u00a0<a href=\"https:\/\/gaveanews.com\/?utm_source=SystemGaveaNews&amp;utm_medium=SystemGaveaNews&amp;utm_campaign=SystemGaveaNews\">Flamengo<\/a><\/li>\n\n\n\n<li><strong>20\/06 \u2013\u00a0<a href=\"https:\/\/gaveanews.com\/?utm_source=SystemGaveaNews&amp;utm_medium=SystemGaveaNews&amp;utm_campaign=SystemGaveaNews\">Flamengo<\/a>\u00a0x Bahia<\/strong><\/li>\n\n\n\n<li>23\/06 \u2013\u00a0<a href=\"https:\/\/www.gaveanews.com\/?s=fluminense&amp;utm_source=SystemGaveaNews&amp;utm_medium=SystemGaveaNews&amp;utm_campaign=SystemGaveaNews\">Fluminense<\/a>\u00a0x\u00a0<a href=\"https:\/\/gaveanews.com\/?utm_source=SystemGaveaNews&amp;utm_medium=SystemGaveaNews&amp;utm_campaign=SystemGaveaNews\">Flamengo<\/a><\/li>\n\n\n\n<li>26\/06 \u2013 Juventude x\u00a0<a href=\"https:\/\/gaveanews.com\/?utm_source=SystemGaveaNews&amp;utm_medium=SystemGaveaNews&amp;utm_campaign=SystemGaveaNews\">Flamengo<\/a><\/li>\n\n\n\n<li>30\/06 \u2013\u00a0<a href=\"https:\/\/gaveanews.com\/?utm_source=SystemGaveaNews&amp;utm_medium=SystemGaveaNews&amp;utm_campaign=SystemGaveaNews\">Flamengo<\/a>\u00a0x Cruzeiro<\/li>\n<\/ul>\n","protected":false},"excerpt":{"rendered":"<p>O Flamengo est\u00e1 empenhado em refor\u00e7ar seu elenco para a segunda metade da temporada. A diretoria do clube reconhece que ainda h\u00e1 posi\u00e7\u00f5es que necessitam de refor\u00e7os, e a lateral-direita \u00e9 uma delas. Segundo informa\u00e7\u00f5es do jornalista Alasdair Gold, do Football London, o Flamengo demonstra interesse em contratar o lateral-direito Emerson Royal, atualmente no Tottenham. [&hellip;]<\/p>\n","protected":false},"author":15,"featured_media":127354,"comment_status":"open","ping_status":"closed","sticky":false,"template":"","format":"standard","meta":{"footnotes":""},"categories":[1],"tags":[],"class_list":["post-148685","post","type-post","status-publish","format-standard","has-post-thumbnail","hentry","category-flamengo"],"yoast_head":"<!-- This site is optimized with the Yoast SEO Premium plugin v24.2 (Yoast SEO v26.9) - https:\/\/yoast.com\/product\/yoast-seo-premium-wordpress\/ -->\n<title>Flamengo busca refor\u00e7o na Premier League<\/title>\n<meta name=\"robots\" content=\"index, follow, max-snippet:-1, max-image-preview:large, max-video-preview:-1\" \/>\n<link rel=\"canonical\" href=\"https:\/\/www.gaveanews.com\/index.php\/2024\/06\/20\/flamengo-busca-reforco-na-premier-league\/\" \/>\n<meta property=\"og:locale\" content=\"pt_BR\" \/>\n<meta property=\"og:type\" content=\"article\" \/>\n<meta property=\"og:title\" content=\"Flamengo busca refor\u00e7o na Premier League\" \/>\n<meta property=\"og:description\" content=\"O Flamengo est\u00e1 empenhado em refor\u00e7ar seu elenco para a segunda metade da temporada. A diretoria do clube reconhece que ainda h\u00e1 posi\u00e7\u00f5es que necessitam de refor\u00e7os, e a lateral-direita \u00e9 uma delas. Segundo informa\u00e7\u00f5es do jornalista Alasdair Gold, do Football London, o Flamengo demonstra interesse em contratar o lateral-direito Emerson Royal, atualmente no Tottenham. [&hellip;]\" \/>\n<meta property=\"og:url\" content=\"https:\/\/www.gaveanews.com\/index.php\/2024\/06\/20\/flamengo-busca-reforco-na-premier-league\/\" \/>\n<meta property=\"og:site_name\" content=\"G\u00e1vea News\" \/>\n<meta property=\"article:publisher\" content=\"https:\/\/facebook.com\/gaveaNews\/\" \/>\n<meta property=\"article:published_time\" content=\"2024-06-20T17:50:42+00:00\" \/>\n<meta property=\"article:modified_time\" content=\"2024-06-20T17:50:45+00:00\" \/>\n<meta property=\"og:image\" content=\"https:\/\/www.gaveanews.com\/wp-content\/uploads\/camisa-flamengo.webp\" \/>\n\t<meta property=\"og:image:width\" content=\"483\" \/>\n\t<meta property=\"og:image:height\" content=\"322\" \/>\n\t<meta property=\"og:image:type\" content=\"image\/webp\" \/>\n<meta name=\"author\" content=\"Henrique Machado\" \/>\n<meta name=\"twitter:card\" content=\"summary_large_image\" \/>\n<meta name=\"twitter:label1\" content=\"Escrito por\" \/>\n\t<meta name=\"twitter:data1\" content=\"Henrique Machado\" \/>\n\t<meta name=\"twitter:label2\" content=\"Est. tempo de leitura\" \/>\n\t<meta name=\"twitter:data2\" content=\"3 minutos\" \/>\n<script type=\"application\/ld+json\" class=\"yoast-schema-graph\">{\"@context\":\"https:\/\/schema.org\",\"@graph\":[{\"@type\":\"NewsArticle\",\"@id\":\"https:\/\/www.gaveanews.com\/index.php\/2024\/06\/20\/flamengo-busca-reforco-na-premier-league\/#article\",\"isPartOf\":{\"@id\":\"https:\/\/www.gaveanews.com\/index.php\/2024\/06\/20\/flamengo-busca-reforco-na-premier-league\/\"},\"author\":{\"name\":\"Henrique Machado\",\"@id\":\"https:\/\/www.gaveanews.com\/#\/schema\/person\/fd07635ec039ec3ba74ad18ec8a6dbd6\"},\"headline\":\"Flamengo busca refor\u00e7o na Premier League\",\"datePublished\":\"2024-06-20T17:50:42+00:00\",\"dateModified\":\"2024-06-20T17:50:45+00:00\",\"mainEntityOfPage\":{\"@id\":\"https:\/\/www.gaveanews.com\/index.php\/2024\/06\/20\/flamengo-busca-reforco-na-premier-league\/\"},\"wordCount\":342,\"commentCount\":0,\"image\":{\"@id\":\"https:\/\/www.gaveanews.com\/index.php\/2024\/06\/20\/flamengo-busca-reforco-na-premier-league\/#primaryimage\"},\"thumbnailUrl\":\"https:\/\/www.gaveanews.com\/wp-content\/uploads\/camisa-flamengo.webp\",\"articleSection\":[\"Flamengo\"],\"inLanguage\":\"pt-BR\",\"potentialAction\":[{\"@type\":\"CommentAction\",\"name\":\"Comment\",\"target\":[\"https:\/\/www.gaveanews.com\/index.php\/2024\/06\/20\/flamengo-busca-reforco-na-premier-league\/#respond\"]}],\"copyrightYear\":\"2024\",\"copyrightHolder\":{\"@id\":\"https:\/\/www.gaveanews.com\/#organization\"}},{\"@type\":\"WebPage\",\"@id\":\"https:\/\/www.gaveanews.com\/index.php\/2024\/06\/20\/flamengo-busca-reforco-na-premier-league\/\",\"url\":\"https:\/\/www.gaveanews.com\/index.php\/2024\/06\/20\/flamengo-busca-reforco-na-premier-league\/\",\"name\":\"Flamengo busca refor\u00e7o na Premier League\",\"isPartOf\":{\"@id\":\"https:\/\/www.gaveanews.com\/#website\"},\"primaryImageOfPage\":{\"@id\":\"https:\/\/www.gaveanews.com\/index.php\/2024\/06\/20\/flamengo-busca-reforco-na-premier-league\/#primaryimage\"},\"image\":{\"@id\":\"https:\/\/www.gaveanews.com\/index.php\/2024\/06\/20\/flamengo-busca-reforco-na-premier-league\/#primaryimage\"},\"thumbnailUrl\":\"https:\/\/www.gaveanews.com\/wp-content\/uploads\/camisa-flamengo.webp\",\"datePublished\":\"2024-06-20T17:50:42+00:00\",\"dateModified\":\"2024-06-20T17:50:45+00:00\",\"author\":{\"@id\":\"https:\/\/www.gaveanews.com\/#\/schema\/person\/fd07635ec039ec3ba74ad18ec8a6dbd6\"},\"breadcrumb\":{\"@id\":\"https:\/\/www.gaveanews.com\/index.php\/2024\/06\/20\/flamengo-busca-reforco-na-premier-league\/#breadcrumb\"},\"inLanguage\":\"pt-BR\",\"potentialAction\":[{\"@type\":\"ReadAction\",\"target\":[\"https:\/\/www.gaveanews.com\/index.php\/2024\/06\/20\/flamengo-busca-reforco-na-premier-league\/\"]}]},{\"@type\":\"ImageObject\",\"inLanguage\":\"pt-BR\",\"@id\":\"https:\/\/www.gaveanews.com\/index.php\/2024\/06\/20\/flamengo-busca-reforco-na-premier-league\/#primaryimage\",\"url\":\"https:\/\/www.gaveanews.com\/wp-content\/uploads\/camisa-flamengo.webp\",\"contentUrl\":\"https:\/\/www.gaveanews.com\/wp-content\/uploads\/camisa-flamengo.webp\",\"width\":483,\"height\":322,\"caption\":\"Escudo do Flamengo (Foto: Reprodu\u00e7\u00e3o)\"},{\"@type\":\"BreadcrumbList\",\"@id\":\"https:\/\/www.gaveanews.com\/index.php\/2024\/06\/20\/flamengo-busca-reforco-na-premier-league\/#breadcrumb\",\"itemListElement\":[{\"@type\":\"ListItem\",\"position\":1,\"name\":\"Home\",\"item\":\"https:\/\/www.gaveanews.com\/\"},{\"@type\":\"ListItem\",\"position\":2,\"name\":\"Flamengo busca refor\u00e7o na Premier League\"}]},{\"@type\":\"WebSite\",\"@id\":\"https:\/\/www.gaveanews.com\/#website\",\"url\":\"https:\/\/www.gaveanews.com\/\",\"name\":\"G\u00e1vea News\",\"description\":\"Veja todas as not\u00edcias sobre o Flamengo: Contrata\u00e7\u00f5es, categorias de base, resultados das partidas, tabela de classifica\u00e7\u00e3o, pr\u00f3ximos jogos!\",\"potentialAction\":[{\"@type\":\"SearchAction\",\"target\":{\"@type\":\"EntryPoint\",\"urlTemplate\":\"https:\/\/www.gaveanews.com\/?s={search_term_string}\"},\"query-input\":{\"@type\":\"PropertyValueSpecification\",\"valueRequired\":true,\"valueName\":\"search_term_string\"}}],\"inLanguage\":\"pt-BR\"},{\"@type\":\"Person\",\"@id\":\"https:\/\/www.gaveanews.com\/#\/schema\/person\/fd07635ec039ec3ba74ad18ec8a6dbd6\",\"name\":\"Henrique Machado\",\"image\":{\"@type\":\"ImageObject\",\"inLanguage\":\"pt-BR\",\"@id\":\"https:\/\/www.gaveanews.com\/#\/schema\/person\/image\/\",\"url\":\"https:\/\/secure.gravatar.com\/avatar\/b95e35997e01d9800c1b6184bd79d4d898d370a3fce2584f5c77b907d5c7d9e9?s=96&d=mm&r=g\",\"contentUrl\":\"https:\/\/secure.gravatar.com\/avatar\/b95e35997e01d9800c1b6184bd79d4d898d370a3fce2584f5c77b907d5c7d9e9?s=96&d=mm&r=g\",\"caption\":\"Henrique Machado\"}}]}<\/script>\n<!-- \/ Yoast SEO Premium plugin. -->","yoast_head_json":{"title":"Flamengo busca refor\u00e7o na Premier League","robots":{"index":"index","follow":"follow","max-snippet":"max-snippet:-1","max-image-preview":"max-image-preview:large","max-video-preview":"max-video-preview:-1"},"canonical":"https:\/\/www.gaveanews.com\/index.php\/2024\/06\/20\/flamengo-busca-reforco-na-premier-league\/","og_locale":"pt_BR","og_type":"article","og_title":"Flamengo busca refor\u00e7o na Premier League","og_description":"O Flamengo est\u00e1 empenhado em refor\u00e7ar seu elenco para a segunda metade da temporada. A diretoria do clube reconhece que ainda h\u00e1 posi\u00e7\u00f5es que necessitam de refor\u00e7os, e a lateral-direita \u00e9 uma delas. Segundo informa\u00e7\u00f5es do jornalista Alasdair Gold, do Football London, o Flamengo demonstra interesse em contratar o lateral-direito Emerson Royal, atualmente no Tottenham. [&hellip;]","og_url":"https:\/\/www.gaveanews.com\/index.php\/2024\/06\/20\/flamengo-busca-reforco-na-premier-league\/","og_site_name":"G\u00e1vea News","article_publisher":"https:\/\/facebook.com\/gaveaNews\/","article_published_time":"2024-06-20T17:50:42+00:00","article_modified_time":"2024-06-20T17:50:45+00:00","og_image":[{"width":483,"height":322,"url":"https:\/\/www.gaveanews.com\/wp-content\/uploads\/camisa-flamengo.webp","type":"image\/webp"}],"author":"Henrique Machado","twitter_card":"summary_large_image","twitter_misc":{"Escrito por":"Henrique Machado","Est. tempo de leitura":"3 minutos"},"schema":{"@context":"https:\/\/schema.org","@graph":[{"@type":"NewsArticle","@id":"https:\/\/www.gaveanews.com\/index.php\/2024\/06\/20\/flamengo-busca-reforco-na-premier-league\/#article","isPartOf":{"@id":"https:\/\/www.gaveanews.com\/index.php\/2024\/06\/20\/flamengo-busca-reforco-na-premier-league\/"},"author":{"name":"Henrique Machado","@id":"https:\/\/www.gaveanews.com\/#\/schema\/person\/fd07635ec039ec3ba74ad18ec8a6dbd6"},"headline":"Flamengo busca refor\u00e7o na Premier League","datePublished":"2024-06-20T17:50:42+00:00","dateModified":"2024-06-20T17:50:45+00:00","mainEntityOfPage":{"@id":"https:\/\/www.gaveanews.com\/index.php\/2024\/06\/20\/flamengo-busca-reforco-na-premier-league\/"},"wordCount":342,"commentCount":0,"image":{"@id":"https:\/\/www.gaveanews.com\/index.php\/2024\/06\/20\/flamengo-busca-reforco-na-premier-league\/#primaryimage"},"thumbnailUrl":"https:\/\/www.gaveanews.com\/wp-content\/uploads\/camisa-flamengo.webp","articleSection":["Flamengo"],"inLanguage":"pt-BR","potentialAction":[{"@type":"CommentAction","name":"Comment","target":["https:\/\/www.gaveanews.com\/index.php\/2024\/06\/20\/flamengo-busca-reforco-na-premier-league\/#respond"]}],"copyrightYear":"2024","copyrightHolder":{"@id":"https:\/\/www.gaveanews.com\/#organization"}},{"@type":"WebPage","@id":"https:\/\/www.gaveanews.com\/index.php\/2024\/06\/20\/flamengo-busca-reforco-na-premier-league\/","url":"https:\/\/www.gaveanews.com\/index.php\/2024\/06\/20\/flamengo-busca-reforco-na-premier-league\/","name":"Flamengo busca refor\u00e7o na Premier League","isPartOf":{"@id":"https:\/\/www.gaveanews.com\/#website"},"primaryImageOfPage":{"@id":"https:\/\/www.gaveanews.com\/index.php\/2024\/06\/20\/flamengo-busca-reforco-na-premier-league\/#primaryimage"},"image":{"@id":"https:\/\/www.gaveanews.com\/index.php\/2024\/06\/20\/flamengo-busca-reforco-na-premier-league\/#primaryimage"},"thumbnailUrl":"https:\/\/www.gaveanews.com\/wp-content\/uploads\/camisa-flamengo.webp","datePublished":"2024-06-20T17:50:42+00:00","dateModified":"2024-06-20T17:50:45+00:00","author":{"@id":"https:\/\/www.gaveanews.com\/#\/schema\/person\/fd07635ec039ec3ba74ad18ec8a6dbd6"},"breadcrumb":{"@id":"https:\/\/www.gaveanews.com\/index.php\/2024\/06\/20\/flamengo-busca-reforco-na-premier-league\/#breadcrumb"},"inLanguage":"pt-BR","potentialAction":[{"@type":"ReadAction","target":["https:\/\/www.gaveanews.com\/index.php\/2024\/06\/20\/flamengo-busca-reforco-na-premier-league\/"]}]},{"@type":"ImageObject","inLanguage":"pt-BR","@id":"https:\/\/www.gaveanews.com\/index.php\/2024\/06\/20\/flamengo-busca-reforco-na-premier-league\/#primaryimage","url":"https:\/\/www.gaveanews.com\/wp-content\/uploads\/camisa-flamengo.webp","contentUrl":"https:\/\/www.gaveanews.com\/wp-content\/uploads\/camisa-flamengo.webp","width":483,"height":322,"caption":"Escudo do Flamengo (Foto: Reprodu\u00e7\u00e3o)"},{"@type":"BreadcrumbList","@id":"https:\/\/www.gaveanews.com\/index.php\/2024\/06\/20\/flamengo-busca-reforco-na-premier-league\/#breadcrumb","itemListElement":[{"@type":"ListItem","position":1,"name":"Home","item":"https:\/\/www.gaveanews.com\/"},{"@type":"ListItem","position":2,"name":"Flamengo busca refor\u00e7o na Premier League"}]},{"@type":"WebSite","@id":"https:\/\/www.gaveanews.com\/#website","url":"https:\/\/www.gaveanews.com\/","name":"G\u00e1vea News","description":"Veja todas as not\u00edcias sobre o Flamengo: Contrata\u00e7\u00f5es, categorias de base, resultados das partidas, tabela de classifica\u00e7\u00e3o, pr\u00f3ximos jogos!","potentialAction":[{"@type":"SearchAction","target":{"@type":"EntryPoint","urlTemplate":"https:\/\/www.gaveanews.com\/?s={search_term_string}"},"query-input":{"@type":"PropertyValueSpecification","valueRequired":true,"valueName":"search_term_string"}}],"inLanguage":"pt-BR"},{"@type":"Person","@id":"https:\/\/www.gaveanews.com\/#\/schema\/person\/fd07635ec039ec3ba74ad18ec8a6dbd6","name":"Henrique Machado","image":{"@type":"ImageObject","inLanguage":"pt-BR","@id":"https:\/\/www.gaveanews.com\/#\/schema\/person\/image\/","url":"https:\/\/secure.gravatar.com\/avatar\/b95e35997e01d9800c1b6184bd79d4d898d370a3fce2584f5c77b907d5c7d9e9?s=96&d=mm&r=g","contentUrl":"https:\/\/secure.gravatar.com\/avatar\/b95e35997e01d9800c1b6184bd79d4d898d370a3fce2584f5c77b907d5c7d9e9?s=96&d=mm&r=g","caption":"Henrique Machado"}}]}},"_links":{"self":[{"href":"https:\/\/www.gaveanews.com\/index.php\/wp-json\/wp\/v2\/posts\/148685","targetHints":{"allow":["GET"]}}],"collection":[{"href":"https:\/\/www.gaveanews.com\/index.php\/wp-json\/wp\/v2\/posts"}],"about":[{"href":"https:\/\/www.gaveanews.com\/index.php\/wp-json\/wp\/v2\/types\/post"}],"author":[{"embeddable":true,"href":"https:\/\/www.gaveanews.com\/index.php\/wp-json\/wp\/v2\/users\/15"}],"replies":[{"embeddable":true,"href":"https:\/\/www.gaveanews.com\/index.php\/wp-json\/wp\/v2\/comments?post=148685"}],"version-history":[{"count":3,"href":"https:\/\/www.gaveanews.com\/index.php\/wp-json\/wp\/v2\/posts\/148685\/revisions"}],"predecessor-version":[{"id":148688,"href":"https:\/\/www.gaveanews.com\/index.php\/wp-json\/wp\/v2\/posts\/148685\/revisions\/148688"}],"wp:featuredmedia":[{"embeddable":true,"href":"https:\/\/www.gaveanews.com\/index.php\/wp-json\/wp\/v2\/media\/127354"}],"wp:attachment":[{"href":"https:\/\/www.gaveanews.com\/index.php\/wp-json\/wp\/v2\/media?parent=148685"}],"wp:term":[{"taxonomy":"category","embeddable":true,"href":"https:\/\/www.gaveanews.com\/index.php\/wp-json\/wp\/v2\/categories?post=148685"},{"taxonomy":"post_tag","embeddable":true,"href":"https:\/\/www.gaveanews.com\/index.php\/wp-json\/wp\/v2\/tags?post=148685"}],"curies":[{"name":"wp","href":"https:\/\/api.w.org\/{rel}","templated":true}]}}