{"id":148689,"date":"2024-06-20T15:29:17","date_gmt":"2024-06-20T18:29:17","guid":{"rendered":"https:\/\/www.gaveanews.com\/?p=148689"},"modified":"2024-06-20T15:30:14","modified_gmt":"2024-06-20T18:30:14","slug":"a-declaracao-do-empresario-de-hugo-souza-sobre-o-futuro-do-goleiro","status":"publish","type":"post","link":"https:\/\/www.gaveanews.com\/index.php\/2024\/06\/20\/a-declaracao-do-empresario-de-hugo-souza-sobre-o-futuro-do-goleiro\/","title":{"rendered":"A declara\u00e7\u00e3o do empres\u00e1rio de Hugo Souza sobre o futuro do goleiro"},"content":{"rendered":"\n<p>O contrato de Hugo Souza com o Chaves se encerra no dia 30 de junho, marcando o t\u00e9rmino de seu empr\u00e9stimo com o time portugu\u00eas. Assim, o goleiro deve se reapresentar ao Flamengo em julho. Posteriormente, o clube rubro-negro e o jogador decidir\u00e3o os pr\u00f3ximos passos de sua carreira.<\/p>\n\n\n\n<p>Recentemente, Hugo Souza atraiu interesse de outros clubes brasileiros, incluindo o Corinthians e o Santos. O Corinthians, em particular, busca um substituto para Carlos Miguel, que est\u00e1 em negocia\u00e7\u00f5es para se transferir ao Nottingham Forest, da Inglaterra. Entretanto, Andr\u00e9 Bahia, empres\u00e1rio de Hugo Souza, afirmou que n\u00e3o h\u00e1 nenhuma negocia\u00e7\u00e3o oficial com o time paulista at\u00e9 o momento.<\/p>\n\n\n\n<p>\u2014 <em>Ele (Hugo Souza) tem contrato at\u00e9 dezembro de 2025 com o Flamengo. Estamos aguardando. Ainda n\u00e3o tivemos o contato, nada oficial\u201d. \u00c9 importante destacar que o empr\u00e9stimo do goleiro com o Chaves est\u00e1 prestes a terminar, mas seu v\u00ednculo com o Flamengo permanece ativo,<\/em> disse Andr\u00e9 Bahia.<\/p>\n\n\n\n<p>Hugo Souza tamb\u00e9m se pronunciou sobre o assunto em uma entrevista recente ao canal \u2018Charla Podcast\u2019. Ele reiterou seu contrato com o Flamengo at\u00e9 dezembro de 2025 e mencionou seu retorno ao clube ap\u00f3s o fim do empr\u00e9stimo com o Chaves. O goleiro expressou confian\u00e7a em seu desempenho e mencionou que aguardar\u00e1 as oportunidades de mercado.<\/p>\n\n\n\n<h2 class=\"wp-block-heading\" id=\"h-quando-sera-o-proximo-jogo-do-flamengo\">Quando ser\u00e1 o pr\u00f3ximo jogo do Flamengo?<\/h2>\n\n\n\n<p>Em junho, o&nbsp;<a href=\"https:\/\/gaveanews.com\/?utm_source=SystemGaveaNews&amp;utm_medium=SystemGaveaNews&amp;utm_campaign=SystemGaveaNews\">Flamengo<\/a>&nbsp;n\u00e3o disputar\u00e1 partidas pela Copa Libertadores e Copa do Brasil, concentrando-se exclusivamente no Campeonato Brasileiro. Sob o comando do t\u00e9cnico Tite, a equipe enfrentar\u00e1 uma agenda repleta de desafios no principal torneio nacional.<\/p>\n\n\n\n<p>Confira abaixo a agenda do&nbsp;<a href=\"https:\/\/gaveanews.com\/?utm_source=SystemGaveaNews&amp;utm_medium=SystemGaveaNews&amp;utm_campaign=SystemGaveaNews\">Flamengo<\/a>&nbsp;no m\u00eas de junho:<\/p>\n\n\n\n<ul class=\"wp-block-list\">\n<li>02\/06 \u2013\u00a0<a href=\"https:\/\/www.gaveanews.com\/?s=vasco&amp;utm_source=SystemGaveaNews&amp;utm_medium=SystemGaveaNews&amp;utm_campaign=SystemGaveaNews\">Vasco<\/a>\u00a01\u00d76\u00a0<a href=\"https:\/\/gaveanews.com\/?utm_source=SystemGaveaNews&amp;utm_medium=SystemGaveaNews&amp;utm_campaign=SystemGaveaNews\">Flamengo<\/a><\/li>\n\n\n\n<li>13\/06 \u2013\u00a0<a href=\"https:\/\/gaveanews.com\/?utm_source=SystemGaveaNews&amp;utm_medium=SystemGaveaNews&amp;utm_campaign=SystemGaveaNews\">Flamengo<\/a>\u00a02 x 1\u00a0<a href=\"https:\/\/www.gaveanews.com\/?s=Gr%C3%AAmio&amp;utm_source=SystemGaveaNews&amp;utm_medium=SystemGaveaNews&amp;utm_campaign=SystemGaveaNews\">Gr\u00eamio<\/a><\/li>\n\n\n\n<li>16\/06 \u2013 Athletico-PR 1 x\u00a01\u00a0<a href=\"https:\/\/gaveanews.com\/?utm_source=SystemGaveaNews&amp;utm_medium=SystemGaveaNews&amp;utm_campaign=SystemGaveaNews\">Flamengo<\/a><\/li>\n\n\n\n<li><strong>20\/06 \u2013\u00a0<a href=\"https:\/\/gaveanews.com\/?utm_source=SystemGaveaNews&amp;utm_medium=SystemGaveaNews&amp;utm_campaign=SystemGaveaNews\">Flamengo<\/a>\u00a0x Bahia<\/strong><\/li>\n\n\n\n<li>23\/06 \u2013\u00a0<a href=\"https:\/\/www.gaveanews.com\/?s=fluminense&amp;utm_source=SystemGaveaNews&amp;utm_medium=SystemGaveaNews&amp;utm_campaign=SystemGaveaNews\">Fluminense<\/a>\u00a0x\u00a0<a href=\"https:\/\/gaveanews.com\/?utm_source=SystemGaveaNews&amp;utm_medium=SystemGaveaNews&amp;utm_campaign=SystemGaveaNews\">Flamengo<\/a><\/li>\n\n\n\n<li>26\/06 \u2013 Juventude x\u00a0<a href=\"https:\/\/gaveanews.com\/?utm_source=SystemGaveaNews&amp;utm_medium=SystemGaveaNews&amp;utm_campaign=SystemGaveaNews\">Flamengo<\/a><\/li>\n\n\n\n<li>30\/06 \u2013\u00a0<a href=\"https:\/\/gaveanews.com\/?utm_source=SystemGaveaNews&amp;utm_medium=SystemGaveaNews&amp;utm_campaign=SystemGaveaNews\">Flamengo<\/a>\u00a0x Cruzeiro<\/li>\n<\/ul>\n","protected":false},"excerpt":{"rendered":"<p>O contrato de Hugo Souza com o Chaves se encerra no dia 30 de junho, marcando o t\u00e9rmino de seu empr\u00e9stimo com o time portugu\u00eas. Assim, o goleiro deve se reapresentar ao Flamengo em julho. Posteriormente, o clube rubro-negro e o jogador decidir\u00e3o os pr\u00f3ximos passos de sua carreira. Recentemente, Hugo Souza atraiu interesse de [&hellip;]<\/p>\n","protected":false},"author":15,"featured_media":82391,"comment_status":"open","ping_status":"closed","sticky":false,"template":"","format":"standard","meta":{"footnotes":""},"categories":[1],"tags":[],"class_list":["post-148689","post","type-post","status-publish","format-standard","has-post-thumbnail","hentry","category-flamengo"],"yoast_head":"<!-- This site is optimized with the Yoast SEO Premium plugin v24.2 (Yoast SEO v26.9) - https:\/\/yoast.com\/product\/yoast-seo-premium-wordpress\/ -->\n<title>A declara\u00e7\u00e3o do empres\u00e1rio de Hugo Souza sobre o futuro do goleiro<\/title>\n<meta name=\"robots\" content=\"index, follow, max-snippet:-1, max-image-preview:large, max-video-preview:-1\" \/>\n<link rel=\"canonical\" href=\"https:\/\/www.gaveanews.com\/index.php\/2024\/06\/20\/a-declaracao-do-empresario-de-hugo-souza-sobre-o-futuro-do-goleiro\/\" \/>\n<meta property=\"og:locale\" content=\"pt_BR\" \/>\n<meta property=\"og:type\" content=\"article\" \/>\n<meta property=\"og:title\" content=\"A declara\u00e7\u00e3o do empres\u00e1rio de Hugo Souza sobre o futuro do goleiro\" \/>\n<meta property=\"og:description\" content=\"O contrato de Hugo Souza com o Chaves se encerra no dia 30 de junho, marcando o t\u00e9rmino de seu empr\u00e9stimo com o time portugu\u00eas. Assim, o goleiro deve se reapresentar ao Flamengo em julho. Posteriormente, o clube rubro-negro e o jogador decidir\u00e3o os pr\u00f3ximos passos de sua carreira. Recentemente, Hugo Souza atraiu interesse de [&hellip;]\" \/>\n<meta property=\"og:url\" content=\"https:\/\/www.gaveanews.com\/index.php\/2024\/06\/20\/a-declaracao-do-empresario-de-hugo-souza-sobre-o-futuro-do-goleiro\/\" \/>\n<meta property=\"og:site_name\" content=\"G\u00e1vea News\" \/>\n<meta property=\"article:publisher\" content=\"https:\/\/facebook.com\/gaveaNews\/\" \/>\n<meta property=\"article:published_time\" content=\"2024-06-20T18:29:17+00:00\" \/>\n<meta property=\"article:modified_time\" content=\"2024-06-20T18:30:14+00:00\" \/>\n<meta property=\"og:image\" content=\"https:\/\/www.gaveanews.com\/wp-content\/uploads\/Hugo-Souza-em-classico-do-Flamengo-contra-o-Fluminense.webp\" \/>\n\t<meta property=\"og:image:width\" content=\"799\" \/>\n\t<meta property=\"og:image:height\" content=\"533\" \/>\n\t<meta property=\"og:image:type\" content=\"image\/jpeg\" \/>\n<meta name=\"author\" content=\"Henrique Machado\" \/>\n<meta name=\"twitter:card\" content=\"summary_large_image\" \/>\n<meta name=\"twitter:label1\" content=\"Escrito por\" \/>\n\t<meta name=\"twitter:data1\" content=\"Henrique Machado\" \/>\n\t<meta name=\"twitter:label2\" content=\"Est. tempo de leitura\" \/>\n\t<meta name=\"twitter:data2\" content=\"2 minutos\" \/>\n<script type=\"application\/ld+json\" class=\"yoast-schema-graph\">{\"@context\":\"https:\/\/schema.org\",\"@graph\":[{\"@type\":\"NewsArticle\",\"@id\":\"https:\/\/www.gaveanews.com\/index.php\/2024\/06\/20\/a-declaracao-do-empresario-de-hugo-souza-sobre-o-futuro-do-goleiro\/#article\",\"isPartOf\":{\"@id\":\"https:\/\/www.gaveanews.com\/index.php\/2024\/06\/20\/a-declaracao-do-empresario-de-hugo-souza-sobre-o-futuro-do-goleiro\/\"},\"author\":{\"name\":\"Henrique Machado\",\"@id\":\"https:\/\/www.gaveanews.com\/#\/schema\/person\/fd07635ec039ec3ba74ad18ec8a6dbd6\"},\"headline\":\"A declara\u00e7\u00e3o do empres\u00e1rio de Hugo Souza sobre o futuro do goleiro\",\"datePublished\":\"2024-06-20T18:29:17+00:00\",\"dateModified\":\"2024-06-20T18:30:14+00:00\",\"mainEntityOfPage\":{\"@id\":\"https:\/\/www.gaveanews.com\/index.php\/2024\/06\/20\/a-declaracao-do-empresario-de-hugo-souza-sobre-o-futuro-do-goleiro\/\"},\"wordCount\":319,\"commentCount\":0,\"image\":{\"@id\":\"https:\/\/www.gaveanews.com\/index.php\/2024\/06\/20\/a-declaracao-do-empresario-de-hugo-souza-sobre-o-futuro-do-goleiro\/#primaryimage\"},\"thumbnailUrl\":\"https:\/\/www.gaveanews.com\/wp-content\/uploads\/Hugo-Souza-em-classico-do-Flamengo-contra-o-Fluminense.webp\",\"articleSection\":[\"Flamengo\"],\"inLanguage\":\"pt-BR\",\"potentialAction\":[{\"@type\":\"CommentAction\",\"name\":\"Comment\",\"target\":[\"https:\/\/www.gaveanews.com\/index.php\/2024\/06\/20\/a-declaracao-do-empresario-de-hugo-souza-sobre-o-futuro-do-goleiro\/#respond\"]}],\"copyrightYear\":\"2024\",\"copyrightHolder\":{\"@id\":\"https:\/\/www.gaveanews.com\/#organization\"}},{\"@type\":\"WebPage\",\"@id\":\"https:\/\/www.gaveanews.com\/index.php\/2024\/06\/20\/a-declaracao-do-empresario-de-hugo-souza-sobre-o-futuro-do-goleiro\/\",\"url\":\"https:\/\/www.gaveanews.com\/index.php\/2024\/06\/20\/a-declaracao-do-empresario-de-hugo-souza-sobre-o-futuro-do-goleiro\/\",\"name\":\"A declara\u00e7\u00e3o do empres\u00e1rio de Hugo Souza sobre o futuro do goleiro\",\"isPartOf\":{\"@id\":\"https:\/\/www.gaveanews.com\/#website\"},\"primaryImageOfPage\":{\"@id\":\"https:\/\/www.gaveanews.com\/index.php\/2024\/06\/20\/a-declaracao-do-empresario-de-hugo-souza-sobre-o-futuro-do-goleiro\/#primaryimage\"},\"image\":{\"@id\":\"https:\/\/www.gaveanews.com\/index.php\/2024\/06\/20\/a-declaracao-do-empresario-de-hugo-souza-sobre-o-futuro-do-goleiro\/#primaryimage\"},\"thumbnailUrl\":\"https:\/\/www.gaveanews.com\/wp-content\/uploads\/Hugo-Souza-em-classico-do-Flamengo-contra-o-Fluminense.webp\",\"datePublished\":\"2024-06-20T18:29:17+00:00\",\"dateModified\":\"2024-06-20T18:30:14+00:00\",\"author\":{\"@id\":\"https:\/\/www.gaveanews.com\/#\/schema\/person\/fd07635ec039ec3ba74ad18ec8a6dbd6\"},\"breadcrumb\":{\"@id\":\"https:\/\/www.gaveanews.com\/index.php\/2024\/06\/20\/a-declaracao-do-empresario-de-hugo-souza-sobre-o-futuro-do-goleiro\/#breadcrumb\"},\"inLanguage\":\"pt-BR\",\"potentialAction\":[{\"@type\":\"ReadAction\",\"target\":[\"https:\/\/www.gaveanews.com\/index.php\/2024\/06\/20\/a-declaracao-do-empresario-de-hugo-souza-sobre-o-futuro-do-goleiro\/\"]}]},{\"@type\":\"ImageObject\",\"inLanguage\":\"pt-BR\",\"@id\":\"https:\/\/www.gaveanews.com\/index.php\/2024\/06\/20\/a-declaracao-do-empresario-de-hugo-souza-sobre-o-futuro-do-goleiro\/#primaryimage\",\"url\":\"https:\/\/www.gaveanews.com\/wp-content\/uploads\/Hugo-Souza-em-classico-do-Flamengo-contra-o-Fluminense.webp\",\"contentUrl\":\"https:\/\/www.gaveanews.com\/wp-content\/uploads\/Hugo-Souza-em-classico-do-Flamengo-contra-o-Fluminense.webp\",\"width\":799,\"height\":533,\"caption\":\"Hugo Souza em cl\u00e1ssico do Flamengo contra o Fluminense (Foto: Marcelo Cortes\/Flamengo)\"},{\"@type\":\"BreadcrumbList\",\"@id\":\"https:\/\/www.gaveanews.com\/index.php\/2024\/06\/20\/a-declaracao-do-empresario-de-hugo-souza-sobre-o-futuro-do-goleiro\/#breadcrumb\",\"itemListElement\":[{\"@type\":\"ListItem\",\"position\":1,\"name\":\"Home\",\"item\":\"https:\/\/www.gaveanews.com\/\"},{\"@type\":\"ListItem\",\"position\":2,\"name\":\"A declara\u00e7\u00e3o do empres\u00e1rio de Hugo Souza sobre o futuro do goleiro\"}]},{\"@type\":\"WebSite\",\"@id\":\"https:\/\/www.gaveanews.com\/#website\",\"url\":\"https:\/\/www.gaveanews.com\/\",\"name\":\"G\u00e1vea News\",\"description\":\"Veja todas as not\u00edcias sobre o Flamengo: Contrata\u00e7\u00f5es, categorias de base, resultados das partidas, tabela de classifica\u00e7\u00e3o, pr\u00f3ximos jogos!\",\"potentialAction\":[{\"@type\":\"SearchAction\",\"target\":{\"@type\":\"EntryPoint\",\"urlTemplate\":\"https:\/\/www.gaveanews.com\/?s={search_term_string}\"},\"query-input\":{\"@type\":\"PropertyValueSpecification\",\"valueRequired\":true,\"valueName\":\"search_term_string\"}}],\"inLanguage\":\"pt-BR\"},{\"@type\":\"Person\",\"@id\":\"https:\/\/www.gaveanews.com\/#\/schema\/person\/fd07635ec039ec3ba74ad18ec8a6dbd6\",\"name\":\"Henrique Machado\",\"image\":{\"@type\":\"ImageObject\",\"inLanguage\":\"pt-BR\",\"@id\":\"https:\/\/www.gaveanews.com\/#\/schema\/person\/image\/\",\"url\":\"https:\/\/secure.gravatar.com\/avatar\/b95e35997e01d9800c1b6184bd79d4d898d370a3fce2584f5c77b907d5c7d9e9?s=96&d=mm&r=g\",\"contentUrl\":\"https:\/\/secure.gravatar.com\/avatar\/b95e35997e01d9800c1b6184bd79d4d898d370a3fce2584f5c77b907d5c7d9e9?s=96&d=mm&r=g\",\"caption\":\"Henrique Machado\"}}]}<\/script>\n<!-- \/ Yoast SEO Premium plugin. -->","yoast_head_json":{"title":"A declara\u00e7\u00e3o do empres\u00e1rio de Hugo Souza sobre o futuro do goleiro","robots":{"index":"index","follow":"follow","max-snippet":"max-snippet:-1","max-image-preview":"max-image-preview:large","max-video-preview":"max-video-preview:-1"},"canonical":"https:\/\/www.gaveanews.com\/index.php\/2024\/06\/20\/a-declaracao-do-empresario-de-hugo-souza-sobre-o-futuro-do-goleiro\/","og_locale":"pt_BR","og_type":"article","og_title":"A declara\u00e7\u00e3o do empres\u00e1rio de Hugo Souza sobre o futuro do goleiro","og_description":"O contrato de Hugo Souza com o Chaves se encerra no dia 30 de junho, marcando o t\u00e9rmino de seu empr\u00e9stimo com o time portugu\u00eas. Assim, o goleiro deve se reapresentar ao Flamengo em julho. Posteriormente, o clube rubro-negro e o jogador decidir\u00e3o os pr\u00f3ximos passos de sua carreira. Recentemente, Hugo Souza atraiu interesse de [&hellip;]","og_url":"https:\/\/www.gaveanews.com\/index.php\/2024\/06\/20\/a-declaracao-do-empresario-de-hugo-souza-sobre-o-futuro-do-goleiro\/","og_site_name":"G\u00e1vea News","article_publisher":"https:\/\/facebook.com\/gaveaNews\/","article_published_time":"2024-06-20T18:29:17+00:00","article_modified_time":"2024-06-20T18:30:14+00:00","og_image":[{"width":799,"height":533,"url":"https:\/\/www.gaveanews.com\/wp-content\/uploads\/Hugo-Souza-em-classico-do-Flamengo-contra-o-Fluminense.webp","type":"image\/jpeg"}],"author":"Henrique Machado","twitter_card":"summary_large_image","twitter_misc":{"Escrito por":"Henrique Machado","Est. tempo de leitura":"2 minutos"},"schema":{"@context":"https:\/\/schema.org","@graph":[{"@type":"NewsArticle","@id":"https:\/\/www.gaveanews.com\/index.php\/2024\/06\/20\/a-declaracao-do-empresario-de-hugo-souza-sobre-o-futuro-do-goleiro\/#article","isPartOf":{"@id":"https:\/\/www.gaveanews.com\/index.php\/2024\/06\/20\/a-declaracao-do-empresario-de-hugo-souza-sobre-o-futuro-do-goleiro\/"},"author":{"name":"Henrique Machado","@id":"https:\/\/www.gaveanews.com\/#\/schema\/person\/fd07635ec039ec3ba74ad18ec8a6dbd6"},"headline":"A declara\u00e7\u00e3o do empres\u00e1rio de Hugo Souza sobre o futuro do goleiro","datePublished":"2024-06-20T18:29:17+00:00","dateModified":"2024-06-20T18:30:14+00:00","mainEntityOfPage":{"@id":"https:\/\/www.gaveanews.com\/index.php\/2024\/06\/20\/a-declaracao-do-empresario-de-hugo-souza-sobre-o-futuro-do-goleiro\/"},"wordCount":319,"commentCount":0,"image":{"@id":"https:\/\/www.gaveanews.com\/index.php\/2024\/06\/20\/a-declaracao-do-empresario-de-hugo-souza-sobre-o-futuro-do-goleiro\/#primaryimage"},"thumbnailUrl":"https:\/\/www.gaveanews.com\/wp-content\/uploads\/Hugo-Souza-em-classico-do-Flamengo-contra-o-Fluminense.webp","articleSection":["Flamengo"],"inLanguage":"pt-BR","potentialAction":[{"@type":"CommentAction","name":"Comment","target":["https:\/\/www.gaveanews.com\/index.php\/2024\/06\/20\/a-declaracao-do-empresario-de-hugo-souza-sobre-o-futuro-do-goleiro\/#respond"]}],"copyrightYear":"2024","copyrightHolder":{"@id":"https:\/\/www.gaveanews.com\/#organization"}},{"@type":"WebPage","@id":"https:\/\/www.gaveanews.com\/index.php\/2024\/06\/20\/a-declaracao-do-empresario-de-hugo-souza-sobre-o-futuro-do-goleiro\/","url":"https:\/\/www.gaveanews.com\/index.php\/2024\/06\/20\/a-declaracao-do-empresario-de-hugo-souza-sobre-o-futuro-do-goleiro\/","name":"A declara\u00e7\u00e3o do empres\u00e1rio de Hugo Souza sobre o futuro do goleiro","isPartOf":{"@id":"https:\/\/www.gaveanews.com\/#website"},"primaryImageOfPage":{"@id":"https:\/\/www.gaveanews.com\/index.php\/2024\/06\/20\/a-declaracao-do-empresario-de-hugo-souza-sobre-o-futuro-do-goleiro\/#primaryimage"},"image":{"@id":"https:\/\/www.gaveanews.com\/index.php\/2024\/06\/20\/a-declaracao-do-empresario-de-hugo-souza-sobre-o-futuro-do-goleiro\/#primaryimage"},"thumbnailUrl":"https:\/\/www.gaveanews.com\/wp-content\/uploads\/Hugo-Souza-em-classico-do-Flamengo-contra-o-Fluminense.webp","datePublished":"2024-06-20T18:29:17+00:00","dateModified":"2024-06-20T18:30:14+00:00","author":{"@id":"https:\/\/www.gaveanews.com\/#\/schema\/person\/fd07635ec039ec3ba74ad18ec8a6dbd6"},"breadcrumb":{"@id":"https:\/\/www.gaveanews.com\/index.php\/2024\/06\/20\/a-declaracao-do-empresario-de-hugo-souza-sobre-o-futuro-do-goleiro\/#breadcrumb"},"inLanguage":"pt-BR","potentialAction":[{"@type":"ReadAction","target":["https:\/\/www.gaveanews.com\/index.php\/2024\/06\/20\/a-declaracao-do-empresario-de-hugo-souza-sobre-o-futuro-do-goleiro\/"]}]},{"@type":"ImageObject","inLanguage":"pt-BR","@id":"https:\/\/www.gaveanews.com\/index.php\/2024\/06\/20\/a-declaracao-do-empresario-de-hugo-souza-sobre-o-futuro-do-goleiro\/#primaryimage","url":"https:\/\/www.gaveanews.com\/wp-content\/uploads\/Hugo-Souza-em-classico-do-Flamengo-contra-o-Fluminense.webp","contentUrl":"https:\/\/www.gaveanews.com\/wp-content\/uploads\/Hugo-Souza-em-classico-do-Flamengo-contra-o-Fluminense.webp","width":799,"height":533,"caption":"Hugo Souza em cl\u00e1ssico do Flamengo contra o Fluminense (Foto: Marcelo Cortes\/Flamengo)"},{"@type":"BreadcrumbList","@id":"https:\/\/www.gaveanews.com\/index.php\/2024\/06\/20\/a-declaracao-do-empresario-de-hugo-souza-sobre-o-futuro-do-goleiro\/#breadcrumb","itemListElement":[{"@type":"ListItem","position":1,"name":"Home","item":"https:\/\/www.gaveanews.com\/"},{"@type":"ListItem","position":2,"name":"A declara\u00e7\u00e3o do empres\u00e1rio de Hugo Souza sobre o futuro do goleiro"}]},{"@type":"WebSite","@id":"https:\/\/www.gaveanews.com\/#website","url":"https:\/\/www.gaveanews.com\/","name":"G\u00e1vea News","description":"Veja todas as not\u00edcias sobre o Flamengo: Contrata\u00e7\u00f5es, categorias de base, resultados das partidas, tabela de classifica\u00e7\u00e3o, pr\u00f3ximos jogos!","potentialAction":[{"@type":"SearchAction","target":{"@type":"EntryPoint","urlTemplate":"https:\/\/www.gaveanews.com\/?s={search_term_string}"},"query-input":{"@type":"PropertyValueSpecification","valueRequired":true,"valueName":"search_term_string"}}],"inLanguage":"pt-BR"},{"@type":"Person","@id":"https:\/\/www.gaveanews.com\/#\/schema\/person\/fd07635ec039ec3ba74ad18ec8a6dbd6","name":"Henrique Machado","image":{"@type":"ImageObject","inLanguage":"pt-BR","@id":"https:\/\/www.gaveanews.com\/#\/schema\/person\/image\/","url":"https:\/\/secure.gravatar.com\/avatar\/b95e35997e01d9800c1b6184bd79d4d898d370a3fce2584f5c77b907d5c7d9e9?s=96&d=mm&r=g","contentUrl":"https:\/\/secure.gravatar.com\/avatar\/b95e35997e01d9800c1b6184bd79d4d898d370a3fce2584f5c77b907d5c7d9e9?s=96&d=mm&r=g","caption":"Henrique Machado"}}]}},"_links":{"self":[{"href":"https:\/\/www.gaveanews.com\/index.php\/wp-json\/wp\/v2\/posts\/148689","targetHints":{"allow":["GET"]}}],"collection":[{"href":"https:\/\/www.gaveanews.com\/index.php\/wp-json\/wp\/v2\/posts"}],"about":[{"href":"https:\/\/www.gaveanews.com\/index.php\/wp-json\/wp\/v2\/types\/post"}],"author":[{"embeddable":true,"href":"https:\/\/www.gaveanews.com\/index.php\/wp-json\/wp\/v2\/users\/15"}],"replies":[{"embeddable":true,"href":"https:\/\/www.gaveanews.com\/index.php\/wp-json\/wp\/v2\/comments?post=148689"}],"version-history":[{"count":3,"href":"https:\/\/www.gaveanews.com\/index.php\/wp-json\/wp\/v2\/posts\/148689\/revisions"}],"predecessor-version":[{"id":148692,"href":"https:\/\/www.gaveanews.com\/index.php\/wp-json\/wp\/v2\/posts\/148689\/revisions\/148692"}],"wp:featuredmedia":[{"embeddable":true,"href":"https:\/\/www.gaveanews.com\/index.php\/wp-json\/wp\/v2\/media\/82391"}],"wp:attachment":[{"href":"https:\/\/www.gaveanews.com\/index.php\/wp-json\/wp\/v2\/media?parent=148689"}],"wp:term":[{"taxonomy":"category","embeddable":true,"href":"https:\/\/www.gaveanews.com\/index.php\/wp-json\/wp\/v2\/categories?post=148689"},{"taxonomy":"post_tag","embeddable":true,"href":"https:\/\/www.gaveanews.com\/index.php\/wp-json\/wp\/v2\/tags?post=148689"}],"curies":[{"name":"wp","href":"https:\/\/api.w.org\/{rel}","templated":true}]}}