{"id":148710,"date":"2024-06-20T17:45:03","date_gmt":"2024-06-20T20:45:03","guid":{"rendered":"https:\/\/www.gaveanews.com\/?p=148710"},"modified":"2024-06-20T17:45:07","modified_gmt":"2024-06-20T20:45:07","slug":"matheuzinho-ex-flamengo-revolta-torcida-do-corinthians","status":"publish","type":"post","link":"https:\/\/www.gaveanews.com\/index.php\/2024\/06\/20\/matheuzinho-ex-flamengo-revolta-torcida-do-corinthians\/","title":{"rendered":"Matheuzinho, ex-Flamengo, revolta torcida do Corinthians"},"content":{"rendered":"\n<p>Em fevereiro de 2024, o Corinthians adquiriu Matheuzinho do Flamengo por R$ 21 milh\u00f5es. O lateral-direito de 23 anos estava sem espa\u00e7o no Flamengo, onde era a terceira op\u00e7\u00e3o na posi\u00e7\u00e3o. Embora inicialmente tenha sido emprestado, sua transfer\u00eancia para o clube paulista foi oficializada ap\u00f3s algumas negocia\u00e7\u00f5es.<\/p>\n\n\n\n<p>No Corinthians, Matheuzinho j\u00e1 disputou 17 partidas, mas conseguiu marcar apenas um gol. Nas redes sociais, os torcedores do clube j\u00e1 demonstram insatisfa\u00e7\u00e3o com suas falhas. Na \u00faltima quarta-feira (19 de junho), durante a derrota por 1 a 0 para o Internacional, o lateral teve uma atua\u00e7\u00e3o abaixo do esperado, com alguns lances negativos. Matheuzinho tirou a paci\u00eancia dos torcedores do Corinthians. Confira:<\/p>\n\n\n\n<blockquote class=\"twitter-tweet\" data-media-max-width=\"560\"><p lang=\"pt\" dir=\"ltr\">N\u00e3o tem como ser ruim assim mano, s\u00f3 pode ser de prop\u00f3sito <a href=\"https:\/\/t.co\/wW0lJjmpwB\">pic.twitter.com\/wW0lJjmpwB<\/a><\/p>&mdash; leozin\ud83d\udc49\ud83c\udffe\ud83e\udd2a\ud83d\udc48\ud83c\udffe (@_leozin1910) <a href=\"https:\/\/twitter.com\/_leozin1910\/status\/1803610403148070953?ref_src=twsrc%5Etfw\">June 20, 2024<\/a><\/blockquote> <script async src=\"https:\/\/platform.twitter.com\/widgets.js\" charset=\"utf-8\"><\/script>\n\n\n\n<blockquote class=\"twitter-tweet\" data-conversation=\"none\"><p lang=\"pt\" dir=\"ltr\">Ser\u00e1 que o Pal\u00e1cios com les\u00e3o n\u00e3o joga melhor que os nossos laterais?<\/p>&mdash; Isaac (@IsaacEspuleta10) <a href=\"https:\/\/twitter.com\/IsaacEspuleta10\/status\/1803610090416570697?ref_src=twsrc%5Etfw\">June 20, 2024<\/a><\/blockquote> <script async src=\"https:\/\/platform.twitter.com\/widgets.js\" charset=\"utf-8\"><\/script>\n\n\n\n<blockquote class=\"twitter-tweet\" data-conversation=\"none\"><p lang=\"pt\" dir=\"ltr\">Ele tentou dar o passe de peito, inacredit\u00e1vel<\/p>&mdash; Pablu (@pabloedu2002) <a href=\"https:\/\/twitter.com\/pabloedu2002\/status\/1803610443975438827?ref_src=twsrc%5Etfw\">June 20, 2024<\/a><\/blockquote> <script async src=\"https:\/\/platform.twitter.com\/widgets.js\" charset=\"utf-8\"><\/script>\n\n\n\n<blockquote class=\"twitter-tweet\" data-conversation=\"none\"><p lang=\"pt\" dir=\"ltr\">Todo jogo ele tem um ou mais derrames literalmente do nada, que porra \u00e9 essa<\/p>&mdash; Gabriel (@gabrielsvl7) <a href=\"https:\/\/twitter.com\/gabrielsvl7\/status\/1803619144111149151?ref_src=twsrc%5Etfw\">June 20, 2024<\/a><\/blockquote> <script async src=\"https:\/\/platform.twitter.com\/widgets.js\" charset=\"utf-8\"><\/script>\n\n\n\n<blockquote class=\"twitter-tweet\" data-conversation=\"none\"><p lang=\"pt\" dir=\"ltr\">ainda tem doente que prefere ele. Fagner pode t\u00e1 do tamanho do Ronaldo que \u00e9 infinitamente melhor.<\/p>&mdash; rodrigo \ud83e\udd85 (@_rodrigoprz) <a href=\"https:\/\/twitter.com\/_rodrigoprz\/status\/1803610450015265090?ref_src=twsrc%5Etfw\">June 20, 2024<\/a><\/blockquote> <script async src=\"https:\/\/platform.twitter.com\/widgets.js\" charset=\"utf-8\"><\/script>\n\n\n\n<p>Matheuzinho iniciou sua trajet\u00f3ria no Flamengo em 2019, vindo do Londrina, para integrar a equipe Sub-20. Ele subiu para o time profissional em 2020 e participou de diversos jogos, mas n\u00e3o conseguiu se firmar como titular. Seu melhor ano no clube carioca foi 2021, quando jogou 58 partidas, sendo titular em 35 delas.<\/p>\n\n\n\n<p>Com a chegada de Dorival J\u00fanior em 2022, Matheuzinho perdeu a titularidade para Rodinei. Durante as campanhas vitoriosas do Flamengo na Libertadores e na Copa do Brasil, ele teve pouca participa\u00e7\u00e3o, jogando apenas oito partidas. Em 2023, enfrentou v\u00e1rias contus\u00f5es, o que limitou sua presen\u00e7a em campo a apenas 13 jogos como titular, totalizando 25 participa\u00e7\u00f5es.<\/p>\n\n\n\n<h2 class=\"wp-block-heading\" id=\"h-quando-sera-o-proximo-jogo-do-flamengo\">Quando ser\u00e1 o pr\u00f3ximo jogo do Flamengo?<\/h2>\n\n\n\n<p>Em junho, o&nbsp;<a href=\"https:\/\/gaveanews.com\/?utm_source=SystemGaveaNews&amp;utm_medium=SystemGaveaNews&amp;utm_campaign=SystemGaveaNews\">Flamengo<\/a>&nbsp;n\u00e3o disputar\u00e1 partidas pela Copa Libertadores e Copa do Brasil, concentrando-se exclusivamente no Campeonato Brasileiro. Sob o comando do t\u00e9cnico Tite, a equipe enfrentar\u00e1 uma agenda repleta de desafios no principal torneio nacional.<\/p>\n\n\n\n<p>Confira abaixo a agenda do&nbsp;<a href=\"https:\/\/gaveanews.com\/?utm_source=SystemGaveaNews&amp;utm_medium=SystemGaveaNews&amp;utm_campaign=SystemGaveaNews\">Flamengo<\/a>&nbsp;no m\u00eas de junho:<\/p>\n\n\n\n<ul class=\"wp-block-list\">\n<li>02\/06 \u2013\u00a0<a href=\"https:\/\/www.gaveanews.com\/?s=vasco&amp;utm_source=SystemGaveaNews&amp;utm_medium=SystemGaveaNews&amp;utm_campaign=SystemGaveaNews\">Vasco<\/a>\u00a01\u00d76\u00a0<a href=\"https:\/\/gaveanews.com\/?utm_source=SystemGaveaNews&amp;utm_medium=SystemGaveaNews&amp;utm_campaign=SystemGaveaNews\">Flamengo<\/a><\/li>\n\n\n\n<li>13\/06 \u2013\u00a0<a href=\"https:\/\/gaveanews.com\/?utm_source=SystemGaveaNews&amp;utm_medium=SystemGaveaNews&amp;utm_campaign=SystemGaveaNews\">Flamengo<\/a>\u00a02 x 1\u00a0<a href=\"https:\/\/www.gaveanews.com\/?s=Gr%C3%AAmio&amp;utm_source=SystemGaveaNews&amp;utm_medium=SystemGaveaNews&amp;utm_campaign=SystemGaveaNews\">Gr\u00eamio<\/a><\/li>\n\n\n\n<li>16\/06 \u2013 Athletico-PR 1 x\u00a01\u00a0<a href=\"https:\/\/gaveanews.com\/?utm_source=SystemGaveaNews&amp;utm_medium=SystemGaveaNews&amp;utm_campaign=SystemGaveaNews\">Flamengo<\/a><\/li>\n\n\n\n<li><strong>20\/06 \u2013\u00a0<a href=\"https:\/\/gaveanews.com\/?utm_source=SystemGaveaNews&amp;utm_medium=SystemGaveaNews&amp;utm_campaign=SystemGaveaNews\">Flamengo<\/a>\u00a0x Bahia<\/strong><\/li>\n\n\n\n<li>23\/06 \u2013\u00a0<a href=\"https:\/\/www.gaveanews.com\/?s=fluminense&amp;utm_source=SystemGaveaNews&amp;utm_medium=SystemGaveaNews&amp;utm_campaign=SystemGaveaNews\">Fluminense<\/a>\u00a0x\u00a0<a href=\"https:\/\/gaveanews.com\/?utm_source=SystemGaveaNews&amp;utm_medium=SystemGaveaNews&amp;utm_campaign=SystemGaveaNews\">Flamengo<\/a><\/li>\n\n\n\n<li>26\/06 \u2013 Juventude x\u00a0<a href=\"https:\/\/gaveanews.com\/?utm_source=SystemGaveaNews&amp;utm_medium=SystemGaveaNews&amp;utm_campaign=SystemGaveaNews\">Flamengo<\/a><\/li>\n\n\n\n<li>30\/06 \u2013\u00a0<a href=\"https:\/\/gaveanews.com\/?utm_source=SystemGaveaNews&amp;utm_medium=SystemGaveaNews&amp;utm_campaign=SystemGaveaNews\">Flamengo<\/a>\u00a0x Cruzeiro<\/li>\n<\/ul>\n","protected":false},"excerpt":{"rendered":"<p>Em fevereiro de 2024, o Corinthians adquiriu Matheuzinho do Flamengo por R$ 21 milh\u00f5es. O lateral-direito de 23 anos estava sem espa\u00e7o no Flamengo, onde era a terceira op\u00e7\u00e3o na posi\u00e7\u00e3o. Embora inicialmente tenha sido emprestado, sua transfer\u00eancia para o clube paulista foi oficializada ap\u00f3s algumas negocia\u00e7\u00f5es. No Corinthians, Matheuzinho j\u00e1 disputou 17 partidas, mas [&hellip;]<\/p>\n","protected":false},"author":15,"featured_media":148711,"comment_status":"open","ping_status":"closed","sticky":false,"template":"","format":"standard","meta":{"footnotes":""},"categories":[141,1],"tags":[],"class_list":["post-148710","post","type-post","status-publish","format-standard","has-post-thumbnail","hentry","category-corinthians","category-flamengo"],"yoast_head":"<!-- This site is optimized with the Yoast SEO Premium plugin v24.2 (Yoast SEO v26.9) - https:\/\/yoast.com\/product\/yoast-seo-premium-wordpress\/ -->\n<title>Matheuzinho, ex-Flamengo, revolta torcida do Corinthians<\/title>\n<meta name=\"robots\" content=\"index, follow, max-snippet:-1, max-image-preview:large, max-video-preview:-1\" \/>\n<link rel=\"canonical\" href=\"https:\/\/www.gaveanews.com\/index.php\/2024\/06\/20\/matheuzinho-ex-flamengo-revolta-torcida-do-corinthians\/\" \/>\n<meta property=\"og:locale\" content=\"pt_BR\" \/>\n<meta property=\"og:type\" content=\"article\" \/>\n<meta property=\"og:title\" content=\"Matheuzinho, ex-Flamengo, revolta torcida do Corinthians\" \/>\n<meta property=\"og:description\" content=\"Em fevereiro de 2024, o Corinthians adquiriu Matheuzinho do Flamengo por R$ 21 milh\u00f5es. O lateral-direito de 23 anos estava sem espa\u00e7o no Flamengo, onde era a terceira op\u00e7\u00e3o na posi\u00e7\u00e3o. Embora inicialmente tenha sido emprestado, sua transfer\u00eancia para o clube paulista foi oficializada ap\u00f3s algumas negocia\u00e7\u00f5es. No Corinthians, Matheuzinho j\u00e1 disputou 17 partidas, mas [&hellip;]\" \/>\n<meta property=\"og:url\" content=\"https:\/\/www.gaveanews.com\/index.php\/2024\/06\/20\/matheuzinho-ex-flamengo-revolta-torcida-do-corinthians\/\" \/>\n<meta property=\"og:site_name\" content=\"G\u00e1vea News\" \/>\n<meta property=\"article:publisher\" content=\"https:\/\/facebook.com\/gaveaNews\/\" \/>\n<meta property=\"article:published_time\" content=\"2024-06-20T20:45:03+00:00\" \/>\n<meta property=\"article:modified_time\" content=\"2024-06-20T20:45:07+00:00\" \/>\n<meta property=\"og:image\" content=\"https:\/\/www.gaveanews.com\/wp-content\/uploads\/Matheuzinho-em-acao-pelo-Corinthians.webp\" \/>\n\t<meta property=\"og:image:width\" content=\"1100\" \/>\n\t<meta property=\"og:image:height\" content=\"825\" \/>\n\t<meta property=\"og:image:type\" content=\"image\/webp\" \/>\n<meta name=\"author\" content=\"Henrique Machado\" \/>\n<meta name=\"twitter:card\" content=\"summary_large_image\" \/>\n<meta name=\"twitter:label1\" content=\"Escrito por\" \/>\n\t<meta name=\"twitter:data1\" content=\"Henrique Machado\" \/>\n\t<meta name=\"twitter:label2\" content=\"Est. tempo de leitura\" \/>\n\t<meta name=\"twitter:data2\" content=\"2 minutos\" \/>\n<script type=\"application\/ld+json\" class=\"yoast-schema-graph\">{\"@context\":\"https:\/\/schema.org\",\"@graph\":[{\"@type\":\"NewsArticle\",\"@id\":\"https:\/\/www.gaveanews.com\/index.php\/2024\/06\/20\/matheuzinho-ex-flamengo-revolta-torcida-do-corinthians\/#article\",\"isPartOf\":{\"@id\":\"https:\/\/www.gaveanews.com\/index.php\/2024\/06\/20\/matheuzinho-ex-flamengo-revolta-torcida-do-corinthians\/\"},\"author\":{\"name\":\"Henrique Machado\",\"@id\":\"https:\/\/www.gaveanews.com\/#\/schema\/person\/fd07635ec039ec3ba74ad18ec8a6dbd6\"},\"headline\":\"Matheuzinho, ex-Flamengo, revolta torcida do Corinthians\",\"datePublished\":\"2024-06-20T20:45:03+00:00\",\"dateModified\":\"2024-06-20T20:45:07+00:00\",\"mainEntityOfPage\":{\"@id\":\"https:\/\/www.gaveanews.com\/index.php\/2024\/06\/20\/matheuzinho-ex-flamengo-revolta-torcida-do-corinthians\/\"},\"wordCount\":404,\"commentCount\":0,\"image\":{\"@id\":\"https:\/\/www.gaveanews.com\/index.php\/2024\/06\/20\/matheuzinho-ex-flamengo-revolta-torcida-do-corinthians\/#primaryimage\"},\"thumbnailUrl\":\"https:\/\/www.gaveanews.com\/wp-content\/uploads\/Matheuzinho-em-acao-pelo-Corinthians.webp\",\"articleSection\":[\"Corinthians\",\"Flamengo\"],\"inLanguage\":\"pt-BR\",\"potentialAction\":[{\"@type\":\"CommentAction\",\"name\":\"Comment\",\"target\":[\"https:\/\/www.gaveanews.com\/index.php\/2024\/06\/20\/matheuzinho-ex-flamengo-revolta-torcida-do-corinthians\/#respond\"]}],\"copyrightYear\":\"2024\",\"copyrightHolder\":{\"@id\":\"https:\/\/www.gaveanews.com\/#organization\"}},{\"@type\":\"WebPage\",\"@id\":\"https:\/\/www.gaveanews.com\/index.php\/2024\/06\/20\/matheuzinho-ex-flamengo-revolta-torcida-do-corinthians\/\",\"url\":\"https:\/\/www.gaveanews.com\/index.php\/2024\/06\/20\/matheuzinho-ex-flamengo-revolta-torcida-do-corinthians\/\",\"name\":\"Matheuzinho, ex-Flamengo, revolta torcida do Corinthians\",\"isPartOf\":{\"@id\":\"https:\/\/www.gaveanews.com\/#website\"},\"primaryImageOfPage\":{\"@id\":\"https:\/\/www.gaveanews.com\/index.php\/2024\/06\/20\/matheuzinho-ex-flamengo-revolta-torcida-do-corinthians\/#primaryimage\"},\"image\":{\"@id\":\"https:\/\/www.gaveanews.com\/index.php\/2024\/06\/20\/matheuzinho-ex-flamengo-revolta-torcida-do-corinthians\/#primaryimage\"},\"thumbnailUrl\":\"https:\/\/www.gaveanews.com\/wp-content\/uploads\/Matheuzinho-em-acao-pelo-Corinthians.webp\",\"datePublished\":\"2024-06-20T20:45:03+00:00\",\"dateModified\":\"2024-06-20T20:45:07+00:00\",\"author\":{\"@id\":\"https:\/\/www.gaveanews.com\/#\/schema\/person\/fd07635ec039ec3ba74ad18ec8a6dbd6\"},\"breadcrumb\":{\"@id\":\"https:\/\/www.gaveanews.com\/index.php\/2024\/06\/20\/matheuzinho-ex-flamengo-revolta-torcida-do-corinthians\/#breadcrumb\"},\"inLanguage\":\"pt-BR\",\"potentialAction\":[{\"@type\":\"ReadAction\",\"target\":[\"https:\/\/www.gaveanews.com\/index.php\/2024\/06\/20\/matheuzinho-ex-flamengo-revolta-torcida-do-corinthians\/\"]}]},{\"@type\":\"ImageObject\",\"inLanguage\":\"pt-BR\",\"@id\":\"https:\/\/www.gaveanews.com\/index.php\/2024\/06\/20\/matheuzinho-ex-flamengo-revolta-torcida-do-corinthians\/#primaryimage\",\"url\":\"https:\/\/www.gaveanews.com\/wp-content\/uploads\/Matheuzinho-em-acao-pelo-Corinthians.webp\",\"contentUrl\":\"https:\/\/www.gaveanews.com\/wp-content\/uploads\/Matheuzinho-em-acao-pelo-Corinthians.webp\",\"width\":1100,\"height\":825,\"caption\":\"Matheuzinho em a\u00e7\u00e3o pelo Corinthians (Foto: Reprodu\u00e7\u00e3o\/Instagram)\"},{\"@type\":\"BreadcrumbList\",\"@id\":\"https:\/\/www.gaveanews.com\/index.php\/2024\/06\/20\/matheuzinho-ex-flamengo-revolta-torcida-do-corinthians\/#breadcrumb\",\"itemListElement\":[{\"@type\":\"ListItem\",\"position\":1,\"name\":\"Home\",\"item\":\"https:\/\/www.gaveanews.com\/\"},{\"@type\":\"ListItem\",\"position\":2,\"name\":\"Matheuzinho, ex-Flamengo, revolta torcida do Corinthians\"}]},{\"@type\":\"WebSite\",\"@id\":\"https:\/\/www.gaveanews.com\/#website\",\"url\":\"https:\/\/www.gaveanews.com\/\",\"name\":\"G\u00e1vea News\",\"description\":\"Veja todas as not\u00edcias sobre o Flamengo: Contrata\u00e7\u00f5es, categorias de base, resultados das partidas, tabela de classifica\u00e7\u00e3o, pr\u00f3ximos jogos!\",\"potentialAction\":[{\"@type\":\"SearchAction\",\"target\":{\"@type\":\"EntryPoint\",\"urlTemplate\":\"https:\/\/www.gaveanews.com\/?s={search_term_string}\"},\"query-input\":{\"@type\":\"PropertyValueSpecification\",\"valueRequired\":true,\"valueName\":\"search_term_string\"}}],\"inLanguage\":\"pt-BR\"},{\"@type\":\"Person\",\"@id\":\"https:\/\/www.gaveanews.com\/#\/schema\/person\/fd07635ec039ec3ba74ad18ec8a6dbd6\",\"name\":\"Henrique Machado\",\"image\":{\"@type\":\"ImageObject\",\"inLanguage\":\"pt-BR\",\"@id\":\"https:\/\/www.gaveanews.com\/#\/schema\/person\/image\/\",\"url\":\"https:\/\/secure.gravatar.com\/avatar\/b95e35997e01d9800c1b6184bd79d4d898d370a3fce2584f5c77b907d5c7d9e9?s=96&d=mm&r=g\",\"contentUrl\":\"https:\/\/secure.gravatar.com\/avatar\/b95e35997e01d9800c1b6184bd79d4d898d370a3fce2584f5c77b907d5c7d9e9?s=96&d=mm&r=g\",\"caption\":\"Henrique Machado\"}}]}<\/script>\n<!-- \/ Yoast SEO Premium plugin. -->","yoast_head_json":{"title":"Matheuzinho, ex-Flamengo, revolta torcida do Corinthians","robots":{"index":"index","follow":"follow","max-snippet":"max-snippet:-1","max-image-preview":"max-image-preview:large","max-video-preview":"max-video-preview:-1"},"canonical":"https:\/\/www.gaveanews.com\/index.php\/2024\/06\/20\/matheuzinho-ex-flamengo-revolta-torcida-do-corinthians\/","og_locale":"pt_BR","og_type":"article","og_title":"Matheuzinho, ex-Flamengo, revolta torcida do Corinthians","og_description":"Em fevereiro de 2024, o Corinthians adquiriu Matheuzinho do Flamengo por R$ 21 milh\u00f5es. O lateral-direito de 23 anos estava sem espa\u00e7o no Flamengo, onde era a terceira op\u00e7\u00e3o na posi\u00e7\u00e3o. Embora inicialmente tenha sido emprestado, sua transfer\u00eancia para o clube paulista foi oficializada ap\u00f3s algumas negocia\u00e7\u00f5es. No Corinthians, Matheuzinho j\u00e1 disputou 17 partidas, mas [&hellip;]","og_url":"https:\/\/www.gaveanews.com\/index.php\/2024\/06\/20\/matheuzinho-ex-flamengo-revolta-torcida-do-corinthians\/","og_site_name":"G\u00e1vea News","article_publisher":"https:\/\/facebook.com\/gaveaNews\/","article_published_time":"2024-06-20T20:45:03+00:00","article_modified_time":"2024-06-20T20:45:07+00:00","og_image":[{"width":1100,"height":825,"url":"https:\/\/www.gaveanews.com\/wp-content\/uploads\/Matheuzinho-em-acao-pelo-Corinthians.webp","type":"image\/webp"}],"author":"Henrique Machado","twitter_card":"summary_large_image","twitter_misc":{"Escrito por":"Henrique Machado","Est. tempo de leitura":"2 minutos"},"schema":{"@context":"https:\/\/schema.org","@graph":[{"@type":"NewsArticle","@id":"https:\/\/www.gaveanews.com\/index.php\/2024\/06\/20\/matheuzinho-ex-flamengo-revolta-torcida-do-corinthians\/#article","isPartOf":{"@id":"https:\/\/www.gaveanews.com\/index.php\/2024\/06\/20\/matheuzinho-ex-flamengo-revolta-torcida-do-corinthians\/"},"author":{"name":"Henrique Machado","@id":"https:\/\/www.gaveanews.com\/#\/schema\/person\/fd07635ec039ec3ba74ad18ec8a6dbd6"},"headline":"Matheuzinho, ex-Flamengo, revolta torcida do Corinthians","datePublished":"2024-06-20T20:45:03+00:00","dateModified":"2024-06-20T20:45:07+00:00","mainEntityOfPage":{"@id":"https:\/\/www.gaveanews.com\/index.php\/2024\/06\/20\/matheuzinho-ex-flamengo-revolta-torcida-do-corinthians\/"},"wordCount":404,"commentCount":0,"image":{"@id":"https:\/\/www.gaveanews.com\/index.php\/2024\/06\/20\/matheuzinho-ex-flamengo-revolta-torcida-do-corinthians\/#primaryimage"},"thumbnailUrl":"https:\/\/www.gaveanews.com\/wp-content\/uploads\/Matheuzinho-em-acao-pelo-Corinthians.webp","articleSection":["Corinthians","Flamengo"],"inLanguage":"pt-BR","potentialAction":[{"@type":"CommentAction","name":"Comment","target":["https:\/\/www.gaveanews.com\/index.php\/2024\/06\/20\/matheuzinho-ex-flamengo-revolta-torcida-do-corinthians\/#respond"]}],"copyrightYear":"2024","copyrightHolder":{"@id":"https:\/\/www.gaveanews.com\/#organization"}},{"@type":"WebPage","@id":"https:\/\/www.gaveanews.com\/index.php\/2024\/06\/20\/matheuzinho-ex-flamengo-revolta-torcida-do-corinthians\/","url":"https:\/\/www.gaveanews.com\/index.php\/2024\/06\/20\/matheuzinho-ex-flamengo-revolta-torcida-do-corinthians\/","name":"Matheuzinho, ex-Flamengo, revolta torcida do Corinthians","isPartOf":{"@id":"https:\/\/www.gaveanews.com\/#website"},"primaryImageOfPage":{"@id":"https:\/\/www.gaveanews.com\/index.php\/2024\/06\/20\/matheuzinho-ex-flamengo-revolta-torcida-do-corinthians\/#primaryimage"},"image":{"@id":"https:\/\/www.gaveanews.com\/index.php\/2024\/06\/20\/matheuzinho-ex-flamengo-revolta-torcida-do-corinthians\/#primaryimage"},"thumbnailUrl":"https:\/\/www.gaveanews.com\/wp-content\/uploads\/Matheuzinho-em-acao-pelo-Corinthians.webp","datePublished":"2024-06-20T20:45:03+00:00","dateModified":"2024-06-20T20:45:07+00:00","author":{"@id":"https:\/\/www.gaveanews.com\/#\/schema\/person\/fd07635ec039ec3ba74ad18ec8a6dbd6"},"breadcrumb":{"@id":"https:\/\/www.gaveanews.com\/index.php\/2024\/06\/20\/matheuzinho-ex-flamengo-revolta-torcida-do-corinthians\/#breadcrumb"},"inLanguage":"pt-BR","potentialAction":[{"@type":"ReadAction","target":["https:\/\/www.gaveanews.com\/index.php\/2024\/06\/20\/matheuzinho-ex-flamengo-revolta-torcida-do-corinthians\/"]}]},{"@type":"ImageObject","inLanguage":"pt-BR","@id":"https:\/\/www.gaveanews.com\/index.php\/2024\/06\/20\/matheuzinho-ex-flamengo-revolta-torcida-do-corinthians\/#primaryimage","url":"https:\/\/www.gaveanews.com\/wp-content\/uploads\/Matheuzinho-em-acao-pelo-Corinthians.webp","contentUrl":"https:\/\/www.gaveanews.com\/wp-content\/uploads\/Matheuzinho-em-acao-pelo-Corinthians.webp","width":1100,"height":825,"caption":"Matheuzinho em a\u00e7\u00e3o pelo Corinthians (Foto: Reprodu\u00e7\u00e3o\/Instagram)"},{"@type":"BreadcrumbList","@id":"https:\/\/www.gaveanews.com\/index.php\/2024\/06\/20\/matheuzinho-ex-flamengo-revolta-torcida-do-corinthians\/#breadcrumb","itemListElement":[{"@type":"ListItem","position":1,"name":"Home","item":"https:\/\/www.gaveanews.com\/"},{"@type":"ListItem","position":2,"name":"Matheuzinho, ex-Flamengo, revolta torcida do Corinthians"}]},{"@type":"WebSite","@id":"https:\/\/www.gaveanews.com\/#website","url":"https:\/\/www.gaveanews.com\/","name":"G\u00e1vea News","description":"Veja todas as not\u00edcias sobre o Flamengo: Contrata\u00e7\u00f5es, categorias de base, resultados das partidas, tabela de classifica\u00e7\u00e3o, pr\u00f3ximos jogos!","potentialAction":[{"@type":"SearchAction","target":{"@type":"EntryPoint","urlTemplate":"https:\/\/www.gaveanews.com\/?s={search_term_string}"},"query-input":{"@type":"PropertyValueSpecification","valueRequired":true,"valueName":"search_term_string"}}],"inLanguage":"pt-BR"},{"@type":"Person","@id":"https:\/\/www.gaveanews.com\/#\/schema\/person\/fd07635ec039ec3ba74ad18ec8a6dbd6","name":"Henrique Machado","image":{"@type":"ImageObject","inLanguage":"pt-BR","@id":"https:\/\/www.gaveanews.com\/#\/schema\/person\/image\/","url":"https:\/\/secure.gravatar.com\/avatar\/b95e35997e01d9800c1b6184bd79d4d898d370a3fce2584f5c77b907d5c7d9e9?s=96&d=mm&r=g","contentUrl":"https:\/\/secure.gravatar.com\/avatar\/b95e35997e01d9800c1b6184bd79d4d898d370a3fce2584f5c77b907d5c7d9e9?s=96&d=mm&r=g","caption":"Henrique Machado"}}]}},"_links":{"self":[{"href":"https:\/\/www.gaveanews.com\/index.php\/wp-json\/wp\/v2\/posts\/148710","targetHints":{"allow":["GET"]}}],"collection":[{"href":"https:\/\/www.gaveanews.com\/index.php\/wp-json\/wp\/v2\/posts"}],"about":[{"href":"https:\/\/www.gaveanews.com\/index.php\/wp-json\/wp\/v2\/types\/post"}],"author":[{"embeddable":true,"href":"https:\/\/www.gaveanews.com\/index.php\/wp-json\/wp\/v2\/users\/15"}],"replies":[{"embeddable":true,"href":"https:\/\/www.gaveanews.com\/index.php\/wp-json\/wp\/v2\/comments?post=148710"}],"version-history":[{"count":5,"href":"https:\/\/www.gaveanews.com\/index.php\/wp-json\/wp\/v2\/posts\/148710\/revisions"}],"predecessor-version":[{"id":148719,"href":"https:\/\/www.gaveanews.com\/index.php\/wp-json\/wp\/v2\/posts\/148710\/revisions\/148719"}],"wp:featuredmedia":[{"embeddable":true,"href":"https:\/\/www.gaveanews.com\/index.php\/wp-json\/wp\/v2\/media\/148711"}],"wp:attachment":[{"href":"https:\/\/www.gaveanews.com\/index.php\/wp-json\/wp\/v2\/media?parent=148710"}],"wp:term":[{"taxonomy":"category","embeddable":true,"href":"https:\/\/www.gaveanews.com\/index.php\/wp-json\/wp\/v2\/categories?post=148710"},{"taxonomy":"post_tag","embeddable":true,"href":"https:\/\/www.gaveanews.com\/index.php\/wp-json\/wp\/v2\/tags?post=148710"}],"curies":[{"name":"wp","href":"https:\/\/api.w.org\/{rel}","templated":true}]}}