{"id":148714,"date":"2024-06-20T18:36:29","date_gmt":"2024-06-20T21:36:29","guid":{"rendered":"https:\/\/www.gaveanews.com\/?p=148714"},"modified":"2024-06-20T18:36:32","modified_gmt":"2024-06-20T21:36:32","slug":"quando-o-internacional-volta-a-jogar-no-beira-rio","status":"publish","type":"post","link":"https:\/\/www.gaveanews.com\/index.php\/2024\/06\/20\/quando-o-internacional-volta-a-jogar-no-beira-rio\/","title":{"rendered":"Quando o Internacional volta a jogar no Beira-Rio?"},"content":{"rendered":"\n<p>A CBF divulgou uma novidade que interessa diretamente o Internacional e sua torcida. O clube vem trabalhando nos bastidores para retornar ao seu est\u00e1dio o mais r\u00e1pido poss\u00edvel, e conseguiu uma data de reabertura do Beira-Rio.<\/p>\n\n\n\n<p>Os duelos adiados da terceira fase da Copa do Brasil ganharam novas datas e hor\u00e1rios. Nesta etapa, o Colorado poder\u00e1 receber seu torcedor em casa novamente.<\/p>\n\n\n\n<p>A entidade informa que o jogo de ida contra o Juventude vai acontecer no dia 10 de julho, \u00e0s 19h (hor\u00e1rio de Bras\u00edlia), no Beira-Rio. J\u00e1 a partida de volta est\u00e1 agendada para 13 de julho, \u00e0s 16h, no est\u00e1dio Alfredo Jaconi, em Caxias do Sul.<\/p>\n\n\n\n<p>O Internacional n\u00e3o joga em sua casa desde o dia 28 de abril, quando empatou com o Atl\u00e9tico-GO pela 4\u00aa rodada do Brasileir\u00e3o. Desde ent\u00e3o, o Beira-Rio n\u00e3o recebeu mais nenhum jogo devido \u00e0s fortes chuvas que assolaram o Rio Grande do Sul.<\/p>\n\n\n\n<p>O est\u00e1dio foi duramente atingido pelas enchentes. A \u00e1gua chegou a subir 80 cm e alcan\u00e7ou o segundo anel de cadeiras.<\/p>\n\n\n\n<figure class=\"wp-block-image size-large\"><img decoding=\"async\" src=\"https:\/\/odia.ig.com.br\/_midias\/jpg\/2024\/05\/08\/398x470\/1_beira_rio-32794843.webp\" alt=\"\" \/><\/figure>\n\n\n\n<p><br><br>Ap\u00f3s ter partidas adiadas e o Brasileir\u00e3o ser paralisado, Gr\u00eamio e Internacional t\u00eam mandado partidas de forma itinerante. O Inter mandou partidas em quatro est\u00e1dios diferentes neste per\u00edodo: Arena Barueri (S\u00e3o Paulo), Alfredo Jaconi (Caxias do Sul), Heriberto H\u00fclse e Orlando Scarpelli (Santa Catarina).<\/p>\n\n\n\n<h2 class=\"wp-block-heading\" id=\"h-agenda-do-internacional-para-o-mes-de-junho\">Agenda do Internacional para o m\u00eas de junho<\/h2>\n\n\n\n<ul class=\"wp-block-list\">\n<li>01\/06 &#8211; Cuiab\u00e1 0 x 1 Internacional &#8211; 18h30 &#8211; Arena Pantanal &#8211; Brasileir\u00e3o<\/li>\n\n\n\n<li>04\/06 &#8211; Real Tomayapo 0 x 2 Internacional &#8211; 21h30 &#8211; Centenario &#8211; Copa Sul-Americana<\/li>\n\n\n\n<li>08\/06 &#8211; Internacional 1 x 0 Delf\u00edn &#8211; 21h30 &#8211; Alfredo Jaconi &#8211; Copa Sul-Americana<\/li>\n\n\n\n<li>13\/06 &#8211; Internacional 0 x 0 S\u00e3o Paulo &#8211; 20h &#8211; Heriberto H\u00fclse &#8211; Brasileir\u00e3o<\/li>\n\n\n\n<li>16\/06 &#8211; Vit\u00f3ria 2 x 1 Internacional &#8211; 16h &#8211; Barrad\u00e3o &#8211; Brasileir\u00e3o<\/li>\n\n\n\n<li>19\/06 &#8211; Internacional 1 x 0 Corinthians &#8211; 21h30 &#8211; Orlando Scarpelli &#8211; Brasileir\u00e3o<\/li>\n\n\n\n<li><strong>22\/06 &#8211; Gr\u00eamio x Internacional &#8211; 17h30 &#8211; Couto Pereira &#8211; Brasileir\u00e3o<\/strong><\/li>\n\n\n\n<li>26\/06 &#8211; Internacional x Atl\u00e9tico-MG &#8211; 21h30 &#8211; <em>a definir<\/em> &#8211; Brasileir\u00e3o<\/li>\n\n\n\n<li>30\/06 &#8211; Crici\u00fama x Internacional &#8211; 18h30 &#8211; Heriberto H\u00fclse &#8211; Brasileir\u00e3o<\/li>\n<\/ul>\n","protected":false},"excerpt":{"rendered":"<p>A CBF divulgou uma novidade que interessa diretamente o Internacional e sua torcida. O clube vem trabalhando nos bastidores para retornar ao seu est\u00e1dio o mais r\u00e1pido poss\u00edvel, e conseguiu uma data de reabertura do Beira-Rio. Os duelos adiados da terceira fase da Copa do Brasil ganharam novas datas e hor\u00e1rios. Nesta etapa, o Colorado [&hellip;]<\/p>\n","protected":false},"author":4,"featured_media":148715,"comment_status":"open","ping_status":"closed","sticky":false,"template":"","format":"standard","meta":{"footnotes":""},"categories":[148],"tags":[],"class_list":["post-148714","post","type-post","status-publish","format-standard","has-post-thumbnail","hentry","category-internacional"],"yoast_head":"<!-- This site is optimized with the Yoast SEO Premium plugin v24.2 (Yoast SEO v26.9) - https:\/\/yoast.com\/product\/yoast-seo-premium-wordpress\/ -->\n<title>Quando o Internacional volta a jogar no Beira-Rio?<\/title>\n<meta name=\"robots\" content=\"index, follow, max-snippet:-1, max-image-preview:large, max-video-preview:-1\" \/>\n<link rel=\"canonical\" href=\"https:\/\/www.gaveanews.com\/index.php\/2024\/06\/20\/quando-o-internacional-volta-a-jogar-no-beira-rio\/\" \/>\n<meta property=\"og:locale\" content=\"pt_BR\" \/>\n<meta property=\"og:type\" content=\"article\" \/>\n<meta property=\"og:title\" content=\"Quando o Internacional volta a jogar no Beira-Rio?\" \/>\n<meta property=\"og:description\" content=\"A CBF divulgou uma novidade que interessa diretamente o Internacional e sua torcida. O clube vem trabalhando nos bastidores para retornar ao seu est\u00e1dio o mais r\u00e1pido poss\u00edvel, e conseguiu uma data de reabertura do Beira-Rio. Os duelos adiados da terceira fase da Copa do Brasil ganharam novas datas e hor\u00e1rios. Nesta etapa, o Colorado [&hellip;]\" \/>\n<meta property=\"og:url\" content=\"https:\/\/www.gaveanews.com\/index.php\/2024\/06\/20\/quando-o-internacional-volta-a-jogar-no-beira-rio\/\" \/>\n<meta property=\"og:site_name\" content=\"G\u00e1vea News\" \/>\n<meta property=\"article:publisher\" content=\"https:\/\/facebook.com\/gaveaNews\/\" \/>\n<meta property=\"article:published_time\" content=\"2024-06-20T21:36:29+00:00\" \/>\n<meta property=\"article:modified_time\" content=\"2024-06-20T21:36:32+00:00\" \/>\n<meta property=\"og:image\" content=\"https:\/\/www.gaveanews.com\/wp-content\/uploads\/estadio-beira-rio.webp\" \/>\n\t<meta property=\"og:image:width\" content=\"984\" \/>\n\t<meta property=\"og:image:height\" content=\"656\" \/>\n\t<meta property=\"og:image:type\" content=\"image\/webp\" \/>\n<meta name=\"author\" content=\"Let\u00edcia Gerheim\" \/>\n<meta name=\"twitter:card\" content=\"summary_large_image\" \/>\n<meta name=\"twitter:label1\" content=\"Escrito por\" \/>\n\t<meta name=\"twitter:data1\" content=\"Let\u00edcia Gerheim\" \/>\n\t<meta name=\"twitter:label2\" content=\"Est. tempo de leitura\" \/>\n\t<meta name=\"twitter:data2\" content=\"3 minutos\" \/>\n<script type=\"application\/ld+json\" class=\"yoast-schema-graph\">{\"@context\":\"https:\/\/schema.org\",\"@graph\":[{\"@type\":\"NewsArticle\",\"@id\":\"https:\/\/www.gaveanews.com\/index.php\/2024\/06\/20\/quando-o-internacional-volta-a-jogar-no-beira-rio\/#article\",\"isPartOf\":{\"@id\":\"https:\/\/www.gaveanews.com\/index.php\/2024\/06\/20\/quando-o-internacional-volta-a-jogar-no-beira-rio\/\"},\"author\":{\"name\":\"Let\u00edcia Gerheim\",\"@id\":\"https:\/\/www.gaveanews.com\/#\/schema\/person\/714c67050b836198af2450ba1c142a67\"},\"headline\":\"Quando o Internacional volta a jogar no Beira-Rio?\",\"datePublished\":\"2024-06-20T21:36:29+00:00\",\"dateModified\":\"2024-06-20T21:36:32+00:00\",\"mainEntityOfPage\":{\"@id\":\"https:\/\/www.gaveanews.com\/index.php\/2024\/06\/20\/quando-o-internacional-volta-a-jogar-no-beira-rio\/\"},\"wordCount\":367,\"commentCount\":0,\"image\":{\"@id\":\"https:\/\/www.gaveanews.com\/index.php\/2024\/06\/20\/quando-o-internacional-volta-a-jogar-no-beira-rio\/#primaryimage\"},\"thumbnailUrl\":\"https:\/\/www.gaveanews.com\/wp-content\/uploads\/estadio-beira-rio.webp\",\"articleSection\":[\"Internacional\"],\"inLanguage\":\"pt-BR\",\"potentialAction\":[{\"@type\":\"CommentAction\",\"name\":\"Comment\",\"target\":[\"https:\/\/www.gaveanews.com\/index.php\/2024\/06\/20\/quando-o-internacional-volta-a-jogar-no-beira-rio\/#respond\"]}],\"copyrightYear\":\"2024\",\"copyrightHolder\":{\"@id\":\"https:\/\/www.gaveanews.com\/#organization\"}},{\"@type\":\"WebPage\",\"@id\":\"https:\/\/www.gaveanews.com\/index.php\/2024\/06\/20\/quando-o-internacional-volta-a-jogar-no-beira-rio\/\",\"url\":\"https:\/\/www.gaveanews.com\/index.php\/2024\/06\/20\/quando-o-internacional-volta-a-jogar-no-beira-rio\/\",\"name\":\"Quando o Internacional volta a jogar no Beira-Rio?\",\"isPartOf\":{\"@id\":\"https:\/\/www.gaveanews.com\/#website\"},\"primaryImageOfPage\":{\"@id\":\"https:\/\/www.gaveanews.com\/index.php\/2024\/06\/20\/quando-o-internacional-volta-a-jogar-no-beira-rio\/#primaryimage\"},\"image\":{\"@id\":\"https:\/\/www.gaveanews.com\/index.php\/2024\/06\/20\/quando-o-internacional-volta-a-jogar-no-beira-rio\/#primaryimage\"},\"thumbnailUrl\":\"https:\/\/www.gaveanews.com\/wp-content\/uploads\/estadio-beira-rio.webp\",\"datePublished\":\"2024-06-20T21:36:29+00:00\",\"dateModified\":\"2024-06-20T21:36:32+00:00\",\"author\":{\"@id\":\"https:\/\/www.gaveanews.com\/#\/schema\/person\/714c67050b836198af2450ba1c142a67\"},\"breadcrumb\":{\"@id\":\"https:\/\/www.gaveanews.com\/index.php\/2024\/06\/20\/quando-o-internacional-volta-a-jogar-no-beira-rio\/#breadcrumb\"},\"inLanguage\":\"pt-BR\",\"potentialAction\":[{\"@type\":\"ReadAction\",\"target\":[\"https:\/\/www.gaveanews.com\/index.php\/2024\/06\/20\/quando-o-internacional-volta-a-jogar-no-beira-rio\/\"]}]},{\"@type\":\"ImageObject\",\"inLanguage\":\"pt-BR\",\"@id\":\"https:\/\/www.gaveanews.com\/index.php\/2024\/06\/20\/quando-o-internacional-volta-a-jogar-no-beira-rio\/#primaryimage\",\"url\":\"https:\/\/www.gaveanews.com\/wp-content\/uploads\/estadio-beira-rio.webp\",\"contentUrl\":\"https:\/\/www.gaveanews.com\/wp-content\/uploads\/estadio-beira-rio.webp\",\"width\":984,\"height\":656,\"caption\":\"Interior do est\u00e1dio Beira-Rio (Foto: Divulga\u00e7\u00e3o)\"},{\"@type\":\"BreadcrumbList\",\"@id\":\"https:\/\/www.gaveanews.com\/index.php\/2024\/06\/20\/quando-o-internacional-volta-a-jogar-no-beira-rio\/#breadcrumb\",\"itemListElement\":[{\"@type\":\"ListItem\",\"position\":1,\"name\":\"Home\",\"item\":\"https:\/\/www.gaveanews.com\/\"},{\"@type\":\"ListItem\",\"position\":2,\"name\":\"Quando o Internacional volta a jogar no Beira-Rio?\"}]},{\"@type\":\"WebSite\",\"@id\":\"https:\/\/www.gaveanews.com\/#website\",\"url\":\"https:\/\/www.gaveanews.com\/\",\"name\":\"G\u00e1vea News\",\"description\":\"Veja todas as not\u00edcias sobre o Flamengo: Contrata\u00e7\u00f5es, categorias de base, resultados das partidas, tabela de classifica\u00e7\u00e3o, pr\u00f3ximos jogos!\",\"potentialAction\":[{\"@type\":\"SearchAction\",\"target\":{\"@type\":\"EntryPoint\",\"urlTemplate\":\"https:\/\/www.gaveanews.com\/?s={search_term_string}\"},\"query-input\":{\"@type\":\"PropertyValueSpecification\",\"valueRequired\":true,\"valueName\":\"search_term_string\"}}],\"inLanguage\":\"pt-BR\"},{\"@type\":\"Person\",\"@id\":\"https:\/\/www.gaveanews.com\/#\/schema\/person\/714c67050b836198af2450ba1c142a67\",\"name\":\"Let\u00edcia Gerheim\",\"image\":{\"@type\":\"ImageObject\",\"inLanguage\":\"pt-BR\",\"@id\":\"https:\/\/www.gaveanews.com\/#\/schema\/person\/image\/\",\"url\":\"https:\/\/secure.gravatar.com\/avatar\/60734739c50fcebfbac509e2a826ccd0ff405c019bc73aab9354f19ecad1dcb4?s=96&d=mm&r=g\",\"contentUrl\":\"https:\/\/secure.gravatar.com\/avatar\/60734739c50fcebfbac509e2a826ccd0ff405c019bc73aab9354f19ecad1dcb4?s=96&d=mm&r=g\",\"caption\":\"Let\u00edcia Gerheim\"}}]}<\/script>\n<!-- \/ Yoast SEO Premium plugin. -->","yoast_head_json":{"title":"Quando o Internacional volta a jogar no Beira-Rio?","robots":{"index":"index","follow":"follow","max-snippet":"max-snippet:-1","max-image-preview":"max-image-preview:large","max-video-preview":"max-video-preview:-1"},"canonical":"https:\/\/www.gaveanews.com\/index.php\/2024\/06\/20\/quando-o-internacional-volta-a-jogar-no-beira-rio\/","og_locale":"pt_BR","og_type":"article","og_title":"Quando o Internacional volta a jogar no Beira-Rio?","og_description":"A CBF divulgou uma novidade que interessa diretamente o Internacional e sua torcida. O clube vem trabalhando nos bastidores para retornar ao seu est\u00e1dio o mais r\u00e1pido poss\u00edvel, e conseguiu uma data de reabertura do Beira-Rio. Os duelos adiados da terceira fase da Copa do Brasil ganharam novas datas e hor\u00e1rios. Nesta etapa, o Colorado [&hellip;]","og_url":"https:\/\/www.gaveanews.com\/index.php\/2024\/06\/20\/quando-o-internacional-volta-a-jogar-no-beira-rio\/","og_site_name":"G\u00e1vea News","article_publisher":"https:\/\/facebook.com\/gaveaNews\/","article_published_time":"2024-06-20T21:36:29+00:00","article_modified_time":"2024-06-20T21:36:32+00:00","og_image":[{"width":984,"height":656,"url":"https:\/\/www.gaveanews.com\/wp-content\/uploads\/estadio-beira-rio.webp","type":"image\/webp"}],"author":"Let\u00edcia Gerheim","twitter_card":"summary_large_image","twitter_misc":{"Escrito por":"Let\u00edcia Gerheim","Est. tempo de leitura":"3 minutos"},"schema":{"@context":"https:\/\/schema.org","@graph":[{"@type":"NewsArticle","@id":"https:\/\/www.gaveanews.com\/index.php\/2024\/06\/20\/quando-o-internacional-volta-a-jogar-no-beira-rio\/#article","isPartOf":{"@id":"https:\/\/www.gaveanews.com\/index.php\/2024\/06\/20\/quando-o-internacional-volta-a-jogar-no-beira-rio\/"},"author":{"name":"Let\u00edcia Gerheim","@id":"https:\/\/www.gaveanews.com\/#\/schema\/person\/714c67050b836198af2450ba1c142a67"},"headline":"Quando o Internacional volta a jogar no Beira-Rio?","datePublished":"2024-06-20T21:36:29+00:00","dateModified":"2024-06-20T21:36:32+00:00","mainEntityOfPage":{"@id":"https:\/\/www.gaveanews.com\/index.php\/2024\/06\/20\/quando-o-internacional-volta-a-jogar-no-beira-rio\/"},"wordCount":367,"commentCount":0,"image":{"@id":"https:\/\/www.gaveanews.com\/index.php\/2024\/06\/20\/quando-o-internacional-volta-a-jogar-no-beira-rio\/#primaryimage"},"thumbnailUrl":"https:\/\/www.gaveanews.com\/wp-content\/uploads\/estadio-beira-rio.webp","articleSection":["Internacional"],"inLanguage":"pt-BR","potentialAction":[{"@type":"CommentAction","name":"Comment","target":["https:\/\/www.gaveanews.com\/index.php\/2024\/06\/20\/quando-o-internacional-volta-a-jogar-no-beira-rio\/#respond"]}],"copyrightYear":"2024","copyrightHolder":{"@id":"https:\/\/www.gaveanews.com\/#organization"}},{"@type":"WebPage","@id":"https:\/\/www.gaveanews.com\/index.php\/2024\/06\/20\/quando-o-internacional-volta-a-jogar-no-beira-rio\/","url":"https:\/\/www.gaveanews.com\/index.php\/2024\/06\/20\/quando-o-internacional-volta-a-jogar-no-beira-rio\/","name":"Quando o Internacional volta a jogar no Beira-Rio?","isPartOf":{"@id":"https:\/\/www.gaveanews.com\/#website"},"primaryImageOfPage":{"@id":"https:\/\/www.gaveanews.com\/index.php\/2024\/06\/20\/quando-o-internacional-volta-a-jogar-no-beira-rio\/#primaryimage"},"image":{"@id":"https:\/\/www.gaveanews.com\/index.php\/2024\/06\/20\/quando-o-internacional-volta-a-jogar-no-beira-rio\/#primaryimage"},"thumbnailUrl":"https:\/\/www.gaveanews.com\/wp-content\/uploads\/estadio-beira-rio.webp","datePublished":"2024-06-20T21:36:29+00:00","dateModified":"2024-06-20T21:36:32+00:00","author":{"@id":"https:\/\/www.gaveanews.com\/#\/schema\/person\/714c67050b836198af2450ba1c142a67"},"breadcrumb":{"@id":"https:\/\/www.gaveanews.com\/index.php\/2024\/06\/20\/quando-o-internacional-volta-a-jogar-no-beira-rio\/#breadcrumb"},"inLanguage":"pt-BR","potentialAction":[{"@type":"ReadAction","target":["https:\/\/www.gaveanews.com\/index.php\/2024\/06\/20\/quando-o-internacional-volta-a-jogar-no-beira-rio\/"]}]},{"@type":"ImageObject","inLanguage":"pt-BR","@id":"https:\/\/www.gaveanews.com\/index.php\/2024\/06\/20\/quando-o-internacional-volta-a-jogar-no-beira-rio\/#primaryimage","url":"https:\/\/www.gaveanews.com\/wp-content\/uploads\/estadio-beira-rio.webp","contentUrl":"https:\/\/www.gaveanews.com\/wp-content\/uploads\/estadio-beira-rio.webp","width":984,"height":656,"caption":"Interior do est\u00e1dio Beira-Rio (Foto: Divulga\u00e7\u00e3o)"},{"@type":"BreadcrumbList","@id":"https:\/\/www.gaveanews.com\/index.php\/2024\/06\/20\/quando-o-internacional-volta-a-jogar-no-beira-rio\/#breadcrumb","itemListElement":[{"@type":"ListItem","position":1,"name":"Home","item":"https:\/\/www.gaveanews.com\/"},{"@type":"ListItem","position":2,"name":"Quando o Internacional volta a jogar no Beira-Rio?"}]},{"@type":"WebSite","@id":"https:\/\/www.gaveanews.com\/#website","url":"https:\/\/www.gaveanews.com\/","name":"G\u00e1vea News","description":"Veja todas as not\u00edcias sobre o Flamengo: Contrata\u00e7\u00f5es, categorias de base, resultados das partidas, tabela de classifica\u00e7\u00e3o, pr\u00f3ximos jogos!","potentialAction":[{"@type":"SearchAction","target":{"@type":"EntryPoint","urlTemplate":"https:\/\/www.gaveanews.com\/?s={search_term_string}"},"query-input":{"@type":"PropertyValueSpecification","valueRequired":true,"valueName":"search_term_string"}}],"inLanguage":"pt-BR"},{"@type":"Person","@id":"https:\/\/www.gaveanews.com\/#\/schema\/person\/714c67050b836198af2450ba1c142a67","name":"Let\u00edcia Gerheim","image":{"@type":"ImageObject","inLanguage":"pt-BR","@id":"https:\/\/www.gaveanews.com\/#\/schema\/person\/image\/","url":"https:\/\/secure.gravatar.com\/avatar\/60734739c50fcebfbac509e2a826ccd0ff405c019bc73aab9354f19ecad1dcb4?s=96&d=mm&r=g","contentUrl":"https:\/\/secure.gravatar.com\/avatar\/60734739c50fcebfbac509e2a826ccd0ff405c019bc73aab9354f19ecad1dcb4?s=96&d=mm&r=g","caption":"Let\u00edcia Gerheim"}}]}},"_links":{"self":[{"href":"https:\/\/www.gaveanews.com\/index.php\/wp-json\/wp\/v2\/posts\/148714","targetHints":{"allow":["GET"]}}],"collection":[{"href":"https:\/\/www.gaveanews.com\/index.php\/wp-json\/wp\/v2\/posts"}],"about":[{"href":"https:\/\/www.gaveanews.com\/index.php\/wp-json\/wp\/v2\/types\/post"}],"author":[{"embeddable":true,"href":"https:\/\/www.gaveanews.com\/index.php\/wp-json\/wp\/v2\/users\/4"}],"replies":[{"embeddable":true,"href":"https:\/\/www.gaveanews.com\/index.php\/wp-json\/wp\/v2\/comments?post=148714"}],"version-history":[{"count":3,"href":"https:\/\/www.gaveanews.com\/index.php\/wp-json\/wp\/v2\/posts\/148714\/revisions"}],"predecessor-version":[{"id":148727,"href":"https:\/\/www.gaveanews.com\/index.php\/wp-json\/wp\/v2\/posts\/148714\/revisions\/148727"}],"wp:featuredmedia":[{"embeddable":true,"href":"https:\/\/www.gaveanews.com\/index.php\/wp-json\/wp\/v2\/media\/148715"}],"wp:attachment":[{"href":"https:\/\/www.gaveanews.com\/index.php\/wp-json\/wp\/v2\/media?parent=148714"}],"wp:term":[{"taxonomy":"category","embeddable":true,"href":"https:\/\/www.gaveanews.com\/index.php\/wp-json\/wp\/v2\/categories?post=148714"},{"taxonomy":"post_tag","embeddable":true,"href":"https:\/\/www.gaveanews.com\/index.php\/wp-json\/wp\/v2\/tags?post=148714"}],"curies":[{"name":"wp","href":"https:\/\/api.w.org\/{rel}","templated":true}]}}