{"id":148721,"date":"2024-06-20T18:39:18","date_gmt":"2024-06-20T21:39:18","guid":{"rendered":"https:\/\/www.gaveanews.com\/?p=148721"},"modified":"2024-06-20T18:39:20","modified_gmt":"2024-06-20T21:39:20","slug":"cria-do-flamengo-entra-na-mira-do-botafogo","status":"publish","type":"post","link":"https:\/\/www.gaveanews.com\/index.php\/2024\/06\/20\/cria-do-flamengo-entra-na-mira-do-botafogo\/","title":{"rendered":"Cria do Flamengo entra na mira do Botafogo"},"content":{"rendered":"\n<p>O Botafogo j\u00e1 mira seus refor\u00e7os para a pr\u00f3xima janela de transfer\u00eancias, que se inicia no dia 10 de julho, e um dos alvos \u00e9 o zagueiro Natan, atualmente no Napoli. Revelado pelo Flamengo, o jogador de 23 anos possui contrato com o clube italiano at\u00e9 o meio de 2028.<\/p>\n\n\n\n<p>Natan come\u00e7ou sua carreira no Flamengo e, em 2021, foi emprestado ao Bragantino. No in\u00edcio de 2022, o Bragantino exerceu a cl\u00e1usula de compra e adquiriu o jogador por R$ 10 milh\u00f5es. No meio de 2023, o Napoli contratou Natan por cerca de 10 milh\u00f5es de euros (R$ 58 milh\u00f5es na cota\u00e7\u00e3o atual).<\/p>\n\n\n\n<p>O interesse do Botafogo foi inicialmente divulgado pelo jornalista Gianluigi Langoni. Natan faz parte de uma lista de jogadores que o clube carioca est\u00e1 observando no mercado de transfer\u00eancias, e essas op\u00e7\u00f5es ser\u00e3o discutidas com John Textor antes de qualquer movimento oficial.<\/p>\n\n\n\n<figure class=\"wp-block-image size-full\"><img loading=\"lazy\" decoding=\"async\" width=\"846\" height=\"476\" src=\"https:\/\/www.gaveanews.com\/wp-content\/uploads\/Natan-em-acao-pelo-Flamengo-no-Maracana.webp\" alt=\"\" class=\"wp-image-57142\" srcset=\"https:\/\/www.gaveanews.com\/wp-content\/uploads\/Natan-em-acao-pelo-Flamengo-no-Maracana.webp 846w, https:\/\/www.gaveanews.com\/wp-content\/uploads\/Natan-em-acao-pelo-Flamengo-no-Maracana-300x169.webp 300w, https:\/\/www.gaveanews.com\/wp-content\/uploads\/Natan-em-acao-pelo-Flamengo-no-Maracana-768x432.webp 768w, https:\/\/www.gaveanews.com\/wp-content\/uploads\/Natan-em-acao-pelo-Flamengo-no-Maracana-746x420.webp 746w, https:\/\/www.gaveanews.com\/wp-content\/uploads\/Natan-em-acao-pelo-Flamengo-no-Maracana-640x360.webp 640w, https:\/\/www.gaveanews.com\/wp-content\/uploads\/Natan-em-acao-pelo-Flamengo-no-Maracana-681x383.webp 681w, https:\/\/www.gaveanews.com\/wp-content\/uploads\/Natan-em-acao-pelo-Flamengo-no-Maracana-100x56.webp 100w\" sizes=\"auto, (max-width: 846px) 100vw, 846px\" \/><figcaption class=\"wp-element-caption\">Natan em a\u00e7\u00e3o pelo Flamengo no Maracan\u00e3 (Foto: Marcelo Cortes\/Flamengo)<\/figcaption><\/figure>\n\n\n\n<p>Conforme reportado pela imprensa italiana, o Napoli pode n\u00e3o impor dificuldades para a sa\u00edda de Natan, embora ainda n\u00e3o tenha decidido se aceitar\u00e1 um empr\u00e9stimo ou apenas uma venda. A chegada do zagueiro seria fundamental para dar mais profundidade \u00e0 defesa do Botafogo.<\/p>\n\n\n\n<p>Atualmente, o setor defensivo do Botafogo conta com Bastos como titular absoluto. Lucas Halter e Alexander Barboza se revezam ao seu lado, enquanto Luis Segovia, que voltou da B\u00e9lgica, e Pablo, que sofreu duas les\u00f5es em 2024, s\u00e3o op\u00e7\u00f5es adicionais.<\/p>\n\n\n\n<h2 class=\"wp-block-heading\" id=\"h-quando-sera-o-proximo-jogo-do-flamengo\">Quando ser\u00e1 o pr\u00f3ximo jogo do Flamengo?<\/h2>\n\n\n\n<p>Em junho, o\u00a0<a href=\"https:\/\/gaveanews.com\/?utm_source=SystemGaveaNews&amp;utm_medium=SystemGaveaNews&amp;utm_campaign=SystemGaveaNews\">Flamengo<\/a>\u00a0n\u00e3o disputar\u00e1 partidas pela Copa Libertadores e Copa do Brasil, concentrando-se exclusivamente no Campeonato Brasileiro. Sob o comando do t\u00e9cnico Tite, a equipe enfrentar\u00e1 uma agenda repleta de desafios no principal torneio nacional. Confira abaixo a agenda do\u00a0<a href=\"https:\/\/gaveanews.com\/?utm_source=SystemGaveaNews&amp;utm_medium=SystemGaveaNews&amp;utm_campaign=SystemGaveaNews\">Flamengo<\/a>\u00a0no m\u00eas de junho:<\/p>\n\n\n\n<ul class=\"wp-block-list\">\n<li>02\/06 \u2013\u00a0<a href=\"https:\/\/www.gaveanews.com\/?s=vasco&amp;utm_source=SystemGaveaNews&amp;utm_medium=SystemGaveaNews&amp;utm_campaign=SystemGaveaNews\">Vasco<\/a>\u00a01\u00d76\u00a0<a href=\"https:\/\/gaveanews.com\/?utm_source=SystemGaveaNews&amp;utm_medium=SystemGaveaNews&amp;utm_campaign=SystemGaveaNews\">Flamengo<\/a><\/li>\n\n\n\n<li>13\/06 \u2013\u00a0<a href=\"https:\/\/gaveanews.com\/?utm_source=SystemGaveaNews&amp;utm_medium=SystemGaveaNews&amp;utm_campaign=SystemGaveaNews\">Flamengo<\/a>\u00a02 x 1\u00a0<a href=\"https:\/\/www.gaveanews.com\/?s=Gr%C3%AAmio&amp;utm_source=SystemGaveaNews&amp;utm_medium=SystemGaveaNews&amp;utm_campaign=SystemGaveaNews\">Gr\u00eamio<\/a><\/li>\n\n\n\n<li>16\/06 \u2013 Athletico-PR 1 x\u00a01\u00a0<a href=\"https:\/\/gaveanews.com\/?utm_source=SystemGaveaNews&amp;utm_medium=SystemGaveaNews&amp;utm_campaign=SystemGaveaNews\">Flamengo<\/a><\/li>\n\n\n\n<li><strong>20\/06 \u2013\u00a0<a href=\"https:\/\/gaveanews.com\/?utm_source=SystemGaveaNews&amp;utm_medium=SystemGaveaNews&amp;utm_campaign=SystemGaveaNews\">Flamengo<\/a>\u00a0x Bahia<\/strong><\/li>\n\n\n\n<li>23\/06 \u2013\u00a0<a href=\"https:\/\/www.gaveanews.com\/?s=fluminense&amp;utm_source=SystemGaveaNews&amp;utm_medium=SystemGaveaNews&amp;utm_campaign=SystemGaveaNews\">Fluminense<\/a>\u00a0x\u00a0<a href=\"https:\/\/gaveanews.com\/?utm_source=SystemGaveaNews&amp;utm_medium=SystemGaveaNews&amp;utm_campaign=SystemGaveaNews\">Flamengo<\/a><\/li>\n\n\n\n<li>26\/06 \u2013 Juventude x\u00a0<a href=\"https:\/\/gaveanews.com\/?utm_source=SystemGaveaNews&amp;utm_medium=SystemGaveaNews&amp;utm_campaign=SystemGaveaNews\">Flamengo<\/a><\/li>\n\n\n\n<li>30\/06 \u2013\u00a0<a href=\"https:\/\/gaveanews.com\/?utm_source=SystemGaveaNews&amp;utm_medium=SystemGaveaNews&amp;utm_campaign=SystemGaveaNews\">Flamengo<\/a>\u00a0x Cruzeiro<\/li>\n<\/ul>\n","protected":false},"excerpt":{"rendered":"<p>O Botafogo j\u00e1 mira seus refor\u00e7os para a pr\u00f3xima janela de transfer\u00eancias, que se inicia no dia 10 de julho, e um dos alvos \u00e9 o zagueiro Natan, atualmente no Napoli. Revelado pelo Flamengo, o jogador de 23 anos possui contrato com o clube italiano at\u00e9 o meio de 2028. Natan come\u00e7ou sua carreira no [&hellip;]<\/p>\n","protected":false},"author":15,"featured_media":123691,"comment_status":"open","ping_status":"closed","sticky":false,"template":"","format":"standard","meta":{"footnotes":""},"categories":[138,1],"tags":[],"class_list":["post-148721","post","type-post","status-publish","format-standard","has-post-thumbnail","hentry","category-botafogo","category-flamengo"],"yoast_head":"<!-- This site is optimized with the Yoast SEO Premium plugin v24.2 (Yoast SEO v26.9) - https:\/\/yoast.com\/product\/yoast-seo-premium-wordpress\/ -->\n<title>Cria do Flamengo entra na mira do Botafogo<\/title>\n<meta name=\"robots\" content=\"index, follow, max-snippet:-1, max-image-preview:large, max-video-preview:-1\" \/>\n<link rel=\"canonical\" href=\"https:\/\/www.gaveanews.com\/index.php\/2024\/06\/20\/cria-do-flamengo-entra-na-mira-do-botafogo\/\" \/>\n<meta property=\"og:locale\" content=\"pt_BR\" \/>\n<meta property=\"og:type\" content=\"article\" \/>\n<meta property=\"og:title\" content=\"Cria do Flamengo entra na mira do Botafogo\" \/>\n<meta property=\"og:description\" content=\"O Botafogo j\u00e1 mira seus refor\u00e7os para a pr\u00f3xima janela de transfer\u00eancias, que se inicia no dia 10 de julho, e um dos alvos \u00e9 o zagueiro Natan, atualmente no Napoli. Revelado pelo Flamengo, o jogador de 23 anos possui contrato com o clube italiano at\u00e9 o meio de 2028. Natan come\u00e7ou sua carreira no [&hellip;]\" \/>\n<meta property=\"og:url\" content=\"https:\/\/www.gaveanews.com\/index.php\/2024\/06\/20\/cria-do-flamengo-entra-na-mira-do-botafogo\/\" \/>\n<meta property=\"og:site_name\" content=\"G\u00e1vea News\" \/>\n<meta property=\"article:publisher\" content=\"https:\/\/facebook.com\/gaveaNews\/\" \/>\n<meta property=\"article:published_time\" content=\"2024-06-20T21:39:18+00:00\" \/>\n<meta property=\"article:modified_time\" content=\"2024-06-20T21:39:20+00:00\" \/>\n<meta property=\"og:image\" content=\"https:\/\/www.gaveanews.com\/wp-content\/uploads\/flamengo.webp\" \/>\n\t<meta property=\"og:image:width\" content=\"799\" \/>\n\t<meta property=\"og:image:height\" content=\"532\" \/>\n\t<meta property=\"og:image:type\" content=\"image\/webp\" \/>\n<meta name=\"author\" content=\"Henrique Machado\" \/>\n<meta name=\"twitter:card\" content=\"summary_large_image\" \/>\n<meta name=\"twitter:label1\" content=\"Escrito por\" \/>\n\t<meta name=\"twitter:data1\" content=\"Henrique Machado\" \/>\n\t<meta name=\"twitter:label2\" content=\"Est. tempo de leitura\" \/>\n\t<meta name=\"twitter:data2\" content=\"3 minutos\" \/>\n<script type=\"application\/ld+json\" class=\"yoast-schema-graph\">{\"@context\":\"https:\/\/schema.org\",\"@graph\":[{\"@type\":\"NewsArticle\",\"@id\":\"https:\/\/www.gaveanews.com\/index.php\/2024\/06\/20\/cria-do-flamengo-entra-na-mira-do-botafogo\/#article\",\"isPartOf\":{\"@id\":\"https:\/\/www.gaveanews.com\/index.php\/2024\/06\/20\/cria-do-flamengo-entra-na-mira-do-botafogo\/\"},\"author\":{\"name\":\"Henrique Machado\",\"@id\":\"https:\/\/www.gaveanews.com\/#\/schema\/person\/fd07635ec039ec3ba74ad18ec8a6dbd6\"},\"headline\":\"Cria do Flamengo entra na mira do Botafogo\",\"datePublished\":\"2024-06-20T21:39:18+00:00\",\"dateModified\":\"2024-06-20T21:39:20+00:00\",\"mainEntityOfPage\":{\"@id\":\"https:\/\/www.gaveanews.com\/index.php\/2024\/06\/20\/cria-do-flamengo-entra-na-mira-do-botafogo\/\"},\"wordCount\":336,\"commentCount\":0,\"image\":{\"@id\":\"https:\/\/www.gaveanews.com\/index.php\/2024\/06\/20\/cria-do-flamengo-entra-na-mira-do-botafogo\/#primaryimage\"},\"thumbnailUrl\":\"https:\/\/www.gaveanews.com\/wp-content\/uploads\/flamengo.webp\",\"articleSection\":[\"Botafogo\",\"Flamengo\"],\"inLanguage\":\"pt-BR\",\"potentialAction\":[{\"@type\":\"CommentAction\",\"name\":\"Comment\",\"target\":[\"https:\/\/www.gaveanews.com\/index.php\/2024\/06\/20\/cria-do-flamengo-entra-na-mira-do-botafogo\/#respond\"]}],\"copyrightYear\":\"2024\",\"copyrightHolder\":{\"@id\":\"https:\/\/www.gaveanews.com\/#organization\"}},{\"@type\":\"WebPage\",\"@id\":\"https:\/\/www.gaveanews.com\/index.php\/2024\/06\/20\/cria-do-flamengo-entra-na-mira-do-botafogo\/\",\"url\":\"https:\/\/www.gaveanews.com\/index.php\/2024\/06\/20\/cria-do-flamengo-entra-na-mira-do-botafogo\/\",\"name\":\"Cria do Flamengo entra na mira do Botafogo\",\"isPartOf\":{\"@id\":\"https:\/\/www.gaveanews.com\/#website\"},\"primaryImageOfPage\":{\"@id\":\"https:\/\/www.gaveanews.com\/index.php\/2024\/06\/20\/cria-do-flamengo-entra-na-mira-do-botafogo\/#primaryimage\"},\"image\":{\"@id\":\"https:\/\/www.gaveanews.com\/index.php\/2024\/06\/20\/cria-do-flamengo-entra-na-mira-do-botafogo\/#primaryimage\"},\"thumbnailUrl\":\"https:\/\/www.gaveanews.com\/wp-content\/uploads\/flamengo.webp\",\"datePublished\":\"2024-06-20T21:39:18+00:00\",\"dateModified\":\"2024-06-20T21:39:20+00:00\",\"author\":{\"@id\":\"https:\/\/www.gaveanews.com\/#\/schema\/person\/fd07635ec039ec3ba74ad18ec8a6dbd6\"},\"breadcrumb\":{\"@id\":\"https:\/\/www.gaveanews.com\/index.php\/2024\/06\/20\/cria-do-flamengo-entra-na-mira-do-botafogo\/#breadcrumb\"},\"inLanguage\":\"pt-BR\",\"potentialAction\":[{\"@type\":\"ReadAction\",\"target\":[\"https:\/\/www.gaveanews.com\/index.php\/2024\/06\/20\/cria-do-flamengo-entra-na-mira-do-botafogo\/\"]}]},{\"@type\":\"ImageObject\",\"inLanguage\":\"pt-BR\",\"@id\":\"https:\/\/www.gaveanews.com\/index.php\/2024\/06\/20\/cria-do-flamengo-entra-na-mira-do-botafogo\/#primaryimage\",\"url\":\"https:\/\/www.gaveanews.com\/wp-content\/uploads\/flamengo.webp\",\"contentUrl\":\"https:\/\/www.gaveanews.com\/wp-content\/uploads\/flamengo.webp\",\"width\":799,\"height\":532,\"caption\":\"Centro de treinamento do Flamengo (Foto: Reprodu\u00e7\u00e3o)\"},{\"@type\":\"BreadcrumbList\",\"@id\":\"https:\/\/www.gaveanews.com\/index.php\/2024\/06\/20\/cria-do-flamengo-entra-na-mira-do-botafogo\/#breadcrumb\",\"itemListElement\":[{\"@type\":\"ListItem\",\"position\":1,\"name\":\"Home\",\"item\":\"https:\/\/www.gaveanews.com\/\"},{\"@type\":\"ListItem\",\"position\":2,\"name\":\"Cria do Flamengo entra na mira do Botafogo\"}]},{\"@type\":\"WebSite\",\"@id\":\"https:\/\/www.gaveanews.com\/#website\",\"url\":\"https:\/\/www.gaveanews.com\/\",\"name\":\"G\u00e1vea News\",\"description\":\"Veja todas as not\u00edcias sobre o Flamengo: Contrata\u00e7\u00f5es, categorias de base, resultados das partidas, tabela de classifica\u00e7\u00e3o, pr\u00f3ximos jogos!\",\"potentialAction\":[{\"@type\":\"SearchAction\",\"target\":{\"@type\":\"EntryPoint\",\"urlTemplate\":\"https:\/\/www.gaveanews.com\/?s={search_term_string}\"},\"query-input\":{\"@type\":\"PropertyValueSpecification\",\"valueRequired\":true,\"valueName\":\"search_term_string\"}}],\"inLanguage\":\"pt-BR\"},{\"@type\":\"Person\",\"@id\":\"https:\/\/www.gaveanews.com\/#\/schema\/person\/fd07635ec039ec3ba74ad18ec8a6dbd6\",\"name\":\"Henrique Machado\",\"image\":{\"@type\":\"ImageObject\",\"inLanguage\":\"pt-BR\",\"@id\":\"https:\/\/www.gaveanews.com\/#\/schema\/person\/image\/\",\"url\":\"https:\/\/secure.gravatar.com\/avatar\/b95e35997e01d9800c1b6184bd79d4d898d370a3fce2584f5c77b907d5c7d9e9?s=96&d=mm&r=g\",\"contentUrl\":\"https:\/\/secure.gravatar.com\/avatar\/b95e35997e01d9800c1b6184bd79d4d898d370a3fce2584f5c77b907d5c7d9e9?s=96&d=mm&r=g\",\"caption\":\"Henrique Machado\"}}]}<\/script>\n<!-- \/ Yoast SEO Premium plugin. -->","yoast_head_json":{"title":"Cria do Flamengo entra na mira do Botafogo","robots":{"index":"index","follow":"follow","max-snippet":"max-snippet:-1","max-image-preview":"max-image-preview:large","max-video-preview":"max-video-preview:-1"},"canonical":"https:\/\/www.gaveanews.com\/index.php\/2024\/06\/20\/cria-do-flamengo-entra-na-mira-do-botafogo\/","og_locale":"pt_BR","og_type":"article","og_title":"Cria do Flamengo entra na mira do Botafogo","og_description":"O Botafogo j\u00e1 mira seus refor\u00e7os para a pr\u00f3xima janela de transfer\u00eancias, que se inicia no dia 10 de julho, e um dos alvos \u00e9 o zagueiro Natan, atualmente no Napoli. Revelado pelo Flamengo, o jogador de 23 anos possui contrato com o clube italiano at\u00e9 o meio de 2028. Natan come\u00e7ou sua carreira no [&hellip;]","og_url":"https:\/\/www.gaveanews.com\/index.php\/2024\/06\/20\/cria-do-flamengo-entra-na-mira-do-botafogo\/","og_site_name":"G\u00e1vea News","article_publisher":"https:\/\/facebook.com\/gaveaNews\/","article_published_time":"2024-06-20T21:39:18+00:00","article_modified_time":"2024-06-20T21:39:20+00:00","og_image":[{"width":799,"height":532,"url":"https:\/\/www.gaveanews.com\/wp-content\/uploads\/flamengo.webp","type":"image\/webp"}],"author":"Henrique Machado","twitter_card":"summary_large_image","twitter_misc":{"Escrito por":"Henrique Machado","Est. tempo de leitura":"3 minutos"},"schema":{"@context":"https:\/\/schema.org","@graph":[{"@type":"NewsArticle","@id":"https:\/\/www.gaveanews.com\/index.php\/2024\/06\/20\/cria-do-flamengo-entra-na-mira-do-botafogo\/#article","isPartOf":{"@id":"https:\/\/www.gaveanews.com\/index.php\/2024\/06\/20\/cria-do-flamengo-entra-na-mira-do-botafogo\/"},"author":{"name":"Henrique Machado","@id":"https:\/\/www.gaveanews.com\/#\/schema\/person\/fd07635ec039ec3ba74ad18ec8a6dbd6"},"headline":"Cria do Flamengo entra na mira do Botafogo","datePublished":"2024-06-20T21:39:18+00:00","dateModified":"2024-06-20T21:39:20+00:00","mainEntityOfPage":{"@id":"https:\/\/www.gaveanews.com\/index.php\/2024\/06\/20\/cria-do-flamengo-entra-na-mira-do-botafogo\/"},"wordCount":336,"commentCount":0,"image":{"@id":"https:\/\/www.gaveanews.com\/index.php\/2024\/06\/20\/cria-do-flamengo-entra-na-mira-do-botafogo\/#primaryimage"},"thumbnailUrl":"https:\/\/www.gaveanews.com\/wp-content\/uploads\/flamengo.webp","articleSection":["Botafogo","Flamengo"],"inLanguage":"pt-BR","potentialAction":[{"@type":"CommentAction","name":"Comment","target":["https:\/\/www.gaveanews.com\/index.php\/2024\/06\/20\/cria-do-flamengo-entra-na-mira-do-botafogo\/#respond"]}],"copyrightYear":"2024","copyrightHolder":{"@id":"https:\/\/www.gaveanews.com\/#organization"}},{"@type":"WebPage","@id":"https:\/\/www.gaveanews.com\/index.php\/2024\/06\/20\/cria-do-flamengo-entra-na-mira-do-botafogo\/","url":"https:\/\/www.gaveanews.com\/index.php\/2024\/06\/20\/cria-do-flamengo-entra-na-mira-do-botafogo\/","name":"Cria do Flamengo entra na mira do Botafogo","isPartOf":{"@id":"https:\/\/www.gaveanews.com\/#website"},"primaryImageOfPage":{"@id":"https:\/\/www.gaveanews.com\/index.php\/2024\/06\/20\/cria-do-flamengo-entra-na-mira-do-botafogo\/#primaryimage"},"image":{"@id":"https:\/\/www.gaveanews.com\/index.php\/2024\/06\/20\/cria-do-flamengo-entra-na-mira-do-botafogo\/#primaryimage"},"thumbnailUrl":"https:\/\/www.gaveanews.com\/wp-content\/uploads\/flamengo.webp","datePublished":"2024-06-20T21:39:18+00:00","dateModified":"2024-06-20T21:39:20+00:00","author":{"@id":"https:\/\/www.gaveanews.com\/#\/schema\/person\/fd07635ec039ec3ba74ad18ec8a6dbd6"},"breadcrumb":{"@id":"https:\/\/www.gaveanews.com\/index.php\/2024\/06\/20\/cria-do-flamengo-entra-na-mira-do-botafogo\/#breadcrumb"},"inLanguage":"pt-BR","potentialAction":[{"@type":"ReadAction","target":["https:\/\/www.gaveanews.com\/index.php\/2024\/06\/20\/cria-do-flamengo-entra-na-mira-do-botafogo\/"]}]},{"@type":"ImageObject","inLanguage":"pt-BR","@id":"https:\/\/www.gaveanews.com\/index.php\/2024\/06\/20\/cria-do-flamengo-entra-na-mira-do-botafogo\/#primaryimage","url":"https:\/\/www.gaveanews.com\/wp-content\/uploads\/flamengo.webp","contentUrl":"https:\/\/www.gaveanews.com\/wp-content\/uploads\/flamengo.webp","width":799,"height":532,"caption":"Centro de treinamento do Flamengo (Foto: Reprodu\u00e7\u00e3o)"},{"@type":"BreadcrumbList","@id":"https:\/\/www.gaveanews.com\/index.php\/2024\/06\/20\/cria-do-flamengo-entra-na-mira-do-botafogo\/#breadcrumb","itemListElement":[{"@type":"ListItem","position":1,"name":"Home","item":"https:\/\/www.gaveanews.com\/"},{"@type":"ListItem","position":2,"name":"Cria do Flamengo entra na mira do Botafogo"}]},{"@type":"WebSite","@id":"https:\/\/www.gaveanews.com\/#website","url":"https:\/\/www.gaveanews.com\/","name":"G\u00e1vea News","description":"Veja todas as not\u00edcias sobre o Flamengo: Contrata\u00e7\u00f5es, categorias de base, resultados das partidas, tabela de classifica\u00e7\u00e3o, pr\u00f3ximos jogos!","potentialAction":[{"@type":"SearchAction","target":{"@type":"EntryPoint","urlTemplate":"https:\/\/www.gaveanews.com\/?s={search_term_string}"},"query-input":{"@type":"PropertyValueSpecification","valueRequired":true,"valueName":"search_term_string"}}],"inLanguage":"pt-BR"},{"@type":"Person","@id":"https:\/\/www.gaveanews.com\/#\/schema\/person\/fd07635ec039ec3ba74ad18ec8a6dbd6","name":"Henrique Machado","image":{"@type":"ImageObject","inLanguage":"pt-BR","@id":"https:\/\/www.gaveanews.com\/#\/schema\/person\/image\/","url":"https:\/\/secure.gravatar.com\/avatar\/b95e35997e01d9800c1b6184bd79d4d898d370a3fce2584f5c77b907d5c7d9e9?s=96&d=mm&r=g","contentUrl":"https:\/\/secure.gravatar.com\/avatar\/b95e35997e01d9800c1b6184bd79d4d898d370a3fce2584f5c77b907d5c7d9e9?s=96&d=mm&r=g","caption":"Henrique Machado"}}]}},"_links":{"self":[{"href":"https:\/\/www.gaveanews.com\/index.php\/wp-json\/wp\/v2\/posts\/148721","targetHints":{"allow":["GET"]}}],"collection":[{"href":"https:\/\/www.gaveanews.com\/index.php\/wp-json\/wp\/v2\/posts"}],"about":[{"href":"https:\/\/www.gaveanews.com\/index.php\/wp-json\/wp\/v2\/types\/post"}],"author":[{"embeddable":true,"href":"https:\/\/www.gaveanews.com\/index.php\/wp-json\/wp\/v2\/users\/15"}],"replies":[{"embeddable":true,"href":"https:\/\/www.gaveanews.com\/index.php\/wp-json\/wp\/v2\/comments?post=148721"}],"version-history":[{"count":5,"href":"https:\/\/www.gaveanews.com\/index.php\/wp-json\/wp\/v2\/posts\/148721\/revisions"}],"predecessor-version":[{"id":148729,"href":"https:\/\/www.gaveanews.com\/index.php\/wp-json\/wp\/v2\/posts\/148721\/revisions\/148729"}],"wp:featuredmedia":[{"embeddable":true,"href":"https:\/\/www.gaveanews.com\/index.php\/wp-json\/wp\/v2\/media\/123691"}],"wp:attachment":[{"href":"https:\/\/www.gaveanews.com\/index.php\/wp-json\/wp\/v2\/media?parent=148721"}],"wp:term":[{"taxonomy":"category","embeddable":true,"href":"https:\/\/www.gaveanews.com\/index.php\/wp-json\/wp\/v2\/categories?post=148721"},{"taxonomy":"post_tag","embeddable":true,"href":"https:\/\/www.gaveanews.com\/index.php\/wp-json\/wp\/v2\/tags?post=148721"}],"curies":[{"name":"wp","href":"https:\/\/api.w.org\/{rel}","templated":true}]}}