{"id":148743,"date":"2024-06-20T22:20:54","date_gmt":"2024-06-21T01:20:54","guid":{"rendered":"https:\/\/www.gaveanews.com\/?p=148743"},"modified":"2024-06-20T22:20:56","modified_gmt":"2024-06-21T01:20:56","slug":"reforco-vindo-da-europa-reinier-fala-sobre-o-futuro-e-michael-em-destaque-veja-as-ultimas-noticias-do-flamengo","status":"publish","type":"post","link":"https:\/\/www.gaveanews.com\/index.php\/2024\/06\/20\/reforco-vindo-da-europa-reinier-fala-sobre-o-futuro-e-michael-em-destaque-veja-as-ultimas-noticias-do-flamengo\/","title":{"rendered":"Refor\u00e7o vindo da Europa, Reinier fala sobre o futuro e Michael em destaque: veja as \u00faltimas not\u00edcias do Flamengo"},"content":{"rendered":"\n<p>Nas \u00faltimas horas, o foco das not\u00edcias sobre o Flamengo se concentra nos bastidores do clube, com destaques como o refor\u00e7o vindo da Europa e Michael em destaque.<\/p>\n\n\n\n<p>Por conta deste contexto, leia abaixo um resumo preparado pela equipe do portal G\u00e1vea News para lhe manter muito bem informado!<\/p>\n\n\n\n<h2 class=\"wp-block-heading\" id=\"h-reinier-fala-sobre-o-futuro\">Reinier fala sobre o futuro<\/h2>\n\n\n\n<figure class=\"wp-block-image size-large\"><img loading=\"lazy\" decoding=\"async\" width=\"1024\" height=\"576\" src=\"https:\/\/www.gaveanews.com\/wp-content\/uploads\/reinier-flamengo-alexandre-vidal-foto-1280-1024x576.webp\" alt=\"\" class=\"wp-image-31862\" srcset=\"https:\/\/www.gaveanews.com\/wp-content\/uploads\/reinier-flamengo-alexandre-vidal-foto-1280-1024x576.webp 1024w, https:\/\/www.gaveanews.com\/wp-content\/uploads\/reinier-flamengo-alexandre-vidal-foto-1280-300x169.webp 300w, https:\/\/www.gaveanews.com\/wp-content\/uploads\/reinier-flamengo-alexandre-vidal-foto-1280-768x432.webp 768w, https:\/\/www.gaveanews.com\/wp-content\/uploads\/reinier-flamengo-alexandre-vidal-foto-1280-747x420.webp 747w, https:\/\/www.gaveanews.com\/wp-content\/uploads\/reinier-flamengo-alexandre-vidal-foto-1280-640x360.webp 640w, https:\/\/www.gaveanews.com\/wp-content\/uploads\/reinier-flamengo-alexandre-vidal-foto-1280-681x383.webp 681w, https:\/\/www.gaveanews.com\/wp-content\/uploads\/reinier-flamengo-alexandre-vidal-foto-1280-100x56.webp 100w, https:\/\/www.gaveanews.com\/wp-content\/uploads\/reinier-flamengo-alexandre-vidal-foto-1280.webp 1280w\" sizes=\"auto, (max-width: 1024px) 100vw, 1024px\" \/><\/figure>\n\n\n\n<p>O meia Reinier, atualmente no Real Madrid, afirmou recentemente que n\u00e3o considera um retorno ao Flamengo na janela de transfer\u00eancias do meio do ano, enfatizando seu foco em conquistar uma sequ\u00eancia no clube espanhol. O brasileiro tem contrato com o Real Madrid at\u00e9 junho de 2026, mas ainda n\u00e3o foi aproveitado pela equipe principal, sendo emprestado ao Borussia Dortmund, Girona e Frosinone, sem grande sucesso.<\/p>\n\n\n\n<p>Em entrevista ao Globo Esporte, Reinier mencionou que sua cabe\u00e7a est\u00e1 no Real Madrid e que, mais para frente, avaliar\u00e1 com seu empres\u00e1rio e pai sobre futuras decis\u00f5es. Ele destacou que seu objetivo \u00e9 buscar o melhor para sua carreira, sem descartar a possibilidade de um retorno ao Brasil, mas sem estar focado nisso no momento.<\/p>\n\n\n\n<p>Durante seus empr\u00e9stimos na Europa, Reinier teve seu melhor desempenho com o Frosinone, na \u00faltima temporada, onde marcou tr\u00eas gols e deu duas assist\u00eancias em 23 jogos. Apesar disso, a equipe terminou o campeonato na 18\u00aa coloca\u00e7\u00e3o e foi rebaixada para a segunda divis\u00e3o do futebol italiano.<\/p>\n\n\n\n<h2 class=\"wp-block-heading\" id=\"h-reforco-vindo-da-europa\">Refor\u00e7o vindo da Europa<\/h2>\n\n\n\n<figure class=\"wp-block-image size-large\"><img loading=\"lazy\" decoding=\"async\" width=\"1024\" height=\"1024\" src=\"https:\/\/www.gaveanews.com\/wp-content\/uploads\/Emerson-Royal-durante-treino-do-Brasil-1024x1024.webp\" alt=\"\" class=\"wp-image-114437\" srcset=\"https:\/\/www.gaveanews.com\/wp-content\/uploads\/Emerson-Royal-durante-treino-do-Brasil-1024x1024.webp 1024w, https:\/\/www.gaveanews.com\/wp-content\/uploads\/Emerson-Royal-durante-treino-do-Brasil-300x300.webp 300w, https:\/\/www.gaveanews.com\/wp-content\/uploads\/Emerson-Royal-durante-treino-do-Brasil-150x150.webp 150w, https:\/\/www.gaveanews.com\/wp-content\/uploads\/Emerson-Royal-durante-treino-do-Brasil-768x768.webp 768w, https:\/\/www.gaveanews.com\/wp-content\/uploads\/Emerson-Royal-durante-treino-do-Brasil-420x420.webp 420w, https:\/\/www.gaveanews.com\/wp-content\/uploads\/Emerson-Royal-durante-treino-do-Brasil-840x840.webp 840w, https:\/\/www.gaveanews.com\/wp-content\/uploads\/Emerson-Royal-durante-treino-do-Brasil-640x640.webp 640w, https:\/\/www.gaveanews.com\/wp-content\/uploads\/Emerson-Royal-durante-treino-do-Brasil-681x681.webp 681w, https:\/\/www.gaveanews.com\/wp-content\/uploads\/Emerson-Royal-durante-treino-do-Brasil-100x100.webp 100w, https:\/\/www.gaveanews.com\/wp-content\/uploads\/Emerson-Royal-durante-treino-do-Brasil.webp 1080w\" sizes=\"auto, (max-width: 1024px) 100vw, 1024px\" \/><figcaption class=\"wp-element-caption\">Emerson Royal durante treino do Brasil (Foto: Reprodu\u00e7\u00e3o\/Instagram)<\/figcaption><\/figure>\n\n\n\n<p>O Flamengo est\u00e1 interessado em contratar Emerson Royal, lateral-direito do Tottenham, visando fortalecer sua defesa. As negocia\u00e7\u00f5es ainda est\u00e3o em andamento e n\u00e3o h\u00e1 um acordo oficial entre os clubes. O Flamengo est\u00e1 avaliando as condi\u00e7\u00f5es financeiras, considerando o alto valor de mercado do jogador, que foi revelado pelo Barcelona, passou pelo Real Betis e est\u00e1 na Premier League desde 2021.<\/p>\n\n\n\n<p>A diretoria do Flamengo est\u00e1 atenta ao mercado de transfer\u00eancias, com Emerson Royal sendo uma das principais op\u00e7\u00f5es para a lateral-direita. O clube busca um jogador com experi\u00eancia internacional e acredita que Emerson pode agregar qualidade \u00e0 equipe. Apesar de ainda n\u00e3o haver uma proposta formal, as conversas entre Flamengo e Tottenham sugerem que as negocia\u00e7\u00f5es podem avan\u00e7ar em breve, dependendo da aceita\u00e7\u00e3o dos termos financeiros por ambas as partes.<\/p>\n\n\n\n<p>A torcida rubro-negra aguarda ansiosamente por novidades sobre a poss\u00edvel chegada de Emerson Royal, visto como um refor\u00e7o significativo para o elenco do Flamengo. Contudo, a negocia\u00e7\u00e3o \u00e9 complexa devido \u00e0 alta valoriza\u00e7\u00e3o de Emerson no mercado europeu, exigindo uma solu\u00e7\u00e3o financeira vi\u00e1vel por parte da diretoria do Flamengo para concretizar a transfer\u00eancia.<\/p>\n\n\n\n<h2 class=\"wp-block-heading\" id=\"h-michael-em-destaque\">Michael em destaque<\/h2>\n\n\n\n<figure class=\"wp-block-image size-full\"><img loading=\"lazy\" decoding=\"async\" width=\"1000\" height=\"667\" src=\"https:\/\/www.gaveanews.com\/wp-content\/uploads\/michael19_1708146795226.webp\" alt=\"\" class=\"wp-image-127433\" srcset=\"https:\/\/www.gaveanews.com\/wp-content\/uploads\/michael19_1708146795226.webp 1000w, https:\/\/www.gaveanews.com\/wp-content\/uploads\/michael19_1708146795226-300x200.webp 300w, https:\/\/www.gaveanews.com\/wp-content\/uploads\/michael19_1708146795226-768x512.webp 768w, https:\/\/www.gaveanews.com\/wp-content\/uploads\/michael19_1708146795226-630x420.webp 630w, https:\/\/www.gaveanews.com\/wp-content\/uploads\/michael19_1708146795226-640x427.webp 640w, https:\/\/www.gaveanews.com\/wp-content\/uploads\/michael19_1708146795226-681x454.webp 681w, https:\/\/www.gaveanews.com\/wp-content\/uploads\/michael19_1708146795226-100x67.webp 100w\" sizes=\"auto, (max-width: 1000px) 100vw, 1000px\" \/><figcaption class=\"wp-element-caption\"> Michael em a\u00e7\u00e3o pelo Al Hilal (Foto: Reprodu\u00e7\u00e3o\/Instagram)<\/figcaption><\/figure>\n\n\n\n<p>Michael, atacante do Al Hilal, destaca-se no futebol \u00e1rabe com contrato at\u00e9 junho de 2025. Ele vem chamando a aten\u00e7\u00e3o pelos gols, assist\u00eancias e comprometimento com a equipe. Apesar das sondagens de clubes brasileiros, Michael prefere n\u00e3o discutir sua carreira durante as f\u00e9rias, deixando a decis\u00e3o sobre sua perman\u00eancia ou sa\u00edda nas m\u00e3os do Al Hilal. O jogador pediu ao empres\u00e1rio que n\u00e3o tratasse de propostas at\u00e9 20 de julho, para que possa descansar.<\/p>\n\n\n\n<p>Na \u00faltima temporada, Michael assumiu a titularidade na aus\u00eancia de Neymar, destacando-se como um dos principais jogadores do Al Hilal, que conquistou o Campeonato Saudita e a Copa do Rei Saudita. O t\u00e9cnico Jorge Jesus pediu para a equipe manter Michael at\u00e9 dezembro, mesmo com o interesse de Flamengo, Cruzeiro e Corinthians, que ainda n\u00e3o formalizaram propostas. A expectativa \u00e9 que as movimenta\u00e7\u00f5es no mercado aumentem a partir de 10 de julho, com a abertura da janela de transfer\u00eancias.<\/p>\n\n\n\n<p>Michael vive seu melhor momento na Ar\u00e1bia Saudita, com 11 gols e 10 assist\u00eancias, contribuindo para a conquista da Liga Saudita e um recorde mundial de 34 vit\u00f3rias consecutivas pelo Al Hilal. Adaptado \u00e0 vida no pa\u00eds desde 2022, ele elogia Neymar como refer\u00eancia no futebol, destacando a conviv\u00eancia com o craque brasileiro, mesmo sem terem atuado juntos devido a les\u00f5es. Michael valoriza o acolhimento recebido na Ar\u00e1bia Saudita, onde ele e sua fam\u00edlia se sentem integrados.<\/p>\n","protected":false},"excerpt":{"rendered":"<p>Nas \u00faltimas horas, o foco das not\u00edcias sobre o Flamengo se concentra nos bastidores do clube, com destaques como o refor\u00e7o vindo da Europa e Michael em destaque. Por conta deste contexto, leia abaixo um resumo preparado pela equipe do portal G\u00e1vea News para lhe manter muito bem informado! Reinier fala sobre o futuro O [&hellip;]<\/p>\n","protected":false},"author":15,"featured_media":144667,"comment_status":"open","ping_status":"closed","sticky":false,"template":"","format":"standard","meta":{"footnotes":""},"categories":[1],"tags":[],"class_list":["post-148743","post","type-post","status-publish","format-standard","has-post-thumbnail","hentry","category-flamengo"],"yoast_head":"<!-- This site is optimized with the Yoast SEO Premium plugin v24.2 (Yoast SEO v26.9) - https:\/\/yoast.com\/product\/yoast-seo-premium-wordpress\/ -->\n<title>Refor\u00e7o vindo da Europa, Reinier fala sobre o futuro e Michael em destaque: veja as \u00faltimas not\u00edcias do Flamengo<\/title>\n<meta name=\"robots\" content=\"index, follow, max-snippet:-1, max-image-preview:large, max-video-preview:-1\" \/>\n<link rel=\"canonical\" href=\"https:\/\/www.gaveanews.com\/index.php\/2024\/06\/20\/reforco-vindo-da-europa-reinier-fala-sobre-o-futuro-e-michael-em-destaque-veja-as-ultimas-noticias-do-flamengo\/\" \/>\n<meta property=\"og:locale\" content=\"pt_BR\" \/>\n<meta property=\"og:type\" content=\"article\" \/>\n<meta property=\"og:title\" content=\"Refor\u00e7o vindo da Europa, Reinier fala sobre o futuro e Michael em destaque: veja as \u00faltimas not\u00edcias do Flamengo\" \/>\n<meta property=\"og:description\" content=\"Nas \u00faltimas horas, o foco das not\u00edcias sobre o Flamengo se concentra nos bastidores do clube, com destaques como o refor\u00e7o vindo da Europa e Michael em destaque. Por conta deste contexto, leia abaixo um resumo preparado pela equipe do portal G\u00e1vea News para lhe manter muito bem informado! Reinier fala sobre o futuro O [&hellip;]\" \/>\n<meta property=\"og:url\" content=\"https:\/\/www.gaveanews.com\/index.php\/2024\/06\/20\/reforco-vindo-da-europa-reinier-fala-sobre-o-futuro-e-michael-em-destaque-veja-as-ultimas-noticias-do-flamengo\/\" \/>\n<meta property=\"og:site_name\" content=\"G\u00e1vea News\" \/>\n<meta property=\"article:publisher\" content=\"https:\/\/facebook.com\/gaveaNews\/\" \/>\n<meta property=\"article:published_time\" content=\"2024-06-21T01:20:54+00:00\" \/>\n<meta property=\"article:modified_time\" content=\"2024-06-21T01:20:56+00:00\" \/>\n<meta property=\"og:image\" content=\"https:\/\/www.gaveanews.com\/wp-content\/uploads\/flamengo-apresenta-camisa-com-pixbet-como-patrocinadora-oficial-1704214533133_v2_615x300.webp\" \/>\n\t<meta property=\"og:image:width\" content=\"615\" \/>\n\t<meta property=\"og:image:height\" content=\"300\" \/>\n\t<meta property=\"og:image:type\" content=\"image\/webp\" \/>\n<meta name=\"author\" content=\"Henrique Machado\" \/>\n<meta name=\"twitter:card\" content=\"summary_large_image\" \/>\n<meta name=\"twitter:label1\" content=\"Escrito por\" \/>\n\t<meta name=\"twitter:data1\" content=\"Henrique Machado\" \/>\n\t<meta name=\"twitter:label2\" content=\"Est. tempo de leitura\" \/>\n\t<meta name=\"twitter:data2\" content=\"5 minutos\" \/>\n<script type=\"application\/ld+json\" class=\"yoast-schema-graph\">{\"@context\":\"https:\/\/schema.org\",\"@graph\":[{\"@type\":\"NewsArticle\",\"@id\":\"https:\/\/www.gaveanews.com\/index.php\/2024\/06\/20\/reforco-vindo-da-europa-reinier-fala-sobre-o-futuro-e-michael-em-destaque-veja-as-ultimas-noticias-do-flamengo\/#article\",\"isPartOf\":{\"@id\":\"https:\/\/www.gaveanews.com\/index.php\/2024\/06\/20\/reforco-vindo-da-europa-reinier-fala-sobre-o-futuro-e-michael-em-destaque-veja-as-ultimas-noticias-do-flamengo\/\"},\"author\":{\"name\":\"Henrique Machado\",\"@id\":\"https:\/\/www.gaveanews.com\/#\/schema\/person\/fd07635ec039ec3ba74ad18ec8a6dbd6\"},\"headline\":\"Refor\u00e7o vindo da Europa, Reinier fala sobre o futuro e Michael em destaque: veja as \u00faltimas not\u00edcias do Flamengo\",\"datePublished\":\"2024-06-21T01:20:54+00:00\",\"dateModified\":\"2024-06-21T01:20:56+00:00\",\"mainEntityOfPage\":{\"@id\":\"https:\/\/www.gaveanews.com\/index.php\/2024\/06\/20\/reforco-vindo-da-europa-reinier-fala-sobre-o-futuro-e-michael-em-destaque-veja-as-ultimas-noticias-do-flamengo\/\"},\"wordCount\":726,\"commentCount\":0,\"image\":{\"@id\":\"https:\/\/www.gaveanews.com\/index.php\/2024\/06\/20\/reforco-vindo-da-europa-reinier-fala-sobre-o-futuro-e-michael-em-destaque-veja-as-ultimas-noticias-do-flamengo\/#primaryimage\"},\"thumbnailUrl\":\"https:\/\/www.gaveanews.com\/wp-content\/uploads\/flamengo-apresenta-camisa-com-pixbet-como-patrocinadora-oficial-1704214533133_v2_615x300.webp\",\"articleSection\":[\"Flamengo\"],\"inLanguage\":\"pt-BR\",\"potentialAction\":[{\"@type\":\"CommentAction\",\"name\":\"Comment\",\"target\":[\"https:\/\/www.gaveanews.com\/index.php\/2024\/06\/20\/reforco-vindo-da-europa-reinier-fala-sobre-o-futuro-e-michael-em-destaque-veja-as-ultimas-noticias-do-flamengo\/#respond\"]}],\"copyrightYear\":\"2024\",\"copyrightHolder\":{\"@id\":\"https:\/\/www.gaveanews.com\/#organization\"}},{\"@type\":\"WebPage\",\"@id\":\"https:\/\/www.gaveanews.com\/index.php\/2024\/06\/20\/reforco-vindo-da-europa-reinier-fala-sobre-o-futuro-e-michael-em-destaque-veja-as-ultimas-noticias-do-flamengo\/\",\"url\":\"https:\/\/www.gaveanews.com\/index.php\/2024\/06\/20\/reforco-vindo-da-europa-reinier-fala-sobre-o-futuro-e-michael-em-destaque-veja-as-ultimas-noticias-do-flamengo\/\",\"name\":\"Refor\u00e7o vindo da Europa, Reinier fala sobre o futuro e Michael em destaque: veja as \u00faltimas not\u00edcias do Flamengo\",\"isPartOf\":{\"@id\":\"https:\/\/www.gaveanews.com\/#website\"},\"primaryImageOfPage\":{\"@id\":\"https:\/\/www.gaveanews.com\/index.php\/2024\/06\/20\/reforco-vindo-da-europa-reinier-fala-sobre-o-futuro-e-michael-em-destaque-veja-as-ultimas-noticias-do-flamengo\/#primaryimage\"},\"image\":{\"@id\":\"https:\/\/www.gaveanews.com\/index.php\/2024\/06\/20\/reforco-vindo-da-europa-reinier-fala-sobre-o-futuro-e-michael-em-destaque-veja-as-ultimas-noticias-do-flamengo\/#primaryimage\"},\"thumbnailUrl\":\"https:\/\/www.gaveanews.com\/wp-content\/uploads\/flamengo-apresenta-camisa-com-pixbet-como-patrocinadora-oficial-1704214533133_v2_615x300.webp\",\"datePublished\":\"2024-06-21T01:20:54+00:00\",\"dateModified\":\"2024-06-21T01:20:56+00:00\",\"author\":{\"@id\":\"https:\/\/www.gaveanews.com\/#\/schema\/person\/fd07635ec039ec3ba74ad18ec8a6dbd6\"},\"breadcrumb\":{\"@id\":\"https:\/\/www.gaveanews.com\/index.php\/2024\/06\/20\/reforco-vindo-da-europa-reinier-fala-sobre-o-futuro-e-michael-em-destaque-veja-as-ultimas-noticias-do-flamengo\/#breadcrumb\"},\"inLanguage\":\"pt-BR\",\"potentialAction\":[{\"@type\":\"ReadAction\",\"target\":[\"https:\/\/www.gaveanews.com\/index.php\/2024\/06\/20\/reforco-vindo-da-europa-reinier-fala-sobre-o-futuro-e-michael-em-destaque-veja-as-ultimas-noticias-do-flamengo\/\"]}]},{\"@type\":\"ImageObject\",\"inLanguage\":\"pt-BR\",\"@id\":\"https:\/\/www.gaveanews.com\/index.php\/2024\/06\/20\/reforco-vindo-da-europa-reinier-fala-sobre-o-futuro-e-michael-em-destaque-veja-as-ultimas-noticias-do-flamengo\/#primaryimage\",\"url\":\"https:\/\/www.gaveanews.com\/wp-content\/uploads\/flamengo-apresenta-camisa-com-pixbet-como-patrocinadora-oficial-1704214533133_v2_615x300.webp\",\"contentUrl\":\"https:\/\/www.gaveanews.com\/wp-content\/uploads\/flamengo-apresenta-camisa-com-pixbet-como-patrocinadora-oficial-1704214533133_v2_615x300.webp\",\"width\":615,\"height\":300,\"caption\":\"PixBet patrocina o Flamengo (Foto: Reprodu\u00e7\u00e3o)\"},{\"@type\":\"BreadcrumbList\",\"@id\":\"https:\/\/www.gaveanews.com\/index.php\/2024\/06\/20\/reforco-vindo-da-europa-reinier-fala-sobre-o-futuro-e-michael-em-destaque-veja-as-ultimas-noticias-do-flamengo\/#breadcrumb\",\"itemListElement\":[{\"@type\":\"ListItem\",\"position\":1,\"name\":\"Home\",\"item\":\"https:\/\/www.gaveanews.com\/\"},{\"@type\":\"ListItem\",\"position\":2,\"name\":\"Refor\u00e7o vindo da Europa, Reinier fala sobre o futuro e Michael em destaque: veja as \u00faltimas not\u00edcias do Flamengo\"}]},{\"@type\":\"WebSite\",\"@id\":\"https:\/\/www.gaveanews.com\/#website\",\"url\":\"https:\/\/www.gaveanews.com\/\",\"name\":\"G\u00e1vea News\",\"description\":\"Veja todas as not\u00edcias sobre o Flamengo: Contrata\u00e7\u00f5es, categorias de base, resultados das partidas, tabela de classifica\u00e7\u00e3o, pr\u00f3ximos jogos!\",\"potentialAction\":[{\"@type\":\"SearchAction\",\"target\":{\"@type\":\"EntryPoint\",\"urlTemplate\":\"https:\/\/www.gaveanews.com\/?s={search_term_string}\"},\"query-input\":{\"@type\":\"PropertyValueSpecification\",\"valueRequired\":true,\"valueName\":\"search_term_string\"}}],\"inLanguage\":\"pt-BR\"},{\"@type\":\"Person\",\"@id\":\"https:\/\/www.gaveanews.com\/#\/schema\/person\/fd07635ec039ec3ba74ad18ec8a6dbd6\",\"name\":\"Henrique Machado\",\"image\":{\"@type\":\"ImageObject\",\"inLanguage\":\"pt-BR\",\"@id\":\"https:\/\/www.gaveanews.com\/#\/schema\/person\/image\/\",\"url\":\"https:\/\/secure.gravatar.com\/avatar\/b95e35997e01d9800c1b6184bd79d4d898d370a3fce2584f5c77b907d5c7d9e9?s=96&d=mm&r=g\",\"contentUrl\":\"https:\/\/secure.gravatar.com\/avatar\/b95e35997e01d9800c1b6184bd79d4d898d370a3fce2584f5c77b907d5c7d9e9?s=96&d=mm&r=g\",\"caption\":\"Henrique Machado\"}}]}<\/script>\n<!-- \/ Yoast SEO Premium plugin. -->","yoast_head_json":{"title":"Refor\u00e7o vindo da Europa, Reinier fala sobre o futuro e Michael em destaque: veja as \u00faltimas not\u00edcias do Flamengo","robots":{"index":"index","follow":"follow","max-snippet":"max-snippet:-1","max-image-preview":"max-image-preview:large","max-video-preview":"max-video-preview:-1"},"canonical":"https:\/\/www.gaveanews.com\/index.php\/2024\/06\/20\/reforco-vindo-da-europa-reinier-fala-sobre-o-futuro-e-michael-em-destaque-veja-as-ultimas-noticias-do-flamengo\/","og_locale":"pt_BR","og_type":"article","og_title":"Refor\u00e7o vindo da Europa, Reinier fala sobre o futuro e Michael em destaque: veja as \u00faltimas not\u00edcias do Flamengo","og_description":"Nas \u00faltimas horas, o foco das not\u00edcias sobre o Flamengo se concentra nos bastidores do clube, com destaques como o refor\u00e7o vindo da Europa e Michael em destaque. Por conta deste contexto, leia abaixo um resumo preparado pela equipe do portal G\u00e1vea News para lhe manter muito bem informado! Reinier fala sobre o futuro O [&hellip;]","og_url":"https:\/\/www.gaveanews.com\/index.php\/2024\/06\/20\/reforco-vindo-da-europa-reinier-fala-sobre-o-futuro-e-michael-em-destaque-veja-as-ultimas-noticias-do-flamengo\/","og_site_name":"G\u00e1vea News","article_publisher":"https:\/\/facebook.com\/gaveaNews\/","article_published_time":"2024-06-21T01:20:54+00:00","article_modified_time":"2024-06-21T01:20:56+00:00","og_image":[{"width":615,"height":300,"url":"https:\/\/www.gaveanews.com\/wp-content\/uploads\/flamengo-apresenta-camisa-com-pixbet-como-patrocinadora-oficial-1704214533133_v2_615x300.webp","type":"image\/webp"}],"author":"Henrique Machado","twitter_card":"summary_large_image","twitter_misc":{"Escrito por":"Henrique Machado","Est. tempo de leitura":"5 minutos"},"schema":{"@context":"https:\/\/schema.org","@graph":[{"@type":"NewsArticle","@id":"https:\/\/www.gaveanews.com\/index.php\/2024\/06\/20\/reforco-vindo-da-europa-reinier-fala-sobre-o-futuro-e-michael-em-destaque-veja-as-ultimas-noticias-do-flamengo\/#article","isPartOf":{"@id":"https:\/\/www.gaveanews.com\/index.php\/2024\/06\/20\/reforco-vindo-da-europa-reinier-fala-sobre-o-futuro-e-michael-em-destaque-veja-as-ultimas-noticias-do-flamengo\/"},"author":{"name":"Henrique Machado","@id":"https:\/\/www.gaveanews.com\/#\/schema\/person\/fd07635ec039ec3ba74ad18ec8a6dbd6"},"headline":"Refor\u00e7o vindo da Europa, Reinier fala sobre o futuro e Michael em destaque: veja as \u00faltimas not\u00edcias do Flamengo","datePublished":"2024-06-21T01:20:54+00:00","dateModified":"2024-06-21T01:20:56+00:00","mainEntityOfPage":{"@id":"https:\/\/www.gaveanews.com\/index.php\/2024\/06\/20\/reforco-vindo-da-europa-reinier-fala-sobre-o-futuro-e-michael-em-destaque-veja-as-ultimas-noticias-do-flamengo\/"},"wordCount":726,"commentCount":0,"image":{"@id":"https:\/\/www.gaveanews.com\/index.php\/2024\/06\/20\/reforco-vindo-da-europa-reinier-fala-sobre-o-futuro-e-michael-em-destaque-veja-as-ultimas-noticias-do-flamengo\/#primaryimage"},"thumbnailUrl":"https:\/\/www.gaveanews.com\/wp-content\/uploads\/flamengo-apresenta-camisa-com-pixbet-como-patrocinadora-oficial-1704214533133_v2_615x300.webp","articleSection":["Flamengo"],"inLanguage":"pt-BR","potentialAction":[{"@type":"CommentAction","name":"Comment","target":["https:\/\/www.gaveanews.com\/index.php\/2024\/06\/20\/reforco-vindo-da-europa-reinier-fala-sobre-o-futuro-e-michael-em-destaque-veja-as-ultimas-noticias-do-flamengo\/#respond"]}],"copyrightYear":"2024","copyrightHolder":{"@id":"https:\/\/www.gaveanews.com\/#organization"}},{"@type":"WebPage","@id":"https:\/\/www.gaveanews.com\/index.php\/2024\/06\/20\/reforco-vindo-da-europa-reinier-fala-sobre-o-futuro-e-michael-em-destaque-veja-as-ultimas-noticias-do-flamengo\/","url":"https:\/\/www.gaveanews.com\/index.php\/2024\/06\/20\/reforco-vindo-da-europa-reinier-fala-sobre-o-futuro-e-michael-em-destaque-veja-as-ultimas-noticias-do-flamengo\/","name":"Refor\u00e7o vindo da Europa, Reinier fala sobre o futuro e Michael em destaque: veja as \u00faltimas not\u00edcias do Flamengo","isPartOf":{"@id":"https:\/\/www.gaveanews.com\/#website"},"primaryImageOfPage":{"@id":"https:\/\/www.gaveanews.com\/index.php\/2024\/06\/20\/reforco-vindo-da-europa-reinier-fala-sobre-o-futuro-e-michael-em-destaque-veja-as-ultimas-noticias-do-flamengo\/#primaryimage"},"image":{"@id":"https:\/\/www.gaveanews.com\/index.php\/2024\/06\/20\/reforco-vindo-da-europa-reinier-fala-sobre-o-futuro-e-michael-em-destaque-veja-as-ultimas-noticias-do-flamengo\/#primaryimage"},"thumbnailUrl":"https:\/\/www.gaveanews.com\/wp-content\/uploads\/flamengo-apresenta-camisa-com-pixbet-como-patrocinadora-oficial-1704214533133_v2_615x300.webp","datePublished":"2024-06-21T01:20:54+00:00","dateModified":"2024-06-21T01:20:56+00:00","author":{"@id":"https:\/\/www.gaveanews.com\/#\/schema\/person\/fd07635ec039ec3ba74ad18ec8a6dbd6"},"breadcrumb":{"@id":"https:\/\/www.gaveanews.com\/index.php\/2024\/06\/20\/reforco-vindo-da-europa-reinier-fala-sobre-o-futuro-e-michael-em-destaque-veja-as-ultimas-noticias-do-flamengo\/#breadcrumb"},"inLanguage":"pt-BR","potentialAction":[{"@type":"ReadAction","target":["https:\/\/www.gaveanews.com\/index.php\/2024\/06\/20\/reforco-vindo-da-europa-reinier-fala-sobre-o-futuro-e-michael-em-destaque-veja-as-ultimas-noticias-do-flamengo\/"]}]},{"@type":"ImageObject","inLanguage":"pt-BR","@id":"https:\/\/www.gaveanews.com\/index.php\/2024\/06\/20\/reforco-vindo-da-europa-reinier-fala-sobre-o-futuro-e-michael-em-destaque-veja-as-ultimas-noticias-do-flamengo\/#primaryimage","url":"https:\/\/www.gaveanews.com\/wp-content\/uploads\/flamengo-apresenta-camisa-com-pixbet-como-patrocinadora-oficial-1704214533133_v2_615x300.webp","contentUrl":"https:\/\/www.gaveanews.com\/wp-content\/uploads\/flamengo-apresenta-camisa-com-pixbet-como-patrocinadora-oficial-1704214533133_v2_615x300.webp","width":615,"height":300,"caption":"PixBet patrocina o Flamengo (Foto: Reprodu\u00e7\u00e3o)"},{"@type":"BreadcrumbList","@id":"https:\/\/www.gaveanews.com\/index.php\/2024\/06\/20\/reforco-vindo-da-europa-reinier-fala-sobre-o-futuro-e-michael-em-destaque-veja-as-ultimas-noticias-do-flamengo\/#breadcrumb","itemListElement":[{"@type":"ListItem","position":1,"name":"Home","item":"https:\/\/www.gaveanews.com\/"},{"@type":"ListItem","position":2,"name":"Refor\u00e7o vindo da Europa, Reinier fala sobre o futuro e Michael em destaque: veja as \u00faltimas not\u00edcias do Flamengo"}]},{"@type":"WebSite","@id":"https:\/\/www.gaveanews.com\/#website","url":"https:\/\/www.gaveanews.com\/","name":"G\u00e1vea News","description":"Veja todas as not\u00edcias sobre o Flamengo: Contrata\u00e7\u00f5es, categorias de base, resultados das partidas, tabela de classifica\u00e7\u00e3o, pr\u00f3ximos jogos!","potentialAction":[{"@type":"SearchAction","target":{"@type":"EntryPoint","urlTemplate":"https:\/\/www.gaveanews.com\/?s={search_term_string}"},"query-input":{"@type":"PropertyValueSpecification","valueRequired":true,"valueName":"search_term_string"}}],"inLanguage":"pt-BR"},{"@type":"Person","@id":"https:\/\/www.gaveanews.com\/#\/schema\/person\/fd07635ec039ec3ba74ad18ec8a6dbd6","name":"Henrique Machado","image":{"@type":"ImageObject","inLanguage":"pt-BR","@id":"https:\/\/www.gaveanews.com\/#\/schema\/person\/image\/","url":"https:\/\/secure.gravatar.com\/avatar\/b95e35997e01d9800c1b6184bd79d4d898d370a3fce2584f5c77b907d5c7d9e9?s=96&d=mm&r=g","contentUrl":"https:\/\/secure.gravatar.com\/avatar\/b95e35997e01d9800c1b6184bd79d4d898d370a3fce2584f5c77b907d5c7d9e9?s=96&d=mm&r=g","caption":"Henrique Machado"}}]}},"_links":{"self":[{"href":"https:\/\/www.gaveanews.com\/index.php\/wp-json\/wp\/v2\/posts\/148743","targetHints":{"allow":["GET"]}}],"collection":[{"href":"https:\/\/www.gaveanews.com\/index.php\/wp-json\/wp\/v2\/posts"}],"about":[{"href":"https:\/\/www.gaveanews.com\/index.php\/wp-json\/wp\/v2\/types\/post"}],"author":[{"embeddable":true,"href":"https:\/\/www.gaveanews.com\/index.php\/wp-json\/wp\/v2\/users\/15"}],"replies":[{"embeddable":true,"href":"https:\/\/www.gaveanews.com\/index.php\/wp-json\/wp\/v2\/comments?post=148743"}],"version-history":[{"count":3,"href":"https:\/\/www.gaveanews.com\/index.php\/wp-json\/wp\/v2\/posts\/148743\/revisions"}],"predecessor-version":[{"id":148746,"href":"https:\/\/www.gaveanews.com\/index.php\/wp-json\/wp\/v2\/posts\/148743\/revisions\/148746"}],"wp:featuredmedia":[{"embeddable":true,"href":"https:\/\/www.gaveanews.com\/index.php\/wp-json\/wp\/v2\/media\/144667"}],"wp:attachment":[{"href":"https:\/\/www.gaveanews.com\/index.php\/wp-json\/wp\/v2\/media?parent=148743"}],"wp:term":[{"taxonomy":"category","embeddable":true,"href":"https:\/\/www.gaveanews.com\/index.php\/wp-json\/wp\/v2\/categories?post=148743"},{"taxonomy":"post_tag","embeddable":true,"href":"https:\/\/www.gaveanews.com\/index.php\/wp-json\/wp\/v2\/tags?post=148743"}],"curies":[{"name":"wp","href":"https:\/\/api.w.org\/{rel}","templated":true}]}}