{"id":148749,"date":"2024-06-20T23:10:47","date_gmt":"2024-06-21T02:10:47","guid":{"rendered":"https:\/\/www.gaveanews.com\/?p=148749"},"modified":"2024-06-20T23:10:49","modified_gmt":"2024-06-21T02:10:49","slug":"cria-do-fla-indo-para-rival-galvao-bueno-ganha-destaque-e-hugo-souza-de-saida-veja-as-ultimas-noticias-do-flamengo","status":"publish","type":"post","link":"https:\/\/www.gaveanews.com\/index.php\/2024\/06\/20\/cria-do-fla-indo-para-rival-galvao-bueno-ganha-destaque-e-hugo-souza-de-saida-veja-as-ultimas-noticias-do-flamengo\/","title":{"rendered":"Cria do Fla indo para rival, Galv\u00e3o Bueno ganha destaque e Hugo Souza de sa\u00edda: veja as \u00faltimas not\u00edcias do Flamengo"},"content":{"rendered":"\n<p>Nas \u00faltimas horas, o foco das not\u00edcias sobre o Flamengo se concentra nos bastidores do clube, com destaques como a cria do Flamengo indo para um rival e Hugo Souza de sa\u00edda.<\/p>\n\n\n\n<p>Por conta deste contexto, leia abaixo um resumo preparado pela equipe do portal G\u00e1vea News para lhe manter muito bem informado!<\/p>\n\n\n\n<h2 class=\"wp-block-heading\" id=\"h-galvao-bueno-ganha-destaque\">Galv\u00e3o Bueno ganha destaque<\/h2>\n\n\n\n<figure class=\"wp-block-image size-large\"><img loading=\"lazy\" decoding=\"async\" width=\"1024\" height=\"778\" src=\"https:\/\/www.gaveanews.com\/wp-content\/uploads\/Galvao-Bueno-com-o-terno-da-Rede-Globo-e-da-SporTV-1024x778.webp\" alt=\"\" class=\"wp-image-47962\" srcset=\"https:\/\/www.gaveanews.com\/wp-content\/uploads\/Galvao-Bueno-com-o-terno-da-Rede-Globo-e-da-SporTV-1024x778.webp 1024w, https:\/\/www.gaveanews.com\/wp-content\/uploads\/Galvao-Bueno-com-o-terno-da-Rede-Globo-e-da-SporTV-300x228.webp 300w, https:\/\/www.gaveanews.com\/wp-content\/uploads\/Galvao-Bueno-com-o-terno-da-Rede-Globo-e-da-SporTV-768x584.webp 768w, https:\/\/www.gaveanews.com\/wp-content\/uploads\/Galvao-Bueno-com-o-terno-da-Rede-Globo-e-da-SporTV-553x420.webp 553w, https:\/\/www.gaveanews.com\/wp-content\/uploads\/Galvao-Bueno-com-o-terno-da-Rede-Globo-e-da-SporTV-1105x840.webp 1105w, https:\/\/www.gaveanews.com\/wp-content\/uploads\/Galvao-Bueno-com-o-terno-da-Rede-Globo-e-da-SporTV-80x60.webp 80w, https:\/\/www.gaveanews.com\/wp-content\/uploads\/Galvao-Bueno-com-o-terno-da-Rede-Globo-e-da-SporTV-100x76.webp 100w, https:\/\/www.gaveanews.com\/wp-content\/uploads\/Galvao-Bueno-com-o-terno-da-Rede-Globo-e-da-SporTV-640x486.webp 640w, https:\/\/www.gaveanews.com\/wp-content\/uploads\/Galvao-Bueno-com-o-terno-da-Rede-Globo-e-da-SporTV-681x518.webp 681w, https:\/\/www.gaveanews.com\/wp-content\/uploads\/Galvao-Bueno-com-o-terno-da-Rede-Globo-e-da-SporTV.webp 1200w\" sizes=\"auto, (max-width: 1024px) 100vw, 1024px\" \/><figcaption class=\"wp-element-caption\">Galv\u00e3o Bueno com o terno da Rede Globo e da SporTV (Foto: Divulga\u00e7\u00e3o)<\/figcaption><\/figure>\n\n\n\n<p>A Globo finalizou os detalhes da Central Ol\u00edmpica, um programa di\u00e1rio dedicado \u00e0 cobertura dos Jogos Ol\u00edmpicos de Paris. O programa ser\u00e1 apresentado por Tadeu Schmidt e Fernanda Garay, ex-jogadora de v\u00f4lei, e transmitido em hor\u00e1rio nobre ap\u00f3s a novela &#8220;Renascer&#8221;. A equipe contar\u00e1 ainda com Karine Alves, Tiago Medeiros, Galv\u00e3o Bueno e Marcelo Adnet, garantindo uma diversidade de perspectivas na cobertura. Schmidt realizar\u00e1 cr\u00f4nicas di\u00e1rias dos melhores momentos dos Jogos, enquanto Garay apresentar\u00e1 o quadro &#8220;Cabe\u00e7a de Atleta&#8221; e atualizar\u00e1 o desempenho dos atletas.<\/p>\n\n\n\n<p>Galv\u00e3o Bueno participar\u00e1 do quadro &#8220;Olha o Que Ele Viu&#8221;, comentando os eventos mais importantes do dia com sua experi\u00eancia e carisma. Karine Alves trar\u00e1 curiosidades e hist\u00f3rias locais das ruas de Paris, proporcionando uma vis\u00e3o cultural dos Jogos. Tiago Medeiros acompanhar\u00e1 as provas dos atletas brasileiros com seus familiares e amigos, e desafiar\u00e1 o p\u00fablico a praticar modalidades esportivas, adicionando um toque interativo. Marcelo Adnet contribuir\u00e1 com seu humor, tornando o programa mais leve e divertido.<\/p>\n\n\n\n<p>O programa tamb\u00e9m contar\u00e1 com o quadro &#8220;Boa Sorte&#8221;, onde parentes e amigos dos atletas brasileiros enviar\u00e3o mensagens de apoio, e &#8220;\u00c9 Amanh\u00e3&#8221;, que contar\u00e1 com personalidades convocando o p\u00fablico a assistir aos eventos do dia seguinte. Galv\u00e3o Bueno, que havia anunciado sua aposentadoria em 2022, voltou \u00e0 TV e est\u00e1 negociando a renova\u00e7\u00e3o de seu contrato com a Globo. Mesmo ligado \u00e0 \u00e1rea de entretenimento, ele continua sendo uma figura importante para a emissora e para a cobertura dos Jogos Ol\u00edmpicos.<\/p>\n\n\n\n<h2 class=\"wp-block-heading\" id=\"h-cria-do-fla-indo-para-rival\">Cria do Fla indo para rival<\/h2>\n\n\n\n<figure class=\"wp-block-image size-full\"><img loading=\"lazy\" decoding=\"async\" width=\"846\" height=\"476\" src=\"https:\/\/www.gaveanews.com\/wp-content\/uploads\/Natan-em-acao-pelo-Flamengo-no-Maracana.webp\" alt=\"\" class=\"wp-image-57142\" srcset=\"https:\/\/www.gaveanews.com\/wp-content\/uploads\/Natan-em-acao-pelo-Flamengo-no-Maracana.webp 846w, https:\/\/www.gaveanews.com\/wp-content\/uploads\/Natan-em-acao-pelo-Flamengo-no-Maracana-300x169.webp 300w, https:\/\/www.gaveanews.com\/wp-content\/uploads\/Natan-em-acao-pelo-Flamengo-no-Maracana-768x432.webp 768w, https:\/\/www.gaveanews.com\/wp-content\/uploads\/Natan-em-acao-pelo-Flamengo-no-Maracana-746x420.webp 746w, https:\/\/www.gaveanews.com\/wp-content\/uploads\/Natan-em-acao-pelo-Flamengo-no-Maracana-640x360.webp 640w, https:\/\/www.gaveanews.com\/wp-content\/uploads\/Natan-em-acao-pelo-Flamengo-no-Maracana-681x383.webp 681w, https:\/\/www.gaveanews.com\/wp-content\/uploads\/Natan-em-acao-pelo-Flamengo-no-Maracana-100x56.webp 100w\" sizes=\"auto, (max-width: 846px) 100vw, 846px\" \/><figcaption class=\"wp-element-caption\">Natan em a\u00e7\u00e3o pelo Flamengo no Maracan\u00e3 (Foto: Marcelo Cortes\/Flamengo)<\/figcaption><\/figure>\n\n\n\n<p>O Botafogo est\u00e1 focado em refor\u00e7ar seu elenco para a pr\u00f3xima janela de transfer\u00eancias, que come\u00e7a no dia 10 de julho, e um dos principais alvos \u00e9 o zagueiro Natan, atualmente no Napoli. Revelado pelo Flamengo, Natan tem 23 anos e contrato com o clube italiano at\u00e9 meados de 2028. Sua carreira iniciou-se no Flamengo, com uma passagem pelo Bragantino, onde foi comprado por R$ 10 milh\u00f5es, antes de ser vendido ao Napoli por cerca de 10 milh\u00f5es de euros em 2023.<\/p>\n\n\n\n<p>O interesse do Botafogo em Natan foi divulgado pelo jornalista Gianluigi Langoni. O jogador est\u00e1 na lista de poss\u00edveis refor\u00e7os que o clube carioca est\u00e1 monitorando para a janela de transfer\u00eancias. As op\u00e7\u00f5es ser\u00e3o discutidas com John Textor antes de qualquer decis\u00e3o oficial. Segundo a imprensa italiana, o Napoli pode n\u00e3o impor grandes dificuldades para a sa\u00edda de Natan, embora ainda n\u00e3o tenha decidido se aceitar\u00e1 um empr\u00e9stimo ou apenas uma venda. A contrata\u00e7\u00e3o do zagueiro seria crucial para aumentar a profundidade defensiva do Botafogo.<\/p>\n\n\n\n<p>O setor defensivo do Botafogo atualmente tem Bastos como titular absoluto, com Lucas Halter e Alexander Barboza se revezando ao seu lado. Luis Segovia, que retornou da B\u00e9lgica, e Pablo, que sofreu duas les\u00f5es em 2024, s\u00e3o op\u00e7\u00f5es adicionais. A chegada de Natan seria uma adi\u00e7\u00e3o estrat\u00e9gica para fortalecer a defesa e garantir mais seguran\u00e7a na temporada.<\/p>\n\n\n\n<h2 class=\"wp-block-heading\" id=\"h-hugo-souza-de-saida\">Hugo Souza de sa\u00edda<\/h2>\n\n\n\n<figure class=\"wp-block-image size-full\"><img loading=\"lazy\" decoding=\"async\" width=\"799\" height=\"533\" src=\"https:\/\/www.gaveanews.com\/wp-content\/uploads\/Hugo-Souza-em-classico-do-Flamengo-contra-o-Fluminense.webp\" alt=\"\" class=\"wp-image-82391\" srcset=\"https:\/\/www.gaveanews.com\/wp-content\/uploads\/Hugo-Souza-em-classico-do-Flamengo-contra-o-Fluminense.webp 799w, https:\/\/www.gaveanews.com\/wp-content\/uploads\/Hugo-Souza-em-classico-do-Flamengo-contra-o-Fluminense-300x200.webp 300w, https:\/\/www.gaveanews.com\/wp-content\/uploads\/Hugo-Souza-em-classico-do-Flamengo-contra-o-Fluminense-768x512.webp 768w, https:\/\/www.gaveanews.com\/wp-content\/uploads\/Hugo-Souza-em-classico-do-Flamengo-contra-o-Fluminense-630x420.webp 630w, https:\/\/www.gaveanews.com\/wp-content\/uploads\/Hugo-Souza-em-classico-do-Flamengo-contra-o-Fluminense-640x427.webp 640w, https:\/\/www.gaveanews.com\/wp-content\/uploads\/Hugo-Souza-em-classico-do-Flamengo-contra-o-Fluminense-681x454.webp 681w, https:\/\/www.gaveanews.com\/wp-content\/uploads\/Hugo-Souza-em-classico-do-Flamengo-contra-o-Fluminense-100x67.webp 100w\" sizes=\"auto, (max-width: 799px) 100vw, 799px\" \/><figcaption class=\"wp-element-caption\">Hugo Souza em cl\u00e1ssico do Flamengo contra o Fluminense (Foto: Marcelo Cortes\/Flamengo)<\/figcaption><\/figure>\n\n\n\n<p>O contrato de Hugo Souza com o Chaves termina em 30 de junho, encerrando seu empr\u00e9stimo ao time portugu\u00eas. Em julho, ele dever\u00e1 se reapresentar ao Flamengo, onde decidir\u00e1 junto ao clube os pr\u00f3ximos passos de sua carreira. Recentemente, o goleiro atraiu interesse de outros clubes brasileiros, incluindo Corinthians e Santos. O Corinthians, especialmente, busca um substituto para Carlos Miguel, que est\u00e1 em negocia\u00e7\u00e3o com o Nottingham Forest, da Inglaterra. Contudo, Andr\u00e9 Bahia, empres\u00e1rio de Hugo Souza, declarou que n\u00e3o h\u00e1 negocia\u00e7\u00f5es oficiais com o time paulista at\u00e9 o momento.<\/p>\n\n\n\n<p>Andr\u00e9 Bahia refor\u00e7ou que Hugo Souza tem contrato com o Flamengo at\u00e9 dezembro de 2025 e que, apesar do t\u00e9rmino iminente do empr\u00e9stimo com o Chaves, o v\u00ednculo com o clube carioca permanece. Ele destacou que est\u00e3o aguardando oportunidades, mas ainda n\u00e3o houve contato oficial do Corinthians. Em entrevista ao &#8216;Charla Podcast&#8217;, Hugo Souza tamb\u00e9m comentou sobre sua situa\u00e7\u00e3o, reiterando seu contrato com o Flamengo e mencionando seu retorno ao clube ap\u00f3s o fim do empr\u00e9stimo.<\/p>\n\n\n\n<p>Hugo Souza expressou confian\u00e7a em seu desempenho e disse que espera por novas oportunidades no mercado. Seu contrato com o Flamengo at\u00e9 2025 permanece v\u00e1lido, e o t\u00e9rmino do empr\u00e9stimo com o Chaves \u00e9 um ponto de transi\u00e7\u00e3o em sua carreira. O goleiro e o clube rubro-negro decidir\u00e3o juntos sobre seus pr\u00f3ximos passos ap\u00f3s seu retorno em julho.<\/p>\n","protected":false},"excerpt":{"rendered":"<p>Nas \u00faltimas horas, o foco das not\u00edcias sobre o Flamengo se concentra nos bastidores do clube, com destaques como a cria do Flamengo indo para um rival e Hugo Souza de sa\u00edda. Por conta deste contexto, leia abaixo um resumo preparado pela equipe do portal G\u00e1vea News para lhe manter muito bem informado! Galv\u00e3o Bueno [&hellip;]<\/p>\n","protected":false},"author":15,"featured_media":123691,"comment_status":"open","ping_status":"closed","sticky":false,"template":"","format":"standard","meta":{"footnotes":""},"categories":[1],"tags":[],"class_list":["post-148749","post","type-post","status-publish","format-standard","has-post-thumbnail","hentry","category-flamengo"],"yoast_head":"<!-- This site is optimized with the Yoast SEO Premium plugin v24.2 (Yoast SEO v26.9) - https:\/\/yoast.com\/product\/yoast-seo-premium-wordpress\/ -->\n<title>Cria do Fla indo para rival, Galv\u00e3o Bueno ganha destaque e Hugo Souza de sa\u00edda: veja as \u00faltimas not\u00edcias do Flamengo<\/title>\n<meta name=\"robots\" content=\"index, follow, max-snippet:-1, max-image-preview:large, max-video-preview:-1\" \/>\n<link rel=\"canonical\" href=\"https:\/\/www.gaveanews.com\/index.php\/2024\/06\/20\/cria-do-fla-indo-para-rival-galvao-bueno-ganha-destaque-e-hugo-souza-de-saida-veja-as-ultimas-noticias-do-flamengo\/\" \/>\n<meta property=\"og:locale\" content=\"pt_BR\" \/>\n<meta property=\"og:type\" content=\"article\" \/>\n<meta property=\"og:title\" content=\"Cria do Fla indo para rival, Galv\u00e3o Bueno ganha destaque e Hugo Souza de sa\u00edda: veja as \u00faltimas not\u00edcias do Flamengo\" \/>\n<meta property=\"og:description\" content=\"Nas \u00faltimas horas, o foco das not\u00edcias sobre o Flamengo se concentra nos bastidores do clube, com destaques como a cria do Flamengo indo para um rival e Hugo Souza de sa\u00edda. Por conta deste contexto, leia abaixo um resumo preparado pela equipe do portal G\u00e1vea News para lhe manter muito bem informado! Galv\u00e3o Bueno [&hellip;]\" \/>\n<meta property=\"og:url\" content=\"https:\/\/www.gaveanews.com\/index.php\/2024\/06\/20\/cria-do-fla-indo-para-rival-galvao-bueno-ganha-destaque-e-hugo-souza-de-saida-veja-as-ultimas-noticias-do-flamengo\/\" \/>\n<meta property=\"og:site_name\" content=\"G\u00e1vea News\" \/>\n<meta property=\"article:publisher\" content=\"https:\/\/facebook.com\/gaveaNews\/\" \/>\n<meta property=\"article:published_time\" content=\"2024-06-21T02:10:47+00:00\" \/>\n<meta property=\"article:modified_time\" content=\"2024-06-21T02:10:49+00:00\" \/>\n<meta property=\"og:image\" content=\"https:\/\/www.gaveanews.com\/wp-content\/uploads\/flamengo.webp\" \/>\n\t<meta property=\"og:image:width\" content=\"799\" \/>\n\t<meta property=\"og:image:height\" content=\"532\" \/>\n\t<meta property=\"og:image:type\" content=\"image\/webp\" \/>\n<meta name=\"author\" content=\"Henrique Machado\" \/>\n<meta name=\"twitter:card\" content=\"summary_large_image\" \/>\n<meta name=\"twitter:label1\" content=\"Escrito por\" \/>\n\t<meta name=\"twitter:data1\" content=\"Henrique Machado\" \/>\n\t<meta name=\"twitter:label2\" content=\"Est. tempo de leitura\" \/>\n\t<meta name=\"twitter:data2\" content=\"6 minutos\" \/>\n<script type=\"application\/ld+json\" class=\"yoast-schema-graph\">{\"@context\":\"https:\/\/schema.org\",\"@graph\":[{\"@type\":\"NewsArticle\",\"@id\":\"https:\/\/www.gaveanews.com\/index.php\/2024\/06\/20\/cria-do-fla-indo-para-rival-galvao-bueno-ganha-destaque-e-hugo-souza-de-saida-veja-as-ultimas-noticias-do-flamengo\/#article\",\"isPartOf\":{\"@id\":\"https:\/\/www.gaveanews.com\/index.php\/2024\/06\/20\/cria-do-fla-indo-para-rival-galvao-bueno-ganha-destaque-e-hugo-souza-de-saida-veja-as-ultimas-noticias-do-flamengo\/\"},\"author\":{\"name\":\"Henrique Machado\",\"@id\":\"https:\/\/www.gaveanews.com\/#\/schema\/person\/fd07635ec039ec3ba74ad18ec8a6dbd6\"},\"headline\":\"Cria do Fla indo para rival, Galv\u00e3o Bueno ganha destaque e Hugo Souza de sa\u00edda: veja as \u00faltimas not\u00edcias do Flamengo\",\"datePublished\":\"2024-06-21T02:10:47+00:00\",\"dateModified\":\"2024-06-21T02:10:49+00:00\",\"mainEntityOfPage\":{\"@id\":\"https:\/\/www.gaveanews.com\/index.php\/2024\/06\/20\/cria-do-fla-indo-para-rival-galvao-bueno-ganha-destaque-e-hugo-souza-de-saida-veja-as-ultimas-noticias-do-flamengo\/\"},\"wordCount\":882,\"commentCount\":0,\"image\":{\"@id\":\"https:\/\/www.gaveanews.com\/index.php\/2024\/06\/20\/cria-do-fla-indo-para-rival-galvao-bueno-ganha-destaque-e-hugo-souza-de-saida-veja-as-ultimas-noticias-do-flamengo\/#primaryimage\"},\"thumbnailUrl\":\"https:\/\/www.gaveanews.com\/wp-content\/uploads\/flamengo.webp\",\"articleSection\":[\"Flamengo\"],\"inLanguage\":\"pt-BR\",\"potentialAction\":[{\"@type\":\"CommentAction\",\"name\":\"Comment\",\"target\":[\"https:\/\/www.gaveanews.com\/index.php\/2024\/06\/20\/cria-do-fla-indo-para-rival-galvao-bueno-ganha-destaque-e-hugo-souza-de-saida-veja-as-ultimas-noticias-do-flamengo\/#respond\"]}],\"copyrightYear\":\"2024\",\"copyrightHolder\":{\"@id\":\"https:\/\/www.gaveanews.com\/#organization\"}},{\"@type\":\"WebPage\",\"@id\":\"https:\/\/www.gaveanews.com\/index.php\/2024\/06\/20\/cria-do-fla-indo-para-rival-galvao-bueno-ganha-destaque-e-hugo-souza-de-saida-veja-as-ultimas-noticias-do-flamengo\/\",\"url\":\"https:\/\/www.gaveanews.com\/index.php\/2024\/06\/20\/cria-do-fla-indo-para-rival-galvao-bueno-ganha-destaque-e-hugo-souza-de-saida-veja-as-ultimas-noticias-do-flamengo\/\",\"name\":\"Cria do Fla indo para rival, Galv\u00e3o Bueno ganha destaque e Hugo Souza de sa\u00edda: veja as \u00faltimas not\u00edcias do Flamengo\",\"isPartOf\":{\"@id\":\"https:\/\/www.gaveanews.com\/#website\"},\"primaryImageOfPage\":{\"@id\":\"https:\/\/www.gaveanews.com\/index.php\/2024\/06\/20\/cria-do-fla-indo-para-rival-galvao-bueno-ganha-destaque-e-hugo-souza-de-saida-veja-as-ultimas-noticias-do-flamengo\/#primaryimage\"},\"image\":{\"@id\":\"https:\/\/www.gaveanews.com\/index.php\/2024\/06\/20\/cria-do-fla-indo-para-rival-galvao-bueno-ganha-destaque-e-hugo-souza-de-saida-veja-as-ultimas-noticias-do-flamengo\/#primaryimage\"},\"thumbnailUrl\":\"https:\/\/www.gaveanews.com\/wp-content\/uploads\/flamengo.webp\",\"datePublished\":\"2024-06-21T02:10:47+00:00\",\"dateModified\":\"2024-06-21T02:10:49+00:00\",\"author\":{\"@id\":\"https:\/\/www.gaveanews.com\/#\/schema\/person\/fd07635ec039ec3ba74ad18ec8a6dbd6\"},\"breadcrumb\":{\"@id\":\"https:\/\/www.gaveanews.com\/index.php\/2024\/06\/20\/cria-do-fla-indo-para-rival-galvao-bueno-ganha-destaque-e-hugo-souza-de-saida-veja-as-ultimas-noticias-do-flamengo\/#breadcrumb\"},\"inLanguage\":\"pt-BR\",\"potentialAction\":[{\"@type\":\"ReadAction\",\"target\":[\"https:\/\/www.gaveanews.com\/index.php\/2024\/06\/20\/cria-do-fla-indo-para-rival-galvao-bueno-ganha-destaque-e-hugo-souza-de-saida-veja-as-ultimas-noticias-do-flamengo\/\"]}]},{\"@type\":\"ImageObject\",\"inLanguage\":\"pt-BR\",\"@id\":\"https:\/\/www.gaveanews.com\/index.php\/2024\/06\/20\/cria-do-fla-indo-para-rival-galvao-bueno-ganha-destaque-e-hugo-souza-de-saida-veja-as-ultimas-noticias-do-flamengo\/#primaryimage\",\"url\":\"https:\/\/www.gaveanews.com\/wp-content\/uploads\/flamengo.webp\",\"contentUrl\":\"https:\/\/www.gaveanews.com\/wp-content\/uploads\/flamengo.webp\",\"width\":799,\"height\":532,\"caption\":\"Centro de treinamento do Flamengo (Foto: Reprodu\u00e7\u00e3o)\"},{\"@type\":\"BreadcrumbList\",\"@id\":\"https:\/\/www.gaveanews.com\/index.php\/2024\/06\/20\/cria-do-fla-indo-para-rival-galvao-bueno-ganha-destaque-e-hugo-souza-de-saida-veja-as-ultimas-noticias-do-flamengo\/#breadcrumb\",\"itemListElement\":[{\"@type\":\"ListItem\",\"position\":1,\"name\":\"Home\",\"item\":\"https:\/\/www.gaveanews.com\/\"},{\"@type\":\"ListItem\",\"position\":2,\"name\":\"Cria do Fla indo para rival, Galv\u00e3o Bueno ganha destaque e Hugo Souza de sa\u00edda: veja as \u00faltimas not\u00edcias do Flamengo\"}]},{\"@type\":\"WebSite\",\"@id\":\"https:\/\/www.gaveanews.com\/#website\",\"url\":\"https:\/\/www.gaveanews.com\/\",\"name\":\"G\u00e1vea News\",\"description\":\"Veja todas as not\u00edcias sobre o Flamengo: Contrata\u00e7\u00f5es, categorias de base, resultados das partidas, tabela de classifica\u00e7\u00e3o, pr\u00f3ximos jogos!\",\"potentialAction\":[{\"@type\":\"SearchAction\",\"target\":{\"@type\":\"EntryPoint\",\"urlTemplate\":\"https:\/\/www.gaveanews.com\/?s={search_term_string}\"},\"query-input\":{\"@type\":\"PropertyValueSpecification\",\"valueRequired\":true,\"valueName\":\"search_term_string\"}}],\"inLanguage\":\"pt-BR\"},{\"@type\":\"Person\",\"@id\":\"https:\/\/www.gaveanews.com\/#\/schema\/person\/fd07635ec039ec3ba74ad18ec8a6dbd6\",\"name\":\"Henrique Machado\",\"image\":{\"@type\":\"ImageObject\",\"inLanguage\":\"pt-BR\",\"@id\":\"https:\/\/www.gaveanews.com\/#\/schema\/person\/image\/\",\"url\":\"https:\/\/secure.gravatar.com\/avatar\/b95e35997e01d9800c1b6184bd79d4d898d370a3fce2584f5c77b907d5c7d9e9?s=96&d=mm&r=g\",\"contentUrl\":\"https:\/\/secure.gravatar.com\/avatar\/b95e35997e01d9800c1b6184bd79d4d898d370a3fce2584f5c77b907d5c7d9e9?s=96&d=mm&r=g\",\"caption\":\"Henrique Machado\"}}]}<\/script>\n<!-- \/ Yoast SEO Premium plugin. -->","yoast_head_json":{"title":"Cria do Fla indo para rival, Galv\u00e3o Bueno ganha destaque e Hugo Souza de sa\u00edda: veja as \u00faltimas not\u00edcias do Flamengo","robots":{"index":"index","follow":"follow","max-snippet":"max-snippet:-1","max-image-preview":"max-image-preview:large","max-video-preview":"max-video-preview:-1"},"canonical":"https:\/\/www.gaveanews.com\/index.php\/2024\/06\/20\/cria-do-fla-indo-para-rival-galvao-bueno-ganha-destaque-e-hugo-souza-de-saida-veja-as-ultimas-noticias-do-flamengo\/","og_locale":"pt_BR","og_type":"article","og_title":"Cria do Fla indo para rival, Galv\u00e3o Bueno ganha destaque e Hugo Souza de sa\u00edda: veja as \u00faltimas not\u00edcias do Flamengo","og_description":"Nas \u00faltimas horas, o foco das not\u00edcias sobre o Flamengo se concentra nos bastidores do clube, com destaques como a cria do Flamengo indo para um rival e Hugo Souza de sa\u00edda. Por conta deste contexto, leia abaixo um resumo preparado pela equipe do portal G\u00e1vea News para lhe manter muito bem informado! Galv\u00e3o Bueno [&hellip;]","og_url":"https:\/\/www.gaveanews.com\/index.php\/2024\/06\/20\/cria-do-fla-indo-para-rival-galvao-bueno-ganha-destaque-e-hugo-souza-de-saida-veja-as-ultimas-noticias-do-flamengo\/","og_site_name":"G\u00e1vea News","article_publisher":"https:\/\/facebook.com\/gaveaNews\/","article_published_time":"2024-06-21T02:10:47+00:00","article_modified_time":"2024-06-21T02:10:49+00:00","og_image":[{"width":799,"height":532,"url":"https:\/\/www.gaveanews.com\/wp-content\/uploads\/flamengo.webp","type":"image\/webp"}],"author":"Henrique Machado","twitter_card":"summary_large_image","twitter_misc":{"Escrito por":"Henrique Machado","Est. tempo de leitura":"6 minutos"},"schema":{"@context":"https:\/\/schema.org","@graph":[{"@type":"NewsArticle","@id":"https:\/\/www.gaveanews.com\/index.php\/2024\/06\/20\/cria-do-fla-indo-para-rival-galvao-bueno-ganha-destaque-e-hugo-souza-de-saida-veja-as-ultimas-noticias-do-flamengo\/#article","isPartOf":{"@id":"https:\/\/www.gaveanews.com\/index.php\/2024\/06\/20\/cria-do-fla-indo-para-rival-galvao-bueno-ganha-destaque-e-hugo-souza-de-saida-veja-as-ultimas-noticias-do-flamengo\/"},"author":{"name":"Henrique Machado","@id":"https:\/\/www.gaveanews.com\/#\/schema\/person\/fd07635ec039ec3ba74ad18ec8a6dbd6"},"headline":"Cria do Fla indo para rival, Galv\u00e3o Bueno ganha destaque e Hugo Souza de sa\u00edda: veja as \u00faltimas not\u00edcias do Flamengo","datePublished":"2024-06-21T02:10:47+00:00","dateModified":"2024-06-21T02:10:49+00:00","mainEntityOfPage":{"@id":"https:\/\/www.gaveanews.com\/index.php\/2024\/06\/20\/cria-do-fla-indo-para-rival-galvao-bueno-ganha-destaque-e-hugo-souza-de-saida-veja-as-ultimas-noticias-do-flamengo\/"},"wordCount":882,"commentCount":0,"image":{"@id":"https:\/\/www.gaveanews.com\/index.php\/2024\/06\/20\/cria-do-fla-indo-para-rival-galvao-bueno-ganha-destaque-e-hugo-souza-de-saida-veja-as-ultimas-noticias-do-flamengo\/#primaryimage"},"thumbnailUrl":"https:\/\/www.gaveanews.com\/wp-content\/uploads\/flamengo.webp","articleSection":["Flamengo"],"inLanguage":"pt-BR","potentialAction":[{"@type":"CommentAction","name":"Comment","target":["https:\/\/www.gaveanews.com\/index.php\/2024\/06\/20\/cria-do-fla-indo-para-rival-galvao-bueno-ganha-destaque-e-hugo-souza-de-saida-veja-as-ultimas-noticias-do-flamengo\/#respond"]}],"copyrightYear":"2024","copyrightHolder":{"@id":"https:\/\/www.gaveanews.com\/#organization"}},{"@type":"WebPage","@id":"https:\/\/www.gaveanews.com\/index.php\/2024\/06\/20\/cria-do-fla-indo-para-rival-galvao-bueno-ganha-destaque-e-hugo-souza-de-saida-veja-as-ultimas-noticias-do-flamengo\/","url":"https:\/\/www.gaveanews.com\/index.php\/2024\/06\/20\/cria-do-fla-indo-para-rival-galvao-bueno-ganha-destaque-e-hugo-souza-de-saida-veja-as-ultimas-noticias-do-flamengo\/","name":"Cria do Fla indo para rival, Galv\u00e3o Bueno ganha destaque e Hugo Souza de sa\u00edda: veja as \u00faltimas not\u00edcias do Flamengo","isPartOf":{"@id":"https:\/\/www.gaveanews.com\/#website"},"primaryImageOfPage":{"@id":"https:\/\/www.gaveanews.com\/index.php\/2024\/06\/20\/cria-do-fla-indo-para-rival-galvao-bueno-ganha-destaque-e-hugo-souza-de-saida-veja-as-ultimas-noticias-do-flamengo\/#primaryimage"},"image":{"@id":"https:\/\/www.gaveanews.com\/index.php\/2024\/06\/20\/cria-do-fla-indo-para-rival-galvao-bueno-ganha-destaque-e-hugo-souza-de-saida-veja-as-ultimas-noticias-do-flamengo\/#primaryimage"},"thumbnailUrl":"https:\/\/www.gaveanews.com\/wp-content\/uploads\/flamengo.webp","datePublished":"2024-06-21T02:10:47+00:00","dateModified":"2024-06-21T02:10:49+00:00","author":{"@id":"https:\/\/www.gaveanews.com\/#\/schema\/person\/fd07635ec039ec3ba74ad18ec8a6dbd6"},"breadcrumb":{"@id":"https:\/\/www.gaveanews.com\/index.php\/2024\/06\/20\/cria-do-fla-indo-para-rival-galvao-bueno-ganha-destaque-e-hugo-souza-de-saida-veja-as-ultimas-noticias-do-flamengo\/#breadcrumb"},"inLanguage":"pt-BR","potentialAction":[{"@type":"ReadAction","target":["https:\/\/www.gaveanews.com\/index.php\/2024\/06\/20\/cria-do-fla-indo-para-rival-galvao-bueno-ganha-destaque-e-hugo-souza-de-saida-veja-as-ultimas-noticias-do-flamengo\/"]}]},{"@type":"ImageObject","inLanguage":"pt-BR","@id":"https:\/\/www.gaveanews.com\/index.php\/2024\/06\/20\/cria-do-fla-indo-para-rival-galvao-bueno-ganha-destaque-e-hugo-souza-de-saida-veja-as-ultimas-noticias-do-flamengo\/#primaryimage","url":"https:\/\/www.gaveanews.com\/wp-content\/uploads\/flamengo.webp","contentUrl":"https:\/\/www.gaveanews.com\/wp-content\/uploads\/flamengo.webp","width":799,"height":532,"caption":"Centro de treinamento do Flamengo (Foto: Reprodu\u00e7\u00e3o)"},{"@type":"BreadcrumbList","@id":"https:\/\/www.gaveanews.com\/index.php\/2024\/06\/20\/cria-do-fla-indo-para-rival-galvao-bueno-ganha-destaque-e-hugo-souza-de-saida-veja-as-ultimas-noticias-do-flamengo\/#breadcrumb","itemListElement":[{"@type":"ListItem","position":1,"name":"Home","item":"https:\/\/www.gaveanews.com\/"},{"@type":"ListItem","position":2,"name":"Cria do Fla indo para rival, Galv\u00e3o Bueno ganha destaque e Hugo Souza de sa\u00edda: veja as \u00faltimas not\u00edcias do Flamengo"}]},{"@type":"WebSite","@id":"https:\/\/www.gaveanews.com\/#website","url":"https:\/\/www.gaveanews.com\/","name":"G\u00e1vea News","description":"Veja todas as not\u00edcias sobre o Flamengo: Contrata\u00e7\u00f5es, categorias de base, resultados das partidas, tabela de classifica\u00e7\u00e3o, pr\u00f3ximos jogos!","potentialAction":[{"@type":"SearchAction","target":{"@type":"EntryPoint","urlTemplate":"https:\/\/www.gaveanews.com\/?s={search_term_string}"},"query-input":{"@type":"PropertyValueSpecification","valueRequired":true,"valueName":"search_term_string"}}],"inLanguage":"pt-BR"},{"@type":"Person","@id":"https:\/\/www.gaveanews.com\/#\/schema\/person\/fd07635ec039ec3ba74ad18ec8a6dbd6","name":"Henrique Machado","image":{"@type":"ImageObject","inLanguage":"pt-BR","@id":"https:\/\/www.gaveanews.com\/#\/schema\/person\/image\/","url":"https:\/\/secure.gravatar.com\/avatar\/b95e35997e01d9800c1b6184bd79d4d898d370a3fce2584f5c77b907d5c7d9e9?s=96&d=mm&r=g","contentUrl":"https:\/\/secure.gravatar.com\/avatar\/b95e35997e01d9800c1b6184bd79d4d898d370a3fce2584f5c77b907d5c7d9e9?s=96&d=mm&r=g","caption":"Henrique Machado"}}]}},"_links":{"self":[{"href":"https:\/\/www.gaveanews.com\/index.php\/wp-json\/wp\/v2\/posts\/148749","targetHints":{"allow":["GET"]}}],"collection":[{"href":"https:\/\/www.gaveanews.com\/index.php\/wp-json\/wp\/v2\/posts"}],"about":[{"href":"https:\/\/www.gaveanews.com\/index.php\/wp-json\/wp\/v2\/types\/post"}],"author":[{"embeddable":true,"href":"https:\/\/www.gaveanews.com\/index.php\/wp-json\/wp\/v2\/users\/15"}],"replies":[{"embeddable":true,"href":"https:\/\/www.gaveanews.com\/index.php\/wp-json\/wp\/v2\/comments?post=148749"}],"version-history":[{"count":3,"href":"https:\/\/www.gaveanews.com\/index.php\/wp-json\/wp\/v2\/posts\/148749\/revisions"}],"predecessor-version":[{"id":148753,"href":"https:\/\/www.gaveanews.com\/index.php\/wp-json\/wp\/v2\/posts\/148749\/revisions\/148753"}],"wp:featuredmedia":[{"embeddable":true,"href":"https:\/\/www.gaveanews.com\/index.php\/wp-json\/wp\/v2\/media\/123691"}],"wp:attachment":[{"href":"https:\/\/www.gaveanews.com\/index.php\/wp-json\/wp\/v2\/media?parent=148749"}],"wp:term":[{"taxonomy":"category","embeddable":true,"href":"https:\/\/www.gaveanews.com\/index.php\/wp-json\/wp\/v2\/categories?post=148749"},{"taxonomy":"post_tag","embeddable":true,"href":"https:\/\/www.gaveanews.com\/index.php\/wp-json\/wp\/v2\/tags?post=148749"}],"curies":[{"name":"wp","href":"https:\/\/api.w.org\/{rel}","templated":true}]}}