{"id":148987,"date":"2024-06-23T21:48:23","date_gmt":"2024-06-24T00:48:23","guid":{"rendered":"https:\/\/www.gaveanews.com\/?p=148987"},"modified":"2024-06-23T21:48:29","modified_gmt":"2024-06-24T00:48:29","slug":"7-jogadores-do-flamengo-estao-em-tratamento-com-psicologos","status":"publish","type":"post","link":"https:\/\/www.gaveanews.com\/index.php\/2024\/06\/23\/7-jogadores-do-flamengo-estao-em-tratamento-com-psicologos\/","title":{"rendered":"7 jogadores do Flamengo est\u00e3o em tratamento com psic\u00f3logos"},"content":{"rendered":"\n<h2 class=\"wp-block-heading\" id=\"h-clube-nao-possui-um-psicologo-esportivo-e-esperado-que-tal-funcao-seja-ocupada-pela-proxima-gestao\">Clube n\u00e3o possui um psic\u00f3logo esportivo, \u00e9 esperado que tal fun\u00e7\u00e3o seja ocupada pela pr\u00f3xima gest\u00e3o<\/h2>\n\n\n\n<p>Uma das pautas mais exigidas pela torcida rubro-negra \u00e9 a profissionaliza\u00e7\u00e3o do departamento de futebol do Flamengo. Portanto, a torcida cobra a contrata\u00e7\u00e3o de um diretor de futebol e de uma equipe de psic\u00f3logos do esporte.<\/p>\n\n\n\n<p>Marcos Braz, vice-presidente de futebol do clube, sempre tratou a quest\u00e3o do psic\u00f3logo como um problema menor na estrutura de seu departamento. Ele afirmou: &#8220;N\u00f3s temos isso na base. At\u00e9 o sub-20, v\u00e1rios jogadores que est\u00e3o treinando nos profissionais, se quiserem e se sentirem \u00e0 vontade, t\u00eam \u00e0 disposi\u00e7\u00e3o (um profissional de psicologia). Mas \u00e0s vezes o atleta n\u00e3o quer ou acha que n\u00e3o precisa.&#8221;<\/p>\n\n\n\n<p>Durante uma reuni\u00e3o com o Grupo FAT &#8211; Flamengo Acima de Tudo, no restaurante VAMO, na Lagoa, Rodolfo Landim confidenciou aos membros do grupo que h\u00e1 7 jogadores do elenco profissional fazendo tratamento com psic\u00f3logos do clube.<\/p>\n\n\n\n<p>O Flamengo possui psic\u00f3logos prontos para atender os jogadores que sentem a necessidade de fazer algum tipo de acompanhamento com o profissional. No entanto, isso \u00e9 feito de maneira individual e apenas se o jogador sentir a necessidade.<\/p>\n\n\n\n<p>Por\u00e9m, o clube n\u00e3o possui um psic\u00f3logo esportivo respons\u00e1vel por identificar, por exemplo, os poss\u00edveis gatilhos de ansiedade durante a pr\u00e1tica esportiva e as fontes de estresse, para ent\u00e3o definir estrat\u00e9gias de controle emocional e desenvolvimento de habilidades ps\u00edquicas que permitam \u00e0 equipe esportiva conquistar melhores resultados nas competi\u00e7\u00f5es.<\/p>\n\n\n\n<p>Por fim, \u00e9 esperado que tal fun\u00e7\u00e3o seja ocupada pela pr\u00f3xima gest\u00e3o, que tomar\u00e1 posse no clube a partir do dia 1\u00ba de janeiro de 2025.<\/p>\n","protected":false},"excerpt":{"rendered":"<p>Clube n\u00e3o possui um psic\u00f3logo esportivo, \u00e9 esperado que tal fun\u00e7\u00e3o seja ocupada pela pr\u00f3xima gest\u00e3o Uma das pautas mais exigidas pela torcida rubro-negra \u00e9 a profissionaliza\u00e7\u00e3o do departamento de futebol do Flamengo. Portanto, a torcida cobra a contrata\u00e7\u00e3o de um diretor de futebol e de uma equipe de psic\u00f3logos do esporte. Marcos Braz, vice-presidente [&hellip;]<\/p>\n","protected":false},"author":17,"featured_media":148780,"comment_status":"open","ping_status":"closed","sticky":false,"template":"","format":"standard","meta":{"footnotes":""},"categories":[1],"tags":[250,173],"class_list":["post-148987","post","type-post","status-publish","format-standard","has-post-thumbnail","hentry","category-flamengo","tag-flamengo","tag-marcos-braz"],"yoast_head":"<!-- This site is optimized with the Yoast SEO Premium plugin v24.2 (Yoast SEO v26.9) - https:\/\/yoast.com\/product\/yoast-seo-premium-wordpress\/ -->\n<title>7 jogadores do Flamengo est\u00e3o em tratamento com psic\u00f3logos<\/title>\n<meta name=\"robots\" content=\"index, follow, max-snippet:-1, max-image-preview:large, max-video-preview:-1\" \/>\n<link rel=\"canonical\" href=\"https:\/\/www.gaveanews.com\/index.php\/2024\/06\/23\/7-jogadores-do-flamengo-estao-em-tratamento-com-psicologos\/\" \/>\n<meta property=\"og:locale\" content=\"pt_BR\" \/>\n<meta property=\"og:type\" content=\"article\" \/>\n<meta property=\"og:title\" content=\"7 jogadores do Flamengo est\u00e3o em tratamento com psic\u00f3logos\" \/>\n<meta property=\"og:description\" content=\"Clube n\u00e3o possui um psic\u00f3logo esportivo, \u00e9 esperado que tal fun\u00e7\u00e3o seja ocupada pela pr\u00f3xima gest\u00e3o Uma das pautas mais exigidas pela torcida rubro-negra \u00e9 a profissionaliza\u00e7\u00e3o do departamento de futebol do Flamengo. Portanto, a torcida cobra a contrata\u00e7\u00e3o de um diretor de futebol e de uma equipe de psic\u00f3logos do esporte. Marcos Braz, vice-presidente [&hellip;]\" \/>\n<meta property=\"og:url\" content=\"https:\/\/www.gaveanews.com\/index.php\/2024\/06\/23\/7-jogadores-do-flamengo-estao-em-tratamento-com-psicologos\/\" \/>\n<meta property=\"og:site_name\" content=\"G\u00e1vea News\" \/>\n<meta property=\"article:publisher\" content=\"https:\/\/facebook.com\/gaveaNews\/\" \/>\n<meta property=\"article:published_time\" content=\"2024-06-24T00:48:23+00:00\" \/>\n<meta property=\"article:modified_time\" content=\"2024-06-24T00:48:29+00:00\" \/>\n<meta property=\"og:image\" content=\"https:\/\/www.gaveanews.com\/wp-content\/uploads\/jogadores-flamengo-comemoram-gol.webp\" \/>\n\t<meta property=\"og:image:width\" content=\"900\" \/>\n\t<meta property=\"og:image:height\" content=\"599\" \/>\n\t<meta property=\"og:image:type\" content=\"image\/jpeg\" \/>\n<meta name=\"author\" content=\"Geovanna Thomaz\" \/>\n<meta name=\"twitter:card\" content=\"summary_large_image\" \/>\n<meta name=\"twitter:label1\" content=\"Escrito por\" \/>\n\t<meta name=\"twitter:data1\" content=\"Geovanna Thomaz\" \/>\n\t<meta name=\"twitter:label2\" content=\"Est. tempo de leitura\" \/>\n\t<meta name=\"twitter:data2\" content=\"2 minutos\" \/>\n<script type=\"application\/ld+json\" class=\"yoast-schema-graph\">{\"@context\":\"https:\/\/schema.org\",\"@graph\":[{\"@type\":\"NewsArticle\",\"@id\":\"https:\/\/www.gaveanews.com\/index.php\/2024\/06\/23\/7-jogadores-do-flamengo-estao-em-tratamento-com-psicologos\/#article\",\"isPartOf\":{\"@id\":\"https:\/\/www.gaveanews.com\/index.php\/2024\/06\/23\/7-jogadores-do-flamengo-estao-em-tratamento-com-psicologos\/\"},\"author\":{\"name\":\"Geovanna Thomaz\",\"@id\":\"https:\/\/www.gaveanews.com\/#\/schema\/person\/f42654babcd2b2014a1a65af82b081f1\"},\"headline\":\"7 jogadores do Flamengo est\u00e3o em tratamento com psic\u00f3logos\",\"datePublished\":\"2024-06-24T00:48:23+00:00\",\"dateModified\":\"2024-06-24T00:48:29+00:00\",\"mainEntityOfPage\":{\"@id\":\"https:\/\/www.gaveanews.com\/index.php\/2024\/06\/23\/7-jogadores-do-flamengo-estao-em-tratamento-com-psicologos\/\"},\"wordCount\":300,\"commentCount\":0,\"image\":{\"@id\":\"https:\/\/www.gaveanews.com\/index.php\/2024\/06\/23\/7-jogadores-do-flamengo-estao-em-tratamento-com-psicologos\/#primaryimage\"},\"thumbnailUrl\":\"https:\/\/www.gaveanews.com\/wp-content\/uploads\/jogadores-flamengo-comemoram-gol.webp\",\"keywords\":[\"Flamengo\",\"Marcos Braz\"],\"articleSection\":[\"Flamengo\"],\"inLanguage\":\"pt-BR\",\"potentialAction\":[{\"@type\":\"CommentAction\",\"name\":\"Comment\",\"target\":[\"https:\/\/www.gaveanews.com\/index.php\/2024\/06\/23\/7-jogadores-do-flamengo-estao-em-tratamento-com-psicologos\/#respond\"]}],\"copyrightYear\":\"2024\",\"copyrightHolder\":{\"@id\":\"https:\/\/www.gaveanews.com\/#organization\"}},{\"@type\":\"WebPage\",\"@id\":\"https:\/\/www.gaveanews.com\/index.php\/2024\/06\/23\/7-jogadores-do-flamengo-estao-em-tratamento-com-psicologos\/\",\"url\":\"https:\/\/www.gaveanews.com\/index.php\/2024\/06\/23\/7-jogadores-do-flamengo-estao-em-tratamento-com-psicologos\/\",\"name\":\"7 jogadores do Flamengo est\u00e3o em tratamento com psic\u00f3logos\",\"isPartOf\":{\"@id\":\"https:\/\/www.gaveanews.com\/#website\"},\"primaryImageOfPage\":{\"@id\":\"https:\/\/www.gaveanews.com\/index.php\/2024\/06\/23\/7-jogadores-do-flamengo-estao-em-tratamento-com-psicologos\/#primaryimage\"},\"image\":{\"@id\":\"https:\/\/www.gaveanews.com\/index.php\/2024\/06\/23\/7-jogadores-do-flamengo-estao-em-tratamento-com-psicologos\/#primaryimage\"},\"thumbnailUrl\":\"https:\/\/www.gaveanews.com\/wp-content\/uploads\/jogadores-flamengo-comemoram-gol.webp\",\"datePublished\":\"2024-06-24T00:48:23+00:00\",\"dateModified\":\"2024-06-24T00:48:29+00:00\",\"author\":{\"@id\":\"https:\/\/www.gaveanews.com\/#\/schema\/person\/f42654babcd2b2014a1a65af82b081f1\"},\"breadcrumb\":{\"@id\":\"https:\/\/www.gaveanews.com\/index.php\/2024\/06\/23\/7-jogadores-do-flamengo-estao-em-tratamento-com-psicologos\/#breadcrumb\"},\"inLanguage\":\"pt-BR\",\"potentialAction\":[{\"@type\":\"ReadAction\",\"target\":[\"https:\/\/www.gaveanews.com\/index.php\/2024\/06\/23\/7-jogadores-do-flamengo-estao-em-tratamento-com-psicologos\/\"]}]},{\"@type\":\"ImageObject\",\"inLanguage\":\"pt-BR\",\"@id\":\"https:\/\/www.gaveanews.com\/index.php\/2024\/06\/23\/7-jogadores-do-flamengo-estao-em-tratamento-com-psicologos\/#primaryimage\",\"url\":\"https:\/\/www.gaveanews.com\/wp-content\/uploads\/jogadores-flamengo-comemoram-gol.webp\",\"contentUrl\":\"https:\/\/www.gaveanews.com\/wp-content\/uploads\/jogadores-flamengo-comemoram-gol.webp\",\"width\":900,\"height\":599,\"caption\":\"Jogadores do Flamengo comemoram gol marcado por David Luiz (Foto: Marcelo Cortes\/Flamengo)\"},{\"@type\":\"BreadcrumbList\",\"@id\":\"https:\/\/www.gaveanews.com\/index.php\/2024\/06\/23\/7-jogadores-do-flamengo-estao-em-tratamento-com-psicologos\/#breadcrumb\",\"itemListElement\":[{\"@type\":\"ListItem\",\"position\":1,\"name\":\"Home\",\"item\":\"https:\/\/www.gaveanews.com\/\"},{\"@type\":\"ListItem\",\"position\":2,\"name\":\"7 jogadores do Flamengo est\u00e3o em tratamento com psic\u00f3logos\"}]},{\"@type\":\"WebSite\",\"@id\":\"https:\/\/www.gaveanews.com\/#website\",\"url\":\"https:\/\/www.gaveanews.com\/\",\"name\":\"G\u00e1vea News\",\"description\":\"Veja todas as not\u00edcias sobre o Flamengo: Contrata\u00e7\u00f5es, categorias de base, resultados das partidas, tabela de classifica\u00e7\u00e3o, pr\u00f3ximos jogos!\",\"potentialAction\":[{\"@type\":\"SearchAction\",\"target\":{\"@type\":\"EntryPoint\",\"urlTemplate\":\"https:\/\/www.gaveanews.com\/?s={search_term_string}\"},\"query-input\":{\"@type\":\"PropertyValueSpecification\",\"valueRequired\":true,\"valueName\":\"search_term_string\"}}],\"inLanguage\":\"pt-BR\"},{\"@type\":\"Person\",\"@id\":\"https:\/\/www.gaveanews.com\/#\/schema\/person\/f42654babcd2b2014a1a65af82b081f1\",\"name\":\"Geovanna Thomaz\",\"image\":{\"@type\":\"ImageObject\",\"inLanguage\":\"pt-BR\",\"@id\":\"https:\/\/www.gaveanews.com\/#\/schema\/person\/image\/\",\"url\":\"https:\/\/secure.gravatar.com\/avatar\/4092073255489533afb558984b49b64268c47198af8623cc82a925ae9fb7118a?s=96&d=mm&r=g\",\"contentUrl\":\"https:\/\/secure.gravatar.com\/avatar\/4092073255489533afb558984b49b64268c47198af8623cc82a925ae9fb7118a?s=96&d=mm&r=g\",\"caption\":\"Geovanna Thomaz\"}}]}<\/script>\n<!-- \/ Yoast SEO Premium plugin. -->","yoast_head_json":{"title":"7 jogadores do Flamengo est\u00e3o em tratamento com psic\u00f3logos","robots":{"index":"index","follow":"follow","max-snippet":"max-snippet:-1","max-image-preview":"max-image-preview:large","max-video-preview":"max-video-preview:-1"},"canonical":"https:\/\/www.gaveanews.com\/index.php\/2024\/06\/23\/7-jogadores-do-flamengo-estao-em-tratamento-com-psicologos\/","og_locale":"pt_BR","og_type":"article","og_title":"7 jogadores do Flamengo est\u00e3o em tratamento com psic\u00f3logos","og_description":"Clube n\u00e3o possui um psic\u00f3logo esportivo, \u00e9 esperado que tal fun\u00e7\u00e3o seja ocupada pela pr\u00f3xima gest\u00e3o Uma das pautas mais exigidas pela torcida rubro-negra \u00e9 a profissionaliza\u00e7\u00e3o do departamento de futebol do Flamengo. Portanto, a torcida cobra a contrata\u00e7\u00e3o de um diretor de futebol e de uma equipe de psic\u00f3logos do esporte. Marcos Braz, vice-presidente [&hellip;]","og_url":"https:\/\/www.gaveanews.com\/index.php\/2024\/06\/23\/7-jogadores-do-flamengo-estao-em-tratamento-com-psicologos\/","og_site_name":"G\u00e1vea News","article_publisher":"https:\/\/facebook.com\/gaveaNews\/","article_published_time":"2024-06-24T00:48:23+00:00","article_modified_time":"2024-06-24T00:48:29+00:00","og_image":[{"width":900,"height":599,"url":"https:\/\/www.gaveanews.com\/wp-content\/uploads\/jogadores-flamengo-comemoram-gol.webp","type":"image\/jpeg"}],"author":"Geovanna Thomaz","twitter_card":"summary_large_image","twitter_misc":{"Escrito por":"Geovanna Thomaz","Est. tempo de leitura":"2 minutos"},"schema":{"@context":"https:\/\/schema.org","@graph":[{"@type":"NewsArticle","@id":"https:\/\/www.gaveanews.com\/index.php\/2024\/06\/23\/7-jogadores-do-flamengo-estao-em-tratamento-com-psicologos\/#article","isPartOf":{"@id":"https:\/\/www.gaveanews.com\/index.php\/2024\/06\/23\/7-jogadores-do-flamengo-estao-em-tratamento-com-psicologos\/"},"author":{"name":"Geovanna Thomaz","@id":"https:\/\/www.gaveanews.com\/#\/schema\/person\/f42654babcd2b2014a1a65af82b081f1"},"headline":"7 jogadores do Flamengo est\u00e3o em tratamento com psic\u00f3logos","datePublished":"2024-06-24T00:48:23+00:00","dateModified":"2024-06-24T00:48:29+00:00","mainEntityOfPage":{"@id":"https:\/\/www.gaveanews.com\/index.php\/2024\/06\/23\/7-jogadores-do-flamengo-estao-em-tratamento-com-psicologos\/"},"wordCount":300,"commentCount":0,"image":{"@id":"https:\/\/www.gaveanews.com\/index.php\/2024\/06\/23\/7-jogadores-do-flamengo-estao-em-tratamento-com-psicologos\/#primaryimage"},"thumbnailUrl":"https:\/\/www.gaveanews.com\/wp-content\/uploads\/jogadores-flamengo-comemoram-gol.webp","keywords":["Flamengo","Marcos Braz"],"articleSection":["Flamengo"],"inLanguage":"pt-BR","potentialAction":[{"@type":"CommentAction","name":"Comment","target":["https:\/\/www.gaveanews.com\/index.php\/2024\/06\/23\/7-jogadores-do-flamengo-estao-em-tratamento-com-psicologos\/#respond"]}],"copyrightYear":"2024","copyrightHolder":{"@id":"https:\/\/www.gaveanews.com\/#organization"}},{"@type":"WebPage","@id":"https:\/\/www.gaveanews.com\/index.php\/2024\/06\/23\/7-jogadores-do-flamengo-estao-em-tratamento-com-psicologos\/","url":"https:\/\/www.gaveanews.com\/index.php\/2024\/06\/23\/7-jogadores-do-flamengo-estao-em-tratamento-com-psicologos\/","name":"7 jogadores do Flamengo est\u00e3o em tratamento com psic\u00f3logos","isPartOf":{"@id":"https:\/\/www.gaveanews.com\/#website"},"primaryImageOfPage":{"@id":"https:\/\/www.gaveanews.com\/index.php\/2024\/06\/23\/7-jogadores-do-flamengo-estao-em-tratamento-com-psicologos\/#primaryimage"},"image":{"@id":"https:\/\/www.gaveanews.com\/index.php\/2024\/06\/23\/7-jogadores-do-flamengo-estao-em-tratamento-com-psicologos\/#primaryimage"},"thumbnailUrl":"https:\/\/www.gaveanews.com\/wp-content\/uploads\/jogadores-flamengo-comemoram-gol.webp","datePublished":"2024-06-24T00:48:23+00:00","dateModified":"2024-06-24T00:48:29+00:00","author":{"@id":"https:\/\/www.gaveanews.com\/#\/schema\/person\/f42654babcd2b2014a1a65af82b081f1"},"breadcrumb":{"@id":"https:\/\/www.gaveanews.com\/index.php\/2024\/06\/23\/7-jogadores-do-flamengo-estao-em-tratamento-com-psicologos\/#breadcrumb"},"inLanguage":"pt-BR","potentialAction":[{"@type":"ReadAction","target":["https:\/\/www.gaveanews.com\/index.php\/2024\/06\/23\/7-jogadores-do-flamengo-estao-em-tratamento-com-psicologos\/"]}]},{"@type":"ImageObject","inLanguage":"pt-BR","@id":"https:\/\/www.gaveanews.com\/index.php\/2024\/06\/23\/7-jogadores-do-flamengo-estao-em-tratamento-com-psicologos\/#primaryimage","url":"https:\/\/www.gaveanews.com\/wp-content\/uploads\/jogadores-flamengo-comemoram-gol.webp","contentUrl":"https:\/\/www.gaveanews.com\/wp-content\/uploads\/jogadores-flamengo-comemoram-gol.webp","width":900,"height":599,"caption":"Jogadores do Flamengo comemoram gol marcado por David Luiz (Foto: Marcelo Cortes\/Flamengo)"},{"@type":"BreadcrumbList","@id":"https:\/\/www.gaveanews.com\/index.php\/2024\/06\/23\/7-jogadores-do-flamengo-estao-em-tratamento-com-psicologos\/#breadcrumb","itemListElement":[{"@type":"ListItem","position":1,"name":"Home","item":"https:\/\/www.gaveanews.com\/"},{"@type":"ListItem","position":2,"name":"7 jogadores do Flamengo est\u00e3o em tratamento com psic\u00f3logos"}]},{"@type":"WebSite","@id":"https:\/\/www.gaveanews.com\/#website","url":"https:\/\/www.gaveanews.com\/","name":"G\u00e1vea News","description":"Veja todas as not\u00edcias sobre o Flamengo: Contrata\u00e7\u00f5es, categorias de base, resultados das partidas, tabela de classifica\u00e7\u00e3o, pr\u00f3ximos jogos!","potentialAction":[{"@type":"SearchAction","target":{"@type":"EntryPoint","urlTemplate":"https:\/\/www.gaveanews.com\/?s={search_term_string}"},"query-input":{"@type":"PropertyValueSpecification","valueRequired":true,"valueName":"search_term_string"}}],"inLanguage":"pt-BR"},{"@type":"Person","@id":"https:\/\/www.gaveanews.com\/#\/schema\/person\/f42654babcd2b2014a1a65af82b081f1","name":"Geovanna Thomaz","image":{"@type":"ImageObject","inLanguage":"pt-BR","@id":"https:\/\/www.gaveanews.com\/#\/schema\/person\/image\/","url":"https:\/\/secure.gravatar.com\/avatar\/4092073255489533afb558984b49b64268c47198af8623cc82a925ae9fb7118a?s=96&d=mm&r=g","contentUrl":"https:\/\/secure.gravatar.com\/avatar\/4092073255489533afb558984b49b64268c47198af8623cc82a925ae9fb7118a?s=96&d=mm&r=g","caption":"Geovanna Thomaz"}}]}},"_links":{"self":[{"href":"https:\/\/www.gaveanews.com\/index.php\/wp-json\/wp\/v2\/posts\/148987","targetHints":{"allow":["GET"]}}],"collection":[{"href":"https:\/\/www.gaveanews.com\/index.php\/wp-json\/wp\/v2\/posts"}],"about":[{"href":"https:\/\/www.gaveanews.com\/index.php\/wp-json\/wp\/v2\/types\/post"}],"author":[{"embeddable":true,"href":"https:\/\/www.gaveanews.com\/index.php\/wp-json\/wp\/v2\/users\/17"}],"replies":[{"embeddable":true,"href":"https:\/\/www.gaveanews.com\/index.php\/wp-json\/wp\/v2\/comments?post=148987"}],"version-history":[{"count":2,"href":"https:\/\/www.gaveanews.com\/index.php\/wp-json\/wp\/v2\/posts\/148987\/revisions"}],"predecessor-version":[{"id":149009,"href":"https:\/\/www.gaveanews.com\/index.php\/wp-json\/wp\/v2\/posts\/148987\/revisions\/149009"}],"wp:featuredmedia":[{"embeddable":true,"href":"https:\/\/www.gaveanews.com\/index.php\/wp-json\/wp\/v2\/media\/148780"}],"wp:attachment":[{"href":"https:\/\/www.gaveanews.com\/index.php\/wp-json\/wp\/v2\/media?parent=148987"}],"wp:term":[{"taxonomy":"category","embeddable":true,"href":"https:\/\/www.gaveanews.com\/index.php\/wp-json\/wp\/v2\/categories?post=148987"},{"taxonomy":"post_tag","embeddable":true,"href":"https:\/\/www.gaveanews.com\/index.php\/wp-json\/wp\/v2\/tags?post=148987"}],"curies":[{"name":"wp","href":"https:\/\/api.w.org\/{rel}","templated":true}]}}