{"id":14916,"date":"2019-03-09T21:08:06","date_gmt":"2019-03-10T00:08:06","guid":{"rendered":"https:\/\/www.gaveanews.com\/?p=14916"},"modified":"2019-09-01T21:56:20","modified_gmt":"2019-09-02T00:56:20","slug":"arrascaeta-marca-mas-flamengo-comete-penalti-nos-acrescimos-e-sai-com-um-empate-amargo-contra-o-vasco","status":"publish","type":"post","link":"https:\/\/www.gaveanews.com\/index.php\/2019\/03\/09\/arrascaeta-marca-mas-flamengo-comete-penalti-nos-acrescimos-e-sai-com-um-empate-amargo-contra-o-vasco\/","title":{"rendered":"Arrascaeta marca, mas Flamengo comete p\u00eanalti nos acr\u00e9scimos e sai com um empate amargo contra o Vasco"},"content":{"rendered":"\n<p>Vasco e Flamengo duelaram na noite deste s\u00e1bado (09), no Maracan\u00e3, pela terceira rodada da Ta\u00e7a Rio. Em jogo aberto inicialmente, as duas equipes conseguiram criar boas oportunidades, mas ap\u00f3s a parada t\u00e9cnica o n\u00edvel t\u00e9cnico ficou abaixo do esperado. <br><\/p>\n\n\n\n<p>A partida foi outra na etapa complementar, com o Fla tendo mais efetividade nas arma\u00e7\u00f5es de jogadas. Foi assim que&nbsp; chegou ao gol logo aos dois minutos, com Arrascaeta, mas o Cruzmaltino marcou nos acr\u00e9scimos ap\u00f3s p\u00eanalti de Thuler e acabou com a festa da torcida rubro-negra.<\/p>\n\n\n\n<p><strong>RESUMO DO JOGO:<\/strong><\/p>\n\n\n\n<p>A partida come\u00e7ou com o Vasco tomando as iniciativas. Prova disso \u00e9 que logo no primeiro minuto a equipe comandada por Alberto Valentim teve grande oportunidade de abrir o placar.&nbsp;Pikachu cobrou escanteio pela esquerda, e Werley desviou para o meio da \u00e1rea. A bola sobrou na segunda trave para Marrony, que cabeceou na rede pelo lado de fora.<\/p>\n\n\n\n<p>O Flamengo respondeu aos quatro minutos, com o peruano Trauco. Ap\u00f3s escanteio cobrado por Arrascaeta, o lateral esquerdo pegou a sobra duas vezes e, na segunda oportunidade, soltou uma bomba de fora da \u00e1rea, mas o goleiro&nbsp;Fernando Miguel realizou uma boa defesa.<\/p>\n\n\n\n<p>Aos 16, o Vasco voltou a assustar, novamente em jogada a\u00e9rea. Em escanteio cobrado na direita por&nbsp;Danilo Barcelos,&nbsp;Werley apareceu complemente livre no meio da \u00e1rea, mas cabeceou acima da meta defendida por C\u00e9sar, perdendo outra grande oportunidade.<\/p>\n\n\n\n<p>Com dificuldades de sair para o jogo de maneira objetiva e errando muitos passes, o Fla conseguiu uma boa jogada somente aos 27 minutos, atrav\u00e9s de bola parada. Em cobran\u00e7a de falta na meia-lua, Everton Ribeiro foi pra bola, mas acertou a barreira advers\u00e1ria.<\/p>\n\n\n\n<p>Apesar dos erros evidentes no meio de campo, o Rubro-Negro finalizava mais do que rival e, at\u00e9 os 30 minutos, j\u00e1 contabilizava oito oportunidades, enquanto a equipe cruzmaltina tinha cinco. Ap\u00f3s a parada t\u00e9cnica, o jogo&nbsp;\u2013 que estava mais aberto inicialmente&nbsp;\u2013, caiu muito de rendimento nos 15 minutos finais do primeiro tempo.<\/p>\n\n\n\n<p>O Flamengo retornou para a etapa complementar mais ligado e acertando mais os passes no meio de campo. Isso porque, logo aos dois minutos do segundo tempo, a equipe comandada por Abel Braga chegou ao gol. Em contra-ataque r\u00e1pido, Everton Ribeiro abriu para Vitinho na esquerda, que passou pelo marcador e deixou Arrascaeta na cara do gol. O uruguaio n\u00e3o desperdi\u00e7ou e abriu o placar no Maracan\u00e3.<\/p>\n\n\n\n<p style=\"font-size:11px;text-align:right\" class=\"seguirInstagram\">(<a href=\"http:\/\/bit.ly\/Instagram-Gavea-News\">siga nosso perfil no Instagram: @GaveaNews<\/a>)<\/p>\n\n\n\n<figure class=\"wp-block-embed-instagram wp-block-embed is-type-rich is-provider-instagram\"><div class=\"wp-block-embed__wrapper\">\nhttps:\/\/www.instagram.com\/p\/BuzjtmilSLs\/\n<\/div><\/figure>\n\n\n\n<p>Em cobran\u00e7a de escanteio aos 11, o Vasco quase chegou ao empate. Danilo&nbsp;Barcelos fez a cobran\u00e7a, a bola desviou no meio do caminho e encontrou a trave do gol defendido por C\u00e9sar. O camisa 14 da equipe de S\u00e3o Janu\u00e1rio ainda teve outra oportunidade em cobran\u00e7a de falta na entrada da \u00e1rea, aos 16, mas o goleiro rubro-negro fez boa defesa.<\/p>\n\n\n\n<p>Aos 28 minutos, o Rubro-Negro perdeu \u00f3tima chance de ampliar a vantagem no Maracan\u00e3. Arrascaeta puxou contragolpe pelo lado esquerdo ap\u00f3s roubada de bola de Bruno Henrique, e abriu na \u00e1rea para o jovem Lucas Silva, que demorou a concluir a gol. No lance, o garoto ainda tinha como op\u00e7\u00e3o Bruno Henrique, que estava livre na direita, mas n\u00e3o obteve \u00eaxito na jogada.<\/p>\n\n\n\n<p>Aos 36, em nova cobran\u00e7a de escanteio de Danilo Barcelos, Lucas Mineiro subiu sozinho e quase marcou o gol de empate.<\/p>\n\n\n\n<p>O clube da G\u00e1vea ainda teve chance de matar o jogo em contra-ataque aos 42. Bruno Henrique acionou Lucas Silva na esquerda, que encontrou Ronaldo na entrada da \u00e1rea.<\/p>\n\n\n\n<p>Ap\u00f3s o amargo empate com o Vasco, o Flamengo volta a manter o foco na principal competi\u00e7\u00e3o do calend\u00e1rio: a Libertadores da Am\u00e9rica. O pr\u00f3ximo compromisso do Rubro-Negro ser\u00e1 diante da LDU, do Equador, nesta quarta-feira (13). O duelo ter\u00e1 in\u00edcio \u00e0s 21h30 (hor\u00e1rio de Bras\u00edlia), e ser\u00e1 disputado no Maracan\u00e3.<\/p>\n\n\n\n<p>Retirado de: Coluna do Flamengo<\/p>\n","protected":false},"excerpt":{"rendered":"<p>Vasco e Flamengo duelaram na noite deste s\u00e1bado (09), no Maracan\u00e3, pela terceira rodada da Ta\u00e7a Rio. Em jogo aberto inicialmente, as duas equipes conseguiram criar boas oportunidades, mas ap\u00f3s a parada t\u00e9cnica o n\u00edvel t\u00e9cnico ficou abaixo do esperado. A partida foi outra na etapa complementar, com o Fla tendo mais efetividade nas arma\u00e7\u00f5es [&hellip;]<\/p>\n","protected":false},"author":1,"featured_media":14951,"comment_status":"open","ping_status":"open","sticky":false,"template":"","format":"standard","meta":{"footnotes":""},"categories":[1],"tags":[],"class_list":["post-14916","post","type-post","status-publish","format-standard","has-post-thumbnail","hentry","category-flamengo"],"yoast_head":"<!-- This site is optimized with the Yoast SEO Premium plugin v24.2 (Yoast SEO v26.9) - https:\/\/yoast.com\/product\/yoast-seo-premium-wordpress\/ -->\n<title>Arrascaeta marca, mas Flamengo comete p\u00eanalti nos acr\u00e9scimos e sai com um empate amargo contra o Vasco<\/title>\n<meta name=\"robots\" content=\"index, follow, max-snippet:-1, max-image-preview:large, max-video-preview:-1\" \/>\n<link rel=\"canonical\" href=\"https:\/\/www.gaveanews.com\/index.php\/2019\/03\/09\/arrascaeta-marca-mas-flamengo-comete-penalti-nos-acrescimos-e-sai-com-um-empate-amargo-contra-o-vasco\/\" \/>\n<meta property=\"og:locale\" content=\"pt_BR\" \/>\n<meta property=\"og:type\" content=\"article\" \/>\n<meta property=\"og:title\" content=\"Arrascaeta marca, mas Flamengo comete p\u00eanalti nos acr\u00e9scimos e sai com um empate amargo contra o Vasco\" \/>\n<meta property=\"og:description\" content=\"Vasco e Flamengo duelaram na noite deste s\u00e1bado (09), no Maracan\u00e3, pela terceira rodada da Ta\u00e7a Rio. Em jogo aberto inicialmente, as duas equipes conseguiram criar boas oportunidades, mas ap\u00f3s a parada t\u00e9cnica o n\u00edvel t\u00e9cnico ficou abaixo do esperado. A partida foi outra na etapa complementar, com o Fla tendo mais efetividade nas arma\u00e7\u00f5es [&hellip;]\" \/>\n<meta property=\"og:url\" content=\"https:\/\/www.gaveanews.com\/index.php\/2019\/03\/09\/arrascaeta-marca-mas-flamengo-comete-penalti-nos-acrescimos-e-sai-com-um-empate-amargo-contra-o-vasco\/\" \/>\n<meta property=\"og:site_name\" content=\"G\u00e1vea News\" \/>\n<meta property=\"article:publisher\" content=\"https:\/\/facebook.com\/gaveaNews\/\" \/>\n<meta property=\"article:published_time\" content=\"2019-03-10T00:08:06+00:00\" \/>\n<meta property=\"article:modified_time\" content=\"2019-09-02T00:56:20+00:00\" \/>\n<meta property=\"og:image\" content=\"https:\/\/www.gaveanews.com\/wp-content\/uploads\/2019\/03\/De-Arrascaeta-em-acao-pelo-Flamengo-no-estadio-do-Maracana.webp\" \/>\n\t<meta property=\"og:image:width\" content=\"1\" \/>\n\t<meta property=\"og:image:height\" content=\"1\" \/>\n\t<meta property=\"og:image:type\" content=\"image\/jpeg\" \/>\n<meta name=\"author\" content=\"Equipe G\u00e1vea News\" \/>\n<meta name=\"twitter:card\" content=\"summary_large_image\" \/>\n<meta name=\"twitter:label1\" content=\"Escrito por\" \/>\n\t<meta name=\"twitter:data1\" content=\"Equipe G\u00e1vea News\" \/>\n\t<meta name=\"twitter:label2\" content=\"Est. tempo de leitura\" \/>\n\t<meta name=\"twitter:data2\" content=\"3 minutos\" \/>\n<script type=\"application\/ld+json\" class=\"yoast-schema-graph\">{\"@context\":\"https:\/\/schema.org\",\"@graph\":[{\"@type\":\"NewsArticle\",\"@id\":\"https:\/\/www.gaveanews.com\/index.php\/2019\/03\/09\/arrascaeta-marca-mas-flamengo-comete-penalti-nos-acrescimos-e-sai-com-um-empate-amargo-contra-o-vasco\/#article\",\"isPartOf\":{\"@id\":\"https:\/\/www.gaveanews.com\/index.php\/2019\/03\/09\/arrascaeta-marca-mas-flamengo-comete-penalti-nos-acrescimos-e-sai-com-um-empate-amargo-contra-o-vasco\/\"},\"author\":{\"name\":\"Equipe G\u00e1vea News\",\"@id\":\"https:\/\/www.gaveanews.com\/#\/schema\/person\/2ec14f73fb96be2caf28f91afb14749d\"},\"headline\":\"Arrascaeta marca, mas Flamengo comete p\u00eanalti nos acr\u00e9scimos e sai com um empate amargo contra o Vasco\",\"datePublished\":\"2019-03-10T00:08:06+00:00\",\"dateModified\":\"2019-09-02T00:56:20+00:00\",\"mainEntityOfPage\":{\"@id\":\"https:\/\/www.gaveanews.com\/index.php\/2019\/03\/09\/arrascaeta-marca-mas-flamengo-comete-penalti-nos-acrescimos-e-sai-com-um-empate-amargo-contra-o-vasco\/\"},\"wordCount\":686,\"commentCount\":0,\"image\":{\"@id\":\"https:\/\/www.gaveanews.com\/index.php\/2019\/03\/09\/arrascaeta-marca-mas-flamengo-comete-penalti-nos-acrescimos-e-sai-com-um-empate-amargo-contra-o-vasco\/#primaryimage\"},\"thumbnailUrl\":\"https:\/\/www.gaveanews.com\/wp-content\/uploads\/2019\/03\/De-Arrascaeta-em-acao-pelo-Flamengo-no-estadio-do-Maracana.webp\",\"articleSection\":[\"Flamengo\"],\"inLanguage\":\"pt-BR\",\"potentialAction\":[{\"@type\":\"CommentAction\",\"name\":\"Comment\",\"target\":[\"https:\/\/www.gaveanews.com\/index.php\/2019\/03\/09\/arrascaeta-marca-mas-flamengo-comete-penalti-nos-acrescimos-e-sai-com-um-empate-amargo-contra-o-vasco\/#respond\"]}],\"copyrightYear\":\"2019\",\"copyrightHolder\":{\"@id\":\"https:\/\/www.gaveanews.com\/#organization\"}},{\"@type\":\"WebPage\",\"@id\":\"https:\/\/www.gaveanews.com\/index.php\/2019\/03\/09\/arrascaeta-marca-mas-flamengo-comete-penalti-nos-acrescimos-e-sai-com-um-empate-amargo-contra-o-vasco\/\",\"url\":\"https:\/\/www.gaveanews.com\/index.php\/2019\/03\/09\/arrascaeta-marca-mas-flamengo-comete-penalti-nos-acrescimos-e-sai-com-um-empate-amargo-contra-o-vasco\/\",\"name\":\"Arrascaeta marca, mas Flamengo comete p\u00eanalti nos acr\u00e9scimos e sai com um empate amargo contra o Vasco\",\"isPartOf\":{\"@id\":\"https:\/\/www.gaveanews.com\/#website\"},\"primaryImageOfPage\":{\"@id\":\"https:\/\/www.gaveanews.com\/index.php\/2019\/03\/09\/arrascaeta-marca-mas-flamengo-comete-penalti-nos-acrescimos-e-sai-com-um-empate-amargo-contra-o-vasco\/#primaryimage\"},\"image\":{\"@id\":\"https:\/\/www.gaveanews.com\/index.php\/2019\/03\/09\/arrascaeta-marca-mas-flamengo-comete-penalti-nos-acrescimos-e-sai-com-um-empate-amargo-contra-o-vasco\/#primaryimage\"},\"thumbnailUrl\":\"https:\/\/www.gaveanews.com\/wp-content\/uploads\/2019\/03\/De-Arrascaeta-em-acao-pelo-Flamengo-no-estadio-do-Maracana.webp\",\"datePublished\":\"2019-03-10T00:08:06+00:00\",\"dateModified\":\"2019-09-02T00:56:20+00:00\",\"author\":{\"@id\":\"https:\/\/www.gaveanews.com\/#\/schema\/person\/2ec14f73fb96be2caf28f91afb14749d\"},\"breadcrumb\":{\"@id\":\"https:\/\/www.gaveanews.com\/index.php\/2019\/03\/09\/arrascaeta-marca-mas-flamengo-comete-penalti-nos-acrescimos-e-sai-com-um-empate-amargo-contra-o-vasco\/#breadcrumb\"},\"inLanguage\":\"pt-BR\",\"potentialAction\":[{\"@type\":\"ReadAction\",\"target\":[\"https:\/\/www.gaveanews.com\/index.php\/2019\/03\/09\/arrascaeta-marca-mas-flamengo-comete-penalti-nos-acrescimos-e-sai-com-um-empate-amargo-contra-o-vasco\/\"]}]},{\"@type\":\"ImageObject\",\"inLanguage\":\"pt-BR\",\"@id\":\"https:\/\/www.gaveanews.com\/index.php\/2019\/03\/09\/arrascaeta-marca-mas-flamengo-comete-penalti-nos-acrescimos-e-sai-com-um-empate-amargo-contra-o-vasco\/#primaryimage\",\"url\":\"https:\/\/www.gaveanews.com\/wp-content\/uploads\/2019\/03\/De-Arrascaeta-em-acao-pelo-Flamengo-no-estadio-do-Maracana.webp\",\"contentUrl\":\"https:\/\/www.gaveanews.com\/wp-content\/uploads\/2019\/03\/De-Arrascaeta-em-acao-pelo-Flamengo-no-estadio-do-Maracana.webp\",\"caption\":\"De Arrascaeta em a\u00e7\u00e3o pelo Flamengo, no est\u00e1dio do Maracan\u00e3 (Foto: Alexandre Vidal\/Flamengo)\"},{\"@type\":\"BreadcrumbList\",\"@id\":\"https:\/\/www.gaveanews.com\/index.php\/2019\/03\/09\/arrascaeta-marca-mas-flamengo-comete-penalti-nos-acrescimos-e-sai-com-um-empate-amargo-contra-o-vasco\/#breadcrumb\",\"itemListElement\":[{\"@type\":\"ListItem\",\"position\":1,\"name\":\"Home\",\"item\":\"https:\/\/www.gaveanews.com\/\"},{\"@type\":\"ListItem\",\"position\":2,\"name\":\"Arrascaeta marca, mas Flamengo comete p\u00eanalti nos acr\u00e9scimos e sai com um empate amargo contra o Vasco\"}]},{\"@type\":\"WebSite\",\"@id\":\"https:\/\/www.gaveanews.com\/#website\",\"url\":\"https:\/\/www.gaveanews.com\/\",\"name\":\"G\u00e1vea News\",\"description\":\"Veja todas as not\u00edcias sobre o Flamengo: Contrata\u00e7\u00f5es, categorias de base, resultados das partidas, tabela de classifica\u00e7\u00e3o, pr\u00f3ximos jogos!\",\"potentialAction\":[{\"@type\":\"SearchAction\",\"target\":{\"@type\":\"EntryPoint\",\"urlTemplate\":\"https:\/\/www.gaveanews.com\/?s={search_term_string}\"},\"query-input\":{\"@type\":\"PropertyValueSpecification\",\"valueRequired\":true,\"valueName\":\"search_term_string\"}}],\"inLanguage\":\"pt-BR\"},{\"@type\":\"Person\",\"@id\":\"https:\/\/www.gaveanews.com\/#\/schema\/person\/2ec14f73fb96be2caf28f91afb14749d\",\"name\":\"Equipe G\u00e1vea News\",\"image\":{\"@type\":\"ImageObject\",\"inLanguage\":\"pt-BR\",\"@id\":\"https:\/\/www.gaveanews.com\/#\/schema\/person\/image\/\",\"url\":\"https:\/\/secure.gravatar.com\/avatar\/1e1956f1facbffd3f8fa53a326721950116b3b9dc9bd44939c01180fd4a745a9?s=96&d=mm&r=g\",\"contentUrl\":\"https:\/\/secure.gravatar.com\/avatar\/1e1956f1facbffd3f8fa53a326721950116b3b9dc9bd44939c01180fd4a745a9?s=96&d=mm&r=g\",\"caption\":\"Equipe G\u00e1vea News\"}}]}<\/script>\n<!-- \/ Yoast SEO Premium plugin. -->","yoast_head_json":{"title":"Arrascaeta marca, mas Flamengo comete p\u00eanalti nos acr\u00e9scimos e sai com um empate amargo contra o Vasco","robots":{"index":"index","follow":"follow","max-snippet":"max-snippet:-1","max-image-preview":"max-image-preview:large","max-video-preview":"max-video-preview:-1"},"canonical":"https:\/\/www.gaveanews.com\/index.php\/2019\/03\/09\/arrascaeta-marca-mas-flamengo-comete-penalti-nos-acrescimos-e-sai-com-um-empate-amargo-contra-o-vasco\/","og_locale":"pt_BR","og_type":"article","og_title":"Arrascaeta marca, mas Flamengo comete p\u00eanalti nos acr\u00e9scimos e sai com um empate amargo contra o Vasco","og_description":"Vasco e Flamengo duelaram na noite deste s\u00e1bado (09), no Maracan\u00e3, pela terceira rodada da Ta\u00e7a Rio. Em jogo aberto inicialmente, as duas equipes conseguiram criar boas oportunidades, mas ap\u00f3s a parada t\u00e9cnica o n\u00edvel t\u00e9cnico ficou abaixo do esperado. A partida foi outra na etapa complementar, com o Fla tendo mais efetividade nas arma\u00e7\u00f5es [&hellip;]","og_url":"https:\/\/www.gaveanews.com\/index.php\/2019\/03\/09\/arrascaeta-marca-mas-flamengo-comete-penalti-nos-acrescimos-e-sai-com-um-empate-amargo-contra-o-vasco\/","og_site_name":"G\u00e1vea News","article_publisher":"https:\/\/facebook.com\/gaveaNews\/","article_published_time":"2019-03-10T00:08:06+00:00","article_modified_time":"2019-09-02T00:56:20+00:00","og_image":[{"url":"https:\/\/www.gaveanews.com\/wp-content\/uploads\/2019\/03\/De-Arrascaeta-em-acao-pelo-Flamengo-no-estadio-do-Maracana.webp","width":1,"height":1,"type":"image\/jpeg"}],"author":"Equipe G\u00e1vea News","twitter_card":"summary_large_image","twitter_misc":{"Escrito por":"Equipe G\u00e1vea News","Est. tempo de leitura":"3 minutos"},"schema":{"@context":"https:\/\/schema.org","@graph":[{"@type":"NewsArticle","@id":"https:\/\/www.gaveanews.com\/index.php\/2019\/03\/09\/arrascaeta-marca-mas-flamengo-comete-penalti-nos-acrescimos-e-sai-com-um-empate-amargo-contra-o-vasco\/#article","isPartOf":{"@id":"https:\/\/www.gaveanews.com\/index.php\/2019\/03\/09\/arrascaeta-marca-mas-flamengo-comete-penalti-nos-acrescimos-e-sai-com-um-empate-amargo-contra-o-vasco\/"},"author":{"name":"Equipe G\u00e1vea News","@id":"https:\/\/www.gaveanews.com\/#\/schema\/person\/2ec14f73fb96be2caf28f91afb14749d"},"headline":"Arrascaeta marca, mas Flamengo comete p\u00eanalti nos acr\u00e9scimos e sai com um empate amargo contra o Vasco","datePublished":"2019-03-10T00:08:06+00:00","dateModified":"2019-09-02T00:56:20+00:00","mainEntityOfPage":{"@id":"https:\/\/www.gaveanews.com\/index.php\/2019\/03\/09\/arrascaeta-marca-mas-flamengo-comete-penalti-nos-acrescimos-e-sai-com-um-empate-amargo-contra-o-vasco\/"},"wordCount":686,"commentCount":0,"image":{"@id":"https:\/\/www.gaveanews.com\/index.php\/2019\/03\/09\/arrascaeta-marca-mas-flamengo-comete-penalti-nos-acrescimos-e-sai-com-um-empate-amargo-contra-o-vasco\/#primaryimage"},"thumbnailUrl":"https:\/\/www.gaveanews.com\/wp-content\/uploads\/2019\/03\/De-Arrascaeta-em-acao-pelo-Flamengo-no-estadio-do-Maracana.webp","articleSection":["Flamengo"],"inLanguage":"pt-BR","potentialAction":[{"@type":"CommentAction","name":"Comment","target":["https:\/\/www.gaveanews.com\/index.php\/2019\/03\/09\/arrascaeta-marca-mas-flamengo-comete-penalti-nos-acrescimos-e-sai-com-um-empate-amargo-contra-o-vasco\/#respond"]}],"copyrightYear":"2019","copyrightHolder":{"@id":"https:\/\/www.gaveanews.com\/#organization"}},{"@type":"WebPage","@id":"https:\/\/www.gaveanews.com\/index.php\/2019\/03\/09\/arrascaeta-marca-mas-flamengo-comete-penalti-nos-acrescimos-e-sai-com-um-empate-amargo-contra-o-vasco\/","url":"https:\/\/www.gaveanews.com\/index.php\/2019\/03\/09\/arrascaeta-marca-mas-flamengo-comete-penalti-nos-acrescimos-e-sai-com-um-empate-amargo-contra-o-vasco\/","name":"Arrascaeta marca, mas Flamengo comete p\u00eanalti nos acr\u00e9scimos e sai com um empate amargo contra o Vasco","isPartOf":{"@id":"https:\/\/www.gaveanews.com\/#website"},"primaryImageOfPage":{"@id":"https:\/\/www.gaveanews.com\/index.php\/2019\/03\/09\/arrascaeta-marca-mas-flamengo-comete-penalti-nos-acrescimos-e-sai-com-um-empate-amargo-contra-o-vasco\/#primaryimage"},"image":{"@id":"https:\/\/www.gaveanews.com\/index.php\/2019\/03\/09\/arrascaeta-marca-mas-flamengo-comete-penalti-nos-acrescimos-e-sai-com-um-empate-amargo-contra-o-vasco\/#primaryimage"},"thumbnailUrl":"https:\/\/www.gaveanews.com\/wp-content\/uploads\/2019\/03\/De-Arrascaeta-em-acao-pelo-Flamengo-no-estadio-do-Maracana.webp","datePublished":"2019-03-10T00:08:06+00:00","dateModified":"2019-09-02T00:56:20+00:00","author":{"@id":"https:\/\/www.gaveanews.com\/#\/schema\/person\/2ec14f73fb96be2caf28f91afb14749d"},"breadcrumb":{"@id":"https:\/\/www.gaveanews.com\/index.php\/2019\/03\/09\/arrascaeta-marca-mas-flamengo-comete-penalti-nos-acrescimos-e-sai-com-um-empate-amargo-contra-o-vasco\/#breadcrumb"},"inLanguage":"pt-BR","potentialAction":[{"@type":"ReadAction","target":["https:\/\/www.gaveanews.com\/index.php\/2019\/03\/09\/arrascaeta-marca-mas-flamengo-comete-penalti-nos-acrescimos-e-sai-com-um-empate-amargo-contra-o-vasco\/"]}]},{"@type":"ImageObject","inLanguage":"pt-BR","@id":"https:\/\/www.gaveanews.com\/index.php\/2019\/03\/09\/arrascaeta-marca-mas-flamengo-comete-penalti-nos-acrescimos-e-sai-com-um-empate-amargo-contra-o-vasco\/#primaryimage","url":"https:\/\/www.gaveanews.com\/wp-content\/uploads\/2019\/03\/De-Arrascaeta-em-acao-pelo-Flamengo-no-estadio-do-Maracana.webp","contentUrl":"https:\/\/www.gaveanews.com\/wp-content\/uploads\/2019\/03\/De-Arrascaeta-em-acao-pelo-Flamengo-no-estadio-do-Maracana.webp","caption":"De Arrascaeta em a\u00e7\u00e3o pelo Flamengo, no est\u00e1dio do Maracan\u00e3 (Foto: Alexandre Vidal\/Flamengo)"},{"@type":"BreadcrumbList","@id":"https:\/\/www.gaveanews.com\/index.php\/2019\/03\/09\/arrascaeta-marca-mas-flamengo-comete-penalti-nos-acrescimos-e-sai-com-um-empate-amargo-contra-o-vasco\/#breadcrumb","itemListElement":[{"@type":"ListItem","position":1,"name":"Home","item":"https:\/\/www.gaveanews.com\/"},{"@type":"ListItem","position":2,"name":"Arrascaeta marca, mas Flamengo comete p\u00eanalti nos acr\u00e9scimos e sai com um empate amargo contra o Vasco"}]},{"@type":"WebSite","@id":"https:\/\/www.gaveanews.com\/#website","url":"https:\/\/www.gaveanews.com\/","name":"G\u00e1vea News","description":"Veja todas as not\u00edcias sobre o Flamengo: Contrata\u00e7\u00f5es, categorias de base, resultados das partidas, tabela de classifica\u00e7\u00e3o, pr\u00f3ximos jogos!","potentialAction":[{"@type":"SearchAction","target":{"@type":"EntryPoint","urlTemplate":"https:\/\/www.gaveanews.com\/?s={search_term_string}"},"query-input":{"@type":"PropertyValueSpecification","valueRequired":true,"valueName":"search_term_string"}}],"inLanguage":"pt-BR"},{"@type":"Person","@id":"https:\/\/www.gaveanews.com\/#\/schema\/person\/2ec14f73fb96be2caf28f91afb14749d","name":"Equipe G\u00e1vea News","image":{"@type":"ImageObject","inLanguage":"pt-BR","@id":"https:\/\/www.gaveanews.com\/#\/schema\/person\/image\/","url":"https:\/\/secure.gravatar.com\/avatar\/1e1956f1facbffd3f8fa53a326721950116b3b9dc9bd44939c01180fd4a745a9?s=96&d=mm&r=g","contentUrl":"https:\/\/secure.gravatar.com\/avatar\/1e1956f1facbffd3f8fa53a326721950116b3b9dc9bd44939c01180fd4a745a9?s=96&d=mm&r=g","caption":"Equipe G\u00e1vea News"}}]}},"_links":{"self":[{"href":"https:\/\/www.gaveanews.com\/index.php\/wp-json\/wp\/v2\/posts\/14916","targetHints":{"allow":["GET"]}}],"collection":[{"href":"https:\/\/www.gaveanews.com\/index.php\/wp-json\/wp\/v2\/posts"}],"about":[{"href":"https:\/\/www.gaveanews.com\/index.php\/wp-json\/wp\/v2\/types\/post"}],"author":[{"embeddable":true,"href":"https:\/\/www.gaveanews.com\/index.php\/wp-json\/wp\/v2\/users\/1"}],"replies":[{"embeddable":true,"href":"https:\/\/www.gaveanews.com\/index.php\/wp-json\/wp\/v2\/comments?post=14916"}],"version-history":[{"count":0,"href":"https:\/\/www.gaveanews.com\/index.php\/wp-json\/wp\/v2\/posts\/14916\/revisions"}],"wp:featuredmedia":[{"embeddable":true,"href":"https:\/\/www.gaveanews.com\/index.php\/wp-json\/wp\/v2\/media\/14951"}],"wp:attachment":[{"href":"https:\/\/www.gaveanews.com\/index.php\/wp-json\/wp\/v2\/media?parent=14916"}],"wp:term":[{"taxonomy":"category","embeddable":true,"href":"https:\/\/www.gaveanews.com\/index.php\/wp-json\/wp\/v2\/categories?post=14916"},{"taxonomy":"post_tag","embeddable":true,"href":"https:\/\/www.gaveanews.com\/index.php\/wp-json\/wp\/v2\/tags?post=14916"}],"curies":[{"name":"wp","href":"https:\/\/api.w.org\/{rel}","templated":true}]}}