{"id":14921,"date":"2019-03-10T00:15:26","date_gmt":"2019-03-10T03:15:26","guid":{"rendered":"https:\/\/www.gaveanews.com\/?p=14921"},"modified":"2019-09-08T22:40:36","modified_gmt":"2019-09-09T01:40:36","slug":"rodinei-perde-gol-inacreditavel-e-torcedores-detonam-o-lateral-nas-redes-sociais-confira-a-repercussao","status":"publish","type":"post","link":"https:\/\/www.gaveanews.com\/index.php\/2019\/03\/10\/rodinei-perde-gol-inacreditavel-e-torcedores-detonam-o-lateral-nas-redes-sociais-confira-a-repercussao\/","title":{"rendered":"Rodinei perde gol inacredit\u00e1vel e torcedores detonam o lateral nas redes sociais; confira a repercuss\u00e3o"},"content":{"rendered":"\n<p>O Flamengo saiu com um amargo empate na noite deste s\u00e1bado (09 de mar\u00e7o), em cl\u00e1ssico disputado contra o Vasco, no Maracan\u00e3, pela terceira rodada da Ta\u00e7a Rio. <\/p>\n\n\n\n<p>Ap\u00f3s marcar com Arrascaeta, a equipe da G\u00e1vea cedeu o empate no \u00faltimo minuto em p\u00eanalti cometido por Thuler. Pouco antes do lance, por\u00e9m, Rodinei perdeu um gol inacredit\u00e1vel na pequena \u00e1rea, causando grande revolta dos torcedores rubro-negros nas redes sociais.<\/p>\n\n\n\n<p><strong>Confira abaixo algumas rea\u00e7\u00f5es:<\/strong><\/p>\n\n\n\n<figure class=\"wp-block-embed-twitter wp-block-embed is-type-rich is-provider-twitter\"><div class=\"wp-block-embed__wrapper\">\n<blockquote class=\"twitter-tweet\" data-width=\"550\" data-dnt=\"true\"><p lang=\"pt\" dir=\"ltr\">EU N\u00c3O QUERO VER O RODINEI NUNCA MAIS VESTINDO A CAMISA DO FLAMENGO<\/p>&mdash; FLAMENGO AT\u00c9 MORRER (@Flamengo_8781) <a href=\"https:\/\/twitter.com\/Flamengo_8781\/status\/1104538859692572672?ref_src=twsrc%5Etfw\">March 10, 2019<\/a><\/blockquote><script async src=\"https:\/\/platform.twitter.com\/widgets.js\" charset=\"utf-8\"><\/script>\n<\/div><\/figure>\n\n\n\n<figure class=\"wp-block-embed-twitter wp-block-embed is-type-rich is-provider-twitter\"><div class=\"wp-block-embed__wrapper\">\n<blockquote class=\"twitter-tweet\" data-width=\"550\" data-dnt=\"true\"><p lang=\"pt\" dir=\"ltr\">J\u00c1 DEU RODINEI..CHEGAAAAAA<br>NO FLAMENGO N\u00c3O D\u00c1!!!!<\/p>&mdash; Rodrigs\u1d9c\u02b3\u1da0\ud83c\udde7\ud83c\uddf7\ud83d\ude0e\ud83d\udd34\u26ab\u2665\ufe0f\ud83d\udd34\u26ab\u2665\ufe0f (@RFillll) <a href=\"https:\/\/twitter.com\/RFillll\/status\/1104538800087334913?ref_src=twsrc%5Etfw\">March 10, 2019<\/a><\/blockquote><script async src=\"https:\/\/platform.twitter.com\/widgets.js\" charset=\"utf-8\"><\/script>\n<\/div><\/figure>\n\n\n\n<figure class=\"wp-block-embed-twitter wp-block-embed is-type-rich is-provider-twitter\"><div class=\"wp-block-embed__wrapper\">\n<blockquote class=\"twitter-tweet\" data-width=\"550\" data-dnt=\"true\"><p lang=\"pt\" dir=\"ltr\">Empatar com o Flamengo realmente foi uma vit\u00f3ria para o Vasco. Parab\u00e9ns ao Rodinei <a href=\"https:\/\/twitter.com\/hashtag\/VestiarioESPN?src=hash&amp;ref_src=twsrc%5Etfw\">#VestiarioESPN<\/a><\/p>&mdash; Ubirajara Junior (@UbirajaraJunior) <a href=\"https:\/\/twitter.com\/UbirajaraJunior\/status\/1104538597041025024?ref_src=twsrc%5Etfw\">March 10, 2019<\/a><\/blockquote><script async src=\"https:\/\/platform.twitter.com\/widgets.js\" charset=\"utf-8\"><\/script>\n<\/div><\/figure>\n\n\n\n<figure class=\"wp-block-embed-twitter wp-block-embed is-type-rich is-provider-twitter\"><div class=\"wp-block-embed__wrapper\">\n<blockquote class=\"twitter-tweet\" data-width=\"550\" data-dnt=\"true\"><p lang=\"pt\" dir=\"ltr\">Tava vendo o VT do jogo e cara, o Rodinei \u00e9 um lixo, literalmente a pior coisa que aconteceu no Flamengo desde M\u00e1rcio Ara\u00fajo e Muralha. O juiz tava completamente perdido no jogo e deu pro Vasco uns 16 laterais que eram do Flamengo. Sinceramente sei nem o que falar desse jogo.<\/p>&mdash; atlantis (@arcticwhat) <a href=\"https:\/\/twitter.com\/arcticwhat\/status\/1104577579867099136?ref_src=twsrc%5Etfw\">March 10, 2019<\/a><\/blockquote><script async src=\"https:\/\/platform.twitter.com\/widgets.js\" charset=\"utf-8\"><\/script>\n<\/div><\/figure>\n\n\n\n<figure class=\"wp-block-embed-twitter wp-block-embed is-type-rich is-provider-twitter\"><div class=\"wp-block-embed__wrapper\">\n<blockquote class=\"twitter-tweet\" data-width=\"550\" data-dnt=\"true\"><p lang=\"pt\" dir=\"ltr\">MERMAO EU VOU MORRER DE RAIVA TODA VEZ Q O V\u00cdDEO DESSE LIXO RODINEI PASSAR NA TL<\/p>&mdash; dan (@_danielalves__) <a href=\"https:\/\/twitter.com\/_danielalves__\/status\/1104574353331683328?ref_src=twsrc%5Etfw\">March 10, 2019<\/a><\/blockquote><script async src=\"https:\/\/platform.twitter.com\/widgets.js\" charset=\"utf-8\"><\/script>\n<\/div><\/figure>\n\n\n\n<figure class=\"wp-block-embed-twitter wp-block-embed is-type-rich is-provider-twitter\"><div class=\"wp-block-embed__wrapper\">\n<blockquote class=\"twitter-tweet\" data-width=\"550\" data-dnt=\"true\"><p lang=\"pt\" dir=\"ltr\">Rodinei tem \u00e9 que parar de jogar futebol, tem que Se aposenta namoral horr\u00edvel ele mano<\/p>&mdash; Rian\u26a1 (@RianAugustoo) <a href=\"https:\/\/twitter.com\/RianAugustoo\/status\/1104538989669859329?ref_src=twsrc%5Etfw\">March 10, 2019<\/a><\/blockquote><script async src=\"https:\/\/platform.twitter.com\/widgets.js\" charset=\"utf-8\"><\/script>\n<\/div><\/figure>\n\n\n\n<figure class=\"wp-block-embed-twitter wp-block-embed is-type-rich is-provider-twitter\"><div class=\"wp-block-embed__wrapper\">\n<blockquote class=\"twitter-tweet\" data-width=\"550\" data-dnt=\"true\"><p lang=\"ro\" dir=\"ltr\"><a href=\"https:\/\/twitter.com\/Flamengo?ref_src=twsrc%5Etfw\">@Flamengo<\/a> Aposenta logo o Rodinei<\/p>&mdash; Yuri Silva (@SYURI255) <a href=\"https:\/\/twitter.com\/SYURI255\/status\/1104540736907853824?ref_src=twsrc%5Etfw\">March 10, 2019<\/a><\/blockquote><script async src=\"https:\/\/platform.twitter.com\/widgets.js\" charset=\"utf-8\"><\/script>\n<\/div><\/figure>\n\n\n\n\n\n<figure class=\"wp-block-embed-twitter wp-block-embed is-type-rich is-provider-twitter\"><div class=\"wp-block-embed__wrapper\">\nhttps:\/\/twitter.com\/21danielrxd\/status\/1104538361698705408?ref_src=twsrc%5Etfw\n<\/div><\/figure>\n\n\n\n<figure class=\"wp-block-embed-twitter wp-block-embed is-type-rich is-provider-twitter\"><div class=\"wp-block-embed__wrapper\">\n<blockquote class=\"twitter-tweet\" data-width=\"550\" data-dnt=\"true\"><p lang=\"pt\" dir=\"ltr\">\u00c9 por isso quer eu nunca desisto dos meus sonhos, se um cara como RODINEI \u00e9 um profissional eu creio que posso virar at\u00e9 o cara mais rico do mundo. <br>&quot;Rodinei voc\u00ea \u00e9 rid\u00edculo, se aposenta&quot; <a href=\"https:\/\/t.co\/Hm8gvjwvkH\">pic.twitter.com\/Hm8gvjwvkH<\/a><\/p>&mdash; Medusa Bet \ud83d\udcb8 (@Medusa_Bet) <a href=\"https:\/\/twitter.com\/Medusa_Bet\/status\/1104538086275514369?ref_src=twsrc%5Etfw\">March 10, 2019<\/a><\/blockquote><script async src=\"https:\/\/platform.twitter.com\/widgets.js\" charset=\"utf-8\"><\/script>\n<\/div><\/figure>\n\n\n\n<figure class=\"wp-block-embed-twitter wp-block-embed is-type-rich is-provider-twitter\"><div class=\"wp-block-embed__wrapper\">\n<blockquote class=\"twitter-tweet\" data-width=\"550\" data-dnt=\"true\"><p lang=\"pt\" dir=\"ltr\">Rodinei cachorro castrado n\u00e3o sabe cruzar,pede para sair.<\/p>&mdash; Erikson Jard (@EriksonJard) <a href=\"https:\/\/twitter.com\/EriksonJard\/status\/1104554522716893184?ref_src=twsrc%5Etfw\">March 10, 2019<\/a><\/blockquote><script async src=\"https:\/\/platform.twitter.com\/widgets.js\" charset=\"utf-8\"><\/script>\n<\/div><\/figure>\n\n\n\n<figure class=\"wp-block-embed-twitter wp-block-embed is-type-rich is-provider-twitter\"><div class=\"wp-block-embed__wrapper\">\n<blockquote class=\"twitter-tweet\" data-width=\"550\" data-dnt=\"true\"><p lang=\"pt\" dir=\"ltr\">rodinei faz um favor e se aposenta<\/p>&mdash; felipe (@F3lp4to) <a href=\"https:\/\/twitter.com\/F3lp4to\/status\/1104538905502724096?ref_src=twsrc%5Etfw\">March 10, 2019<\/a><\/blockquote><script async src=\"https:\/\/platform.twitter.com\/widgets.js\" charset=\"utf-8\"><\/script>\n<\/div><\/figure>\n\n\n\n<figure class=\"wp-block-embed-twitter wp-block-embed is-type-rich is-provider-twitter\"><div class=\"wp-block-embed__wrapper\">\nhttps:\/\/twitter.com\/bea_nunes07\/status\/1104534335674351616\n<\/div><\/figure>\n\n\n\n<figure class=\"wp-block-embed-twitter wp-block-embed is-type-rich is-provider-twitter\"><div class=\"wp-block-embed__wrapper\">\n<blockquote class=\"twitter-tweet\" data-width=\"550\" data-dnt=\"true\"><p lang=\"ro\" dir=\"ltr\">Eu odeio o Rodinei <br>Do latim Odi Rodinei <br>Do grego \u039c\u03b9\u03c3\u03ce \u03c4\u03bf\u03bd \u03c4\u03c1\u03bf\u03c7\u03cc<br>Do espanhol yo odio el rodinei<br>Do alem\u00e3o Ich hasse das Rodinei<br>Vcs est\u00e3o anotando?<br>Do ingl\u00eas I hate the Rodinei <br>Do italiano Odio la Rodinei<\/p>&mdash; Poetas (@PoetasFla) <a href=\"https:\/\/twitter.com\/PoetasFla\/status\/1104548074985345025?ref_src=twsrc%5Etfw\">March 10, 2019<\/a><\/blockquote><script async src=\"https:\/\/platform.twitter.com\/widgets.js\" charset=\"utf-8\"><\/script>\n<\/div><\/figure>\n\n\n\n<p>Adaptado de: Coluna do Flamengo<\/p>\n","protected":false},"excerpt":{"rendered":"<p>O Flamengo saiu com um amargo empate na noite deste s\u00e1bado (09 de mar\u00e7o), em cl\u00e1ssico disputado contra o Vasco, no Maracan\u00e3, pela terceira rodada da Ta\u00e7a Rio. Ap\u00f3s marcar com Arrascaeta, a equipe da G\u00e1vea cedeu o empate no \u00faltimo minuto em p\u00eanalti cometido por Thuler. Pouco antes do lance, por\u00e9m, Rodinei perdeu um [&hellip;]<\/p>\n","protected":false},"author":1,"featured_media":27050,"comment_status":"open","ping_status":"open","sticky":false,"template":"","format":"standard","meta":{"footnotes":""},"categories":[1],"tags":[],"class_list":["post-14921","post","type-post","status-publish","format-standard","has-post-thumbnail","hentry","category-flamengo"],"yoast_head":"<!-- This site is optimized with the Yoast SEO Premium plugin v24.2 (Yoast SEO v26.9) - https:\/\/yoast.com\/product\/yoast-seo-premium-wordpress\/ -->\n<title>Rodinei perde gol inacredit\u00e1vel e torcedores detonam o lateral nas redes sociais; confira a repercuss\u00e3o<\/title>\n<meta name=\"robots\" content=\"index, follow, max-snippet:-1, max-image-preview:large, max-video-preview:-1\" \/>\n<link rel=\"canonical\" href=\"https:\/\/www.gaveanews.com\/index.php\/2019\/03\/10\/rodinei-perde-gol-inacreditavel-e-torcedores-detonam-o-lateral-nas-redes-sociais-confira-a-repercussao\/\" \/>\n<meta property=\"og:locale\" content=\"pt_BR\" \/>\n<meta property=\"og:type\" content=\"article\" \/>\n<meta property=\"og:title\" content=\"Rodinei perde gol inacredit\u00e1vel e torcedores detonam o lateral nas redes sociais; confira a repercuss\u00e3o\" \/>\n<meta property=\"og:description\" content=\"O Flamengo saiu com um amargo empate na noite deste s\u00e1bado (09 de mar\u00e7o), em cl\u00e1ssico disputado contra o Vasco, no Maracan\u00e3, pela terceira rodada da Ta\u00e7a Rio. Ap\u00f3s marcar com Arrascaeta, a equipe da G\u00e1vea cedeu o empate no \u00faltimo minuto em p\u00eanalti cometido por Thuler. Pouco antes do lance, por\u00e9m, Rodinei perdeu um [&hellip;]\" \/>\n<meta property=\"og:url\" content=\"https:\/\/www.gaveanews.com\/index.php\/2019\/03\/10\/rodinei-perde-gol-inacreditavel-e-torcedores-detonam-o-lateral-nas-redes-sociais-confira-a-repercussao\/\" \/>\n<meta property=\"og:site_name\" content=\"G\u00e1vea News\" \/>\n<meta property=\"article:publisher\" content=\"https:\/\/facebook.com\/gaveaNews\/\" \/>\n<meta property=\"article:published_time\" content=\"2019-03-10T03:15:26+00:00\" \/>\n<meta property=\"article:modified_time\" content=\"2019-09-09T01:40:36+00:00\" \/>\n<meta property=\"og:image\" content=\"https:\/\/www.gaveanews.com\/wp-content\/uploads\/Rodinei-em-acao-pelo-Flamengo.webp\" \/>\n\t<meta property=\"og:image:width\" content=\"1\" \/>\n\t<meta property=\"og:image:height\" content=\"1\" \/>\n\t<meta property=\"og:image:type\" content=\"image\/jpeg\" \/>\n<meta name=\"author\" content=\"Equipe G\u00e1vea News\" \/>\n<meta name=\"twitter:card\" content=\"summary_large_image\" \/>\n<meta name=\"twitter:label1\" content=\"Escrito por\" \/>\n\t<meta name=\"twitter:data1\" content=\"Equipe G\u00e1vea News\" \/>\n\t<meta name=\"twitter:label2\" content=\"Est. tempo de leitura\" \/>\n\t<meta name=\"twitter:data2\" content=\"1 minuto\" \/>\n<script type=\"application\/ld+json\" class=\"yoast-schema-graph\">{\"@context\":\"https:\/\/schema.org\",\"@graph\":[{\"@type\":\"NewsArticle\",\"@id\":\"https:\/\/www.gaveanews.com\/index.php\/2019\/03\/10\/rodinei-perde-gol-inacreditavel-e-torcedores-detonam-o-lateral-nas-redes-sociais-confira-a-repercussao\/#article\",\"isPartOf\":{\"@id\":\"https:\/\/www.gaveanews.com\/index.php\/2019\/03\/10\/rodinei-perde-gol-inacreditavel-e-torcedores-detonam-o-lateral-nas-redes-sociais-confira-a-repercussao\/\"},\"author\":{\"name\":\"Equipe G\u00e1vea News\",\"@id\":\"https:\/\/www.gaveanews.com\/#\/schema\/person\/2ec14f73fb96be2caf28f91afb14749d\"},\"headline\":\"Rodinei perde gol inacredit\u00e1vel e torcedores detonam o lateral nas redes sociais; confira a repercuss\u00e3o\",\"datePublished\":\"2019-03-10T03:15:26+00:00\",\"dateModified\":\"2019-09-09T01:40:36+00:00\",\"mainEntityOfPage\":{\"@id\":\"https:\/\/www.gaveanews.com\/index.php\/2019\/03\/10\/rodinei-perde-gol-inacreditavel-e-torcedores-detonam-o-lateral-nas-redes-sociais-confira-a-repercussao\/\"},\"wordCount\":190,\"commentCount\":0,\"image\":{\"@id\":\"https:\/\/www.gaveanews.com\/index.php\/2019\/03\/10\/rodinei-perde-gol-inacreditavel-e-torcedores-detonam-o-lateral-nas-redes-sociais-confira-a-repercussao\/#primaryimage\"},\"thumbnailUrl\":\"https:\/\/www.gaveanews.com\/wp-content\/uploads\/Rodinei-em-acao-pelo-Flamengo.webp\",\"articleSection\":[\"Flamengo\"],\"inLanguage\":\"pt-BR\",\"potentialAction\":[{\"@type\":\"CommentAction\",\"name\":\"Comment\",\"target\":[\"https:\/\/www.gaveanews.com\/index.php\/2019\/03\/10\/rodinei-perde-gol-inacreditavel-e-torcedores-detonam-o-lateral-nas-redes-sociais-confira-a-repercussao\/#respond\"]}],\"copyrightYear\":\"2019\",\"copyrightHolder\":{\"@id\":\"https:\/\/www.gaveanews.com\/#organization\"}},{\"@type\":\"WebPage\",\"@id\":\"https:\/\/www.gaveanews.com\/index.php\/2019\/03\/10\/rodinei-perde-gol-inacreditavel-e-torcedores-detonam-o-lateral-nas-redes-sociais-confira-a-repercussao\/\",\"url\":\"https:\/\/www.gaveanews.com\/index.php\/2019\/03\/10\/rodinei-perde-gol-inacreditavel-e-torcedores-detonam-o-lateral-nas-redes-sociais-confira-a-repercussao\/\",\"name\":\"Rodinei perde gol inacredit\u00e1vel e torcedores detonam o lateral nas redes sociais; confira a repercuss\u00e3o\",\"isPartOf\":{\"@id\":\"https:\/\/www.gaveanews.com\/#website\"},\"primaryImageOfPage\":{\"@id\":\"https:\/\/www.gaveanews.com\/index.php\/2019\/03\/10\/rodinei-perde-gol-inacreditavel-e-torcedores-detonam-o-lateral-nas-redes-sociais-confira-a-repercussao\/#primaryimage\"},\"image\":{\"@id\":\"https:\/\/www.gaveanews.com\/index.php\/2019\/03\/10\/rodinei-perde-gol-inacreditavel-e-torcedores-detonam-o-lateral-nas-redes-sociais-confira-a-repercussao\/#primaryimage\"},\"thumbnailUrl\":\"https:\/\/www.gaveanews.com\/wp-content\/uploads\/Rodinei-em-acao-pelo-Flamengo.webp\",\"datePublished\":\"2019-03-10T03:15:26+00:00\",\"dateModified\":\"2019-09-09T01:40:36+00:00\",\"author\":{\"@id\":\"https:\/\/www.gaveanews.com\/#\/schema\/person\/2ec14f73fb96be2caf28f91afb14749d\"},\"breadcrumb\":{\"@id\":\"https:\/\/www.gaveanews.com\/index.php\/2019\/03\/10\/rodinei-perde-gol-inacreditavel-e-torcedores-detonam-o-lateral-nas-redes-sociais-confira-a-repercussao\/#breadcrumb\"},\"inLanguage\":\"pt-BR\",\"potentialAction\":[{\"@type\":\"ReadAction\",\"target\":[\"https:\/\/www.gaveanews.com\/index.php\/2019\/03\/10\/rodinei-perde-gol-inacreditavel-e-torcedores-detonam-o-lateral-nas-redes-sociais-confira-a-repercussao\/\"]}]},{\"@type\":\"ImageObject\",\"inLanguage\":\"pt-BR\",\"@id\":\"https:\/\/www.gaveanews.com\/index.php\/2019\/03\/10\/rodinei-perde-gol-inacreditavel-e-torcedores-detonam-o-lateral-nas-redes-sociais-confira-a-repercussao\/#primaryimage\",\"url\":\"https:\/\/www.gaveanews.com\/wp-content\/uploads\/Rodinei-em-acao-pelo-Flamengo.webp\",\"contentUrl\":\"https:\/\/www.gaveanews.com\/wp-content\/uploads\/Rodinei-em-acao-pelo-Flamengo.webp\",\"caption\":\"Rodinei em a\u00e7\u00e3o pelo Flamengo (Foto: Alexandre Vidal\/Flamengo)\"},{\"@type\":\"BreadcrumbList\",\"@id\":\"https:\/\/www.gaveanews.com\/index.php\/2019\/03\/10\/rodinei-perde-gol-inacreditavel-e-torcedores-detonam-o-lateral-nas-redes-sociais-confira-a-repercussao\/#breadcrumb\",\"itemListElement\":[{\"@type\":\"ListItem\",\"position\":1,\"name\":\"Home\",\"item\":\"https:\/\/www.gaveanews.com\/\"},{\"@type\":\"ListItem\",\"position\":2,\"name\":\"Rodinei perde gol inacredit\u00e1vel e torcedores detonam o lateral nas redes sociais; confira a repercuss\u00e3o\"}]},{\"@type\":\"WebSite\",\"@id\":\"https:\/\/www.gaveanews.com\/#website\",\"url\":\"https:\/\/www.gaveanews.com\/\",\"name\":\"G\u00e1vea News\",\"description\":\"Veja todas as not\u00edcias sobre o Flamengo: Contrata\u00e7\u00f5es, categorias de base, resultados das partidas, tabela de classifica\u00e7\u00e3o, pr\u00f3ximos jogos!\",\"potentialAction\":[{\"@type\":\"SearchAction\",\"target\":{\"@type\":\"EntryPoint\",\"urlTemplate\":\"https:\/\/www.gaveanews.com\/?s={search_term_string}\"},\"query-input\":{\"@type\":\"PropertyValueSpecification\",\"valueRequired\":true,\"valueName\":\"search_term_string\"}}],\"inLanguage\":\"pt-BR\"},{\"@type\":\"Person\",\"@id\":\"https:\/\/www.gaveanews.com\/#\/schema\/person\/2ec14f73fb96be2caf28f91afb14749d\",\"name\":\"Equipe G\u00e1vea News\",\"image\":{\"@type\":\"ImageObject\",\"inLanguage\":\"pt-BR\",\"@id\":\"https:\/\/www.gaveanews.com\/#\/schema\/person\/image\/\",\"url\":\"https:\/\/secure.gravatar.com\/avatar\/1e1956f1facbffd3f8fa53a326721950116b3b9dc9bd44939c01180fd4a745a9?s=96&d=mm&r=g\",\"contentUrl\":\"https:\/\/secure.gravatar.com\/avatar\/1e1956f1facbffd3f8fa53a326721950116b3b9dc9bd44939c01180fd4a745a9?s=96&d=mm&r=g\",\"caption\":\"Equipe G\u00e1vea News\"}}]}<\/script>\n<!-- \/ Yoast SEO Premium plugin. -->","yoast_head_json":{"title":"Rodinei perde gol inacredit\u00e1vel e torcedores detonam o lateral nas redes sociais; confira a repercuss\u00e3o","robots":{"index":"index","follow":"follow","max-snippet":"max-snippet:-1","max-image-preview":"max-image-preview:large","max-video-preview":"max-video-preview:-1"},"canonical":"https:\/\/www.gaveanews.com\/index.php\/2019\/03\/10\/rodinei-perde-gol-inacreditavel-e-torcedores-detonam-o-lateral-nas-redes-sociais-confira-a-repercussao\/","og_locale":"pt_BR","og_type":"article","og_title":"Rodinei perde gol inacredit\u00e1vel e torcedores detonam o lateral nas redes sociais; confira a repercuss\u00e3o","og_description":"O Flamengo saiu com um amargo empate na noite deste s\u00e1bado (09 de mar\u00e7o), em cl\u00e1ssico disputado contra o Vasco, no Maracan\u00e3, pela terceira rodada da Ta\u00e7a Rio. Ap\u00f3s marcar com Arrascaeta, a equipe da G\u00e1vea cedeu o empate no \u00faltimo minuto em p\u00eanalti cometido por Thuler. Pouco antes do lance, por\u00e9m, Rodinei perdeu um [&hellip;]","og_url":"https:\/\/www.gaveanews.com\/index.php\/2019\/03\/10\/rodinei-perde-gol-inacreditavel-e-torcedores-detonam-o-lateral-nas-redes-sociais-confira-a-repercussao\/","og_site_name":"G\u00e1vea News","article_publisher":"https:\/\/facebook.com\/gaveaNews\/","article_published_time":"2019-03-10T03:15:26+00:00","article_modified_time":"2019-09-09T01:40:36+00:00","og_image":[{"url":"https:\/\/www.gaveanews.com\/wp-content\/uploads\/Rodinei-em-acao-pelo-Flamengo.webp","width":1,"height":1,"type":"image\/jpeg"}],"author":"Equipe G\u00e1vea News","twitter_card":"summary_large_image","twitter_misc":{"Escrito por":"Equipe G\u00e1vea News","Est. tempo de leitura":"1 minuto"},"schema":{"@context":"https:\/\/schema.org","@graph":[{"@type":"NewsArticle","@id":"https:\/\/www.gaveanews.com\/index.php\/2019\/03\/10\/rodinei-perde-gol-inacreditavel-e-torcedores-detonam-o-lateral-nas-redes-sociais-confira-a-repercussao\/#article","isPartOf":{"@id":"https:\/\/www.gaveanews.com\/index.php\/2019\/03\/10\/rodinei-perde-gol-inacreditavel-e-torcedores-detonam-o-lateral-nas-redes-sociais-confira-a-repercussao\/"},"author":{"name":"Equipe G\u00e1vea News","@id":"https:\/\/www.gaveanews.com\/#\/schema\/person\/2ec14f73fb96be2caf28f91afb14749d"},"headline":"Rodinei perde gol inacredit\u00e1vel e torcedores detonam o lateral nas redes sociais; confira a repercuss\u00e3o","datePublished":"2019-03-10T03:15:26+00:00","dateModified":"2019-09-09T01:40:36+00:00","mainEntityOfPage":{"@id":"https:\/\/www.gaveanews.com\/index.php\/2019\/03\/10\/rodinei-perde-gol-inacreditavel-e-torcedores-detonam-o-lateral-nas-redes-sociais-confira-a-repercussao\/"},"wordCount":190,"commentCount":0,"image":{"@id":"https:\/\/www.gaveanews.com\/index.php\/2019\/03\/10\/rodinei-perde-gol-inacreditavel-e-torcedores-detonam-o-lateral-nas-redes-sociais-confira-a-repercussao\/#primaryimage"},"thumbnailUrl":"https:\/\/www.gaveanews.com\/wp-content\/uploads\/Rodinei-em-acao-pelo-Flamengo.webp","articleSection":["Flamengo"],"inLanguage":"pt-BR","potentialAction":[{"@type":"CommentAction","name":"Comment","target":["https:\/\/www.gaveanews.com\/index.php\/2019\/03\/10\/rodinei-perde-gol-inacreditavel-e-torcedores-detonam-o-lateral-nas-redes-sociais-confira-a-repercussao\/#respond"]}],"copyrightYear":"2019","copyrightHolder":{"@id":"https:\/\/www.gaveanews.com\/#organization"}},{"@type":"WebPage","@id":"https:\/\/www.gaveanews.com\/index.php\/2019\/03\/10\/rodinei-perde-gol-inacreditavel-e-torcedores-detonam-o-lateral-nas-redes-sociais-confira-a-repercussao\/","url":"https:\/\/www.gaveanews.com\/index.php\/2019\/03\/10\/rodinei-perde-gol-inacreditavel-e-torcedores-detonam-o-lateral-nas-redes-sociais-confira-a-repercussao\/","name":"Rodinei perde gol inacredit\u00e1vel e torcedores detonam o lateral nas redes sociais; confira a repercuss\u00e3o","isPartOf":{"@id":"https:\/\/www.gaveanews.com\/#website"},"primaryImageOfPage":{"@id":"https:\/\/www.gaveanews.com\/index.php\/2019\/03\/10\/rodinei-perde-gol-inacreditavel-e-torcedores-detonam-o-lateral-nas-redes-sociais-confira-a-repercussao\/#primaryimage"},"image":{"@id":"https:\/\/www.gaveanews.com\/index.php\/2019\/03\/10\/rodinei-perde-gol-inacreditavel-e-torcedores-detonam-o-lateral-nas-redes-sociais-confira-a-repercussao\/#primaryimage"},"thumbnailUrl":"https:\/\/www.gaveanews.com\/wp-content\/uploads\/Rodinei-em-acao-pelo-Flamengo.webp","datePublished":"2019-03-10T03:15:26+00:00","dateModified":"2019-09-09T01:40:36+00:00","author":{"@id":"https:\/\/www.gaveanews.com\/#\/schema\/person\/2ec14f73fb96be2caf28f91afb14749d"},"breadcrumb":{"@id":"https:\/\/www.gaveanews.com\/index.php\/2019\/03\/10\/rodinei-perde-gol-inacreditavel-e-torcedores-detonam-o-lateral-nas-redes-sociais-confira-a-repercussao\/#breadcrumb"},"inLanguage":"pt-BR","potentialAction":[{"@type":"ReadAction","target":["https:\/\/www.gaveanews.com\/index.php\/2019\/03\/10\/rodinei-perde-gol-inacreditavel-e-torcedores-detonam-o-lateral-nas-redes-sociais-confira-a-repercussao\/"]}]},{"@type":"ImageObject","inLanguage":"pt-BR","@id":"https:\/\/www.gaveanews.com\/index.php\/2019\/03\/10\/rodinei-perde-gol-inacreditavel-e-torcedores-detonam-o-lateral-nas-redes-sociais-confira-a-repercussao\/#primaryimage","url":"https:\/\/www.gaveanews.com\/wp-content\/uploads\/Rodinei-em-acao-pelo-Flamengo.webp","contentUrl":"https:\/\/www.gaveanews.com\/wp-content\/uploads\/Rodinei-em-acao-pelo-Flamengo.webp","caption":"Rodinei em a\u00e7\u00e3o pelo Flamengo (Foto: Alexandre Vidal\/Flamengo)"},{"@type":"BreadcrumbList","@id":"https:\/\/www.gaveanews.com\/index.php\/2019\/03\/10\/rodinei-perde-gol-inacreditavel-e-torcedores-detonam-o-lateral-nas-redes-sociais-confira-a-repercussao\/#breadcrumb","itemListElement":[{"@type":"ListItem","position":1,"name":"Home","item":"https:\/\/www.gaveanews.com\/"},{"@type":"ListItem","position":2,"name":"Rodinei perde gol inacredit\u00e1vel e torcedores detonam o lateral nas redes sociais; confira a repercuss\u00e3o"}]},{"@type":"WebSite","@id":"https:\/\/www.gaveanews.com\/#website","url":"https:\/\/www.gaveanews.com\/","name":"G\u00e1vea News","description":"Veja todas as not\u00edcias sobre o Flamengo: Contrata\u00e7\u00f5es, categorias de base, resultados das partidas, tabela de classifica\u00e7\u00e3o, pr\u00f3ximos jogos!","potentialAction":[{"@type":"SearchAction","target":{"@type":"EntryPoint","urlTemplate":"https:\/\/www.gaveanews.com\/?s={search_term_string}"},"query-input":{"@type":"PropertyValueSpecification","valueRequired":true,"valueName":"search_term_string"}}],"inLanguage":"pt-BR"},{"@type":"Person","@id":"https:\/\/www.gaveanews.com\/#\/schema\/person\/2ec14f73fb96be2caf28f91afb14749d","name":"Equipe G\u00e1vea News","image":{"@type":"ImageObject","inLanguage":"pt-BR","@id":"https:\/\/www.gaveanews.com\/#\/schema\/person\/image\/","url":"https:\/\/secure.gravatar.com\/avatar\/1e1956f1facbffd3f8fa53a326721950116b3b9dc9bd44939c01180fd4a745a9?s=96&d=mm&r=g","contentUrl":"https:\/\/secure.gravatar.com\/avatar\/1e1956f1facbffd3f8fa53a326721950116b3b9dc9bd44939c01180fd4a745a9?s=96&d=mm&r=g","caption":"Equipe G\u00e1vea News"}}]}},"_links":{"self":[{"href":"https:\/\/www.gaveanews.com\/index.php\/wp-json\/wp\/v2\/posts\/14921","targetHints":{"allow":["GET"]}}],"collection":[{"href":"https:\/\/www.gaveanews.com\/index.php\/wp-json\/wp\/v2\/posts"}],"about":[{"href":"https:\/\/www.gaveanews.com\/index.php\/wp-json\/wp\/v2\/types\/post"}],"author":[{"embeddable":true,"href":"https:\/\/www.gaveanews.com\/index.php\/wp-json\/wp\/v2\/users\/1"}],"replies":[{"embeddable":true,"href":"https:\/\/www.gaveanews.com\/index.php\/wp-json\/wp\/v2\/comments?post=14921"}],"version-history":[{"count":0,"href":"https:\/\/www.gaveanews.com\/index.php\/wp-json\/wp\/v2\/posts\/14921\/revisions"}],"wp:featuredmedia":[{"embeddable":true,"href":"https:\/\/www.gaveanews.com\/index.php\/wp-json\/wp\/v2\/media\/27050"}],"wp:attachment":[{"href":"https:\/\/www.gaveanews.com\/index.php\/wp-json\/wp\/v2\/media?parent=14921"}],"wp:term":[{"taxonomy":"category","embeddable":true,"href":"https:\/\/www.gaveanews.com\/index.php\/wp-json\/wp\/v2\/categories?post=14921"},{"taxonomy":"post_tag","embeddable":true,"href":"https:\/\/www.gaveanews.com\/index.php\/wp-json\/wp\/v2\/tags?post=14921"}],"curies":[{"name":"wp","href":"https:\/\/api.w.org\/{rel}","templated":true}]}}