{"id":149297,"date":"2024-06-25T14:30:00","date_gmt":"2024-06-25T17:30:00","guid":{"rendered":"https:\/\/www.gaveanews.com\/?p=149297"},"modified":"2024-06-25T13:46:03","modified_gmt":"2024-06-25T16:46:03","slug":"flamengo-tem-mudanca-confirmada-para-enfrentar-o-juventude","status":"publish","type":"post","link":"https:\/\/www.gaveanews.com\/index.php\/2024\/06\/25\/flamengo-tem-mudanca-confirmada-para-enfrentar-o-juventude\/","title":{"rendered":"Flamengo tem mudan\u00e7a confirmada para enfrentar o Juventude"},"content":{"rendered":"\n<h2 class=\"wp-block-heading\" id=\"h-flamengo-enfrenta-o-juventude-nesta-quarta-feira-26-no-estadio-alfredo-jaconi\">Flamengo enfrenta o Juventude nesta quarta-feira (26), no Est\u00e1dio Alfredo Jaconi<\/h2>\n\n\n\n<p>O Flamengo est\u00e1 se organizando para jogar nesta quarta-feira (26), quando ter\u00e1 pela frente o Juventude, na 12\u00aa rodada do Campeonato Brasileiro. Para o jogo fora de casa, o Rubro-Negro utilizar\u00e1 o terceiro uniforme, predominantemente preto, com o emblema do remo no peito.<\/p>\n\n\n\n<p>Al\u00e9m da camisa, haver\u00e1 mudan\u00e7as no restante do conjunto dos jogadores do Flamengo para a partida contra o Juventude. <\/p>\n\n\n\n<p>Segundo informa\u00e7\u00f5es da Coluna do Fla, tanto o cal\u00e7\u00e3o quanto as meias dos atletas tamb\u00e9m ser\u00e3o predominantemente pretos.<\/p>\n\n\n\n<blockquote class=\"twitter-tweet\"><p lang=\"pt\" dir=\"ltr\">\ud83d\udea8 EXCLUSIVO | Flamengo vai usar o Manto 3 na partida contra o Juventude, nesta quarta (26).<br><br>O kit ser\u00e1 todo preto: camisa, cal\u00e7\u00e3o e mei\u00e3o.<a href=\"https:\/\/twitter.com\/hashtag\/colunadofla?src=hash&amp;ref_src=twsrc%5Etfw\">#colunadofla<\/a> <a href=\"https:\/\/t.co\/R3RtGZQA8J\">pic.twitter.com\/R3RtGZQA8J<\/a><\/p>&mdash; Coluna do Fla | Flamengo (@ColunadoFla) <a href=\"https:\/\/twitter.com\/ColunadoFla\/status\/1805616130230243777?ref_src=twsrc%5Etfw\">June 25, 2024<\/a><\/blockquote> \n\n\n\n<p>Por outro lado, os goleiros vestir\u00e3o camisa, cal\u00e7\u00e3o e meias azuis. Esse traje foi utilizado pelos arqueiros do Flamengo na vit\u00f3ria por 1 a 0 sobre o Fluminense no \u00faltimo domingo (23), no Maracan\u00e3.<\/p>\n\n\n\n<p>Com o uniforme j\u00e1 definido, o Flamengo se prepara para enfrentar o Juventude na 12\u00aa rodada do Brasileir\u00e3o. Assim, o treino desta ter\u00e7a-feira (25) realizado no CT Ninho do Urubu ser\u00e1 crucial para Tite escolher a escala\u00e7\u00e3o titular do Meng\u00e3o para a partida.<\/p>\n\n\n\n<p>Juventude x Flamengo vai ser disputado na quarta-feira (26), \u00e0s 20h (hor\u00e1rio de Bras\u00edlia), no Est\u00e1dio Alfredo Jaconi, em Caxias do Sul.<\/p>\n","protected":false},"excerpt":{"rendered":"<p>Flamengo tem mudan\u00e7a confirmada para enfrentar o Juventude<\/p>\n","protected":false},"author":16,"featured_media":149072,"comment_status":"open","ping_status":"closed","sticky":false,"template":"","format":"standard","meta":{"footnotes":""},"categories":[1],"tags":[],"class_list":["post-149297","post","type-post","status-publish","format-standard","has-post-thumbnail","hentry","category-flamengo"],"yoast_head":"<!-- This site is optimized with the Yoast SEO Premium plugin v24.2 (Yoast SEO v26.9) - https:\/\/yoast.com\/product\/yoast-seo-premium-wordpress\/ -->\n<title>Flamengo tem mudan\u00e7a confirmada para enfrentar o Juventude<\/title>\n<meta name=\"robots\" content=\"index, follow, max-snippet:-1, max-image-preview:large, max-video-preview:-1\" \/>\n<link rel=\"canonical\" href=\"https:\/\/www.gaveanews.com\/index.php\/2024\/06\/25\/flamengo-tem-mudanca-confirmada-para-enfrentar-o-juventude\/\" \/>\n<meta property=\"og:locale\" content=\"pt_BR\" \/>\n<meta property=\"og:type\" content=\"article\" \/>\n<meta property=\"og:title\" content=\"Flamengo tem mudan\u00e7a confirmada para enfrentar o Juventude\" \/>\n<meta property=\"og:description\" content=\"Flamengo tem mudan\u00e7a confirmada para enfrentar o Juventude\" \/>\n<meta property=\"og:url\" content=\"https:\/\/www.gaveanews.com\/index.php\/2024\/06\/25\/flamengo-tem-mudanca-confirmada-para-enfrentar-o-juventude\/\" \/>\n<meta property=\"og:site_name\" content=\"G\u00e1vea News\" \/>\n<meta property=\"article:publisher\" content=\"https:\/\/facebook.com\/gaveaNews\/\" \/>\n<meta property=\"article:published_time\" content=\"2024-06-25T17:30:00+00:00\" \/>\n<meta property=\"og:image\" content=\"https:\/\/www.gaveanews.com\/wp-content\/uploads\/jogadores-flamengo-vitoria-fluminense-1.webp\" \/>\n\t<meta property=\"og:image:width\" content=\"900\" \/>\n\t<meta property=\"og:image:height\" content=\"600\" \/>\n\t<meta property=\"og:image:type\" content=\"image\/jpeg\" \/>\n<meta name=\"author\" content=\"D\u00e9bora Figueiredo\" \/>\n<meta name=\"twitter:card\" content=\"summary_large_image\" \/>\n<meta name=\"twitter:label1\" content=\"Escrito por\" \/>\n\t<meta name=\"twitter:data1\" content=\"D\u00e9bora Figueiredo\" \/>\n\t<meta name=\"twitter:label2\" content=\"Est. tempo de leitura\" \/>\n\t<meta name=\"twitter:data2\" content=\"2 minutos\" \/>\n<script type=\"application\/ld+json\" class=\"yoast-schema-graph\">{\"@context\":\"https:\/\/schema.org\",\"@graph\":[{\"@type\":\"NewsArticle\",\"@id\":\"https:\/\/www.gaveanews.com\/index.php\/2024\/06\/25\/flamengo-tem-mudanca-confirmada-para-enfrentar-o-juventude\/#article\",\"isPartOf\":{\"@id\":\"https:\/\/www.gaveanews.com\/index.php\/2024\/06\/25\/flamengo-tem-mudanca-confirmada-para-enfrentar-o-juventude\/\"},\"author\":{\"name\":\"D\u00e9bora Figueiredo\",\"@id\":\"https:\/\/www.gaveanews.com\/#\/schema\/person\/37122681a8575a5c8db05a56f099a5e4\"},\"headline\":\"Flamengo tem mudan\u00e7a confirmada para enfrentar o Juventude\",\"datePublished\":\"2024-06-25T17:30:00+00:00\",\"mainEntityOfPage\":{\"@id\":\"https:\/\/www.gaveanews.com\/index.php\/2024\/06\/25\/flamengo-tem-mudanca-confirmada-para-enfrentar-o-juventude\/\"},\"wordCount\":245,\"commentCount\":0,\"image\":{\"@id\":\"https:\/\/www.gaveanews.com\/index.php\/2024\/06\/25\/flamengo-tem-mudanca-confirmada-para-enfrentar-o-juventude\/#primaryimage\"},\"thumbnailUrl\":\"https:\/\/www.gaveanews.com\/wp-content\/uploads\/jogadores-flamengo-vitoria-fluminense-1.webp\",\"articleSection\":[\"Flamengo\"],\"inLanguage\":\"pt-BR\",\"potentialAction\":[{\"@type\":\"CommentAction\",\"name\":\"Comment\",\"target\":[\"https:\/\/www.gaveanews.com\/index.php\/2024\/06\/25\/flamengo-tem-mudanca-confirmada-para-enfrentar-o-juventude\/#respond\"]}],\"copyrightYear\":\"2024\",\"copyrightHolder\":{\"@id\":\"https:\/\/www.gaveanews.com\/#organization\"}},{\"@type\":\"WebPage\",\"@id\":\"https:\/\/www.gaveanews.com\/index.php\/2024\/06\/25\/flamengo-tem-mudanca-confirmada-para-enfrentar-o-juventude\/\",\"url\":\"https:\/\/www.gaveanews.com\/index.php\/2024\/06\/25\/flamengo-tem-mudanca-confirmada-para-enfrentar-o-juventude\/\",\"name\":\"Flamengo tem mudan\u00e7a confirmada para enfrentar o Juventude\",\"isPartOf\":{\"@id\":\"https:\/\/www.gaveanews.com\/#website\"},\"primaryImageOfPage\":{\"@id\":\"https:\/\/www.gaveanews.com\/index.php\/2024\/06\/25\/flamengo-tem-mudanca-confirmada-para-enfrentar-o-juventude\/#primaryimage\"},\"image\":{\"@id\":\"https:\/\/www.gaveanews.com\/index.php\/2024\/06\/25\/flamengo-tem-mudanca-confirmada-para-enfrentar-o-juventude\/#primaryimage\"},\"thumbnailUrl\":\"https:\/\/www.gaveanews.com\/wp-content\/uploads\/jogadores-flamengo-vitoria-fluminense-1.webp\",\"datePublished\":\"2024-06-25T17:30:00+00:00\",\"author\":{\"@id\":\"https:\/\/www.gaveanews.com\/#\/schema\/person\/37122681a8575a5c8db05a56f099a5e4\"},\"breadcrumb\":{\"@id\":\"https:\/\/www.gaveanews.com\/index.php\/2024\/06\/25\/flamengo-tem-mudanca-confirmada-para-enfrentar-o-juventude\/#breadcrumb\"},\"inLanguage\":\"pt-BR\",\"potentialAction\":[{\"@type\":\"ReadAction\",\"target\":[\"https:\/\/www.gaveanews.com\/index.php\/2024\/06\/25\/flamengo-tem-mudanca-confirmada-para-enfrentar-o-juventude\/\"]}]},{\"@type\":\"ImageObject\",\"inLanguage\":\"pt-BR\",\"@id\":\"https:\/\/www.gaveanews.com\/index.php\/2024\/06\/25\/flamengo-tem-mudanca-confirmada-para-enfrentar-o-juventude\/#primaryimage\",\"url\":\"https:\/\/www.gaveanews.com\/wp-content\/uploads\/jogadores-flamengo-vitoria-fluminense-1.webp\",\"contentUrl\":\"https:\/\/www.gaveanews.com\/wp-content\/uploads\/jogadores-flamengo-vitoria-fluminense-1.webp\",\"width\":900,\"height\":600,\"caption\":\"Jogadores do Flamengo comemoram vit\u00f3ria no Maracan\u00e3 (Foto: Gilvan de Souza\/Flamengo)\"},{\"@type\":\"BreadcrumbList\",\"@id\":\"https:\/\/www.gaveanews.com\/index.php\/2024\/06\/25\/flamengo-tem-mudanca-confirmada-para-enfrentar-o-juventude\/#breadcrumb\",\"itemListElement\":[{\"@type\":\"ListItem\",\"position\":1,\"name\":\"Home\",\"item\":\"https:\/\/www.gaveanews.com\/\"},{\"@type\":\"ListItem\",\"position\":2,\"name\":\"Flamengo tem mudan\u00e7a confirmada para enfrentar o Juventude\"}]},{\"@type\":\"WebSite\",\"@id\":\"https:\/\/www.gaveanews.com\/#website\",\"url\":\"https:\/\/www.gaveanews.com\/\",\"name\":\"G\u00e1vea News\",\"description\":\"Veja todas as not\u00edcias sobre o Flamengo: Contrata\u00e7\u00f5es, categorias de base, resultados das partidas, tabela de classifica\u00e7\u00e3o, pr\u00f3ximos jogos!\",\"potentialAction\":[{\"@type\":\"SearchAction\",\"target\":{\"@type\":\"EntryPoint\",\"urlTemplate\":\"https:\/\/www.gaveanews.com\/?s={search_term_string}\"},\"query-input\":{\"@type\":\"PropertyValueSpecification\",\"valueRequired\":true,\"valueName\":\"search_term_string\"}}],\"inLanguage\":\"pt-BR\"},{\"@type\":\"Person\",\"@id\":\"https:\/\/www.gaveanews.com\/#\/schema\/person\/37122681a8575a5c8db05a56f099a5e4\",\"name\":\"D\u00e9bora Figueiredo\",\"image\":{\"@type\":\"ImageObject\",\"inLanguage\":\"pt-BR\",\"@id\":\"https:\/\/www.gaveanews.com\/#\/schema\/person\/image\/\",\"url\":\"https:\/\/secure.gravatar.com\/avatar\/1f44802859351588499d26f52aed1d15796ce17e67602895b72837c08018868d?s=96&d=mm&r=g\",\"contentUrl\":\"https:\/\/secure.gravatar.com\/avatar\/1f44802859351588499d26f52aed1d15796ce17e67602895b72837c08018868d?s=96&d=mm&r=g\",\"caption\":\"D\u00e9bora Figueiredo\"}}]}<\/script>\n<!-- \/ Yoast SEO Premium plugin. -->","yoast_head_json":{"title":"Flamengo tem mudan\u00e7a confirmada para enfrentar o Juventude","robots":{"index":"index","follow":"follow","max-snippet":"max-snippet:-1","max-image-preview":"max-image-preview:large","max-video-preview":"max-video-preview:-1"},"canonical":"https:\/\/www.gaveanews.com\/index.php\/2024\/06\/25\/flamengo-tem-mudanca-confirmada-para-enfrentar-o-juventude\/","og_locale":"pt_BR","og_type":"article","og_title":"Flamengo tem mudan\u00e7a confirmada para enfrentar o Juventude","og_description":"Flamengo tem mudan\u00e7a confirmada para enfrentar o Juventude","og_url":"https:\/\/www.gaveanews.com\/index.php\/2024\/06\/25\/flamengo-tem-mudanca-confirmada-para-enfrentar-o-juventude\/","og_site_name":"G\u00e1vea News","article_publisher":"https:\/\/facebook.com\/gaveaNews\/","article_published_time":"2024-06-25T17:30:00+00:00","og_image":[{"width":900,"height":600,"url":"https:\/\/www.gaveanews.com\/wp-content\/uploads\/jogadores-flamengo-vitoria-fluminense-1.webp","type":"image\/jpeg"}],"author":"D\u00e9bora Figueiredo","twitter_card":"summary_large_image","twitter_misc":{"Escrito por":"D\u00e9bora Figueiredo","Est. tempo de leitura":"2 minutos"},"schema":{"@context":"https:\/\/schema.org","@graph":[{"@type":"NewsArticle","@id":"https:\/\/www.gaveanews.com\/index.php\/2024\/06\/25\/flamengo-tem-mudanca-confirmada-para-enfrentar-o-juventude\/#article","isPartOf":{"@id":"https:\/\/www.gaveanews.com\/index.php\/2024\/06\/25\/flamengo-tem-mudanca-confirmada-para-enfrentar-o-juventude\/"},"author":{"name":"D\u00e9bora Figueiredo","@id":"https:\/\/www.gaveanews.com\/#\/schema\/person\/37122681a8575a5c8db05a56f099a5e4"},"headline":"Flamengo tem mudan\u00e7a confirmada para enfrentar o Juventude","datePublished":"2024-06-25T17:30:00+00:00","mainEntityOfPage":{"@id":"https:\/\/www.gaveanews.com\/index.php\/2024\/06\/25\/flamengo-tem-mudanca-confirmada-para-enfrentar-o-juventude\/"},"wordCount":245,"commentCount":0,"image":{"@id":"https:\/\/www.gaveanews.com\/index.php\/2024\/06\/25\/flamengo-tem-mudanca-confirmada-para-enfrentar-o-juventude\/#primaryimage"},"thumbnailUrl":"https:\/\/www.gaveanews.com\/wp-content\/uploads\/jogadores-flamengo-vitoria-fluminense-1.webp","articleSection":["Flamengo"],"inLanguage":"pt-BR","potentialAction":[{"@type":"CommentAction","name":"Comment","target":["https:\/\/www.gaveanews.com\/index.php\/2024\/06\/25\/flamengo-tem-mudanca-confirmada-para-enfrentar-o-juventude\/#respond"]}],"copyrightYear":"2024","copyrightHolder":{"@id":"https:\/\/www.gaveanews.com\/#organization"}},{"@type":"WebPage","@id":"https:\/\/www.gaveanews.com\/index.php\/2024\/06\/25\/flamengo-tem-mudanca-confirmada-para-enfrentar-o-juventude\/","url":"https:\/\/www.gaveanews.com\/index.php\/2024\/06\/25\/flamengo-tem-mudanca-confirmada-para-enfrentar-o-juventude\/","name":"Flamengo tem mudan\u00e7a confirmada para enfrentar o Juventude","isPartOf":{"@id":"https:\/\/www.gaveanews.com\/#website"},"primaryImageOfPage":{"@id":"https:\/\/www.gaveanews.com\/index.php\/2024\/06\/25\/flamengo-tem-mudanca-confirmada-para-enfrentar-o-juventude\/#primaryimage"},"image":{"@id":"https:\/\/www.gaveanews.com\/index.php\/2024\/06\/25\/flamengo-tem-mudanca-confirmada-para-enfrentar-o-juventude\/#primaryimage"},"thumbnailUrl":"https:\/\/www.gaveanews.com\/wp-content\/uploads\/jogadores-flamengo-vitoria-fluminense-1.webp","datePublished":"2024-06-25T17:30:00+00:00","author":{"@id":"https:\/\/www.gaveanews.com\/#\/schema\/person\/37122681a8575a5c8db05a56f099a5e4"},"breadcrumb":{"@id":"https:\/\/www.gaveanews.com\/index.php\/2024\/06\/25\/flamengo-tem-mudanca-confirmada-para-enfrentar-o-juventude\/#breadcrumb"},"inLanguage":"pt-BR","potentialAction":[{"@type":"ReadAction","target":["https:\/\/www.gaveanews.com\/index.php\/2024\/06\/25\/flamengo-tem-mudanca-confirmada-para-enfrentar-o-juventude\/"]}]},{"@type":"ImageObject","inLanguage":"pt-BR","@id":"https:\/\/www.gaveanews.com\/index.php\/2024\/06\/25\/flamengo-tem-mudanca-confirmada-para-enfrentar-o-juventude\/#primaryimage","url":"https:\/\/www.gaveanews.com\/wp-content\/uploads\/jogadores-flamengo-vitoria-fluminense-1.webp","contentUrl":"https:\/\/www.gaveanews.com\/wp-content\/uploads\/jogadores-flamengo-vitoria-fluminense-1.webp","width":900,"height":600,"caption":"Jogadores do Flamengo comemoram vit\u00f3ria no Maracan\u00e3 (Foto: Gilvan de Souza\/Flamengo)"},{"@type":"BreadcrumbList","@id":"https:\/\/www.gaveanews.com\/index.php\/2024\/06\/25\/flamengo-tem-mudanca-confirmada-para-enfrentar-o-juventude\/#breadcrumb","itemListElement":[{"@type":"ListItem","position":1,"name":"Home","item":"https:\/\/www.gaveanews.com\/"},{"@type":"ListItem","position":2,"name":"Flamengo tem mudan\u00e7a confirmada para enfrentar o Juventude"}]},{"@type":"WebSite","@id":"https:\/\/www.gaveanews.com\/#website","url":"https:\/\/www.gaveanews.com\/","name":"G\u00e1vea News","description":"Veja todas as not\u00edcias sobre o Flamengo: Contrata\u00e7\u00f5es, categorias de base, resultados das partidas, tabela de classifica\u00e7\u00e3o, pr\u00f3ximos jogos!","potentialAction":[{"@type":"SearchAction","target":{"@type":"EntryPoint","urlTemplate":"https:\/\/www.gaveanews.com\/?s={search_term_string}"},"query-input":{"@type":"PropertyValueSpecification","valueRequired":true,"valueName":"search_term_string"}}],"inLanguage":"pt-BR"},{"@type":"Person","@id":"https:\/\/www.gaveanews.com\/#\/schema\/person\/37122681a8575a5c8db05a56f099a5e4","name":"D\u00e9bora Figueiredo","image":{"@type":"ImageObject","inLanguage":"pt-BR","@id":"https:\/\/www.gaveanews.com\/#\/schema\/person\/image\/","url":"https:\/\/secure.gravatar.com\/avatar\/1f44802859351588499d26f52aed1d15796ce17e67602895b72837c08018868d?s=96&d=mm&r=g","contentUrl":"https:\/\/secure.gravatar.com\/avatar\/1f44802859351588499d26f52aed1d15796ce17e67602895b72837c08018868d?s=96&d=mm&r=g","caption":"D\u00e9bora Figueiredo"}}]}},"_links":{"self":[{"href":"https:\/\/www.gaveanews.com\/index.php\/wp-json\/wp\/v2\/posts\/149297","targetHints":{"allow":["GET"]}}],"collection":[{"href":"https:\/\/www.gaveanews.com\/index.php\/wp-json\/wp\/v2\/posts"}],"about":[{"href":"https:\/\/www.gaveanews.com\/index.php\/wp-json\/wp\/v2\/types\/post"}],"author":[{"embeddable":true,"href":"https:\/\/www.gaveanews.com\/index.php\/wp-json\/wp\/v2\/users\/16"}],"replies":[{"embeddable":true,"href":"https:\/\/www.gaveanews.com\/index.php\/wp-json\/wp\/v2\/comments?post=149297"}],"version-history":[{"count":1,"href":"https:\/\/www.gaveanews.com\/index.php\/wp-json\/wp\/v2\/posts\/149297\/revisions"}],"predecessor-version":[{"id":149299,"href":"https:\/\/www.gaveanews.com\/index.php\/wp-json\/wp\/v2\/posts\/149297\/revisions\/149299"}],"wp:featuredmedia":[{"embeddable":true,"href":"https:\/\/www.gaveanews.com\/index.php\/wp-json\/wp\/v2\/media\/149072"}],"wp:attachment":[{"href":"https:\/\/www.gaveanews.com\/index.php\/wp-json\/wp\/v2\/media?parent=149297"}],"wp:term":[{"taxonomy":"category","embeddable":true,"href":"https:\/\/www.gaveanews.com\/index.php\/wp-json\/wp\/v2\/categories?post=149297"},{"taxonomy":"post_tag","embeddable":true,"href":"https:\/\/www.gaveanews.com\/index.php\/wp-json\/wp\/v2\/tags?post=149297"}],"curies":[{"name":"wp","href":"https:\/\/api.w.org\/{rel}","templated":true}]}}