{"id":14938,"date":"2019-03-10T01:13:00","date_gmt":"2019-03-10T04:13:00","guid":{"rendered":"https:\/\/www.gaveanews.com\/?p=14938"},"modified":"2019-09-01T21:56:20","modified_gmt":"2019-09-02T00:56:20","slug":"video-flagra-atacante-do-vasco-fazendo-gesto-obsceno-para-torcedores-do-flamengo-no-maracana","status":"publish","type":"post","link":"https:\/\/www.gaveanews.com\/index.php\/2019\/03\/10\/video-flagra-atacante-do-vasco-fazendo-gesto-obsceno-para-torcedores-do-flamengo-no-maracana\/","title":{"rendered":"V\u00eddeo flagra atacante do Vasco fazendo gesto obsceno para torcedores do Flamengo no Maracan\u00e3"},"content":{"rendered":"\n<p>O Flamengo foi a campo na noite deste s\u00e1bado (09 de mar\u00e7o), para enfrentar o Vasco, no Maracan\u00e3, pela terceira rodada da Ta\u00e7a Rio, mas apenas ficou no amargo empate. <\/p>\n\n\n\n<p>Isso porque, no \u00faltimo minuto, o jovem Thuler cometeu p\u00eanalti, que foi convertido por Maxi L\u00f3pez. O centrovante cruzmaltino, inclusive, se envolveu em nova pol\u00eamica com a torcida rubro-negra ao fazer um gesto obsceno em dire\u00e7\u00e3o aos torcedores do Fla presentes no est\u00e1dio.<\/p>\n\n\n\n<p><strong>Confira abaixo o momento do gesto:<\/strong><\/p>\n\n\n\n<figure class=\"wp-block-embed-youtube wp-block-embed is-type-video is-provider-youtube wp-embed-aspect-4-3 wp-has-aspect-ratio\"><div class=\"wp-block-embed__wrapper\">\nhttps:\/\/www.youtube.com\/watch?v=hhkbqe62Nts&#038;feature=youtu.be\n<\/div><\/figure>\n\n\n\n<p>N\u00e3o \u00e9 a primeira vez que o argentino do Vasco provoca a torcida do Flamengo. Em recente declara\u00e7\u00e3o, o jogador afirmou que n\u00e3o teria pena do rival rubro-negro em um novo reencontro entre as duas equipes. Antes disso, ainda pelo Campeonato Brasileiro de 2018, o centroavante \u201ctirou sarro\u201d do Fla em suas redes sociais ap\u00f3s o empate no fim do clube da G\u00e1vea, que \u00e0 \u00e9poca brigava pelas primeiras coloca\u00e7\u00f5es da tabela.<\/p>\n\n\n\n\n\n<p>Retirado de: Coluna do Flamengo<\/p>\n","protected":false},"excerpt":{"rendered":"<p>O Flamengo foi a campo na noite deste s\u00e1bado (09 de mar\u00e7o), para enfrentar o Vasco, no Maracan\u00e3, pela terceira rodada da Ta\u00e7a Rio, mas apenas ficou no amargo empate. Isso porque, no \u00faltimo minuto, o jovem Thuler cometeu p\u00eanalti, que foi convertido por Maxi L\u00f3pez. O centrovante cruzmaltino, inclusive, se envolveu em nova pol\u00eamica [&hellip;]<\/p>\n","protected":false},"author":1,"featured_media":16275,"comment_status":"open","ping_status":"open","sticky":false,"template":"","format":"standard","meta":{"footnotes":""},"categories":[40],"tags":[],"class_list":["post-14938","post","type-post","status-publish","format-standard","has-post-thumbnail","hentry","category-video"],"yoast_head":"<!-- This site is optimized with the Yoast SEO Premium plugin v24.2 (Yoast SEO v26.9) - https:\/\/yoast.com\/product\/yoast-seo-premium-wordpress\/ -->\n<title>V\u00eddeo flagra atacante do Vasco fazendo gesto obsceno para torcedores do Flamengo no Maracan\u00e3<\/title>\n<meta name=\"robots\" content=\"index, follow, max-snippet:-1, max-image-preview:large, max-video-preview:-1\" \/>\n<link rel=\"canonical\" href=\"https:\/\/www.gaveanews.com\/index.php\/2019\/03\/10\/video-flagra-atacante-do-vasco-fazendo-gesto-obsceno-para-torcedores-do-flamengo-no-maracana\/\" \/>\n<meta property=\"og:locale\" content=\"pt_BR\" \/>\n<meta property=\"og:type\" content=\"article\" \/>\n<meta property=\"og:title\" content=\"V\u00eddeo flagra atacante do Vasco fazendo gesto obsceno para torcedores do Flamengo no Maracan\u00e3\" \/>\n<meta property=\"og:description\" content=\"O Flamengo foi a campo na noite deste s\u00e1bado (09 de mar\u00e7o), para enfrentar o Vasco, no Maracan\u00e3, pela terceira rodada da Ta\u00e7a Rio, mas apenas ficou no amargo empate. Isso porque, no \u00faltimo minuto, o jovem Thuler cometeu p\u00eanalti, que foi convertido por Maxi L\u00f3pez. O centrovante cruzmaltino, inclusive, se envolveu em nova pol\u00eamica [&hellip;]\" \/>\n<meta property=\"og:url\" content=\"https:\/\/www.gaveanews.com\/index.php\/2019\/03\/10\/video-flagra-atacante-do-vasco-fazendo-gesto-obsceno-para-torcedores-do-flamengo-no-maracana\/\" \/>\n<meta property=\"og:site_name\" content=\"G\u00e1vea News\" \/>\n<meta property=\"article:publisher\" content=\"https:\/\/facebook.com\/gaveaNews\/\" \/>\n<meta property=\"article:published_time\" content=\"2019-03-10T04:13:00+00:00\" \/>\n<meta property=\"article:modified_time\" content=\"2019-09-02T00:56:20+00:00\" \/>\n<meta property=\"og:image\" content=\"https:\/\/www.gaveanews.com\/wp-content\/uploads\/2019\/03\/Maxi-Lopez-durante-comemoracao-de-gol-marcado-pelo-Vasco.webp\" \/>\n\t<meta property=\"og:image:width\" content=\"1\" \/>\n\t<meta property=\"og:image:height\" content=\"1\" \/>\n\t<meta property=\"og:image:type\" content=\"image\/jpeg\" \/>\n<meta name=\"author\" content=\"Equipe G\u00e1vea News\" \/>\n<meta name=\"twitter:card\" content=\"summary_large_image\" \/>\n<meta name=\"twitter:label1\" content=\"Escrito por\" \/>\n\t<meta name=\"twitter:data1\" content=\"Equipe G\u00e1vea News\" \/>\n\t<meta name=\"twitter:label2\" content=\"Est. tempo de leitura\" \/>\n\t<meta name=\"twitter:data2\" content=\"1 minuto\" \/>\n<script type=\"application\/ld+json\" class=\"yoast-schema-graph\">{\"@context\":\"https:\/\/schema.org\",\"@graph\":[{\"@type\":\"NewsArticle\",\"@id\":\"https:\/\/www.gaveanews.com\/index.php\/2019\/03\/10\/video-flagra-atacante-do-vasco-fazendo-gesto-obsceno-para-torcedores-do-flamengo-no-maracana\/#article\",\"isPartOf\":{\"@id\":\"https:\/\/www.gaveanews.com\/index.php\/2019\/03\/10\/video-flagra-atacante-do-vasco-fazendo-gesto-obsceno-para-torcedores-do-flamengo-no-maracana\/\"},\"author\":{\"name\":\"Equipe G\u00e1vea News\",\"@id\":\"https:\/\/www.gaveanews.com\/#\/schema\/person\/2ec14f73fb96be2caf28f91afb14749d\"},\"headline\":\"V\u00eddeo flagra atacante do Vasco fazendo gesto obsceno para torcedores do Flamengo no Maracan\u00e3\",\"datePublished\":\"2019-03-10T04:13:00+00:00\",\"dateModified\":\"2019-09-02T00:56:20+00:00\",\"mainEntityOfPage\":{\"@id\":\"https:\/\/www.gaveanews.com\/index.php\/2019\/03\/10\/video-flagra-atacante-do-vasco-fazendo-gesto-obsceno-para-torcedores-do-flamengo-no-maracana\/\"},\"wordCount\":193,\"commentCount\":0,\"image\":{\"@id\":\"https:\/\/www.gaveanews.com\/index.php\/2019\/03\/10\/video-flagra-atacante-do-vasco-fazendo-gesto-obsceno-para-torcedores-do-flamengo-no-maracana\/#primaryimage\"},\"thumbnailUrl\":\"https:\/\/www.gaveanews.com\/wp-content\/uploads\/2019\/03\/Maxi-Lopez-durante-comemoracao-de-gol-marcado-pelo-Vasco.webp\",\"articleSection\":[\"V\u00eddeos\"],\"inLanguage\":\"pt-BR\",\"potentialAction\":[{\"@type\":\"CommentAction\",\"name\":\"Comment\",\"target\":[\"https:\/\/www.gaveanews.com\/index.php\/2019\/03\/10\/video-flagra-atacante-do-vasco-fazendo-gesto-obsceno-para-torcedores-do-flamengo-no-maracana\/#respond\"]}],\"copyrightYear\":\"2019\",\"copyrightHolder\":{\"@id\":\"https:\/\/www.gaveanews.com\/#organization\"}},{\"@type\":\"WebPage\",\"@id\":\"https:\/\/www.gaveanews.com\/index.php\/2019\/03\/10\/video-flagra-atacante-do-vasco-fazendo-gesto-obsceno-para-torcedores-do-flamengo-no-maracana\/\",\"url\":\"https:\/\/www.gaveanews.com\/index.php\/2019\/03\/10\/video-flagra-atacante-do-vasco-fazendo-gesto-obsceno-para-torcedores-do-flamengo-no-maracana\/\",\"name\":\"V\u00eddeo flagra atacante do Vasco fazendo gesto obsceno para torcedores do Flamengo no Maracan\u00e3\",\"isPartOf\":{\"@id\":\"https:\/\/www.gaveanews.com\/#website\"},\"primaryImageOfPage\":{\"@id\":\"https:\/\/www.gaveanews.com\/index.php\/2019\/03\/10\/video-flagra-atacante-do-vasco-fazendo-gesto-obsceno-para-torcedores-do-flamengo-no-maracana\/#primaryimage\"},\"image\":{\"@id\":\"https:\/\/www.gaveanews.com\/index.php\/2019\/03\/10\/video-flagra-atacante-do-vasco-fazendo-gesto-obsceno-para-torcedores-do-flamengo-no-maracana\/#primaryimage\"},\"thumbnailUrl\":\"https:\/\/www.gaveanews.com\/wp-content\/uploads\/2019\/03\/Maxi-Lopez-durante-comemoracao-de-gol-marcado-pelo-Vasco.webp\",\"datePublished\":\"2019-03-10T04:13:00+00:00\",\"dateModified\":\"2019-09-02T00:56:20+00:00\",\"author\":{\"@id\":\"https:\/\/www.gaveanews.com\/#\/schema\/person\/2ec14f73fb96be2caf28f91afb14749d\"},\"breadcrumb\":{\"@id\":\"https:\/\/www.gaveanews.com\/index.php\/2019\/03\/10\/video-flagra-atacante-do-vasco-fazendo-gesto-obsceno-para-torcedores-do-flamengo-no-maracana\/#breadcrumb\"},\"inLanguage\":\"pt-BR\",\"potentialAction\":[{\"@type\":\"ReadAction\",\"target\":[\"https:\/\/www.gaveanews.com\/index.php\/2019\/03\/10\/video-flagra-atacante-do-vasco-fazendo-gesto-obsceno-para-torcedores-do-flamengo-no-maracana\/\"]}]},{\"@type\":\"ImageObject\",\"inLanguage\":\"pt-BR\",\"@id\":\"https:\/\/www.gaveanews.com\/index.php\/2019\/03\/10\/video-flagra-atacante-do-vasco-fazendo-gesto-obsceno-para-torcedores-do-flamengo-no-maracana\/#primaryimage\",\"url\":\"https:\/\/www.gaveanews.com\/wp-content\/uploads\/2019\/03\/Maxi-Lopez-durante-comemoracao-de-gol-marcado-pelo-Vasco.webp\",\"contentUrl\":\"https:\/\/www.gaveanews.com\/wp-content\/uploads\/2019\/03\/Maxi-Lopez-durante-comemoracao-de-gol-marcado-pelo-Vasco.webp\",\"caption\":\"Maxi Lopez durante comemora\u00e7\u00e3o de gol marcado pelo Vasco (Foto: Rafael Ribeiro\/Vasco)\"},{\"@type\":\"BreadcrumbList\",\"@id\":\"https:\/\/www.gaveanews.com\/index.php\/2019\/03\/10\/video-flagra-atacante-do-vasco-fazendo-gesto-obsceno-para-torcedores-do-flamengo-no-maracana\/#breadcrumb\",\"itemListElement\":[{\"@type\":\"ListItem\",\"position\":1,\"name\":\"Home\",\"item\":\"https:\/\/www.gaveanews.com\/\"},{\"@type\":\"ListItem\",\"position\":2,\"name\":\"V\u00eddeo flagra atacante do Vasco fazendo gesto obsceno para torcedores do Flamengo no Maracan\u00e3\"}]},{\"@type\":\"WebSite\",\"@id\":\"https:\/\/www.gaveanews.com\/#website\",\"url\":\"https:\/\/www.gaveanews.com\/\",\"name\":\"G\u00e1vea News\",\"description\":\"Veja todas as not\u00edcias sobre o Flamengo: Contrata\u00e7\u00f5es, categorias de base, resultados das partidas, tabela de classifica\u00e7\u00e3o, pr\u00f3ximos jogos!\",\"potentialAction\":[{\"@type\":\"SearchAction\",\"target\":{\"@type\":\"EntryPoint\",\"urlTemplate\":\"https:\/\/www.gaveanews.com\/?s={search_term_string}\"},\"query-input\":{\"@type\":\"PropertyValueSpecification\",\"valueRequired\":true,\"valueName\":\"search_term_string\"}}],\"inLanguage\":\"pt-BR\"},{\"@type\":\"Person\",\"@id\":\"https:\/\/www.gaveanews.com\/#\/schema\/person\/2ec14f73fb96be2caf28f91afb14749d\",\"name\":\"Equipe G\u00e1vea News\",\"image\":{\"@type\":\"ImageObject\",\"inLanguage\":\"pt-BR\",\"@id\":\"https:\/\/www.gaveanews.com\/#\/schema\/person\/image\/\",\"url\":\"https:\/\/secure.gravatar.com\/avatar\/1e1956f1facbffd3f8fa53a326721950116b3b9dc9bd44939c01180fd4a745a9?s=96&d=mm&r=g\",\"contentUrl\":\"https:\/\/secure.gravatar.com\/avatar\/1e1956f1facbffd3f8fa53a326721950116b3b9dc9bd44939c01180fd4a745a9?s=96&d=mm&r=g\",\"caption\":\"Equipe G\u00e1vea News\"}}]}<\/script>\n<!-- \/ Yoast SEO Premium plugin. -->","yoast_head_json":{"title":"V\u00eddeo flagra atacante do Vasco fazendo gesto obsceno para torcedores do Flamengo no Maracan\u00e3","robots":{"index":"index","follow":"follow","max-snippet":"max-snippet:-1","max-image-preview":"max-image-preview:large","max-video-preview":"max-video-preview:-1"},"canonical":"https:\/\/www.gaveanews.com\/index.php\/2019\/03\/10\/video-flagra-atacante-do-vasco-fazendo-gesto-obsceno-para-torcedores-do-flamengo-no-maracana\/","og_locale":"pt_BR","og_type":"article","og_title":"V\u00eddeo flagra atacante do Vasco fazendo gesto obsceno para torcedores do Flamengo no Maracan\u00e3","og_description":"O Flamengo foi a campo na noite deste s\u00e1bado (09 de mar\u00e7o), para enfrentar o Vasco, no Maracan\u00e3, pela terceira rodada da Ta\u00e7a Rio, mas apenas ficou no amargo empate. Isso porque, no \u00faltimo minuto, o jovem Thuler cometeu p\u00eanalti, que foi convertido por Maxi L\u00f3pez. O centrovante cruzmaltino, inclusive, se envolveu em nova pol\u00eamica [&hellip;]","og_url":"https:\/\/www.gaveanews.com\/index.php\/2019\/03\/10\/video-flagra-atacante-do-vasco-fazendo-gesto-obsceno-para-torcedores-do-flamengo-no-maracana\/","og_site_name":"G\u00e1vea News","article_publisher":"https:\/\/facebook.com\/gaveaNews\/","article_published_time":"2019-03-10T04:13:00+00:00","article_modified_time":"2019-09-02T00:56:20+00:00","og_image":[{"url":"https:\/\/www.gaveanews.com\/wp-content\/uploads\/2019\/03\/Maxi-Lopez-durante-comemoracao-de-gol-marcado-pelo-Vasco.webp","width":1,"height":1,"type":"image\/jpeg"}],"author":"Equipe G\u00e1vea News","twitter_card":"summary_large_image","twitter_misc":{"Escrito por":"Equipe G\u00e1vea News","Est. tempo de leitura":"1 minuto"},"schema":{"@context":"https:\/\/schema.org","@graph":[{"@type":"NewsArticle","@id":"https:\/\/www.gaveanews.com\/index.php\/2019\/03\/10\/video-flagra-atacante-do-vasco-fazendo-gesto-obsceno-para-torcedores-do-flamengo-no-maracana\/#article","isPartOf":{"@id":"https:\/\/www.gaveanews.com\/index.php\/2019\/03\/10\/video-flagra-atacante-do-vasco-fazendo-gesto-obsceno-para-torcedores-do-flamengo-no-maracana\/"},"author":{"name":"Equipe G\u00e1vea News","@id":"https:\/\/www.gaveanews.com\/#\/schema\/person\/2ec14f73fb96be2caf28f91afb14749d"},"headline":"V\u00eddeo flagra atacante do Vasco fazendo gesto obsceno para torcedores do Flamengo no Maracan\u00e3","datePublished":"2019-03-10T04:13:00+00:00","dateModified":"2019-09-02T00:56:20+00:00","mainEntityOfPage":{"@id":"https:\/\/www.gaveanews.com\/index.php\/2019\/03\/10\/video-flagra-atacante-do-vasco-fazendo-gesto-obsceno-para-torcedores-do-flamengo-no-maracana\/"},"wordCount":193,"commentCount":0,"image":{"@id":"https:\/\/www.gaveanews.com\/index.php\/2019\/03\/10\/video-flagra-atacante-do-vasco-fazendo-gesto-obsceno-para-torcedores-do-flamengo-no-maracana\/#primaryimage"},"thumbnailUrl":"https:\/\/www.gaveanews.com\/wp-content\/uploads\/2019\/03\/Maxi-Lopez-durante-comemoracao-de-gol-marcado-pelo-Vasco.webp","articleSection":["V\u00eddeos"],"inLanguage":"pt-BR","potentialAction":[{"@type":"CommentAction","name":"Comment","target":["https:\/\/www.gaveanews.com\/index.php\/2019\/03\/10\/video-flagra-atacante-do-vasco-fazendo-gesto-obsceno-para-torcedores-do-flamengo-no-maracana\/#respond"]}],"copyrightYear":"2019","copyrightHolder":{"@id":"https:\/\/www.gaveanews.com\/#organization"}},{"@type":"WebPage","@id":"https:\/\/www.gaveanews.com\/index.php\/2019\/03\/10\/video-flagra-atacante-do-vasco-fazendo-gesto-obsceno-para-torcedores-do-flamengo-no-maracana\/","url":"https:\/\/www.gaveanews.com\/index.php\/2019\/03\/10\/video-flagra-atacante-do-vasco-fazendo-gesto-obsceno-para-torcedores-do-flamengo-no-maracana\/","name":"V\u00eddeo flagra atacante do Vasco fazendo gesto obsceno para torcedores do Flamengo no Maracan\u00e3","isPartOf":{"@id":"https:\/\/www.gaveanews.com\/#website"},"primaryImageOfPage":{"@id":"https:\/\/www.gaveanews.com\/index.php\/2019\/03\/10\/video-flagra-atacante-do-vasco-fazendo-gesto-obsceno-para-torcedores-do-flamengo-no-maracana\/#primaryimage"},"image":{"@id":"https:\/\/www.gaveanews.com\/index.php\/2019\/03\/10\/video-flagra-atacante-do-vasco-fazendo-gesto-obsceno-para-torcedores-do-flamengo-no-maracana\/#primaryimage"},"thumbnailUrl":"https:\/\/www.gaveanews.com\/wp-content\/uploads\/2019\/03\/Maxi-Lopez-durante-comemoracao-de-gol-marcado-pelo-Vasco.webp","datePublished":"2019-03-10T04:13:00+00:00","dateModified":"2019-09-02T00:56:20+00:00","author":{"@id":"https:\/\/www.gaveanews.com\/#\/schema\/person\/2ec14f73fb96be2caf28f91afb14749d"},"breadcrumb":{"@id":"https:\/\/www.gaveanews.com\/index.php\/2019\/03\/10\/video-flagra-atacante-do-vasco-fazendo-gesto-obsceno-para-torcedores-do-flamengo-no-maracana\/#breadcrumb"},"inLanguage":"pt-BR","potentialAction":[{"@type":"ReadAction","target":["https:\/\/www.gaveanews.com\/index.php\/2019\/03\/10\/video-flagra-atacante-do-vasco-fazendo-gesto-obsceno-para-torcedores-do-flamengo-no-maracana\/"]}]},{"@type":"ImageObject","inLanguage":"pt-BR","@id":"https:\/\/www.gaveanews.com\/index.php\/2019\/03\/10\/video-flagra-atacante-do-vasco-fazendo-gesto-obsceno-para-torcedores-do-flamengo-no-maracana\/#primaryimage","url":"https:\/\/www.gaveanews.com\/wp-content\/uploads\/2019\/03\/Maxi-Lopez-durante-comemoracao-de-gol-marcado-pelo-Vasco.webp","contentUrl":"https:\/\/www.gaveanews.com\/wp-content\/uploads\/2019\/03\/Maxi-Lopez-durante-comemoracao-de-gol-marcado-pelo-Vasco.webp","caption":"Maxi Lopez durante comemora\u00e7\u00e3o de gol marcado pelo Vasco (Foto: Rafael Ribeiro\/Vasco)"},{"@type":"BreadcrumbList","@id":"https:\/\/www.gaveanews.com\/index.php\/2019\/03\/10\/video-flagra-atacante-do-vasco-fazendo-gesto-obsceno-para-torcedores-do-flamengo-no-maracana\/#breadcrumb","itemListElement":[{"@type":"ListItem","position":1,"name":"Home","item":"https:\/\/www.gaveanews.com\/"},{"@type":"ListItem","position":2,"name":"V\u00eddeo flagra atacante do Vasco fazendo gesto obsceno para torcedores do Flamengo no Maracan\u00e3"}]},{"@type":"WebSite","@id":"https:\/\/www.gaveanews.com\/#website","url":"https:\/\/www.gaveanews.com\/","name":"G\u00e1vea News","description":"Veja todas as not\u00edcias sobre o Flamengo: Contrata\u00e7\u00f5es, categorias de base, resultados das partidas, tabela de classifica\u00e7\u00e3o, pr\u00f3ximos jogos!","potentialAction":[{"@type":"SearchAction","target":{"@type":"EntryPoint","urlTemplate":"https:\/\/www.gaveanews.com\/?s={search_term_string}"},"query-input":{"@type":"PropertyValueSpecification","valueRequired":true,"valueName":"search_term_string"}}],"inLanguage":"pt-BR"},{"@type":"Person","@id":"https:\/\/www.gaveanews.com\/#\/schema\/person\/2ec14f73fb96be2caf28f91afb14749d","name":"Equipe G\u00e1vea News","image":{"@type":"ImageObject","inLanguage":"pt-BR","@id":"https:\/\/www.gaveanews.com\/#\/schema\/person\/image\/","url":"https:\/\/secure.gravatar.com\/avatar\/1e1956f1facbffd3f8fa53a326721950116b3b9dc9bd44939c01180fd4a745a9?s=96&d=mm&r=g","contentUrl":"https:\/\/secure.gravatar.com\/avatar\/1e1956f1facbffd3f8fa53a326721950116b3b9dc9bd44939c01180fd4a745a9?s=96&d=mm&r=g","caption":"Equipe G\u00e1vea News"}}]}},"_links":{"self":[{"href":"https:\/\/www.gaveanews.com\/index.php\/wp-json\/wp\/v2\/posts\/14938","targetHints":{"allow":["GET"]}}],"collection":[{"href":"https:\/\/www.gaveanews.com\/index.php\/wp-json\/wp\/v2\/posts"}],"about":[{"href":"https:\/\/www.gaveanews.com\/index.php\/wp-json\/wp\/v2\/types\/post"}],"author":[{"embeddable":true,"href":"https:\/\/www.gaveanews.com\/index.php\/wp-json\/wp\/v2\/users\/1"}],"replies":[{"embeddable":true,"href":"https:\/\/www.gaveanews.com\/index.php\/wp-json\/wp\/v2\/comments?post=14938"}],"version-history":[{"count":0,"href":"https:\/\/www.gaveanews.com\/index.php\/wp-json\/wp\/v2\/posts\/14938\/revisions"}],"wp:featuredmedia":[{"embeddable":true,"href":"https:\/\/www.gaveanews.com\/index.php\/wp-json\/wp\/v2\/media\/16275"}],"wp:attachment":[{"href":"https:\/\/www.gaveanews.com\/index.php\/wp-json\/wp\/v2\/media?parent=14938"}],"wp:term":[{"taxonomy":"category","embeddable":true,"href":"https:\/\/www.gaveanews.com\/index.php\/wp-json\/wp\/v2\/categories?post=14938"},{"taxonomy":"post_tag","embeddable":true,"href":"https:\/\/www.gaveanews.com\/index.php\/wp-json\/wp\/v2\/tags?post=14938"}],"curies":[{"name":"wp","href":"https:\/\/api.w.org\/{rel}","templated":true}]}}