{"id":149568,"date":"2024-06-27T13:11:10","date_gmt":"2024-06-27T16:11:10","guid":{"rendered":"https:\/\/www.gaveanews.com\/?p=149568"},"modified":"2024-06-27T13:11:12","modified_gmt":"2024-06-27T16:11:12","slug":"a-declaracao-de-paulo-bracks-sobre-a-utilizacao-dos-meninos-da-vila","status":"publish","type":"post","link":"https:\/\/www.gaveanews.com\/index.php\/2024\/06\/27\/a-declaracao-de-paulo-bracks-sobre-a-utilizacao-dos-meninos-da-vila\/","title":{"rendered":"A declara\u00e7\u00e3o de Paulo Bracks sobre a utiliza\u00e7\u00e3o dos meninos da Vila"},"content":{"rendered":"\n<h2 class=\"wp-block-heading\" id=\"h-apos-polemicas-com-a-pouca-utilizacao-da-base-santista-paulo-bracks-afirmou-que-santos-precisa-olhar-com-mais-carinho-para-essa-questao\">Ap\u00f3s pol\u00eamicas com a pouca utiliza\u00e7\u00e3o da base santista, Paulo Bracks afirmou que Santos precisa olhar com mais carinho para essa quest\u00e3o<\/h2>\n\n\n\n<p>Paulo Bracks, deixou claro em suas primeiras declara\u00e7\u00f5es o foco na forma\u00e7\u00e3o de jogadores a partir das categorias de base do clube. Com uma trajet\u00f3ria marcada pelo sucesso em clubes como Am\u00e9rica, Internacional e Vasco, Bracks v\u00ea na base n\u00e3o apenas o in\u00edcio, mas o sustento de um time competitivo.<\/p>\n\n\n\n<p>\u2014 <em>A base sempre foi a &#8216;menina dos meus olhos&#8217;. Desde meu trabalho no Am\u00e9rica, Internacional e Vasco. A base \u00e9 o in\u00edcio e ao mesmo tempo o sustento. O Santos sempre produziu e formou muitos jogadores de alt\u00edssimo n\u00edvel para o futebol mundial<\/em>, afirmou Bracks.<\/p>\n\n\n\n<p>Para ele, o objetivo \u00e9 que esses talentos, antes de serem negociados com o mercado exterior, possam atuar e performar no pr\u00f3prio Santos. <\/p>\n\n\n\n<p>\u2014 <em>Eu quero ver esses jogadores primeiro jogando aqui, para depois serem ativos e talvez serem negociados para o mercado exterior. O Santos precisa olhar cada vez mais para sua base, mais at\u00e9 do que outras \u00e1reas. Pode ter certeza que vai ser uma imers\u00e3o muito grande minha dentro da base. Sub-17, Sub-20. Dar condi\u00e7\u00f5es aos atletas para atuarem e performarem aqui dentro. Meu objetivo \u00e9 que performem aqui<\/em>, destacou o novo CEO.<\/p>\n\n\n\n<p>Paulo Bracks ressaltou a necessidade de fornecer uma estrutura adequada para que esses jogadores se desenvolvam.<\/p>\n\n\n\n<p>\u2014 <em>Quando eu vejo o Chermont atuando, performando, respeitando os outros atletas, queremos mais e precisamos produzir. N\u00e3o \u00e9 uma f\u00e1brica de talentos para si, precisamos dar condi\u00e7\u00e3o estrutural para esses jogadores trabalharem. Metodologia, coordena\u00e7\u00e3o, ter esse atleta apto no momento correto<\/em>, explicou.<\/p>\n\n\n\n<p>Ele tamb\u00e9m falou sobre sua inten\u00e7\u00e3o de estar pr\u00f3ximo e diretamente envolvido nas decis\u00f5es relacionadas \u00e0 base. <\/p>\n\n\n\n<p>\u2014 <em>Me aproximar disso, estar pr\u00f3ximo para efetivar essas decis\u00f5es, vou estar. Com pessoas que trabalhar\u00e3o comigo,<\/em> afirmou Bracks.<\/p>\n\n\n\n<p>O Santos, reconhecido por revelar talentos como Neymar, Robinho e Rodrygo, continuar\u00e1 a valorizar suas categorias de base sob a gest\u00e3o de Bracks. <\/p>\n\n\n\n<p>\u2014 <em>Nas \u00faltimas grandes vendas do futebol brasileiro foram do Santos, de atletas que foram formados aqui dentro. Respeitar as gera\u00e7\u00f5es, mas com trabalho. Sempre foi uma aten\u00e7\u00e3o muito grande que tive na minha carreira, gosto, sei trabalhar e vou me aproximar. O Santos desperta em mim essa vontade de trabalhar pr\u00f3ximo dos Meninos da Vila,<\/em> concluiu.<\/p>\n\n\n\n<p>A expectativa \u00e9 que, com essa abordagem focada na base, o Santos mantenha e reforce sua tradi\u00e7\u00e3o de revelar grandes talentos para o futebol mundial, assegurando tamb\u00e9m o fortalecimento do time principal com jogadores formados em casa.<\/p>\n","protected":false},"excerpt":{"rendered":"<p>Ap\u00f3s pol\u00eamicas com a pouca utiliza\u00e7\u00e3o da base santista, Paulo Bracks afirmou que Santos precisa olhar com mais carinho para essa quest\u00e3o Paulo Bracks, deixou claro em suas primeiras declara\u00e7\u00f5es o foco na forma\u00e7\u00e3o de jogadores a partir das categorias de base do clube. Com uma trajet\u00f3ria marcada pelo sucesso em clubes como Am\u00e9rica, Internacional [&hellip;]<\/p>\n","protected":false},"author":17,"featured_media":144926,"comment_status":"open","ping_status":"closed","sticky":false,"template":"","format":"standard","meta":{"footnotes":""},"categories":[139],"tags":[368,333],"class_list":["post-149568","post","type-post","status-publish","format-standard","has-post-thumbnail","hentry","category-santos","tag-meninos-da-vila","tag-paulo-bracks"],"yoast_head":"<!-- This site is optimized with the Yoast SEO Premium plugin v24.2 (Yoast SEO v26.9) - https:\/\/yoast.com\/product\/yoast-seo-premium-wordpress\/ -->\n<title>A declara\u00e7\u00e3o de Paulo Bracks sobre a utiliza\u00e7\u00e3o dos meninos da Vila<\/title>\n<meta name=\"robots\" content=\"index, follow, max-snippet:-1, max-image-preview:large, max-video-preview:-1\" \/>\n<link rel=\"canonical\" href=\"https:\/\/www.gaveanews.com\/index.php\/2024\/06\/27\/a-declaracao-de-paulo-bracks-sobre-a-utilizacao-dos-meninos-da-vila\/\" \/>\n<meta property=\"og:locale\" content=\"pt_BR\" \/>\n<meta property=\"og:type\" content=\"article\" \/>\n<meta property=\"og:title\" content=\"A declara\u00e7\u00e3o de Paulo Bracks sobre a utiliza\u00e7\u00e3o dos meninos da Vila\" \/>\n<meta property=\"og:description\" content=\"Ap\u00f3s pol\u00eamicas com a pouca utiliza\u00e7\u00e3o da base santista, Paulo Bracks afirmou que Santos precisa olhar com mais carinho para essa quest\u00e3o Paulo Bracks, deixou claro em suas primeiras declara\u00e7\u00f5es o foco na forma\u00e7\u00e3o de jogadores a partir das categorias de base do clube. Com uma trajet\u00f3ria marcada pelo sucesso em clubes como Am\u00e9rica, Internacional [&hellip;]\" \/>\n<meta property=\"og:url\" content=\"https:\/\/www.gaveanews.com\/index.php\/2024\/06\/27\/a-declaracao-de-paulo-bracks-sobre-a-utilizacao-dos-meninos-da-vila\/\" \/>\n<meta property=\"og:site_name\" content=\"G\u00e1vea News\" \/>\n<meta property=\"article:publisher\" content=\"https:\/\/facebook.com\/gaveaNews\/\" \/>\n<meta property=\"article:published_time\" content=\"2024-06-27T16:11:10+00:00\" \/>\n<meta property=\"article:modified_time\" content=\"2024-06-27T16:11:12+00:00\" \/>\n<meta property=\"og:image\" content=\"https:\/\/www.gaveanews.com\/wp-content\/uploads\/america-mg-x-santos-onde-assistir-ao-vivo-e-escalacoes-da-partida_widelg.webp\" \/>\n\t<meta property=\"og:image:width\" content=\"800\" \/>\n\t<meta property=\"og:image:height\" content=\"450\" \/>\n\t<meta property=\"og:image:type\" content=\"image\/jpeg\" \/>\n<meta name=\"author\" content=\"Geovanna Thomaz\" \/>\n<meta name=\"twitter:card\" content=\"summary_large_image\" \/>\n<meta name=\"twitter:label1\" content=\"Escrito por\" \/>\n\t<meta name=\"twitter:data1\" content=\"Geovanna Thomaz\" \/>\n\t<meta name=\"twitter:label2\" content=\"Est. tempo de leitura\" \/>\n\t<meta name=\"twitter:data2\" content=\"3 minutos\" \/>\n<script type=\"application\/ld+json\" class=\"yoast-schema-graph\">{\"@context\":\"https:\/\/schema.org\",\"@graph\":[{\"@type\":\"NewsArticle\",\"@id\":\"https:\/\/www.gaveanews.com\/index.php\/2024\/06\/27\/a-declaracao-de-paulo-bracks-sobre-a-utilizacao-dos-meninos-da-vila\/#article\",\"isPartOf\":{\"@id\":\"https:\/\/www.gaveanews.com\/index.php\/2024\/06\/27\/a-declaracao-de-paulo-bracks-sobre-a-utilizacao-dos-meninos-da-vila\/\"},\"author\":{\"name\":\"Geovanna Thomaz\",\"@id\":\"https:\/\/www.gaveanews.com\/#\/schema\/person\/f42654babcd2b2014a1a65af82b081f1\"},\"headline\":\"A declara\u00e7\u00e3o de Paulo Bracks sobre a utiliza\u00e7\u00e3o dos meninos da Vila\",\"datePublished\":\"2024-06-27T16:11:10+00:00\",\"dateModified\":\"2024-06-27T16:11:12+00:00\",\"mainEntityOfPage\":{\"@id\":\"https:\/\/www.gaveanews.com\/index.php\/2024\/06\/27\/a-declaracao-de-paulo-bracks-sobre-a-utilizacao-dos-meninos-da-vila\/\"},\"wordCount\":463,\"commentCount\":0,\"image\":{\"@id\":\"https:\/\/www.gaveanews.com\/index.php\/2024\/06\/27\/a-declaracao-de-paulo-bracks-sobre-a-utilizacao-dos-meninos-da-vila\/#primaryimage\"},\"thumbnailUrl\":\"https:\/\/www.gaveanews.com\/wp-content\/uploads\/america-mg-x-santos-onde-assistir-ao-vivo-e-escalacoes-da-partida_widelg.webp\",\"keywords\":[\"Meninos da vila\",\"Paulo Bracks\"],\"articleSection\":[\"Santos\"],\"inLanguage\":\"pt-BR\",\"potentialAction\":[{\"@type\":\"CommentAction\",\"name\":\"Comment\",\"target\":[\"https:\/\/www.gaveanews.com\/index.php\/2024\/06\/27\/a-declaracao-de-paulo-bracks-sobre-a-utilizacao-dos-meninos-da-vila\/#respond\"]}],\"copyrightYear\":\"2024\",\"copyrightHolder\":{\"@id\":\"https:\/\/www.gaveanews.com\/#organization\"}},{\"@type\":\"WebPage\",\"@id\":\"https:\/\/www.gaveanews.com\/index.php\/2024\/06\/27\/a-declaracao-de-paulo-bracks-sobre-a-utilizacao-dos-meninos-da-vila\/\",\"url\":\"https:\/\/www.gaveanews.com\/index.php\/2024\/06\/27\/a-declaracao-de-paulo-bracks-sobre-a-utilizacao-dos-meninos-da-vila\/\",\"name\":\"A declara\u00e7\u00e3o de Paulo Bracks sobre a utiliza\u00e7\u00e3o dos meninos da Vila\",\"isPartOf\":{\"@id\":\"https:\/\/www.gaveanews.com\/#website\"},\"primaryImageOfPage\":{\"@id\":\"https:\/\/www.gaveanews.com\/index.php\/2024\/06\/27\/a-declaracao-de-paulo-bracks-sobre-a-utilizacao-dos-meninos-da-vila\/#primaryimage\"},\"image\":{\"@id\":\"https:\/\/www.gaveanews.com\/index.php\/2024\/06\/27\/a-declaracao-de-paulo-bracks-sobre-a-utilizacao-dos-meninos-da-vila\/#primaryimage\"},\"thumbnailUrl\":\"https:\/\/www.gaveanews.com\/wp-content\/uploads\/america-mg-x-santos-onde-assistir-ao-vivo-e-escalacoes-da-partida_widelg.webp\",\"datePublished\":\"2024-06-27T16:11:10+00:00\",\"dateModified\":\"2024-06-27T16:11:12+00:00\",\"author\":{\"@id\":\"https:\/\/www.gaveanews.com\/#\/schema\/person\/f42654babcd2b2014a1a65af82b081f1\"},\"breadcrumb\":{\"@id\":\"https:\/\/www.gaveanews.com\/index.php\/2024\/06\/27\/a-declaracao-de-paulo-bracks-sobre-a-utilizacao-dos-meninos-da-vila\/#breadcrumb\"},\"inLanguage\":\"pt-BR\",\"potentialAction\":[{\"@type\":\"ReadAction\",\"target\":[\"https:\/\/www.gaveanews.com\/index.php\/2024\/06\/27\/a-declaracao-de-paulo-bracks-sobre-a-utilizacao-dos-meninos-da-vila\/\"]}]},{\"@type\":\"ImageObject\",\"inLanguage\":\"pt-BR\",\"@id\":\"https:\/\/www.gaveanews.com\/index.php\/2024\/06\/27\/a-declaracao-de-paulo-bracks-sobre-a-utilizacao-dos-meninos-da-vila\/#primaryimage\",\"url\":\"https:\/\/www.gaveanews.com\/wp-content\/uploads\/america-mg-x-santos-onde-assistir-ao-vivo-e-escalacoes-da-partida_widelg.webp\",\"contentUrl\":\"https:\/\/www.gaveanews.com\/wp-content\/uploads\/america-mg-x-santos-onde-assistir-ao-vivo-e-escalacoes-da-partida_widelg.webp\",\"width\":800,\"height\":450,\"caption\":\"Santos enfrentar\u00e1 o Am\u00e9rica-MG fora de casa - Santos\/Flickr\"},{\"@type\":\"BreadcrumbList\",\"@id\":\"https:\/\/www.gaveanews.com\/index.php\/2024\/06\/27\/a-declaracao-de-paulo-bracks-sobre-a-utilizacao-dos-meninos-da-vila\/#breadcrumb\",\"itemListElement\":[{\"@type\":\"ListItem\",\"position\":1,\"name\":\"Home\",\"item\":\"https:\/\/www.gaveanews.com\/\"},{\"@type\":\"ListItem\",\"position\":2,\"name\":\"A declara\u00e7\u00e3o de Paulo Bracks sobre a utiliza\u00e7\u00e3o dos meninos da Vila\"}]},{\"@type\":\"WebSite\",\"@id\":\"https:\/\/www.gaveanews.com\/#website\",\"url\":\"https:\/\/www.gaveanews.com\/\",\"name\":\"G\u00e1vea News\",\"description\":\"Veja todas as not\u00edcias sobre o Flamengo: Contrata\u00e7\u00f5es, categorias de base, resultados das partidas, tabela de classifica\u00e7\u00e3o, pr\u00f3ximos jogos!\",\"potentialAction\":[{\"@type\":\"SearchAction\",\"target\":{\"@type\":\"EntryPoint\",\"urlTemplate\":\"https:\/\/www.gaveanews.com\/?s={search_term_string}\"},\"query-input\":{\"@type\":\"PropertyValueSpecification\",\"valueRequired\":true,\"valueName\":\"search_term_string\"}}],\"inLanguage\":\"pt-BR\"},{\"@type\":\"Person\",\"@id\":\"https:\/\/www.gaveanews.com\/#\/schema\/person\/f42654babcd2b2014a1a65af82b081f1\",\"name\":\"Geovanna Thomaz\",\"image\":{\"@type\":\"ImageObject\",\"inLanguage\":\"pt-BR\",\"@id\":\"https:\/\/www.gaveanews.com\/#\/schema\/person\/image\/\",\"url\":\"https:\/\/secure.gravatar.com\/avatar\/4092073255489533afb558984b49b64268c47198af8623cc82a925ae9fb7118a?s=96&d=mm&r=g\",\"contentUrl\":\"https:\/\/secure.gravatar.com\/avatar\/4092073255489533afb558984b49b64268c47198af8623cc82a925ae9fb7118a?s=96&d=mm&r=g\",\"caption\":\"Geovanna Thomaz\"}}]}<\/script>\n<!-- \/ Yoast SEO Premium plugin. -->","yoast_head_json":{"title":"A declara\u00e7\u00e3o de Paulo Bracks sobre a utiliza\u00e7\u00e3o dos meninos da Vila","robots":{"index":"index","follow":"follow","max-snippet":"max-snippet:-1","max-image-preview":"max-image-preview:large","max-video-preview":"max-video-preview:-1"},"canonical":"https:\/\/www.gaveanews.com\/index.php\/2024\/06\/27\/a-declaracao-de-paulo-bracks-sobre-a-utilizacao-dos-meninos-da-vila\/","og_locale":"pt_BR","og_type":"article","og_title":"A declara\u00e7\u00e3o de Paulo Bracks sobre a utiliza\u00e7\u00e3o dos meninos da Vila","og_description":"Ap\u00f3s pol\u00eamicas com a pouca utiliza\u00e7\u00e3o da base santista, Paulo Bracks afirmou que Santos precisa olhar com mais carinho para essa quest\u00e3o Paulo Bracks, deixou claro em suas primeiras declara\u00e7\u00f5es o foco na forma\u00e7\u00e3o de jogadores a partir das categorias de base do clube. Com uma trajet\u00f3ria marcada pelo sucesso em clubes como Am\u00e9rica, Internacional [&hellip;]","og_url":"https:\/\/www.gaveanews.com\/index.php\/2024\/06\/27\/a-declaracao-de-paulo-bracks-sobre-a-utilizacao-dos-meninos-da-vila\/","og_site_name":"G\u00e1vea News","article_publisher":"https:\/\/facebook.com\/gaveaNews\/","article_published_time":"2024-06-27T16:11:10+00:00","article_modified_time":"2024-06-27T16:11:12+00:00","og_image":[{"width":800,"height":450,"url":"https:\/\/www.gaveanews.com\/wp-content\/uploads\/america-mg-x-santos-onde-assistir-ao-vivo-e-escalacoes-da-partida_widelg.webp","type":"image\/jpeg"}],"author":"Geovanna Thomaz","twitter_card":"summary_large_image","twitter_misc":{"Escrito por":"Geovanna Thomaz","Est. tempo de leitura":"3 minutos"},"schema":{"@context":"https:\/\/schema.org","@graph":[{"@type":"NewsArticle","@id":"https:\/\/www.gaveanews.com\/index.php\/2024\/06\/27\/a-declaracao-de-paulo-bracks-sobre-a-utilizacao-dos-meninos-da-vila\/#article","isPartOf":{"@id":"https:\/\/www.gaveanews.com\/index.php\/2024\/06\/27\/a-declaracao-de-paulo-bracks-sobre-a-utilizacao-dos-meninos-da-vila\/"},"author":{"name":"Geovanna Thomaz","@id":"https:\/\/www.gaveanews.com\/#\/schema\/person\/f42654babcd2b2014a1a65af82b081f1"},"headline":"A declara\u00e7\u00e3o de Paulo Bracks sobre a utiliza\u00e7\u00e3o dos meninos da Vila","datePublished":"2024-06-27T16:11:10+00:00","dateModified":"2024-06-27T16:11:12+00:00","mainEntityOfPage":{"@id":"https:\/\/www.gaveanews.com\/index.php\/2024\/06\/27\/a-declaracao-de-paulo-bracks-sobre-a-utilizacao-dos-meninos-da-vila\/"},"wordCount":463,"commentCount":0,"image":{"@id":"https:\/\/www.gaveanews.com\/index.php\/2024\/06\/27\/a-declaracao-de-paulo-bracks-sobre-a-utilizacao-dos-meninos-da-vila\/#primaryimage"},"thumbnailUrl":"https:\/\/www.gaveanews.com\/wp-content\/uploads\/america-mg-x-santos-onde-assistir-ao-vivo-e-escalacoes-da-partida_widelg.webp","keywords":["Meninos da vila","Paulo Bracks"],"articleSection":["Santos"],"inLanguage":"pt-BR","potentialAction":[{"@type":"CommentAction","name":"Comment","target":["https:\/\/www.gaveanews.com\/index.php\/2024\/06\/27\/a-declaracao-de-paulo-bracks-sobre-a-utilizacao-dos-meninos-da-vila\/#respond"]}],"copyrightYear":"2024","copyrightHolder":{"@id":"https:\/\/www.gaveanews.com\/#organization"}},{"@type":"WebPage","@id":"https:\/\/www.gaveanews.com\/index.php\/2024\/06\/27\/a-declaracao-de-paulo-bracks-sobre-a-utilizacao-dos-meninos-da-vila\/","url":"https:\/\/www.gaveanews.com\/index.php\/2024\/06\/27\/a-declaracao-de-paulo-bracks-sobre-a-utilizacao-dos-meninos-da-vila\/","name":"A declara\u00e7\u00e3o de Paulo Bracks sobre a utiliza\u00e7\u00e3o dos meninos da Vila","isPartOf":{"@id":"https:\/\/www.gaveanews.com\/#website"},"primaryImageOfPage":{"@id":"https:\/\/www.gaveanews.com\/index.php\/2024\/06\/27\/a-declaracao-de-paulo-bracks-sobre-a-utilizacao-dos-meninos-da-vila\/#primaryimage"},"image":{"@id":"https:\/\/www.gaveanews.com\/index.php\/2024\/06\/27\/a-declaracao-de-paulo-bracks-sobre-a-utilizacao-dos-meninos-da-vila\/#primaryimage"},"thumbnailUrl":"https:\/\/www.gaveanews.com\/wp-content\/uploads\/america-mg-x-santos-onde-assistir-ao-vivo-e-escalacoes-da-partida_widelg.webp","datePublished":"2024-06-27T16:11:10+00:00","dateModified":"2024-06-27T16:11:12+00:00","author":{"@id":"https:\/\/www.gaveanews.com\/#\/schema\/person\/f42654babcd2b2014a1a65af82b081f1"},"breadcrumb":{"@id":"https:\/\/www.gaveanews.com\/index.php\/2024\/06\/27\/a-declaracao-de-paulo-bracks-sobre-a-utilizacao-dos-meninos-da-vila\/#breadcrumb"},"inLanguage":"pt-BR","potentialAction":[{"@type":"ReadAction","target":["https:\/\/www.gaveanews.com\/index.php\/2024\/06\/27\/a-declaracao-de-paulo-bracks-sobre-a-utilizacao-dos-meninos-da-vila\/"]}]},{"@type":"ImageObject","inLanguage":"pt-BR","@id":"https:\/\/www.gaveanews.com\/index.php\/2024\/06\/27\/a-declaracao-de-paulo-bracks-sobre-a-utilizacao-dos-meninos-da-vila\/#primaryimage","url":"https:\/\/www.gaveanews.com\/wp-content\/uploads\/america-mg-x-santos-onde-assistir-ao-vivo-e-escalacoes-da-partida_widelg.webp","contentUrl":"https:\/\/www.gaveanews.com\/wp-content\/uploads\/america-mg-x-santos-onde-assistir-ao-vivo-e-escalacoes-da-partida_widelg.webp","width":800,"height":450,"caption":"Santos enfrentar\u00e1 o Am\u00e9rica-MG fora de casa - Santos\/Flickr"},{"@type":"BreadcrumbList","@id":"https:\/\/www.gaveanews.com\/index.php\/2024\/06\/27\/a-declaracao-de-paulo-bracks-sobre-a-utilizacao-dos-meninos-da-vila\/#breadcrumb","itemListElement":[{"@type":"ListItem","position":1,"name":"Home","item":"https:\/\/www.gaveanews.com\/"},{"@type":"ListItem","position":2,"name":"A declara\u00e7\u00e3o de Paulo Bracks sobre a utiliza\u00e7\u00e3o dos meninos da Vila"}]},{"@type":"WebSite","@id":"https:\/\/www.gaveanews.com\/#website","url":"https:\/\/www.gaveanews.com\/","name":"G\u00e1vea News","description":"Veja todas as not\u00edcias sobre o Flamengo: Contrata\u00e7\u00f5es, categorias de base, resultados das partidas, tabela de classifica\u00e7\u00e3o, pr\u00f3ximos jogos!","potentialAction":[{"@type":"SearchAction","target":{"@type":"EntryPoint","urlTemplate":"https:\/\/www.gaveanews.com\/?s={search_term_string}"},"query-input":{"@type":"PropertyValueSpecification","valueRequired":true,"valueName":"search_term_string"}}],"inLanguage":"pt-BR"},{"@type":"Person","@id":"https:\/\/www.gaveanews.com\/#\/schema\/person\/f42654babcd2b2014a1a65af82b081f1","name":"Geovanna Thomaz","image":{"@type":"ImageObject","inLanguage":"pt-BR","@id":"https:\/\/www.gaveanews.com\/#\/schema\/person\/image\/","url":"https:\/\/secure.gravatar.com\/avatar\/4092073255489533afb558984b49b64268c47198af8623cc82a925ae9fb7118a?s=96&d=mm&r=g","contentUrl":"https:\/\/secure.gravatar.com\/avatar\/4092073255489533afb558984b49b64268c47198af8623cc82a925ae9fb7118a?s=96&d=mm&r=g","caption":"Geovanna Thomaz"}}]}},"_links":{"self":[{"href":"https:\/\/www.gaveanews.com\/index.php\/wp-json\/wp\/v2\/posts\/149568","targetHints":{"allow":["GET"]}}],"collection":[{"href":"https:\/\/www.gaveanews.com\/index.php\/wp-json\/wp\/v2\/posts"}],"about":[{"href":"https:\/\/www.gaveanews.com\/index.php\/wp-json\/wp\/v2\/types\/post"}],"author":[{"embeddable":true,"href":"https:\/\/www.gaveanews.com\/index.php\/wp-json\/wp\/v2\/users\/17"}],"replies":[{"embeddable":true,"href":"https:\/\/www.gaveanews.com\/index.php\/wp-json\/wp\/v2\/comments?post=149568"}],"version-history":[{"count":2,"href":"https:\/\/www.gaveanews.com\/index.php\/wp-json\/wp\/v2\/posts\/149568\/revisions"}],"predecessor-version":[{"id":149588,"href":"https:\/\/www.gaveanews.com\/index.php\/wp-json\/wp\/v2\/posts\/149568\/revisions\/149588"}],"wp:featuredmedia":[{"embeddable":true,"href":"https:\/\/www.gaveanews.com\/index.php\/wp-json\/wp\/v2\/media\/144926"}],"wp:attachment":[{"href":"https:\/\/www.gaveanews.com\/index.php\/wp-json\/wp\/v2\/media?parent=149568"}],"wp:term":[{"taxonomy":"category","embeddable":true,"href":"https:\/\/www.gaveanews.com\/index.php\/wp-json\/wp\/v2\/categories?post=149568"},{"taxonomy":"post_tag","embeddable":true,"href":"https:\/\/www.gaveanews.com\/index.php\/wp-json\/wp\/v2\/tags?post=149568"}],"curies":[{"name":"wp","href":"https:\/\/api.w.org\/{rel}","templated":true}]}}