{"id":149599,"date":"2024-06-27T13:49:32","date_gmt":"2024-06-27T16:49:32","guid":{"rendered":"https:\/\/www.gaveanews.com\/?p=149599"},"modified":"2024-06-27T13:49:45","modified_gmt":"2024-06-27T16:49:45","slug":"toni-kroos-indica-meia-ao-real-madrid","status":"publish","type":"post","link":"https:\/\/www.gaveanews.com\/index.php\/2024\/06\/27\/toni-kroos-indica-meia-ao-real-madrid\/","title":{"rendered":"Toni Kroos indica meia ao Real Madrid"},"content":{"rendered":"\n<p>O Real Madrid est\u00e1 atento \u00e0 Eurocopa 2024, utilizando o torneio como uma oportunidade para identificar potenciais refor\u00e7os no futebol europeu. Nesta janela de transfer\u00eancias, o clube merengue fechou a contrata\u00e7\u00e3o de Kylian Mbapp\u00e9, enquanto Endrick, que j\u00e1 havia acordado anteriormente, ser\u00e1 integrado ao elenco. Contudo, Florentino P\u00e9rez, presidente do Real Madrid, pretende continuar investindo no time.<\/p>\n\n\n\n<p>Um dos nomes que est\u00e1 sendo fortemente considerado \u00e9 Jamal Musiala, meio-campista do Bayern de Munique e destaque da sele\u00e7\u00e3o alem\u00e3. A recomenda\u00e7\u00e3o para contratar Musiala veio de Toni Kroos, um dos maiores meio-campistas da hist\u00f3ria do clube, que acredita que o jovem de 21 anos tem o perfil ideal para brilhar no Real Madrid. Musiala tem se destacado na Eurocopa 2024, com dois gols em tr\u00eas jogos at\u00e9 agora.<\/p>\n\n\n\n<p>A avalia\u00e7\u00e3o de Musiala no mercado \u00e9 alta. Segundo o site Transfermarkt, o jogador est\u00e1 avaliado em 120 milh\u00f5es de euros, o que equivale a 710 milh\u00f5es de reais. Essa cifra, no entanto, n\u00e3o assusta o Real Madrid, que est\u00e1 disposto a fazer um investimento significativo para garantir a contrata\u00e7\u00e3o do atleta.<\/p>\n\n\n\n<figure class=\"wp-block-image size-large\"><img loading=\"lazy\" decoding=\"async\" width=\"819\" height=\"1024\" src=\"https:\/\/www.gaveanews.com\/wp-content\/uploads\/jamalmusiala10_1707512032815-819x1024.webp\" alt=\"\" class=\"wp-image-126639\" srcset=\"https:\/\/www.gaveanews.com\/wp-content\/uploads\/jamalmusiala10_1707512032815-819x1024.webp 819w, https:\/\/www.gaveanews.com\/wp-content\/uploads\/jamalmusiala10_1707512032815-240x300.webp 240w, https:\/\/www.gaveanews.com\/wp-content\/uploads\/jamalmusiala10_1707512032815-768x960.webp 768w, https:\/\/www.gaveanews.com\/wp-content\/uploads\/jamalmusiala10_1707512032815-1229x1536.webp 1229w, https:\/\/www.gaveanews.com\/wp-content\/uploads\/jamalmusiala10_1707512032815-336x420.webp 336w, https:\/\/www.gaveanews.com\/wp-content\/uploads\/jamalmusiala10_1707512032815-672x840.webp 672w, https:\/\/www.gaveanews.com\/wp-content\/uploads\/jamalmusiala10_1707512032815-640x800.webp 640w, https:\/\/www.gaveanews.com\/wp-content\/uploads\/jamalmusiala10_1707512032815-1280x1600.webp 1280w, https:\/\/www.gaveanews.com\/wp-content\/uploads\/jamalmusiala10_1707512032815-681x851.webp 681w, https:\/\/www.gaveanews.com\/wp-content\/uploads\/jamalmusiala10_1707512032815-1362x1703.webp 1362w, https:\/\/www.gaveanews.com\/wp-content\/uploads\/jamalmusiala10_1707512032815-100x125.webp 100w, https:\/\/www.gaveanews.com\/wp-content\/uploads\/jamalmusiala10_1707512032815.webp 1440w\" sizes=\"auto, (max-width: 819px) 100vw, 819px\" \/><figcaption class=\"wp-element-caption\">Jamal Musiala pela sele\u00e7\u00e3o da Alemanha (Foto: Reprodu\u00e7\u00e3o\/Instagram)<\/figcaption><\/figure>\n\n\n\n<p>Apesar do interesse do Real Madrid, a negocia\u00e7\u00e3o n\u00e3o ser\u00e1 simples. O Manchester City tamb\u00e9m demonstrou interesse em Musiala, e o Bayern de Munique n\u00e3o est\u00e1 disposto a facilitar a sa\u00edda de uma de suas principais refer\u00eancias. Na \u00faltima temporada, Musiala disputou 38 jogos, marcou 12 gols e deu sete assist\u00eancias, comprovando sua import\u00e2ncia para o time alem\u00e3o.<\/p>\n\n\n\n<h2 class=\"wp-block-heading\" id=\"h-o-legado-do-real-madrid\">O Legado do Real Madrid<\/h2>\n\n\n\n<p>O Real Madrid \u00e9 um dos clubes mais prestigiados e bem-sucedidos do mundo, com uma hist\u00f3ria centen\u00e1ria repleta de conquistas tanto no cen\u00e1rio nacional quanto internacional. Desde sua funda\u00e7\u00e3o em 1902, o clube se destacou como uma pot\u00eancia no futebol espanhol, acumulando in\u00fameros t\u00edtulos da La Liga e da Copa do Rei. No entanto, foi sua impressionante cole\u00e7\u00e3o de 14 t\u00edtulos da UEFA Champions League que solidificou sua reputa\u00e7\u00e3o como um gigante do futebol europeu.<\/p>\n\n\n\n<p>Al\u00e9m disso, o Real Madrid \u00e9 conhecido por sua pol\u00edtica de contrata\u00e7\u00e3o de \u201cGal\u00e1cticos\u201d, que trouxe alguns dos maiores nomes do esporte para o Santiago Bernab\u00e9u, contribuindo para um legado de excel\u00eancia e momentos memor\u00e1veis. Fora dos gramados, o clube mant\u00e9m uma influ\u00eancia global, com uma vasta base de f\u00e3s e iniciativas sociais e de caridade.<\/p>\n","protected":false},"excerpt":{"rendered":"<p>O Real Madrid est\u00e1 atento \u00e0 Eurocopa 2024, utilizando o torneio como uma oportunidade para identificar potenciais refor\u00e7os no futebol europeu. Nesta janela de transfer\u00eancias, o clube merengue fechou a contrata\u00e7\u00e3o de Kylian Mbapp\u00e9, enquanto Endrick, que j\u00e1 havia acordado anteriormente, ser\u00e1 integrado ao elenco. Contudo, Florentino P\u00e9rez, presidente do Real Madrid, pretende continuar investindo [&hellip;]<\/p>\n","protected":false},"author":15,"featured_media":126875,"comment_status":"open","ping_status":"closed","sticky":false,"template":"","format":"standard","meta":{"footnotes":""},"categories":[88],"tags":[],"class_list":["post-149599","post","type-post","status-publish","format-standard","has-post-thumbnail","hentry","category-real-madrid"],"yoast_head":"<!-- This site is optimized with the Yoast SEO Premium plugin v24.2 (Yoast SEO v26.9) - https:\/\/yoast.com\/product\/yoast-seo-premium-wordpress\/ -->\n<title>Toni Kroos indica meia ao Real Madrid<\/title>\n<meta name=\"robots\" content=\"index, follow, max-snippet:-1, max-image-preview:large, max-video-preview:-1\" \/>\n<link rel=\"canonical\" href=\"https:\/\/www.gaveanews.com\/index.php\/2024\/06\/27\/toni-kroos-indica-meia-ao-real-madrid\/\" \/>\n<meta property=\"og:locale\" content=\"pt_BR\" \/>\n<meta property=\"og:type\" content=\"article\" \/>\n<meta property=\"og:title\" content=\"Toni Kroos indica meia ao Real Madrid\" \/>\n<meta property=\"og:description\" content=\"O Real Madrid est\u00e1 atento \u00e0 Eurocopa 2024, utilizando o torneio como uma oportunidade para identificar potenciais refor\u00e7os no futebol europeu. Nesta janela de transfer\u00eancias, o clube merengue fechou a contrata\u00e7\u00e3o de Kylian Mbapp\u00e9, enquanto Endrick, que j\u00e1 havia acordado anteriormente, ser\u00e1 integrado ao elenco. Contudo, Florentino P\u00e9rez, presidente do Real Madrid, pretende continuar investindo [&hellip;]\" \/>\n<meta property=\"og:url\" content=\"https:\/\/www.gaveanews.com\/index.php\/2024\/06\/27\/toni-kroos-indica-meia-ao-real-madrid\/\" \/>\n<meta property=\"og:site_name\" content=\"G\u00e1vea News\" \/>\n<meta property=\"article:publisher\" content=\"https:\/\/facebook.com\/gaveaNews\/\" \/>\n<meta property=\"article:published_time\" content=\"2024-06-27T16:49:32+00:00\" \/>\n<meta property=\"article:modified_time\" content=\"2024-06-27T16:49:45+00:00\" \/>\n<meta property=\"og:image\" content=\"https:\/\/www.gaveanews.com\/wp-content\/uploads\/toni.kr8s_1707856536648.webp\" \/>\n\t<meta property=\"og:image:width\" content=\"1000\" \/>\n\t<meta property=\"og:image:height\" content=\"666\" \/>\n\t<meta property=\"og:image:type\" content=\"image\/jpeg\" \/>\n<meta name=\"author\" content=\"Henrique Machado\" \/>\n<meta name=\"twitter:card\" content=\"summary_large_image\" \/>\n<meta name=\"twitter:label1\" content=\"Escrito por\" \/>\n\t<meta name=\"twitter:data1\" content=\"Henrique Machado\" \/>\n\t<meta name=\"twitter:label2\" content=\"Est. tempo de leitura\" \/>\n\t<meta name=\"twitter:data2\" content=\"3 minutos\" \/>\n<script type=\"application\/ld+json\" class=\"yoast-schema-graph\">{\"@context\":\"https:\/\/schema.org\",\"@graph\":[{\"@type\":\"NewsArticle\",\"@id\":\"https:\/\/www.gaveanews.com\/index.php\/2024\/06\/27\/toni-kroos-indica-meia-ao-real-madrid\/#article\",\"isPartOf\":{\"@id\":\"https:\/\/www.gaveanews.com\/index.php\/2024\/06\/27\/toni-kroos-indica-meia-ao-real-madrid\/\"},\"author\":{\"name\":\"Henrique Machado\",\"@id\":\"https:\/\/www.gaveanews.com\/#\/schema\/person\/fd07635ec039ec3ba74ad18ec8a6dbd6\"},\"headline\":\"Toni Kroos indica meia ao Real Madrid\",\"datePublished\":\"2024-06-27T16:49:32+00:00\",\"dateModified\":\"2024-06-27T16:49:45+00:00\",\"mainEntityOfPage\":{\"@id\":\"https:\/\/www.gaveanews.com\/index.php\/2024\/06\/27\/toni-kroos-indica-meia-ao-real-madrid\/\"},\"wordCount\":419,\"commentCount\":0,\"image\":{\"@id\":\"https:\/\/www.gaveanews.com\/index.php\/2024\/06\/27\/toni-kroos-indica-meia-ao-real-madrid\/#primaryimage\"},\"thumbnailUrl\":\"https:\/\/www.gaveanews.com\/wp-content\/uploads\/toni.kr8s_1707856536648.webp\",\"articleSection\":[\"Real Madrid\"],\"inLanguage\":\"pt-BR\",\"potentialAction\":[{\"@type\":\"CommentAction\",\"name\":\"Comment\",\"target\":[\"https:\/\/www.gaveanews.com\/index.php\/2024\/06\/27\/toni-kroos-indica-meia-ao-real-madrid\/#respond\"]}],\"copyrightYear\":\"2024\",\"copyrightHolder\":{\"@id\":\"https:\/\/www.gaveanews.com\/#organization\"}},{\"@type\":\"WebPage\",\"@id\":\"https:\/\/www.gaveanews.com\/index.php\/2024\/06\/27\/toni-kroos-indica-meia-ao-real-madrid\/\",\"url\":\"https:\/\/www.gaveanews.com\/index.php\/2024\/06\/27\/toni-kroos-indica-meia-ao-real-madrid\/\",\"name\":\"Toni Kroos indica meia ao Real Madrid\",\"isPartOf\":{\"@id\":\"https:\/\/www.gaveanews.com\/#website\"},\"primaryImageOfPage\":{\"@id\":\"https:\/\/www.gaveanews.com\/index.php\/2024\/06\/27\/toni-kroos-indica-meia-ao-real-madrid\/#primaryimage\"},\"image\":{\"@id\":\"https:\/\/www.gaveanews.com\/index.php\/2024\/06\/27\/toni-kroos-indica-meia-ao-real-madrid\/#primaryimage\"},\"thumbnailUrl\":\"https:\/\/www.gaveanews.com\/wp-content\/uploads\/toni.kr8s_1707856536648.webp\",\"datePublished\":\"2024-06-27T16:49:32+00:00\",\"dateModified\":\"2024-06-27T16:49:45+00:00\",\"author\":{\"@id\":\"https:\/\/www.gaveanews.com\/#\/schema\/person\/fd07635ec039ec3ba74ad18ec8a6dbd6\"},\"breadcrumb\":{\"@id\":\"https:\/\/www.gaveanews.com\/index.php\/2024\/06\/27\/toni-kroos-indica-meia-ao-real-madrid\/#breadcrumb\"},\"inLanguage\":\"pt-BR\",\"potentialAction\":[{\"@type\":\"ReadAction\",\"target\":[\"https:\/\/www.gaveanews.com\/index.php\/2024\/06\/27\/toni-kroos-indica-meia-ao-real-madrid\/\"]}]},{\"@type\":\"ImageObject\",\"inLanguage\":\"pt-BR\",\"@id\":\"https:\/\/www.gaveanews.com\/index.php\/2024\/06\/27\/toni-kroos-indica-meia-ao-real-madrid\/#primaryimage\",\"url\":\"https:\/\/www.gaveanews.com\/wp-content\/uploads\/toni.kr8s_1707856536648.webp\",\"contentUrl\":\"https:\/\/www.gaveanews.com\/wp-content\/uploads\/toni.kr8s_1707856536648.webp\",\"width\":1000,\"height\":666,\"caption\":\"Toni Kroos em a\u00e7\u00e3o pelo Real Madrid (Foto: Reprodu\u00e7\u00e3o\/Instagram)\"},{\"@type\":\"BreadcrumbList\",\"@id\":\"https:\/\/www.gaveanews.com\/index.php\/2024\/06\/27\/toni-kroos-indica-meia-ao-real-madrid\/#breadcrumb\",\"itemListElement\":[{\"@type\":\"ListItem\",\"position\":1,\"name\":\"Home\",\"item\":\"https:\/\/www.gaveanews.com\/\"},{\"@type\":\"ListItem\",\"position\":2,\"name\":\"Toni Kroos indica meia ao Real Madrid\"}]},{\"@type\":\"WebSite\",\"@id\":\"https:\/\/www.gaveanews.com\/#website\",\"url\":\"https:\/\/www.gaveanews.com\/\",\"name\":\"G\u00e1vea News\",\"description\":\"Veja todas as not\u00edcias sobre o Flamengo: Contrata\u00e7\u00f5es, categorias de base, resultados das partidas, tabela de classifica\u00e7\u00e3o, pr\u00f3ximos jogos!\",\"potentialAction\":[{\"@type\":\"SearchAction\",\"target\":{\"@type\":\"EntryPoint\",\"urlTemplate\":\"https:\/\/www.gaveanews.com\/?s={search_term_string}\"},\"query-input\":{\"@type\":\"PropertyValueSpecification\",\"valueRequired\":true,\"valueName\":\"search_term_string\"}}],\"inLanguage\":\"pt-BR\"},{\"@type\":\"Person\",\"@id\":\"https:\/\/www.gaveanews.com\/#\/schema\/person\/fd07635ec039ec3ba74ad18ec8a6dbd6\",\"name\":\"Henrique Machado\",\"image\":{\"@type\":\"ImageObject\",\"inLanguage\":\"pt-BR\",\"@id\":\"https:\/\/www.gaveanews.com\/#\/schema\/person\/image\/\",\"url\":\"https:\/\/secure.gravatar.com\/avatar\/b95e35997e01d9800c1b6184bd79d4d898d370a3fce2584f5c77b907d5c7d9e9?s=96&d=mm&r=g\",\"contentUrl\":\"https:\/\/secure.gravatar.com\/avatar\/b95e35997e01d9800c1b6184bd79d4d898d370a3fce2584f5c77b907d5c7d9e9?s=96&d=mm&r=g\",\"caption\":\"Henrique Machado\"}}]}<\/script>\n<!-- \/ Yoast SEO Premium plugin. -->","yoast_head_json":{"title":"Toni Kroos indica meia ao Real Madrid","robots":{"index":"index","follow":"follow","max-snippet":"max-snippet:-1","max-image-preview":"max-image-preview:large","max-video-preview":"max-video-preview:-1"},"canonical":"https:\/\/www.gaveanews.com\/index.php\/2024\/06\/27\/toni-kroos-indica-meia-ao-real-madrid\/","og_locale":"pt_BR","og_type":"article","og_title":"Toni Kroos indica meia ao Real Madrid","og_description":"O Real Madrid est\u00e1 atento \u00e0 Eurocopa 2024, utilizando o torneio como uma oportunidade para identificar potenciais refor\u00e7os no futebol europeu. Nesta janela de transfer\u00eancias, o clube merengue fechou a contrata\u00e7\u00e3o de Kylian Mbapp\u00e9, enquanto Endrick, que j\u00e1 havia acordado anteriormente, ser\u00e1 integrado ao elenco. Contudo, Florentino P\u00e9rez, presidente do Real Madrid, pretende continuar investindo [&hellip;]","og_url":"https:\/\/www.gaveanews.com\/index.php\/2024\/06\/27\/toni-kroos-indica-meia-ao-real-madrid\/","og_site_name":"G\u00e1vea News","article_publisher":"https:\/\/facebook.com\/gaveaNews\/","article_published_time":"2024-06-27T16:49:32+00:00","article_modified_time":"2024-06-27T16:49:45+00:00","og_image":[{"width":1000,"height":666,"url":"https:\/\/www.gaveanews.com\/wp-content\/uploads\/toni.kr8s_1707856536648.webp","type":"image\/jpeg"}],"author":"Henrique Machado","twitter_card":"summary_large_image","twitter_misc":{"Escrito por":"Henrique Machado","Est. tempo de leitura":"3 minutos"},"schema":{"@context":"https:\/\/schema.org","@graph":[{"@type":"NewsArticle","@id":"https:\/\/www.gaveanews.com\/index.php\/2024\/06\/27\/toni-kroos-indica-meia-ao-real-madrid\/#article","isPartOf":{"@id":"https:\/\/www.gaveanews.com\/index.php\/2024\/06\/27\/toni-kroos-indica-meia-ao-real-madrid\/"},"author":{"name":"Henrique Machado","@id":"https:\/\/www.gaveanews.com\/#\/schema\/person\/fd07635ec039ec3ba74ad18ec8a6dbd6"},"headline":"Toni Kroos indica meia ao Real Madrid","datePublished":"2024-06-27T16:49:32+00:00","dateModified":"2024-06-27T16:49:45+00:00","mainEntityOfPage":{"@id":"https:\/\/www.gaveanews.com\/index.php\/2024\/06\/27\/toni-kroos-indica-meia-ao-real-madrid\/"},"wordCount":419,"commentCount":0,"image":{"@id":"https:\/\/www.gaveanews.com\/index.php\/2024\/06\/27\/toni-kroos-indica-meia-ao-real-madrid\/#primaryimage"},"thumbnailUrl":"https:\/\/www.gaveanews.com\/wp-content\/uploads\/toni.kr8s_1707856536648.webp","articleSection":["Real Madrid"],"inLanguage":"pt-BR","potentialAction":[{"@type":"CommentAction","name":"Comment","target":["https:\/\/www.gaveanews.com\/index.php\/2024\/06\/27\/toni-kroos-indica-meia-ao-real-madrid\/#respond"]}],"copyrightYear":"2024","copyrightHolder":{"@id":"https:\/\/www.gaveanews.com\/#organization"}},{"@type":"WebPage","@id":"https:\/\/www.gaveanews.com\/index.php\/2024\/06\/27\/toni-kroos-indica-meia-ao-real-madrid\/","url":"https:\/\/www.gaveanews.com\/index.php\/2024\/06\/27\/toni-kroos-indica-meia-ao-real-madrid\/","name":"Toni Kroos indica meia ao Real Madrid","isPartOf":{"@id":"https:\/\/www.gaveanews.com\/#website"},"primaryImageOfPage":{"@id":"https:\/\/www.gaveanews.com\/index.php\/2024\/06\/27\/toni-kroos-indica-meia-ao-real-madrid\/#primaryimage"},"image":{"@id":"https:\/\/www.gaveanews.com\/index.php\/2024\/06\/27\/toni-kroos-indica-meia-ao-real-madrid\/#primaryimage"},"thumbnailUrl":"https:\/\/www.gaveanews.com\/wp-content\/uploads\/toni.kr8s_1707856536648.webp","datePublished":"2024-06-27T16:49:32+00:00","dateModified":"2024-06-27T16:49:45+00:00","author":{"@id":"https:\/\/www.gaveanews.com\/#\/schema\/person\/fd07635ec039ec3ba74ad18ec8a6dbd6"},"breadcrumb":{"@id":"https:\/\/www.gaveanews.com\/index.php\/2024\/06\/27\/toni-kroos-indica-meia-ao-real-madrid\/#breadcrumb"},"inLanguage":"pt-BR","potentialAction":[{"@type":"ReadAction","target":["https:\/\/www.gaveanews.com\/index.php\/2024\/06\/27\/toni-kroos-indica-meia-ao-real-madrid\/"]}]},{"@type":"ImageObject","inLanguage":"pt-BR","@id":"https:\/\/www.gaveanews.com\/index.php\/2024\/06\/27\/toni-kroos-indica-meia-ao-real-madrid\/#primaryimage","url":"https:\/\/www.gaveanews.com\/wp-content\/uploads\/toni.kr8s_1707856536648.webp","contentUrl":"https:\/\/www.gaveanews.com\/wp-content\/uploads\/toni.kr8s_1707856536648.webp","width":1000,"height":666,"caption":"Toni Kroos em a\u00e7\u00e3o pelo Real Madrid (Foto: Reprodu\u00e7\u00e3o\/Instagram)"},{"@type":"BreadcrumbList","@id":"https:\/\/www.gaveanews.com\/index.php\/2024\/06\/27\/toni-kroos-indica-meia-ao-real-madrid\/#breadcrumb","itemListElement":[{"@type":"ListItem","position":1,"name":"Home","item":"https:\/\/www.gaveanews.com\/"},{"@type":"ListItem","position":2,"name":"Toni Kroos indica meia ao Real Madrid"}]},{"@type":"WebSite","@id":"https:\/\/www.gaveanews.com\/#website","url":"https:\/\/www.gaveanews.com\/","name":"G\u00e1vea News","description":"Veja todas as not\u00edcias sobre o Flamengo: Contrata\u00e7\u00f5es, categorias de base, resultados das partidas, tabela de classifica\u00e7\u00e3o, pr\u00f3ximos jogos!","potentialAction":[{"@type":"SearchAction","target":{"@type":"EntryPoint","urlTemplate":"https:\/\/www.gaveanews.com\/?s={search_term_string}"},"query-input":{"@type":"PropertyValueSpecification","valueRequired":true,"valueName":"search_term_string"}}],"inLanguage":"pt-BR"},{"@type":"Person","@id":"https:\/\/www.gaveanews.com\/#\/schema\/person\/fd07635ec039ec3ba74ad18ec8a6dbd6","name":"Henrique Machado","image":{"@type":"ImageObject","inLanguage":"pt-BR","@id":"https:\/\/www.gaveanews.com\/#\/schema\/person\/image\/","url":"https:\/\/secure.gravatar.com\/avatar\/b95e35997e01d9800c1b6184bd79d4d898d370a3fce2584f5c77b907d5c7d9e9?s=96&d=mm&r=g","contentUrl":"https:\/\/secure.gravatar.com\/avatar\/b95e35997e01d9800c1b6184bd79d4d898d370a3fce2584f5c77b907d5c7d9e9?s=96&d=mm&r=g","caption":"Henrique Machado"}}]}},"_links":{"self":[{"href":"https:\/\/www.gaveanews.com\/index.php\/wp-json\/wp\/v2\/posts\/149599","targetHints":{"allow":["GET"]}}],"collection":[{"href":"https:\/\/www.gaveanews.com\/index.php\/wp-json\/wp\/v2\/posts"}],"about":[{"href":"https:\/\/www.gaveanews.com\/index.php\/wp-json\/wp\/v2\/types\/post"}],"author":[{"embeddable":true,"href":"https:\/\/www.gaveanews.com\/index.php\/wp-json\/wp\/v2\/users\/15"}],"replies":[{"embeddable":true,"href":"https:\/\/www.gaveanews.com\/index.php\/wp-json\/wp\/v2\/comments?post=149599"}],"version-history":[{"count":3,"href":"https:\/\/www.gaveanews.com\/index.php\/wp-json\/wp\/v2\/posts\/149599\/revisions"}],"predecessor-version":[{"id":149610,"href":"https:\/\/www.gaveanews.com\/index.php\/wp-json\/wp\/v2\/posts\/149599\/revisions\/149610"}],"wp:featuredmedia":[{"embeddable":true,"href":"https:\/\/www.gaveanews.com\/index.php\/wp-json\/wp\/v2\/media\/126875"}],"wp:attachment":[{"href":"https:\/\/www.gaveanews.com\/index.php\/wp-json\/wp\/v2\/media?parent=149599"}],"wp:term":[{"taxonomy":"category","embeddable":true,"href":"https:\/\/www.gaveanews.com\/index.php\/wp-json\/wp\/v2\/categories?post=149599"},{"taxonomy":"post_tag","embeddable":true,"href":"https:\/\/www.gaveanews.com\/index.php\/wp-json\/wp\/v2\/tags?post=149599"}],"curies":[{"name":"wp","href":"https:\/\/api.w.org\/{rel}","templated":true}]}}