{"id":14963,"date":"2019-03-10T02:05:38","date_gmt":"2019-03-10T05:05:38","guid":{"rendered":"https:\/\/www.gaveanews.com\/?p=14963"},"modified":"2019-09-01T21:56:20","modified_gmt":"2019-09-02T00:56:20","slug":"torcedor-do-flamengo-cai-de-rampa-da-acesso-maracana-e-levado-ao-hospital","status":"publish","type":"post","link":"https:\/\/www.gaveanews.com\/index.php\/2019\/03\/10\/torcedor-do-flamengo-cai-de-rampa-da-acesso-maracana-e-levado-ao-hospital\/","title":{"rendered":"Torcedor do Flamengo cai de rampa da acesso Maracan\u00e3 e levado ao hospital"},"content":{"rendered":"\n<p>O cl\u00e1ssico entre Vasco da Gama e Flamengo, que aconteceu na noite deste s\u00e1bado (9), registrou um acidente envolvendo um torcedor flamenguista. O torcedor rubro-negro foi levado ao Hospital Municipal Souza Aguiar, no Centro do Rio de Janeiro.<\/p>\n\n\n\n<p>Em entrevista ao portal <em>Globo Esporte<\/em>, o tenente-coronel Silvio Luiz, comandante do Batalh\u00e3o Especializado de Policiamento em Eventos (Bepe), informou que n\u00e3o h\u00e1 detalhes sobre o acidente. No entanto, o profissional destacou que incidentes como estes s\u00e3o corriqueiros em jogos no Maracan\u00e3.<\/p>\n\n\n\n<p>\u201cCaiu da rampa, mas n\u00e3o sabemos as circunst\u00e2ncias. Torcedores de organizada costumam pular de uma rampa para a outra, pendurar-se. Precisou de atendimento m\u00e9dico e foi socorrido para o hospital. N\u00e3o foi ocasionado por briga. N\u00e3o \u00e9 a primeira vez que torcedor cai ali. Aconteceu outras vezes com menos gravidade\u201d, destacou.<\/p>\n\n\n\n<p>Ainda n\u00e3o h\u00e1 informa\u00e7\u00f5es do estado de sa\u00fade do torcedor. Dentro de campo, o empate reinou. Vasco e Flamengo terminaram o jogo em 1 a 1. A partida foi marcada por confus\u00e3o ao fim do jogo, <a href=\"https:\/\/www.gaveanews.com\/index.php\/2019\/03\/10\/rodinei-perde-gol-inacreditavel-e-torcedores-detonam-o-lateral-nas-redes-sociais-confira-a-repercussao\/\">al\u00e9m de um gol incr\u00edvel perdido pelo lateral-direto Rodinei<\/a>. O confronto foi v\u00e1lido pela terceira rodada da Ta\u00e7a Rio.<\/p>\n\n\n\n<p>Retirado de: Torcedores<\/p>\n","protected":false},"excerpt":{"rendered":"<p>O cl\u00e1ssico entre Vasco da Gama e Flamengo, que aconteceu na noite deste s\u00e1bado (9), registrou um acidente envolvendo um torcedor flamenguista. O torcedor rubro-negro foi levado ao Hospital Municipal Souza Aguiar, no Centro do Rio de Janeiro. Em entrevista ao portal Globo Esporte, o tenente-coronel Silvio Luiz, comandante do Batalh\u00e3o Especializado de Policiamento em [&hellip;]<\/p>\n","protected":false},"author":1,"featured_media":15081,"comment_status":"open","ping_status":"open","sticky":false,"template":"","format":"standard","meta":{"footnotes":""},"categories":[1],"tags":[],"class_list":["post-14963","post","type-post","status-publish","format-standard","has-post-thumbnail","hentry","category-flamengo"],"yoast_head":"<!-- This site is optimized with the Yoast SEO Premium plugin v24.2 (Yoast SEO v26.9) - https:\/\/yoast.com\/product\/yoast-seo-premium-wordpress\/ -->\n<title>Torcedor do Flamengo cai de rampa da acesso Maracan\u00e3 e levado ao hospital<\/title>\n<meta name=\"robots\" content=\"index, follow, max-snippet:-1, max-image-preview:large, max-video-preview:-1\" \/>\n<link rel=\"canonical\" href=\"https:\/\/www.gaveanews.com\/index.php\/2019\/03\/10\/torcedor-do-flamengo-cai-de-rampa-da-acesso-maracana-e-levado-ao-hospital\/\" \/>\n<meta property=\"og:locale\" content=\"pt_BR\" \/>\n<meta property=\"og:type\" content=\"article\" \/>\n<meta property=\"og:title\" content=\"Torcedor do Flamengo cai de rampa da acesso Maracan\u00e3 e levado ao hospital\" \/>\n<meta property=\"og:description\" content=\"O cl\u00e1ssico entre Vasco da Gama e Flamengo, que aconteceu na noite deste s\u00e1bado (9), registrou um acidente envolvendo um torcedor flamenguista. O torcedor rubro-negro foi levado ao Hospital Municipal Souza Aguiar, no Centro do Rio de Janeiro. Em entrevista ao portal Globo Esporte, o tenente-coronel Silvio Luiz, comandante do Batalh\u00e3o Especializado de Policiamento em [&hellip;]\" \/>\n<meta property=\"og:url\" content=\"https:\/\/www.gaveanews.com\/index.php\/2019\/03\/10\/torcedor-do-flamengo-cai-de-rampa-da-acesso-maracana-e-levado-ao-hospital\/\" \/>\n<meta property=\"og:site_name\" content=\"G\u00e1vea News\" \/>\n<meta property=\"article:publisher\" content=\"https:\/\/facebook.com\/gaveaNews\/\" \/>\n<meta property=\"article:published_time\" content=\"2019-03-10T05:05:38+00:00\" \/>\n<meta property=\"article:modified_time\" content=\"2019-09-02T00:56:20+00:00\" \/>\n<meta property=\"og:image\" content=\"https:\/\/www.gaveanews.com\/wp-content\/uploads\/2019\/03\/Escudo-do-Flamengo-e-exposto-proximo-a-um-dos-gols-no-gramado-do-Maracana.webp\" \/>\n\t<meta property=\"og:image:width\" content=\"1\" \/>\n\t<meta property=\"og:image:height\" content=\"1\" \/>\n\t<meta property=\"og:image:type\" content=\"image\/jpeg\" \/>\n<meta name=\"author\" content=\"Equipe G\u00e1vea News\" \/>\n<meta name=\"twitter:card\" content=\"summary_large_image\" \/>\n<meta name=\"twitter:label1\" content=\"Escrito por\" \/>\n\t<meta name=\"twitter:data1\" content=\"Equipe G\u00e1vea News\" \/>\n\t<meta name=\"twitter:label2\" content=\"Est. tempo de leitura\" \/>\n\t<meta name=\"twitter:data2\" content=\"1 minuto\" \/>\n<script type=\"application\/ld+json\" class=\"yoast-schema-graph\">{\"@context\":\"https:\/\/schema.org\",\"@graph\":[{\"@type\":\"NewsArticle\",\"@id\":\"https:\/\/www.gaveanews.com\/index.php\/2019\/03\/10\/torcedor-do-flamengo-cai-de-rampa-da-acesso-maracana-e-levado-ao-hospital\/#article\",\"isPartOf\":{\"@id\":\"https:\/\/www.gaveanews.com\/index.php\/2019\/03\/10\/torcedor-do-flamengo-cai-de-rampa-da-acesso-maracana-e-levado-ao-hospital\/\"},\"author\":{\"name\":\"Equipe G\u00e1vea News\",\"@id\":\"https:\/\/www.gaveanews.com\/#\/schema\/person\/2ec14f73fb96be2caf28f91afb14749d\"},\"headline\":\"Torcedor do Flamengo cai de rampa da acesso Maracan\u00e3 e levado ao hospital\",\"datePublished\":\"2019-03-10T05:05:38+00:00\",\"dateModified\":\"2019-09-02T00:56:20+00:00\",\"mainEntityOfPage\":{\"@id\":\"https:\/\/www.gaveanews.com\/index.php\/2019\/03\/10\/torcedor-do-flamengo-cai-de-rampa-da-acesso-maracana-e-levado-ao-hospital\/\"},\"wordCount\":216,\"commentCount\":0,\"image\":{\"@id\":\"https:\/\/www.gaveanews.com\/index.php\/2019\/03\/10\/torcedor-do-flamengo-cai-de-rampa-da-acesso-maracana-e-levado-ao-hospital\/#primaryimage\"},\"thumbnailUrl\":\"https:\/\/www.gaveanews.com\/wp-content\/uploads\/2019\/03\/Escudo-do-Flamengo-e-exposto-proximo-a-um-dos-gols-no-gramado-do-Maracana.webp\",\"articleSection\":[\"Flamengo\"],\"inLanguage\":\"pt-BR\",\"potentialAction\":[{\"@type\":\"CommentAction\",\"name\":\"Comment\",\"target\":[\"https:\/\/www.gaveanews.com\/index.php\/2019\/03\/10\/torcedor-do-flamengo-cai-de-rampa-da-acesso-maracana-e-levado-ao-hospital\/#respond\"]}],\"copyrightYear\":\"2019\",\"copyrightHolder\":{\"@id\":\"https:\/\/www.gaveanews.com\/#organization\"}},{\"@type\":\"WebPage\",\"@id\":\"https:\/\/www.gaveanews.com\/index.php\/2019\/03\/10\/torcedor-do-flamengo-cai-de-rampa-da-acesso-maracana-e-levado-ao-hospital\/\",\"url\":\"https:\/\/www.gaveanews.com\/index.php\/2019\/03\/10\/torcedor-do-flamengo-cai-de-rampa-da-acesso-maracana-e-levado-ao-hospital\/\",\"name\":\"Torcedor do Flamengo cai de rampa da acesso Maracan\u00e3 e levado ao hospital\",\"isPartOf\":{\"@id\":\"https:\/\/www.gaveanews.com\/#website\"},\"primaryImageOfPage\":{\"@id\":\"https:\/\/www.gaveanews.com\/index.php\/2019\/03\/10\/torcedor-do-flamengo-cai-de-rampa-da-acesso-maracana-e-levado-ao-hospital\/#primaryimage\"},\"image\":{\"@id\":\"https:\/\/www.gaveanews.com\/index.php\/2019\/03\/10\/torcedor-do-flamengo-cai-de-rampa-da-acesso-maracana-e-levado-ao-hospital\/#primaryimage\"},\"thumbnailUrl\":\"https:\/\/www.gaveanews.com\/wp-content\/uploads\/2019\/03\/Escudo-do-Flamengo-e-exposto-proximo-a-um-dos-gols-no-gramado-do-Maracana.webp\",\"datePublished\":\"2019-03-10T05:05:38+00:00\",\"dateModified\":\"2019-09-02T00:56:20+00:00\",\"author\":{\"@id\":\"https:\/\/www.gaveanews.com\/#\/schema\/person\/2ec14f73fb96be2caf28f91afb14749d\"},\"breadcrumb\":{\"@id\":\"https:\/\/www.gaveanews.com\/index.php\/2019\/03\/10\/torcedor-do-flamengo-cai-de-rampa-da-acesso-maracana-e-levado-ao-hospital\/#breadcrumb\"},\"inLanguage\":\"pt-BR\",\"potentialAction\":[{\"@type\":\"ReadAction\",\"target\":[\"https:\/\/www.gaveanews.com\/index.php\/2019\/03\/10\/torcedor-do-flamengo-cai-de-rampa-da-acesso-maracana-e-levado-ao-hospital\/\"]}]},{\"@type\":\"ImageObject\",\"inLanguage\":\"pt-BR\",\"@id\":\"https:\/\/www.gaveanews.com\/index.php\/2019\/03\/10\/torcedor-do-flamengo-cai-de-rampa-da-acesso-maracana-e-levado-ao-hospital\/#primaryimage\",\"url\":\"https:\/\/www.gaveanews.com\/wp-content\/uploads\/2019\/03\/Escudo-do-Flamengo-e-exposto-proximo-a-um-dos-gols-no-gramado-do-Maracana.webp\",\"contentUrl\":\"https:\/\/www.gaveanews.com\/wp-content\/uploads\/2019\/03\/Escudo-do-Flamengo-e-exposto-proximo-a-um-dos-gols-no-gramado-do-Maracana.webp\",\"caption\":\"Escudo do Flamengo \u00e9 exposto pr\u00f3ximo a um dos gols, no gramado do Maracan\u00e3 (Foto: Daniel Castelo Branco)\"},{\"@type\":\"BreadcrumbList\",\"@id\":\"https:\/\/www.gaveanews.com\/index.php\/2019\/03\/10\/torcedor-do-flamengo-cai-de-rampa-da-acesso-maracana-e-levado-ao-hospital\/#breadcrumb\",\"itemListElement\":[{\"@type\":\"ListItem\",\"position\":1,\"name\":\"Home\",\"item\":\"https:\/\/www.gaveanews.com\/\"},{\"@type\":\"ListItem\",\"position\":2,\"name\":\"Torcedor do Flamengo cai de rampa da acesso Maracan\u00e3 e levado ao hospital\"}]},{\"@type\":\"WebSite\",\"@id\":\"https:\/\/www.gaveanews.com\/#website\",\"url\":\"https:\/\/www.gaveanews.com\/\",\"name\":\"G\u00e1vea News\",\"description\":\"Veja todas as not\u00edcias sobre o Flamengo: Contrata\u00e7\u00f5es, categorias de base, resultados das partidas, tabela de classifica\u00e7\u00e3o, pr\u00f3ximos jogos!\",\"potentialAction\":[{\"@type\":\"SearchAction\",\"target\":{\"@type\":\"EntryPoint\",\"urlTemplate\":\"https:\/\/www.gaveanews.com\/?s={search_term_string}\"},\"query-input\":{\"@type\":\"PropertyValueSpecification\",\"valueRequired\":true,\"valueName\":\"search_term_string\"}}],\"inLanguage\":\"pt-BR\"},{\"@type\":\"Person\",\"@id\":\"https:\/\/www.gaveanews.com\/#\/schema\/person\/2ec14f73fb96be2caf28f91afb14749d\",\"name\":\"Equipe G\u00e1vea News\",\"image\":{\"@type\":\"ImageObject\",\"inLanguage\":\"pt-BR\",\"@id\":\"https:\/\/www.gaveanews.com\/#\/schema\/person\/image\/\",\"url\":\"https:\/\/secure.gravatar.com\/avatar\/1e1956f1facbffd3f8fa53a326721950116b3b9dc9bd44939c01180fd4a745a9?s=96&d=mm&r=g\",\"contentUrl\":\"https:\/\/secure.gravatar.com\/avatar\/1e1956f1facbffd3f8fa53a326721950116b3b9dc9bd44939c01180fd4a745a9?s=96&d=mm&r=g\",\"caption\":\"Equipe G\u00e1vea News\"}}]}<\/script>\n<!-- \/ Yoast SEO Premium plugin. -->","yoast_head_json":{"title":"Torcedor do Flamengo cai de rampa da acesso Maracan\u00e3 e levado ao hospital","robots":{"index":"index","follow":"follow","max-snippet":"max-snippet:-1","max-image-preview":"max-image-preview:large","max-video-preview":"max-video-preview:-1"},"canonical":"https:\/\/www.gaveanews.com\/index.php\/2019\/03\/10\/torcedor-do-flamengo-cai-de-rampa-da-acesso-maracana-e-levado-ao-hospital\/","og_locale":"pt_BR","og_type":"article","og_title":"Torcedor do Flamengo cai de rampa da acesso Maracan\u00e3 e levado ao hospital","og_description":"O cl\u00e1ssico entre Vasco da Gama e Flamengo, que aconteceu na noite deste s\u00e1bado (9), registrou um acidente envolvendo um torcedor flamenguista. O torcedor rubro-negro foi levado ao Hospital Municipal Souza Aguiar, no Centro do Rio de Janeiro. Em entrevista ao portal Globo Esporte, o tenente-coronel Silvio Luiz, comandante do Batalh\u00e3o Especializado de Policiamento em [&hellip;]","og_url":"https:\/\/www.gaveanews.com\/index.php\/2019\/03\/10\/torcedor-do-flamengo-cai-de-rampa-da-acesso-maracana-e-levado-ao-hospital\/","og_site_name":"G\u00e1vea News","article_publisher":"https:\/\/facebook.com\/gaveaNews\/","article_published_time":"2019-03-10T05:05:38+00:00","article_modified_time":"2019-09-02T00:56:20+00:00","og_image":[{"url":"https:\/\/www.gaveanews.com\/wp-content\/uploads\/2019\/03\/Escudo-do-Flamengo-e-exposto-proximo-a-um-dos-gols-no-gramado-do-Maracana.webp","width":1,"height":1,"type":"image\/jpeg"}],"author":"Equipe G\u00e1vea News","twitter_card":"summary_large_image","twitter_misc":{"Escrito por":"Equipe G\u00e1vea News","Est. tempo de leitura":"1 minuto"},"schema":{"@context":"https:\/\/schema.org","@graph":[{"@type":"NewsArticle","@id":"https:\/\/www.gaveanews.com\/index.php\/2019\/03\/10\/torcedor-do-flamengo-cai-de-rampa-da-acesso-maracana-e-levado-ao-hospital\/#article","isPartOf":{"@id":"https:\/\/www.gaveanews.com\/index.php\/2019\/03\/10\/torcedor-do-flamengo-cai-de-rampa-da-acesso-maracana-e-levado-ao-hospital\/"},"author":{"name":"Equipe G\u00e1vea News","@id":"https:\/\/www.gaveanews.com\/#\/schema\/person\/2ec14f73fb96be2caf28f91afb14749d"},"headline":"Torcedor do Flamengo cai de rampa da acesso Maracan\u00e3 e levado ao hospital","datePublished":"2019-03-10T05:05:38+00:00","dateModified":"2019-09-02T00:56:20+00:00","mainEntityOfPage":{"@id":"https:\/\/www.gaveanews.com\/index.php\/2019\/03\/10\/torcedor-do-flamengo-cai-de-rampa-da-acesso-maracana-e-levado-ao-hospital\/"},"wordCount":216,"commentCount":0,"image":{"@id":"https:\/\/www.gaveanews.com\/index.php\/2019\/03\/10\/torcedor-do-flamengo-cai-de-rampa-da-acesso-maracana-e-levado-ao-hospital\/#primaryimage"},"thumbnailUrl":"https:\/\/www.gaveanews.com\/wp-content\/uploads\/2019\/03\/Escudo-do-Flamengo-e-exposto-proximo-a-um-dos-gols-no-gramado-do-Maracana.webp","articleSection":["Flamengo"],"inLanguage":"pt-BR","potentialAction":[{"@type":"CommentAction","name":"Comment","target":["https:\/\/www.gaveanews.com\/index.php\/2019\/03\/10\/torcedor-do-flamengo-cai-de-rampa-da-acesso-maracana-e-levado-ao-hospital\/#respond"]}],"copyrightYear":"2019","copyrightHolder":{"@id":"https:\/\/www.gaveanews.com\/#organization"}},{"@type":"WebPage","@id":"https:\/\/www.gaveanews.com\/index.php\/2019\/03\/10\/torcedor-do-flamengo-cai-de-rampa-da-acesso-maracana-e-levado-ao-hospital\/","url":"https:\/\/www.gaveanews.com\/index.php\/2019\/03\/10\/torcedor-do-flamengo-cai-de-rampa-da-acesso-maracana-e-levado-ao-hospital\/","name":"Torcedor do Flamengo cai de rampa da acesso Maracan\u00e3 e levado ao hospital","isPartOf":{"@id":"https:\/\/www.gaveanews.com\/#website"},"primaryImageOfPage":{"@id":"https:\/\/www.gaveanews.com\/index.php\/2019\/03\/10\/torcedor-do-flamengo-cai-de-rampa-da-acesso-maracana-e-levado-ao-hospital\/#primaryimage"},"image":{"@id":"https:\/\/www.gaveanews.com\/index.php\/2019\/03\/10\/torcedor-do-flamengo-cai-de-rampa-da-acesso-maracana-e-levado-ao-hospital\/#primaryimage"},"thumbnailUrl":"https:\/\/www.gaveanews.com\/wp-content\/uploads\/2019\/03\/Escudo-do-Flamengo-e-exposto-proximo-a-um-dos-gols-no-gramado-do-Maracana.webp","datePublished":"2019-03-10T05:05:38+00:00","dateModified":"2019-09-02T00:56:20+00:00","author":{"@id":"https:\/\/www.gaveanews.com\/#\/schema\/person\/2ec14f73fb96be2caf28f91afb14749d"},"breadcrumb":{"@id":"https:\/\/www.gaveanews.com\/index.php\/2019\/03\/10\/torcedor-do-flamengo-cai-de-rampa-da-acesso-maracana-e-levado-ao-hospital\/#breadcrumb"},"inLanguage":"pt-BR","potentialAction":[{"@type":"ReadAction","target":["https:\/\/www.gaveanews.com\/index.php\/2019\/03\/10\/torcedor-do-flamengo-cai-de-rampa-da-acesso-maracana-e-levado-ao-hospital\/"]}]},{"@type":"ImageObject","inLanguage":"pt-BR","@id":"https:\/\/www.gaveanews.com\/index.php\/2019\/03\/10\/torcedor-do-flamengo-cai-de-rampa-da-acesso-maracana-e-levado-ao-hospital\/#primaryimage","url":"https:\/\/www.gaveanews.com\/wp-content\/uploads\/2019\/03\/Escudo-do-Flamengo-e-exposto-proximo-a-um-dos-gols-no-gramado-do-Maracana.webp","contentUrl":"https:\/\/www.gaveanews.com\/wp-content\/uploads\/2019\/03\/Escudo-do-Flamengo-e-exposto-proximo-a-um-dos-gols-no-gramado-do-Maracana.webp","caption":"Escudo do Flamengo \u00e9 exposto pr\u00f3ximo a um dos gols, no gramado do Maracan\u00e3 (Foto: Daniel Castelo Branco)"},{"@type":"BreadcrumbList","@id":"https:\/\/www.gaveanews.com\/index.php\/2019\/03\/10\/torcedor-do-flamengo-cai-de-rampa-da-acesso-maracana-e-levado-ao-hospital\/#breadcrumb","itemListElement":[{"@type":"ListItem","position":1,"name":"Home","item":"https:\/\/www.gaveanews.com\/"},{"@type":"ListItem","position":2,"name":"Torcedor do Flamengo cai de rampa da acesso Maracan\u00e3 e levado ao hospital"}]},{"@type":"WebSite","@id":"https:\/\/www.gaveanews.com\/#website","url":"https:\/\/www.gaveanews.com\/","name":"G\u00e1vea News","description":"Veja todas as not\u00edcias sobre o Flamengo: Contrata\u00e7\u00f5es, categorias de base, resultados das partidas, tabela de classifica\u00e7\u00e3o, pr\u00f3ximos jogos!","potentialAction":[{"@type":"SearchAction","target":{"@type":"EntryPoint","urlTemplate":"https:\/\/www.gaveanews.com\/?s={search_term_string}"},"query-input":{"@type":"PropertyValueSpecification","valueRequired":true,"valueName":"search_term_string"}}],"inLanguage":"pt-BR"},{"@type":"Person","@id":"https:\/\/www.gaveanews.com\/#\/schema\/person\/2ec14f73fb96be2caf28f91afb14749d","name":"Equipe G\u00e1vea News","image":{"@type":"ImageObject","inLanguage":"pt-BR","@id":"https:\/\/www.gaveanews.com\/#\/schema\/person\/image\/","url":"https:\/\/secure.gravatar.com\/avatar\/1e1956f1facbffd3f8fa53a326721950116b3b9dc9bd44939c01180fd4a745a9?s=96&d=mm&r=g","contentUrl":"https:\/\/secure.gravatar.com\/avatar\/1e1956f1facbffd3f8fa53a326721950116b3b9dc9bd44939c01180fd4a745a9?s=96&d=mm&r=g","caption":"Equipe G\u00e1vea News"}}]}},"_links":{"self":[{"href":"https:\/\/www.gaveanews.com\/index.php\/wp-json\/wp\/v2\/posts\/14963","targetHints":{"allow":["GET"]}}],"collection":[{"href":"https:\/\/www.gaveanews.com\/index.php\/wp-json\/wp\/v2\/posts"}],"about":[{"href":"https:\/\/www.gaveanews.com\/index.php\/wp-json\/wp\/v2\/types\/post"}],"author":[{"embeddable":true,"href":"https:\/\/www.gaveanews.com\/index.php\/wp-json\/wp\/v2\/users\/1"}],"replies":[{"embeddable":true,"href":"https:\/\/www.gaveanews.com\/index.php\/wp-json\/wp\/v2\/comments?post=14963"}],"version-history":[{"count":0,"href":"https:\/\/www.gaveanews.com\/index.php\/wp-json\/wp\/v2\/posts\/14963\/revisions"}],"wp:featuredmedia":[{"embeddable":true,"href":"https:\/\/www.gaveanews.com\/index.php\/wp-json\/wp\/v2\/media\/15081"}],"wp:attachment":[{"href":"https:\/\/www.gaveanews.com\/index.php\/wp-json\/wp\/v2\/media?parent=14963"}],"wp:term":[{"taxonomy":"category","embeddable":true,"href":"https:\/\/www.gaveanews.com\/index.php\/wp-json\/wp\/v2\/categories?post=14963"},{"taxonomy":"post_tag","embeddable":true,"href":"https:\/\/www.gaveanews.com\/index.php\/wp-json\/wp\/v2\/tags?post=14963"}],"curies":[{"name":"wp","href":"https:\/\/api.w.org\/{rel}","templated":true}]}}