{"id":149745,"date":"2024-06-28T16:38:50","date_gmt":"2024-06-28T19:38:50","guid":{"rendered":"https:\/\/www.gaveanews.com\/?p=149745"},"modified":"2024-06-28T16:38:51","modified_gmt":"2024-06-28T19:38:51","slug":"a-declaracao-sincera-de-zubeldia-apos-a-falha-de-jandrei","status":"publish","type":"post","link":"https:\/\/www.gaveanews.com\/index.php\/2024\/06\/28\/a-declaracao-sincera-de-zubeldia-apos-a-falha-de-jandrei\/","title":{"rendered":"A declara\u00e7\u00e3o sincera de Zubeld\u00eda ap\u00f3s a falha de Jandrei"},"content":{"rendered":"\n<h2 class=\"wp-block-heading\" id=\"h-goleiro-do-sao-paulo-foi-vaiado-apos-a-partida\">Goleiro do S\u00e3o Paulo foi vaiado ap\u00f3s a partida<\/h2>\n\n\n\n<p>Jandrei deixou o campo e se dirigiu aos vesti\u00e1rios do Morumbi sob vaias da torcida. Ele levantou um dos bra\u00e7os e pediu desculpas. Essa foi uma cena rara ap\u00f3s uma vit\u00f3ria em casa, mas reflete a press\u00e3o enfrentada pelo goleiro, que est\u00e1 substituindo Rafael, o titular que est\u00e1 com a Sele\u00e7\u00e3o na Copa Am\u00e9rica.<\/p>\n\n\n\n<p>O reserva tem sido alvo de cr\u00edticas desde que assumiu o gol tricolor h\u00e1 cinco jogos. Na partida contra o Crici\u00fama, na quinta-feira, ele cometeu um erro em um tiro de meta que resultou no gol dos visitantes perto do fim do jogo, amea\u00e7ando a vit\u00f3ria que parecia garantida a partida terminou 2 a 1 para o S\u00e3o Paulo.<\/p>\n\n\n\n<p>\u2014 <em>\u00c9 um goleiro com experi\u00eancia. Claro que jogar num time grande sempre pode ter algum tipo de pol\u00eamica. Mas devo reconhecer que a trajet\u00f3ria do Jandrei \u00e9 importante. E hoje (quinta) se teve uma incid\u00eancia no gol, sempre espero que um goleiro com trajet\u00f3ria, n\u00edvel de profissionalismo que tem, reverta essa situa\u00e7\u00e3o<\/em>, afirmou o t\u00e9cnico.<\/p>\n\n\n\n<p>\u2014 <em>Internamente, tratamos de sempre apoi\u00e1-lo. Tratar de levant\u00e1-lo, porque o campeonato \u00e9 muito grande, muito equilibrado e necessitamos ter todos bem, protegidos. A cr\u00edtica sobre o jogo \u00e9 aceitar, mas pensar na pr\u00f3xima partida e o que se pode fazer melhor<\/em>, completou o argentino.<\/p>\n\n\n\n<p>Cientes da rea\u00e7\u00e3o negativa da torcida, os demais jogadores tricolores fizeram quest\u00e3o de cumprimentar Jandrei ainda em campo, ap\u00f3s o apito final, para mostrar apoio.<\/p>\n\n\n\n<p>O t\u00e9cnico Luis Zubeld\u00eda afirmou que Jandrei continuar\u00e1 como titular enquanto Rafael estiver servindo \u00e0 Sele\u00e7\u00e3o. Com Jandrei nos \u00faltimos cinco jogos, o S\u00e3o Paulo empatou dois, perdeu dois e venceu o Crici\u00fama, o goleiro sofreu oito gols nesse per\u00edodo. Anteriormente, com Rafael, o time havia sofrido seis gols em sete partidas.<\/p>\n\n\n\n<p>No pr\u00f3ximo domingo, Jandrei deve estar novamente no gol tricolor no jogo contra o Bahia, no Morumbis, pela 13\u00aa rodada do Brasileir\u00e3o.<\/p>\n","protected":false},"excerpt":{"rendered":"<p>Goleiro do S\u00e3o Paulo foi vaiado ap\u00f3s a partida Jandrei deixou o campo e se dirigiu aos vesti\u00e1rios do Morumbi sob vaias da torcida. Ele levantou um dos bra\u00e7os e pediu desculpas. Essa foi uma cena rara ap\u00f3s uma vit\u00f3ria em casa, mas reflete a press\u00e3o enfrentada pelo goleiro, que est\u00e1 substituindo Rafael, o titular [&hellip;]<\/p>\n","protected":false},"author":17,"featured_media":143461,"comment_status":"open","ping_status":"closed","sticky":false,"template":"","format":"standard","meta":{"footnotes":""},"categories":[151],"tags":[236,280],"class_list":["post-149745","post","type-post","status-publish","format-standard","has-post-thumbnail","hentry","category-sao-paulo","tag-sao-paulo","tag-zubeldia"],"yoast_head":"<!-- This site is optimized with the Yoast SEO Premium plugin v24.2 (Yoast SEO v26.9) - https:\/\/yoast.com\/product\/yoast-seo-premium-wordpress\/ -->\n<title>A declara\u00e7\u00e3o sincera de Zubeld\u00eda ap\u00f3s a falha de Jandrei<\/title>\n<meta name=\"robots\" content=\"index, follow, max-snippet:-1, max-image-preview:large, max-video-preview:-1\" \/>\n<link rel=\"canonical\" href=\"https:\/\/www.gaveanews.com\/index.php\/2024\/06\/28\/a-declaracao-sincera-de-zubeldia-apos-a-falha-de-jandrei\/\" \/>\n<meta property=\"og:locale\" content=\"pt_BR\" \/>\n<meta property=\"og:type\" content=\"article\" \/>\n<meta property=\"og:title\" content=\"A declara\u00e7\u00e3o sincera de Zubeld\u00eda ap\u00f3s a falha de Jandrei\" \/>\n<meta property=\"og:description\" content=\"Goleiro do S\u00e3o Paulo foi vaiado ap\u00f3s a partida Jandrei deixou o campo e se dirigiu aos vesti\u00e1rios do Morumbi sob vaias da torcida. Ele levantou um dos bra\u00e7os e pediu desculpas. Essa foi uma cena rara ap\u00f3s uma vit\u00f3ria em casa, mas reflete a press\u00e3o enfrentada pelo goleiro, que est\u00e1 substituindo Rafael, o titular [&hellip;]\" \/>\n<meta property=\"og:url\" content=\"https:\/\/www.gaveanews.com\/index.php\/2024\/06\/28\/a-declaracao-sincera-de-zubeldia-apos-a-falha-de-jandrei\/\" \/>\n<meta property=\"og:site_name\" content=\"G\u00e1vea News\" \/>\n<meta property=\"article:publisher\" content=\"https:\/\/facebook.com\/gaveaNews\/\" \/>\n<meta property=\"article:published_time\" content=\"2024-06-28T19:38:50+00:00\" \/>\n<meta property=\"article:modified_time\" content=\"2024-06-28T19:38:51+00:00\" \/>\n<meta property=\"og:image\" content=\"https:\/\/www.gaveanews.com\/wp-content\/uploads\/i-18.webp\" \/>\n\t<meta property=\"og:image:width\" content=\"570\" \/>\n\t<meta property=\"og:image:height\" content=\"321\" \/>\n\t<meta property=\"og:image:type\" content=\"image\/jpeg\" \/>\n<meta name=\"author\" content=\"Geovanna Thomaz\" \/>\n<meta name=\"twitter:card\" content=\"summary_large_image\" \/>\n<meta name=\"twitter:label1\" content=\"Escrito por\" \/>\n\t<meta name=\"twitter:data1\" content=\"Geovanna Thomaz\" \/>\n\t<meta name=\"twitter:label2\" content=\"Est. tempo de leitura\" \/>\n\t<meta name=\"twitter:data2\" content=\"2 minutos\" \/>\n<script type=\"application\/ld+json\" class=\"yoast-schema-graph\">{\"@context\":\"https:\/\/schema.org\",\"@graph\":[{\"@type\":\"NewsArticle\",\"@id\":\"https:\/\/www.gaveanews.com\/index.php\/2024\/06\/28\/a-declaracao-sincera-de-zubeldia-apos-a-falha-de-jandrei\/#article\",\"isPartOf\":{\"@id\":\"https:\/\/www.gaveanews.com\/index.php\/2024\/06\/28\/a-declaracao-sincera-de-zubeldia-apos-a-falha-de-jandrei\/\"},\"author\":{\"name\":\"Geovanna Thomaz\",\"@id\":\"https:\/\/www.gaveanews.com\/#\/schema\/person\/f42654babcd2b2014a1a65af82b081f1\"},\"headline\":\"A declara\u00e7\u00e3o sincera de Zubeld\u00eda ap\u00f3s a falha de Jandrei\",\"datePublished\":\"2024-06-28T19:38:50+00:00\",\"dateModified\":\"2024-06-28T19:38:51+00:00\",\"mainEntityOfPage\":{\"@id\":\"https:\/\/www.gaveanews.com\/index.php\/2024\/06\/28\/a-declaracao-sincera-de-zubeldia-apos-a-falha-de-jandrei\/\"},\"wordCount\":362,\"commentCount\":0,\"image\":{\"@id\":\"https:\/\/www.gaveanews.com\/index.php\/2024\/06\/28\/a-declaracao-sincera-de-zubeldia-apos-a-falha-de-jandrei\/#primaryimage\"},\"thumbnailUrl\":\"https:\/\/www.gaveanews.com\/wp-content\/uploads\/i-18.webp\",\"keywords\":[\"S\u00e3o Paulo\",\"Zubeldia\"],\"articleSection\":[\"S\u00e3o Paulo\"],\"inLanguage\":\"pt-BR\",\"potentialAction\":[{\"@type\":\"CommentAction\",\"name\":\"Comment\",\"target\":[\"https:\/\/www.gaveanews.com\/index.php\/2024\/06\/28\/a-declaracao-sincera-de-zubeldia-apos-a-falha-de-jandrei\/#respond\"]}],\"copyrightYear\":\"2024\",\"copyrightHolder\":{\"@id\":\"https:\/\/www.gaveanews.com\/#organization\"}},{\"@type\":\"WebPage\",\"@id\":\"https:\/\/www.gaveanews.com\/index.php\/2024\/06\/28\/a-declaracao-sincera-de-zubeldia-apos-a-falha-de-jandrei\/\",\"url\":\"https:\/\/www.gaveanews.com\/index.php\/2024\/06\/28\/a-declaracao-sincera-de-zubeldia-apos-a-falha-de-jandrei\/\",\"name\":\"A declara\u00e7\u00e3o sincera de Zubeld\u00eda ap\u00f3s a falha de Jandrei\",\"isPartOf\":{\"@id\":\"https:\/\/www.gaveanews.com\/#website\"},\"primaryImageOfPage\":{\"@id\":\"https:\/\/www.gaveanews.com\/index.php\/2024\/06\/28\/a-declaracao-sincera-de-zubeldia-apos-a-falha-de-jandrei\/#primaryimage\"},\"image\":{\"@id\":\"https:\/\/www.gaveanews.com\/index.php\/2024\/06\/28\/a-declaracao-sincera-de-zubeldia-apos-a-falha-de-jandrei\/#primaryimage\"},\"thumbnailUrl\":\"https:\/\/www.gaveanews.com\/wp-content\/uploads\/i-18.webp\",\"datePublished\":\"2024-06-28T19:38:50+00:00\",\"dateModified\":\"2024-06-28T19:38:51+00:00\",\"author\":{\"@id\":\"https:\/\/www.gaveanews.com\/#\/schema\/person\/f42654babcd2b2014a1a65af82b081f1\"},\"breadcrumb\":{\"@id\":\"https:\/\/www.gaveanews.com\/index.php\/2024\/06\/28\/a-declaracao-sincera-de-zubeldia-apos-a-falha-de-jandrei\/#breadcrumb\"},\"inLanguage\":\"pt-BR\",\"potentialAction\":[{\"@type\":\"ReadAction\",\"target\":[\"https:\/\/www.gaveanews.com\/index.php\/2024\/06\/28\/a-declaracao-sincera-de-zubeldia-apos-a-falha-de-jandrei\/\"]}]},{\"@type\":\"ImageObject\",\"inLanguage\":\"pt-BR\",\"@id\":\"https:\/\/www.gaveanews.com\/index.php\/2024\/06\/28\/a-declaracao-sincera-de-zubeldia-apos-a-falha-de-jandrei\/#primaryimage\",\"url\":\"https:\/\/www.gaveanews.com\/wp-content\/uploads\/i-18.webp\",\"contentUrl\":\"https:\/\/www.gaveanews.com\/wp-content\/uploads\/i-18.webp\",\"width\":570,\"height\":321,\"caption\":\"Luis Zubeld\u00eda durante S\u00e3o Paulo x Fluminense Alexandre Schneider\/Getty Images\"},{\"@type\":\"BreadcrumbList\",\"@id\":\"https:\/\/www.gaveanews.com\/index.php\/2024\/06\/28\/a-declaracao-sincera-de-zubeldia-apos-a-falha-de-jandrei\/#breadcrumb\",\"itemListElement\":[{\"@type\":\"ListItem\",\"position\":1,\"name\":\"Home\",\"item\":\"https:\/\/www.gaveanews.com\/\"},{\"@type\":\"ListItem\",\"position\":2,\"name\":\"A declara\u00e7\u00e3o sincera de Zubeld\u00eda ap\u00f3s a falha de Jandrei\"}]},{\"@type\":\"WebSite\",\"@id\":\"https:\/\/www.gaveanews.com\/#website\",\"url\":\"https:\/\/www.gaveanews.com\/\",\"name\":\"G\u00e1vea News\",\"description\":\"Veja todas as not\u00edcias sobre o Flamengo: Contrata\u00e7\u00f5es, categorias de base, resultados das partidas, tabela de classifica\u00e7\u00e3o, pr\u00f3ximos jogos!\",\"potentialAction\":[{\"@type\":\"SearchAction\",\"target\":{\"@type\":\"EntryPoint\",\"urlTemplate\":\"https:\/\/www.gaveanews.com\/?s={search_term_string}\"},\"query-input\":{\"@type\":\"PropertyValueSpecification\",\"valueRequired\":true,\"valueName\":\"search_term_string\"}}],\"inLanguage\":\"pt-BR\"},{\"@type\":\"Person\",\"@id\":\"https:\/\/www.gaveanews.com\/#\/schema\/person\/f42654babcd2b2014a1a65af82b081f1\",\"name\":\"Geovanna Thomaz\",\"image\":{\"@type\":\"ImageObject\",\"inLanguage\":\"pt-BR\",\"@id\":\"https:\/\/www.gaveanews.com\/#\/schema\/person\/image\/\",\"url\":\"https:\/\/secure.gravatar.com\/avatar\/4092073255489533afb558984b49b64268c47198af8623cc82a925ae9fb7118a?s=96&d=mm&r=g\",\"contentUrl\":\"https:\/\/secure.gravatar.com\/avatar\/4092073255489533afb558984b49b64268c47198af8623cc82a925ae9fb7118a?s=96&d=mm&r=g\",\"caption\":\"Geovanna Thomaz\"}}]}<\/script>\n<!-- \/ Yoast SEO Premium plugin. -->","yoast_head_json":{"title":"A declara\u00e7\u00e3o sincera de Zubeld\u00eda ap\u00f3s a falha de Jandrei","robots":{"index":"index","follow":"follow","max-snippet":"max-snippet:-1","max-image-preview":"max-image-preview:large","max-video-preview":"max-video-preview:-1"},"canonical":"https:\/\/www.gaveanews.com\/index.php\/2024\/06\/28\/a-declaracao-sincera-de-zubeldia-apos-a-falha-de-jandrei\/","og_locale":"pt_BR","og_type":"article","og_title":"A declara\u00e7\u00e3o sincera de Zubeld\u00eda ap\u00f3s a falha de Jandrei","og_description":"Goleiro do S\u00e3o Paulo foi vaiado ap\u00f3s a partida Jandrei deixou o campo e se dirigiu aos vesti\u00e1rios do Morumbi sob vaias da torcida. Ele levantou um dos bra\u00e7os e pediu desculpas. Essa foi uma cena rara ap\u00f3s uma vit\u00f3ria em casa, mas reflete a press\u00e3o enfrentada pelo goleiro, que est\u00e1 substituindo Rafael, o titular [&hellip;]","og_url":"https:\/\/www.gaveanews.com\/index.php\/2024\/06\/28\/a-declaracao-sincera-de-zubeldia-apos-a-falha-de-jandrei\/","og_site_name":"G\u00e1vea News","article_publisher":"https:\/\/facebook.com\/gaveaNews\/","article_published_time":"2024-06-28T19:38:50+00:00","article_modified_time":"2024-06-28T19:38:51+00:00","og_image":[{"width":570,"height":321,"url":"https:\/\/www.gaveanews.com\/wp-content\/uploads\/i-18.webp","type":"image\/jpeg"}],"author":"Geovanna Thomaz","twitter_card":"summary_large_image","twitter_misc":{"Escrito por":"Geovanna Thomaz","Est. tempo de leitura":"2 minutos"},"schema":{"@context":"https:\/\/schema.org","@graph":[{"@type":"NewsArticle","@id":"https:\/\/www.gaveanews.com\/index.php\/2024\/06\/28\/a-declaracao-sincera-de-zubeldia-apos-a-falha-de-jandrei\/#article","isPartOf":{"@id":"https:\/\/www.gaveanews.com\/index.php\/2024\/06\/28\/a-declaracao-sincera-de-zubeldia-apos-a-falha-de-jandrei\/"},"author":{"name":"Geovanna Thomaz","@id":"https:\/\/www.gaveanews.com\/#\/schema\/person\/f42654babcd2b2014a1a65af82b081f1"},"headline":"A declara\u00e7\u00e3o sincera de Zubeld\u00eda ap\u00f3s a falha de Jandrei","datePublished":"2024-06-28T19:38:50+00:00","dateModified":"2024-06-28T19:38:51+00:00","mainEntityOfPage":{"@id":"https:\/\/www.gaveanews.com\/index.php\/2024\/06\/28\/a-declaracao-sincera-de-zubeldia-apos-a-falha-de-jandrei\/"},"wordCount":362,"commentCount":0,"image":{"@id":"https:\/\/www.gaveanews.com\/index.php\/2024\/06\/28\/a-declaracao-sincera-de-zubeldia-apos-a-falha-de-jandrei\/#primaryimage"},"thumbnailUrl":"https:\/\/www.gaveanews.com\/wp-content\/uploads\/i-18.webp","keywords":["S\u00e3o Paulo","Zubeldia"],"articleSection":["S\u00e3o Paulo"],"inLanguage":"pt-BR","potentialAction":[{"@type":"CommentAction","name":"Comment","target":["https:\/\/www.gaveanews.com\/index.php\/2024\/06\/28\/a-declaracao-sincera-de-zubeldia-apos-a-falha-de-jandrei\/#respond"]}],"copyrightYear":"2024","copyrightHolder":{"@id":"https:\/\/www.gaveanews.com\/#organization"}},{"@type":"WebPage","@id":"https:\/\/www.gaveanews.com\/index.php\/2024\/06\/28\/a-declaracao-sincera-de-zubeldia-apos-a-falha-de-jandrei\/","url":"https:\/\/www.gaveanews.com\/index.php\/2024\/06\/28\/a-declaracao-sincera-de-zubeldia-apos-a-falha-de-jandrei\/","name":"A declara\u00e7\u00e3o sincera de Zubeld\u00eda ap\u00f3s a falha de Jandrei","isPartOf":{"@id":"https:\/\/www.gaveanews.com\/#website"},"primaryImageOfPage":{"@id":"https:\/\/www.gaveanews.com\/index.php\/2024\/06\/28\/a-declaracao-sincera-de-zubeldia-apos-a-falha-de-jandrei\/#primaryimage"},"image":{"@id":"https:\/\/www.gaveanews.com\/index.php\/2024\/06\/28\/a-declaracao-sincera-de-zubeldia-apos-a-falha-de-jandrei\/#primaryimage"},"thumbnailUrl":"https:\/\/www.gaveanews.com\/wp-content\/uploads\/i-18.webp","datePublished":"2024-06-28T19:38:50+00:00","dateModified":"2024-06-28T19:38:51+00:00","author":{"@id":"https:\/\/www.gaveanews.com\/#\/schema\/person\/f42654babcd2b2014a1a65af82b081f1"},"breadcrumb":{"@id":"https:\/\/www.gaveanews.com\/index.php\/2024\/06\/28\/a-declaracao-sincera-de-zubeldia-apos-a-falha-de-jandrei\/#breadcrumb"},"inLanguage":"pt-BR","potentialAction":[{"@type":"ReadAction","target":["https:\/\/www.gaveanews.com\/index.php\/2024\/06\/28\/a-declaracao-sincera-de-zubeldia-apos-a-falha-de-jandrei\/"]}]},{"@type":"ImageObject","inLanguage":"pt-BR","@id":"https:\/\/www.gaveanews.com\/index.php\/2024\/06\/28\/a-declaracao-sincera-de-zubeldia-apos-a-falha-de-jandrei\/#primaryimage","url":"https:\/\/www.gaveanews.com\/wp-content\/uploads\/i-18.webp","contentUrl":"https:\/\/www.gaveanews.com\/wp-content\/uploads\/i-18.webp","width":570,"height":321,"caption":"Luis Zubeld\u00eda durante S\u00e3o Paulo x Fluminense Alexandre Schneider\/Getty Images"},{"@type":"BreadcrumbList","@id":"https:\/\/www.gaveanews.com\/index.php\/2024\/06\/28\/a-declaracao-sincera-de-zubeldia-apos-a-falha-de-jandrei\/#breadcrumb","itemListElement":[{"@type":"ListItem","position":1,"name":"Home","item":"https:\/\/www.gaveanews.com\/"},{"@type":"ListItem","position":2,"name":"A declara\u00e7\u00e3o sincera de Zubeld\u00eda ap\u00f3s a falha de Jandrei"}]},{"@type":"WebSite","@id":"https:\/\/www.gaveanews.com\/#website","url":"https:\/\/www.gaveanews.com\/","name":"G\u00e1vea News","description":"Veja todas as not\u00edcias sobre o Flamengo: Contrata\u00e7\u00f5es, categorias de base, resultados das partidas, tabela de classifica\u00e7\u00e3o, pr\u00f3ximos jogos!","potentialAction":[{"@type":"SearchAction","target":{"@type":"EntryPoint","urlTemplate":"https:\/\/www.gaveanews.com\/?s={search_term_string}"},"query-input":{"@type":"PropertyValueSpecification","valueRequired":true,"valueName":"search_term_string"}}],"inLanguage":"pt-BR"},{"@type":"Person","@id":"https:\/\/www.gaveanews.com\/#\/schema\/person\/f42654babcd2b2014a1a65af82b081f1","name":"Geovanna Thomaz","image":{"@type":"ImageObject","inLanguage":"pt-BR","@id":"https:\/\/www.gaveanews.com\/#\/schema\/person\/image\/","url":"https:\/\/secure.gravatar.com\/avatar\/4092073255489533afb558984b49b64268c47198af8623cc82a925ae9fb7118a?s=96&d=mm&r=g","contentUrl":"https:\/\/secure.gravatar.com\/avatar\/4092073255489533afb558984b49b64268c47198af8623cc82a925ae9fb7118a?s=96&d=mm&r=g","caption":"Geovanna Thomaz"}}]}},"_links":{"self":[{"href":"https:\/\/www.gaveanews.com\/index.php\/wp-json\/wp\/v2\/posts\/149745","targetHints":{"allow":["GET"]}}],"collection":[{"href":"https:\/\/www.gaveanews.com\/index.php\/wp-json\/wp\/v2\/posts"}],"about":[{"href":"https:\/\/www.gaveanews.com\/index.php\/wp-json\/wp\/v2\/types\/post"}],"author":[{"embeddable":true,"href":"https:\/\/www.gaveanews.com\/index.php\/wp-json\/wp\/v2\/users\/17"}],"replies":[{"embeddable":true,"href":"https:\/\/www.gaveanews.com\/index.php\/wp-json\/wp\/v2\/comments?post=149745"}],"version-history":[{"count":2,"href":"https:\/\/www.gaveanews.com\/index.php\/wp-json\/wp\/v2\/posts\/149745\/revisions"}],"predecessor-version":[{"id":149765,"href":"https:\/\/www.gaveanews.com\/index.php\/wp-json\/wp\/v2\/posts\/149745\/revisions\/149765"}],"wp:featuredmedia":[{"embeddable":true,"href":"https:\/\/www.gaveanews.com\/index.php\/wp-json\/wp\/v2\/media\/143461"}],"wp:attachment":[{"href":"https:\/\/www.gaveanews.com\/index.php\/wp-json\/wp\/v2\/media?parent=149745"}],"wp:term":[{"taxonomy":"category","embeddable":true,"href":"https:\/\/www.gaveanews.com\/index.php\/wp-json\/wp\/v2\/categories?post=149745"},{"taxonomy":"post_tag","embeddable":true,"href":"https:\/\/www.gaveanews.com\/index.php\/wp-json\/wp\/v2\/tags?post=149745"}],"curies":[{"name":"wp","href":"https:\/\/api.w.org\/{rel}","templated":true}]}}