{"id":149747,"date":"2024-06-28T16:42:45","date_gmt":"2024-06-28T19:42:45","guid":{"rendered":"https:\/\/www.gaveanews.com\/?p=149747"},"modified":"2024-06-28T16:42:47","modified_gmt":"2024-06-28T19:42:47","slug":"a-declaracao-de-alisson-apos-o-sao-paulo-vencer-o-criciuma","status":"publish","type":"post","link":"https:\/\/www.gaveanews.com\/index.php\/2024\/06\/28\/a-declaracao-de-alisson-apos-o-sao-paulo-vencer-o-criciuma\/","title":{"rendered":"A declara\u00e7\u00e3o de Alisson ap\u00f3s o S\u00e3o Paulo vencer o Crici\u00fama"},"content":{"rendered":"\n<h2 class=\"wp-block-heading\" id=\"h-alisson-saiu-em-defesa-do-goleiro-jandrei-apos-falha\">Alisson saiu em defesa do goleiro Jandrei ap\u00f3s falha <\/h2>\n\n\n\n<p>Ap\u00f3s a vit\u00f3ria do S\u00e3o Paulo por 2 a 1 sobre o Crici\u00fama, o volante Alisson fez quest\u00e3o de sair em defesa do goleiro Jandrei, que tem enfrentado cr\u00edticas da torcida. Jandrei cometeu um erro que resultou em um gol dos visitantes perto do fim da partida, mas Alisson destacou a import\u00e2ncia de reconhecer os esfor\u00e7os do companheiro de equipe e enfatizou a uni\u00e3o do grupo em momentos dif\u00edceis.<\/p>\n\n\n\n<p>\u2014 <em>Todos n\u00f3s somos seres humanos. Assim como ele teve o erro hoje, no domingo pode ser o Alisson, ou outro jogador. N\u00e3o vamos acertar sempre. Mas \u00e9 um cara que todos tinham que ver, ele trabalha muito, nos ajudou muito<\/em>, afirmou Alisson.<\/p>\n\n\n\n<p>Alisson tamb\u00e9m mencionou que o grupo tem momentos de cobran\u00e7a interna, especialmente ap\u00f3s resultados negativos, como ocorreu contra o Cuiab\u00e1. Segundo ele, essas discuss\u00f5es s\u00e3o essenciais para melhorar o desempenho do time.<\/p>\n\n\n\n<p>\u2014 <em>Teve uma cobran\u00e7a entre n\u00f3s, assim como no jogo contra o Cuiab\u00e1. Quando vem o momento ruim, a gente tem que sentar e se cobrar. A gente s\u00f3 fica chateado por \u00e0s vezes escutar de fora que tem jogador que escala time, que tem jogador contra treinador. A gente tava ganhando 13 jogos seguidos, a\u00ed perde dois e empata dois e t\u00e1 tudo errado? N\u00e3o \u00e9 assim<\/em>., disse Alisson<\/p>\n\n\n\n<p>O volante tamb\u00e9m comparou a situa\u00e7\u00e3o do futebol com outras profiss\u00f5es, ressaltando que todos enfrentam dias dif\u00edceis no trabalho.<\/p>\n\n\n\n<p>\u2014 <em>Voc\u00eas tamb\u00e9m t\u00eam dias no trabalho de voc\u00eas que as coisas n\u00e3o d\u00e3o certo. Assim como ele teve o erro hoje, no domingo pode ser o Alisson, outro jogador\u2026 n\u00e3o vamos acertar sempre. Mas \u00e9 um cara que todo mundo tinha que ver, trabalha muito, nos ajudou muito. No ano retrasado jogou v\u00e1rios jogos com a costela quebrada<\/em>, relembrou Alisson.<\/p>\n","protected":false},"excerpt":{"rendered":"<p>Alisson saiu em defesa do goleiro Jandrei ap\u00f3s falha Ap\u00f3s a vit\u00f3ria do S\u00e3o Paulo por 2 a 1 sobre o Crici\u00fama, o volante Alisson fez quest\u00e3o de sair em defesa do goleiro Jandrei, que tem enfrentado cr\u00edticas da torcida. Jandrei cometeu um erro que resultou em um gol dos visitantes perto do fim da [&hellip;]<\/p>\n","protected":false},"author":17,"featured_media":120199,"comment_status":"open","ping_status":"closed","sticky":false,"template":"","format":"standard","meta":{"footnotes":""},"categories":[151],"tags":[373,340,236],"class_list":["post-149747","post","type-post","status-publish","format-standard","has-post-thumbnail","hentry","category-sao-paulo","tag-alisson","tag-jandrei","tag-sao-paulo"],"yoast_head":"<!-- This site is optimized with the Yoast SEO Premium plugin v24.2 (Yoast SEO v26.9) - https:\/\/yoast.com\/product\/yoast-seo-premium-wordpress\/ -->\n<title>A declara\u00e7\u00e3o de Alisson ap\u00f3s o S\u00e3o Paulo vencer o Crici\u00fama<\/title>\n<meta name=\"robots\" content=\"index, follow, max-snippet:-1, max-image-preview:large, max-video-preview:-1\" \/>\n<link rel=\"canonical\" href=\"https:\/\/www.gaveanews.com\/index.php\/2024\/06\/28\/a-declaracao-de-alisson-apos-o-sao-paulo-vencer-o-criciuma\/\" \/>\n<meta property=\"og:locale\" content=\"pt_BR\" \/>\n<meta property=\"og:type\" content=\"article\" \/>\n<meta property=\"og:title\" content=\"A declara\u00e7\u00e3o de Alisson ap\u00f3s o S\u00e3o Paulo vencer o Crici\u00fama\" \/>\n<meta property=\"og:description\" content=\"Alisson saiu em defesa do goleiro Jandrei ap\u00f3s falha Ap\u00f3s a vit\u00f3ria do S\u00e3o Paulo por 2 a 1 sobre o Crici\u00fama, o volante Alisson fez quest\u00e3o de sair em defesa do goleiro Jandrei, que tem enfrentado cr\u00edticas da torcida. Jandrei cometeu um erro que resultou em um gol dos visitantes perto do fim da [&hellip;]\" \/>\n<meta property=\"og:url\" content=\"https:\/\/www.gaveanews.com\/index.php\/2024\/06\/28\/a-declaracao-de-alisson-apos-o-sao-paulo-vencer-o-criciuma\/\" \/>\n<meta property=\"og:site_name\" content=\"G\u00e1vea News\" \/>\n<meta property=\"article:publisher\" content=\"https:\/\/facebook.com\/gaveaNews\/\" \/>\n<meta property=\"article:published_time\" content=\"2024-06-28T19:42:45+00:00\" \/>\n<meta property=\"article:modified_time\" content=\"2024-06-28T19:42:47+00:00\" \/>\n<meta property=\"og:image\" content=\"https:\/\/www.gaveanews.com\/wp-content\/uploads\/sao-paulo-escudo.webp\" \/>\n\t<meta property=\"og:image:width\" content=\"800\" \/>\n\t<meta property=\"og:image:height\" content=\"533\" \/>\n\t<meta property=\"og:image:type\" content=\"image\/webp\" \/>\n<meta name=\"author\" content=\"Geovanna Thomaz\" \/>\n<meta name=\"twitter:card\" content=\"summary_large_image\" \/>\n<meta name=\"twitter:label1\" content=\"Escrito por\" \/>\n\t<meta name=\"twitter:data1\" content=\"Geovanna Thomaz\" \/>\n\t<meta name=\"twitter:label2\" content=\"Est. tempo de leitura\" \/>\n\t<meta name=\"twitter:data2\" content=\"2 minutos\" \/>\n<script type=\"application\/ld+json\" class=\"yoast-schema-graph\">{\"@context\":\"https:\/\/schema.org\",\"@graph\":[{\"@type\":\"NewsArticle\",\"@id\":\"https:\/\/www.gaveanews.com\/index.php\/2024\/06\/28\/a-declaracao-de-alisson-apos-o-sao-paulo-vencer-o-criciuma\/#article\",\"isPartOf\":{\"@id\":\"https:\/\/www.gaveanews.com\/index.php\/2024\/06\/28\/a-declaracao-de-alisson-apos-o-sao-paulo-vencer-o-criciuma\/\"},\"author\":{\"name\":\"Geovanna Thomaz\",\"@id\":\"https:\/\/www.gaveanews.com\/#\/schema\/person\/f42654babcd2b2014a1a65af82b081f1\"},\"headline\":\"A declara\u00e7\u00e3o de Alisson ap\u00f3s o S\u00e3o Paulo vencer o Crici\u00fama\",\"datePublished\":\"2024-06-28T19:42:45+00:00\",\"dateModified\":\"2024-06-28T19:42:47+00:00\",\"mainEntityOfPage\":{\"@id\":\"https:\/\/www.gaveanews.com\/index.php\/2024\/06\/28\/a-declaracao-de-alisson-apos-o-sao-paulo-vencer-o-criciuma\/\"},\"wordCount\":342,\"commentCount\":0,\"image\":{\"@id\":\"https:\/\/www.gaveanews.com\/index.php\/2024\/06\/28\/a-declaracao-de-alisson-apos-o-sao-paulo-vencer-o-criciuma\/#primaryimage\"},\"thumbnailUrl\":\"https:\/\/www.gaveanews.com\/wp-content\/uploads\/sao-paulo-escudo.webp\",\"keywords\":[\"Alisson\",\"Jandrei\",\"S\u00e3o Paulo\"],\"articleSection\":[\"S\u00e3o Paulo\"],\"inLanguage\":\"pt-BR\",\"potentialAction\":[{\"@type\":\"CommentAction\",\"name\":\"Comment\",\"target\":[\"https:\/\/www.gaveanews.com\/index.php\/2024\/06\/28\/a-declaracao-de-alisson-apos-o-sao-paulo-vencer-o-criciuma\/#respond\"]}],\"copyrightYear\":\"2024\",\"copyrightHolder\":{\"@id\":\"https:\/\/www.gaveanews.com\/#organization\"}},{\"@type\":\"WebPage\",\"@id\":\"https:\/\/www.gaveanews.com\/index.php\/2024\/06\/28\/a-declaracao-de-alisson-apos-o-sao-paulo-vencer-o-criciuma\/\",\"url\":\"https:\/\/www.gaveanews.com\/index.php\/2024\/06\/28\/a-declaracao-de-alisson-apos-o-sao-paulo-vencer-o-criciuma\/\",\"name\":\"A declara\u00e7\u00e3o de Alisson ap\u00f3s o S\u00e3o Paulo vencer o Crici\u00fama\",\"isPartOf\":{\"@id\":\"https:\/\/www.gaveanews.com\/#website\"},\"primaryImageOfPage\":{\"@id\":\"https:\/\/www.gaveanews.com\/index.php\/2024\/06\/28\/a-declaracao-de-alisson-apos-o-sao-paulo-vencer-o-criciuma\/#primaryimage\"},\"image\":{\"@id\":\"https:\/\/www.gaveanews.com\/index.php\/2024\/06\/28\/a-declaracao-de-alisson-apos-o-sao-paulo-vencer-o-criciuma\/#primaryimage\"},\"thumbnailUrl\":\"https:\/\/www.gaveanews.com\/wp-content\/uploads\/sao-paulo-escudo.webp\",\"datePublished\":\"2024-06-28T19:42:45+00:00\",\"dateModified\":\"2024-06-28T19:42:47+00:00\",\"author\":{\"@id\":\"https:\/\/www.gaveanews.com\/#\/schema\/person\/f42654babcd2b2014a1a65af82b081f1\"},\"breadcrumb\":{\"@id\":\"https:\/\/www.gaveanews.com\/index.php\/2024\/06\/28\/a-declaracao-de-alisson-apos-o-sao-paulo-vencer-o-criciuma\/#breadcrumb\"},\"inLanguage\":\"pt-BR\",\"potentialAction\":[{\"@type\":\"ReadAction\",\"target\":[\"https:\/\/www.gaveanews.com\/index.php\/2024\/06\/28\/a-declaracao-de-alisson-apos-o-sao-paulo-vencer-o-criciuma\/\"]}]},{\"@type\":\"ImageObject\",\"inLanguage\":\"pt-BR\",\"@id\":\"https:\/\/www.gaveanews.com\/index.php\/2024\/06\/28\/a-declaracao-de-alisson-apos-o-sao-paulo-vencer-o-criciuma\/#primaryimage\",\"url\":\"https:\/\/www.gaveanews.com\/wp-content\/uploads\/sao-paulo-escudo.webp\",\"contentUrl\":\"https:\/\/www.gaveanews.com\/wp-content\/uploads\/sao-paulo-escudo.webp\",\"width\":800,\"height\":533,\"caption\":\"Escudo do S\u00e3o Paulo (Foto: Reprodu\u00e7\u00e3o)\"},{\"@type\":\"BreadcrumbList\",\"@id\":\"https:\/\/www.gaveanews.com\/index.php\/2024\/06\/28\/a-declaracao-de-alisson-apos-o-sao-paulo-vencer-o-criciuma\/#breadcrumb\",\"itemListElement\":[{\"@type\":\"ListItem\",\"position\":1,\"name\":\"Home\",\"item\":\"https:\/\/www.gaveanews.com\/\"},{\"@type\":\"ListItem\",\"position\":2,\"name\":\"A declara\u00e7\u00e3o de Alisson ap\u00f3s o S\u00e3o Paulo vencer o Crici\u00fama\"}]},{\"@type\":\"WebSite\",\"@id\":\"https:\/\/www.gaveanews.com\/#website\",\"url\":\"https:\/\/www.gaveanews.com\/\",\"name\":\"G\u00e1vea News\",\"description\":\"Veja todas as not\u00edcias sobre o Flamengo: Contrata\u00e7\u00f5es, categorias de base, resultados das partidas, tabela de classifica\u00e7\u00e3o, pr\u00f3ximos jogos!\",\"potentialAction\":[{\"@type\":\"SearchAction\",\"target\":{\"@type\":\"EntryPoint\",\"urlTemplate\":\"https:\/\/www.gaveanews.com\/?s={search_term_string}\"},\"query-input\":{\"@type\":\"PropertyValueSpecification\",\"valueRequired\":true,\"valueName\":\"search_term_string\"}}],\"inLanguage\":\"pt-BR\"},{\"@type\":\"Person\",\"@id\":\"https:\/\/www.gaveanews.com\/#\/schema\/person\/f42654babcd2b2014a1a65af82b081f1\",\"name\":\"Geovanna Thomaz\",\"image\":{\"@type\":\"ImageObject\",\"inLanguage\":\"pt-BR\",\"@id\":\"https:\/\/www.gaveanews.com\/#\/schema\/person\/image\/\",\"url\":\"https:\/\/secure.gravatar.com\/avatar\/4092073255489533afb558984b49b64268c47198af8623cc82a925ae9fb7118a?s=96&d=mm&r=g\",\"contentUrl\":\"https:\/\/secure.gravatar.com\/avatar\/4092073255489533afb558984b49b64268c47198af8623cc82a925ae9fb7118a?s=96&d=mm&r=g\",\"caption\":\"Geovanna Thomaz\"}}]}<\/script>\n<!-- \/ Yoast SEO Premium plugin. -->","yoast_head_json":{"title":"A declara\u00e7\u00e3o de Alisson ap\u00f3s o S\u00e3o Paulo vencer o Crici\u00fama","robots":{"index":"index","follow":"follow","max-snippet":"max-snippet:-1","max-image-preview":"max-image-preview:large","max-video-preview":"max-video-preview:-1"},"canonical":"https:\/\/www.gaveanews.com\/index.php\/2024\/06\/28\/a-declaracao-de-alisson-apos-o-sao-paulo-vencer-o-criciuma\/","og_locale":"pt_BR","og_type":"article","og_title":"A declara\u00e7\u00e3o de Alisson ap\u00f3s o S\u00e3o Paulo vencer o Crici\u00fama","og_description":"Alisson saiu em defesa do goleiro Jandrei ap\u00f3s falha Ap\u00f3s a vit\u00f3ria do S\u00e3o Paulo por 2 a 1 sobre o Crici\u00fama, o volante Alisson fez quest\u00e3o de sair em defesa do goleiro Jandrei, que tem enfrentado cr\u00edticas da torcida. Jandrei cometeu um erro que resultou em um gol dos visitantes perto do fim da [&hellip;]","og_url":"https:\/\/www.gaveanews.com\/index.php\/2024\/06\/28\/a-declaracao-de-alisson-apos-o-sao-paulo-vencer-o-criciuma\/","og_site_name":"G\u00e1vea News","article_publisher":"https:\/\/facebook.com\/gaveaNews\/","article_published_time":"2024-06-28T19:42:45+00:00","article_modified_time":"2024-06-28T19:42:47+00:00","og_image":[{"width":800,"height":533,"url":"https:\/\/www.gaveanews.com\/wp-content\/uploads\/sao-paulo-escudo.webp","type":"image\/webp"}],"author":"Geovanna Thomaz","twitter_card":"summary_large_image","twitter_misc":{"Escrito por":"Geovanna Thomaz","Est. tempo de leitura":"2 minutos"},"schema":{"@context":"https:\/\/schema.org","@graph":[{"@type":"NewsArticle","@id":"https:\/\/www.gaveanews.com\/index.php\/2024\/06\/28\/a-declaracao-de-alisson-apos-o-sao-paulo-vencer-o-criciuma\/#article","isPartOf":{"@id":"https:\/\/www.gaveanews.com\/index.php\/2024\/06\/28\/a-declaracao-de-alisson-apos-o-sao-paulo-vencer-o-criciuma\/"},"author":{"name":"Geovanna Thomaz","@id":"https:\/\/www.gaveanews.com\/#\/schema\/person\/f42654babcd2b2014a1a65af82b081f1"},"headline":"A declara\u00e7\u00e3o de Alisson ap\u00f3s o S\u00e3o Paulo vencer o Crici\u00fama","datePublished":"2024-06-28T19:42:45+00:00","dateModified":"2024-06-28T19:42:47+00:00","mainEntityOfPage":{"@id":"https:\/\/www.gaveanews.com\/index.php\/2024\/06\/28\/a-declaracao-de-alisson-apos-o-sao-paulo-vencer-o-criciuma\/"},"wordCount":342,"commentCount":0,"image":{"@id":"https:\/\/www.gaveanews.com\/index.php\/2024\/06\/28\/a-declaracao-de-alisson-apos-o-sao-paulo-vencer-o-criciuma\/#primaryimage"},"thumbnailUrl":"https:\/\/www.gaveanews.com\/wp-content\/uploads\/sao-paulo-escudo.webp","keywords":["Alisson","Jandrei","S\u00e3o Paulo"],"articleSection":["S\u00e3o Paulo"],"inLanguage":"pt-BR","potentialAction":[{"@type":"CommentAction","name":"Comment","target":["https:\/\/www.gaveanews.com\/index.php\/2024\/06\/28\/a-declaracao-de-alisson-apos-o-sao-paulo-vencer-o-criciuma\/#respond"]}],"copyrightYear":"2024","copyrightHolder":{"@id":"https:\/\/www.gaveanews.com\/#organization"}},{"@type":"WebPage","@id":"https:\/\/www.gaveanews.com\/index.php\/2024\/06\/28\/a-declaracao-de-alisson-apos-o-sao-paulo-vencer-o-criciuma\/","url":"https:\/\/www.gaveanews.com\/index.php\/2024\/06\/28\/a-declaracao-de-alisson-apos-o-sao-paulo-vencer-o-criciuma\/","name":"A declara\u00e7\u00e3o de Alisson ap\u00f3s o S\u00e3o Paulo vencer o Crici\u00fama","isPartOf":{"@id":"https:\/\/www.gaveanews.com\/#website"},"primaryImageOfPage":{"@id":"https:\/\/www.gaveanews.com\/index.php\/2024\/06\/28\/a-declaracao-de-alisson-apos-o-sao-paulo-vencer-o-criciuma\/#primaryimage"},"image":{"@id":"https:\/\/www.gaveanews.com\/index.php\/2024\/06\/28\/a-declaracao-de-alisson-apos-o-sao-paulo-vencer-o-criciuma\/#primaryimage"},"thumbnailUrl":"https:\/\/www.gaveanews.com\/wp-content\/uploads\/sao-paulo-escudo.webp","datePublished":"2024-06-28T19:42:45+00:00","dateModified":"2024-06-28T19:42:47+00:00","author":{"@id":"https:\/\/www.gaveanews.com\/#\/schema\/person\/f42654babcd2b2014a1a65af82b081f1"},"breadcrumb":{"@id":"https:\/\/www.gaveanews.com\/index.php\/2024\/06\/28\/a-declaracao-de-alisson-apos-o-sao-paulo-vencer-o-criciuma\/#breadcrumb"},"inLanguage":"pt-BR","potentialAction":[{"@type":"ReadAction","target":["https:\/\/www.gaveanews.com\/index.php\/2024\/06\/28\/a-declaracao-de-alisson-apos-o-sao-paulo-vencer-o-criciuma\/"]}]},{"@type":"ImageObject","inLanguage":"pt-BR","@id":"https:\/\/www.gaveanews.com\/index.php\/2024\/06\/28\/a-declaracao-de-alisson-apos-o-sao-paulo-vencer-o-criciuma\/#primaryimage","url":"https:\/\/www.gaveanews.com\/wp-content\/uploads\/sao-paulo-escudo.webp","contentUrl":"https:\/\/www.gaveanews.com\/wp-content\/uploads\/sao-paulo-escudo.webp","width":800,"height":533,"caption":"Escudo do S\u00e3o Paulo (Foto: Reprodu\u00e7\u00e3o)"},{"@type":"BreadcrumbList","@id":"https:\/\/www.gaveanews.com\/index.php\/2024\/06\/28\/a-declaracao-de-alisson-apos-o-sao-paulo-vencer-o-criciuma\/#breadcrumb","itemListElement":[{"@type":"ListItem","position":1,"name":"Home","item":"https:\/\/www.gaveanews.com\/"},{"@type":"ListItem","position":2,"name":"A declara\u00e7\u00e3o de Alisson ap\u00f3s o S\u00e3o Paulo vencer o Crici\u00fama"}]},{"@type":"WebSite","@id":"https:\/\/www.gaveanews.com\/#website","url":"https:\/\/www.gaveanews.com\/","name":"G\u00e1vea News","description":"Veja todas as not\u00edcias sobre o Flamengo: Contrata\u00e7\u00f5es, categorias de base, resultados das partidas, tabela de classifica\u00e7\u00e3o, pr\u00f3ximos jogos!","potentialAction":[{"@type":"SearchAction","target":{"@type":"EntryPoint","urlTemplate":"https:\/\/www.gaveanews.com\/?s={search_term_string}"},"query-input":{"@type":"PropertyValueSpecification","valueRequired":true,"valueName":"search_term_string"}}],"inLanguage":"pt-BR"},{"@type":"Person","@id":"https:\/\/www.gaveanews.com\/#\/schema\/person\/f42654babcd2b2014a1a65af82b081f1","name":"Geovanna Thomaz","image":{"@type":"ImageObject","inLanguage":"pt-BR","@id":"https:\/\/www.gaveanews.com\/#\/schema\/person\/image\/","url":"https:\/\/secure.gravatar.com\/avatar\/4092073255489533afb558984b49b64268c47198af8623cc82a925ae9fb7118a?s=96&d=mm&r=g","contentUrl":"https:\/\/secure.gravatar.com\/avatar\/4092073255489533afb558984b49b64268c47198af8623cc82a925ae9fb7118a?s=96&d=mm&r=g","caption":"Geovanna Thomaz"}}]}},"_links":{"self":[{"href":"https:\/\/www.gaveanews.com\/index.php\/wp-json\/wp\/v2\/posts\/149747","targetHints":{"allow":["GET"]}}],"collection":[{"href":"https:\/\/www.gaveanews.com\/index.php\/wp-json\/wp\/v2\/posts"}],"about":[{"href":"https:\/\/www.gaveanews.com\/index.php\/wp-json\/wp\/v2\/types\/post"}],"author":[{"embeddable":true,"href":"https:\/\/www.gaveanews.com\/index.php\/wp-json\/wp\/v2\/users\/17"}],"replies":[{"embeddable":true,"href":"https:\/\/www.gaveanews.com\/index.php\/wp-json\/wp\/v2\/comments?post=149747"}],"version-history":[{"count":3,"href":"https:\/\/www.gaveanews.com\/index.php\/wp-json\/wp\/v2\/posts\/149747\/revisions"}],"predecessor-version":[{"id":149768,"href":"https:\/\/www.gaveanews.com\/index.php\/wp-json\/wp\/v2\/posts\/149747\/revisions\/149768"}],"wp:featuredmedia":[{"embeddable":true,"href":"https:\/\/www.gaveanews.com\/index.php\/wp-json\/wp\/v2\/media\/120199"}],"wp:attachment":[{"href":"https:\/\/www.gaveanews.com\/index.php\/wp-json\/wp\/v2\/media?parent=149747"}],"wp:term":[{"taxonomy":"category","embeddable":true,"href":"https:\/\/www.gaveanews.com\/index.php\/wp-json\/wp\/v2\/categories?post=149747"},{"taxonomy":"post_tag","embeddable":true,"href":"https:\/\/www.gaveanews.com\/index.php\/wp-json\/wp\/v2\/tags?post=149747"}],"curies":[{"name":"wp","href":"https:\/\/api.w.org\/{rel}","templated":true}]}}