{"id":149748,"date":"2024-06-28T16:27:57","date_gmt":"2024-06-28T19:27:57","guid":{"rendered":"https:\/\/www.gaveanews.com\/?p=149748"},"modified":"2024-06-28T16:27:59","modified_gmt":"2024-06-28T19:27:59","slug":"vini-jr-recebe-convite-do-presidente-da-la-liga-entenda","status":"publish","type":"post","link":"https:\/\/www.gaveanews.com\/index.php\/2024\/06\/28\/vini-jr-recebe-convite-do-presidente-da-la-liga-entenda\/","title":{"rendered":"Vini Jr. recebe convite do presidente da La Liga; entenda"},"content":{"rendered":"\n<p>Vin\u00edcius J\u00fanior tem se destacado como um protagonista na luta contra o racismo no futebol espanhol. Revelado pelo Flamengo, o atacante do Real Madrid n\u00e3o mede esfor\u00e7os para combater a discrimina\u00e7\u00e3o racial, o que tem chamado a aten\u00e7\u00e3o de importantes figuras do esporte. Entre elas, Javier Tebas, presidente da La Liga, que vislumbra para Vin\u00edcius um futuro como embaixador na luta contra o racismo.<\/p>\n\n\n\n<p>Javier Tebas fez essa declara\u00e7\u00e3o durante um evento que marcou a apresenta\u00e7\u00e3o de um acordo entre a Associa\u00e7\u00e3o Patronal e o Minist\u00e9rio da Inclus\u00e3o, focado na discuss\u00e3o sobre o combate ao racismo no futebol. Nesse evento, Tebas elogiou a postura de Vini Jr e mencionou que, embora ele n\u00e3o possa assumir o papel de embaixador enquanto for jogador ativo, a proposta ser\u00e1 feita assim que ele se aposentar.<\/p>\n\n\n\n<p>\u2014 <em>Vin\u00edcius recebe insultos racistas porque \u00e9 um l\u00edder na luta contra o racismo. Neste momento, n\u00e3o pode ser embaixador da La Liga porque \u00e9 um jogador ativo, mas quando se aposentar, obviamente iremos propor isso a ele<\/em>, disse Javier Tebas.<\/p>\n\n\n\n<p>Tebas destacou que Vin\u00edcius J\u00fanior \u00e9 alvo de insultos racistas justamente por ser um l\u00edder nessa luta. Ele ressaltou a import\u00e2ncia de Vini Jr no combate \u00e0 discrimina\u00e7\u00e3o, explicando que, ap\u00f3s a aposentadoria do jogador, a La Liga certamente o convidar\u00e1 para ser embaixador da causa.<\/p>\n\n\n\n<p>Javier Tebas tamb\u00e9m fez quest\u00e3o de afirmar que a Espanha n\u00e3o \u00e9 um pa\u00eds racista, embora reconhe\u00e7a que h\u00e1 comportamentos racistas que precisam ser erradicados. Segundo ele, qualquer manifesta\u00e7\u00e3o racista deve ser combatida de forma contundente, refor\u00e7ando a import\u00e2ncia de iniciativas como as de Vini Jr.<\/p>\n\n\n\n<h2 class=\"wp-block-heading\" id=\"h-fusca-chines-sera-vendido-no-brasil\">Fusca chin\u00eas ser\u00e1 vendido no Brasil<\/h2>\n\n\n\n<p>Al\u00e9m disso, o portal G\u00e1vea News tamb\u00e9m est\u00e1 produzindo conte\u00fados relacionados ao setor automotivo. Em outras palavras, se voc\u00ea deseja se manter bem informado sobre esse assunto,&nbsp;<a href=\"https:\/\/www.gaveanews.com\/index.php\/carros\/\">clique aqui para acessar exclusivamente as not\u00edcias dessa categoria.<\/a>&nbsp;Assim sendo, n\u00f3s publicamos duas not\u00edcias de destaque:&nbsp;<a href=\"https:\/\/www.gaveanews.com\/index.php\/2024\/04\/20\/carros-populares-com-manutencao-cara-e-complicada?utm_source=Recirculacao&amp;utm_medium=SubtituloFinalDaMateria&amp;utm_campaign=SubtituloFinalDaMateria\" target=\"_blank\" rel=\"noreferrer noopener\">Carros populares com manuten\u00e7\u00e3o cara e complicada<\/a>, e&nbsp;<a href=\"https:\/\/www.gaveanews.com\/index.php\/2024\/04\/19\/muito-moderno-fusca-alternativo-comecara-a-ser-vendido-no-brasil\/?utm_source=Recirculacao&amp;utm_medium=SubtituloFinalDaMateria&amp;utm_campaign=SubtituloFinalDaMateria\" target=\"_blank\" rel=\"noreferrer noopener\">Fusca \u2018alternativo\u2019 come\u00e7ar\u00e1 a ser vendido no Brasil (veja fotos).<\/a><\/p>\n","protected":false},"excerpt":{"rendered":"<p>Vin\u00edcius J\u00fanior tem se destacado como um protagonista na luta contra o racismo no futebol espanhol. Revelado pelo Flamengo, o atacante do Real Madrid n\u00e3o mede esfor\u00e7os para combater a discrimina\u00e7\u00e3o racial, o que tem chamado a aten\u00e7\u00e3o de importantes figuras do esporte. Entre elas, Javier Tebas, presidente da La Liga, que vislumbra para Vin\u00edcius [&hellip;]<\/p>\n","protected":false},"author":15,"featured_media":121475,"comment_status":"open","ping_status":"closed","sticky":false,"template":"","format":"standard","meta":{"footnotes":""},"categories":[1,88],"tags":[],"class_list":["post-149748","post","type-post","status-publish","format-standard","has-post-thumbnail","hentry","category-flamengo","category-real-madrid"],"yoast_head":"<!-- This site is optimized with the Yoast SEO Premium plugin v24.2 (Yoast SEO v26.9) - https:\/\/yoast.com\/product\/yoast-seo-premium-wordpress\/ -->\n<title>Vini Jr. recebe convite do presidente da La Liga; entenda<\/title>\n<meta name=\"robots\" content=\"index, follow, max-snippet:-1, max-image-preview:large, max-video-preview:-1\" \/>\n<link rel=\"canonical\" href=\"https:\/\/www.gaveanews.com\/index.php\/2024\/06\/28\/vini-jr-recebe-convite-do-presidente-da-la-liga-entenda\/\" \/>\n<meta property=\"og:locale\" content=\"pt_BR\" \/>\n<meta property=\"og:type\" content=\"article\" \/>\n<meta property=\"og:title\" content=\"Vini Jr. recebe convite do presidente da La Liga; entenda\" \/>\n<meta property=\"og:description\" content=\"Vin\u00edcius J\u00fanior tem se destacado como um protagonista na luta contra o racismo no futebol espanhol. Revelado pelo Flamengo, o atacante do Real Madrid n\u00e3o mede esfor\u00e7os para combater a discrimina\u00e7\u00e3o racial, o que tem chamado a aten\u00e7\u00e3o de importantes figuras do esporte. Entre elas, Javier Tebas, presidente da La Liga, que vislumbra para Vin\u00edcius [&hellip;]\" \/>\n<meta property=\"og:url\" content=\"https:\/\/www.gaveanews.com\/index.php\/2024\/06\/28\/vini-jr-recebe-convite-do-presidente-da-la-liga-entenda\/\" \/>\n<meta property=\"og:site_name\" content=\"G\u00e1vea News\" \/>\n<meta property=\"article:publisher\" content=\"https:\/\/facebook.com\/gaveaNews\/\" \/>\n<meta property=\"article:published_time\" content=\"2024-06-28T19:27:57+00:00\" \/>\n<meta property=\"article:modified_time\" content=\"2024-06-28T19:27:59+00:00\" \/>\n<meta property=\"og:image\" content=\"https:\/\/www.gaveanews.com\/wp-content\/uploads\/Vinicius-Junior-exibe-o-escudo-do-Real-Madrid-apos-marcar-um-gol-pelo-time-da-Espanha-edited.webp\" \/>\n\t<meta property=\"og:image:width\" content=\"1440\" \/>\n\t<meta property=\"og:image:height\" content=\"1080\" \/>\n\t<meta property=\"og:image:type\" content=\"image\/jpeg\" \/>\n<meta name=\"author\" content=\"Henrique Machado\" \/>\n<meta name=\"twitter:card\" content=\"summary_large_image\" \/>\n<meta name=\"twitter:label1\" content=\"Escrito por\" \/>\n\t<meta name=\"twitter:data1\" content=\"Henrique Machado\" \/>\n\t<meta name=\"twitter:label2\" content=\"Est. tempo de leitura\" \/>\n\t<meta name=\"twitter:data2\" content=\"3 minutos\" \/>\n<script type=\"application\/ld+json\" class=\"yoast-schema-graph\">{\"@context\":\"https:\/\/schema.org\",\"@graph\":[{\"@type\":\"NewsArticle\",\"@id\":\"https:\/\/www.gaveanews.com\/index.php\/2024\/06\/28\/vini-jr-recebe-convite-do-presidente-da-la-liga-entenda\/#article\",\"isPartOf\":{\"@id\":\"https:\/\/www.gaveanews.com\/index.php\/2024\/06\/28\/vini-jr-recebe-convite-do-presidente-da-la-liga-entenda\/\"},\"author\":{\"name\":\"Henrique Machado\",\"@id\":\"https:\/\/www.gaveanews.com\/#\/schema\/person\/fd07635ec039ec3ba74ad18ec8a6dbd6\"},\"headline\":\"Vini Jr. recebe convite do presidente da La Liga; entenda\",\"datePublished\":\"2024-06-28T19:27:57+00:00\",\"dateModified\":\"2024-06-28T19:27:59+00:00\",\"mainEntityOfPage\":{\"@id\":\"https:\/\/www.gaveanews.com\/index.php\/2024\/06\/28\/vini-jr-recebe-convite-do-presidente-da-la-liga-entenda\/\"},\"wordCount\":382,\"commentCount\":0,\"image\":{\"@id\":\"https:\/\/www.gaveanews.com\/index.php\/2024\/06\/28\/vini-jr-recebe-convite-do-presidente-da-la-liga-entenda\/#primaryimage\"},\"thumbnailUrl\":\"https:\/\/www.gaveanews.com\/wp-content\/uploads\/Vinicius-Junior-exibe-o-escudo-do-Real-Madrid-apos-marcar-um-gol-pelo-time-da-Espanha-edited.webp\",\"articleSection\":[\"Flamengo\",\"Real Madrid\"],\"inLanguage\":\"pt-BR\",\"potentialAction\":[{\"@type\":\"CommentAction\",\"name\":\"Comment\",\"target\":[\"https:\/\/www.gaveanews.com\/index.php\/2024\/06\/28\/vini-jr-recebe-convite-do-presidente-da-la-liga-entenda\/#respond\"]}],\"copyrightYear\":\"2024\",\"copyrightHolder\":{\"@id\":\"https:\/\/www.gaveanews.com\/#organization\"}},{\"@type\":\"WebPage\",\"@id\":\"https:\/\/www.gaveanews.com\/index.php\/2024\/06\/28\/vini-jr-recebe-convite-do-presidente-da-la-liga-entenda\/\",\"url\":\"https:\/\/www.gaveanews.com\/index.php\/2024\/06\/28\/vini-jr-recebe-convite-do-presidente-da-la-liga-entenda\/\",\"name\":\"Vini Jr. recebe convite do presidente da La Liga; entenda\",\"isPartOf\":{\"@id\":\"https:\/\/www.gaveanews.com\/#website\"},\"primaryImageOfPage\":{\"@id\":\"https:\/\/www.gaveanews.com\/index.php\/2024\/06\/28\/vini-jr-recebe-convite-do-presidente-da-la-liga-entenda\/#primaryimage\"},\"image\":{\"@id\":\"https:\/\/www.gaveanews.com\/index.php\/2024\/06\/28\/vini-jr-recebe-convite-do-presidente-da-la-liga-entenda\/#primaryimage\"},\"thumbnailUrl\":\"https:\/\/www.gaveanews.com\/wp-content\/uploads\/Vinicius-Junior-exibe-o-escudo-do-Real-Madrid-apos-marcar-um-gol-pelo-time-da-Espanha-edited.webp\",\"datePublished\":\"2024-06-28T19:27:57+00:00\",\"dateModified\":\"2024-06-28T19:27:59+00:00\",\"author\":{\"@id\":\"https:\/\/www.gaveanews.com\/#\/schema\/person\/fd07635ec039ec3ba74ad18ec8a6dbd6\"},\"breadcrumb\":{\"@id\":\"https:\/\/www.gaveanews.com\/index.php\/2024\/06\/28\/vini-jr-recebe-convite-do-presidente-da-la-liga-entenda\/#breadcrumb\"},\"inLanguage\":\"pt-BR\",\"potentialAction\":[{\"@type\":\"ReadAction\",\"target\":[\"https:\/\/www.gaveanews.com\/index.php\/2024\/06\/28\/vini-jr-recebe-convite-do-presidente-da-la-liga-entenda\/\"]}]},{\"@type\":\"ImageObject\",\"inLanguage\":\"pt-BR\",\"@id\":\"https:\/\/www.gaveanews.com\/index.php\/2024\/06\/28\/vini-jr-recebe-convite-do-presidente-da-la-liga-entenda\/#primaryimage\",\"url\":\"https:\/\/www.gaveanews.com\/wp-content\/uploads\/Vinicius-Junior-exibe-o-escudo-do-Real-Madrid-apos-marcar-um-gol-pelo-time-da-Espanha-edited.webp\",\"contentUrl\":\"https:\/\/www.gaveanews.com\/wp-content\/uploads\/Vinicius-Junior-exibe-o-escudo-do-Real-Madrid-apos-marcar-um-gol-pelo-time-da-Espanha-edited.webp\",\"width\":1440,\"height\":1080,\"caption\":\"Vinicius J\u00fanior exibe o escudo do Real Madrid ap\u00f3s marcar um gol pelo time da Espanha (Foto: Reprodu\u00e7\u00e3o\/Instagram)\"},{\"@type\":\"BreadcrumbList\",\"@id\":\"https:\/\/www.gaveanews.com\/index.php\/2024\/06\/28\/vini-jr-recebe-convite-do-presidente-da-la-liga-entenda\/#breadcrumb\",\"itemListElement\":[{\"@type\":\"ListItem\",\"position\":1,\"name\":\"Home\",\"item\":\"https:\/\/www.gaveanews.com\/\"},{\"@type\":\"ListItem\",\"position\":2,\"name\":\"Vini Jr. recebe convite do presidente da La Liga; entenda\"}]},{\"@type\":\"WebSite\",\"@id\":\"https:\/\/www.gaveanews.com\/#website\",\"url\":\"https:\/\/www.gaveanews.com\/\",\"name\":\"G\u00e1vea News\",\"description\":\"Veja todas as not\u00edcias sobre o Flamengo: Contrata\u00e7\u00f5es, categorias de base, resultados das partidas, tabela de classifica\u00e7\u00e3o, pr\u00f3ximos jogos!\",\"potentialAction\":[{\"@type\":\"SearchAction\",\"target\":{\"@type\":\"EntryPoint\",\"urlTemplate\":\"https:\/\/www.gaveanews.com\/?s={search_term_string}\"},\"query-input\":{\"@type\":\"PropertyValueSpecification\",\"valueRequired\":true,\"valueName\":\"search_term_string\"}}],\"inLanguage\":\"pt-BR\"},{\"@type\":\"Person\",\"@id\":\"https:\/\/www.gaveanews.com\/#\/schema\/person\/fd07635ec039ec3ba74ad18ec8a6dbd6\",\"name\":\"Henrique Machado\",\"image\":{\"@type\":\"ImageObject\",\"inLanguage\":\"pt-BR\",\"@id\":\"https:\/\/www.gaveanews.com\/#\/schema\/person\/image\/\",\"url\":\"https:\/\/secure.gravatar.com\/avatar\/b95e35997e01d9800c1b6184bd79d4d898d370a3fce2584f5c77b907d5c7d9e9?s=96&d=mm&r=g\",\"contentUrl\":\"https:\/\/secure.gravatar.com\/avatar\/b95e35997e01d9800c1b6184bd79d4d898d370a3fce2584f5c77b907d5c7d9e9?s=96&d=mm&r=g\",\"caption\":\"Henrique Machado\"}}]}<\/script>\n<!-- \/ Yoast SEO Premium plugin. -->","yoast_head_json":{"title":"Vini Jr. recebe convite do presidente da La Liga; entenda","robots":{"index":"index","follow":"follow","max-snippet":"max-snippet:-1","max-image-preview":"max-image-preview:large","max-video-preview":"max-video-preview:-1"},"canonical":"https:\/\/www.gaveanews.com\/index.php\/2024\/06\/28\/vini-jr-recebe-convite-do-presidente-da-la-liga-entenda\/","og_locale":"pt_BR","og_type":"article","og_title":"Vini Jr. recebe convite do presidente da La Liga; entenda","og_description":"Vin\u00edcius J\u00fanior tem se destacado como um protagonista na luta contra o racismo no futebol espanhol. Revelado pelo Flamengo, o atacante do Real Madrid n\u00e3o mede esfor\u00e7os para combater a discrimina\u00e7\u00e3o racial, o que tem chamado a aten\u00e7\u00e3o de importantes figuras do esporte. Entre elas, Javier Tebas, presidente da La Liga, que vislumbra para Vin\u00edcius [&hellip;]","og_url":"https:\/\/www.gaveanews.com\/index.php\/2024\/06\/28\/vini-jr-recebe-convite-do-presidente-da-la-liga-entenda\/","og_site_name":"G\u00e1vea News","article_publisher":"https:\/\/facebook.com\/gaveaNews\/","article_published_time":"2024-06-28T19:27:57+00:00","article_modified_time":"2024-06-28T19:27:59+00:00","og_image":[{"width":1440,"height":1080,"url":"https:\/\/www.gaveanews.com\/wp-content\/uploads\/Vinicius-Junior-exibe-o-escudo-do-Real-Madrid-apos-marcar-um-gol-pelo-time-da-Espanha-edited.webp","type":"image\/jpeg"}],"author":"Henrique Machado","twitter_card":"summary_large_image","twitter_misc":{"Escrito por":"Henrique Machado","Est. tempo de leitura":"3 minutos"},"schema":{"@context":"https:\/\/schema.org","@graph":[{"@type":"NewsArticle","@id":"https:\/\/www.gaveanews.com\/index.php\/2024\/06\/28\/vini-jr-recebe-convite-do-presidente-da-la-liga-entenda\/#article","isPartOf":{"@id":"https:\/\/www.gaveanews.com\/index.php\/2024\/06\/28\/vini-jr-recebe-convite-do-presidente-da-la-liga-entenda\/"},"author":{"name":"Henrique Machado","@id":"https:\/\/www.gaveanews.com\/#\/schema\/person\/fd07635ec039ec3ba74ad18ec8a6dbd6"},"headline":"Vini Jr. recebe convite do presidente da La Liga; entenda","datePublished":"2024-06-28T19:27:57+00:00","dateModified":"2024-06-28T19:27:59+00:00","mainEntityOfPage":{"@id":"https:\/\/www.gaveanews.com\/index.php\/2024\/06\/28\/vini-jr-recebe-convite-do-presidente-da-la-liga-entenda\/"},"wordCount":382,"commentCount":0,"image":{"@id":"https:\/\/www.gaveanews.com\/index.php\/2024\/06\/28\/vini-jr-recebe-convite-do-presidente-da-la-liga-entenda\/#primaryimage"},"thumbnailUrl":"https:\/\/www.gaveanews.com\/wp-content\/uploads\/Vinicius-Junior-exibe-o-escudo-do-Real-Madrid-apos-marcar-um-gol-pelo-time-da-Espanha-edited.webp","articleSection":["Flamengo","Real Madrid"],"inLanguage":"pt-BR","potentialAction":[{"@type":"CommentAction","name":"Comment","target":["https:\/\/www.gaveanews.com\/index.php\/2024\/06\/28\/vini-jr-recebe-convite-do-presidente-da-la-liga-entenda\/#respond"]}],"copyrightYear":"2024","copyrightHolder":{"@id":"https:\/\/www.gaveanews.com\/#organization"}},{"@type":"WebPage","@id":"https:\/\/www.gaveanews.com\/index.php\/2024\/06\/28\/vini-jr-recebe-convite-do-presidente-da-la-liga-entenda\/","url":"https:\/\/www.gaveanews.com\/index.php\/2024\/06\/28\/vini-jr-recebe-convite-do-presidente-da-la-liga-entenda\/","name":"Vini Jr. recebe convite do presidente da La Liga; entenda","isPartOf":{"@id":"https:\/\/www.gaveanews.com\/#website"},"primaryImageOfPage":{"@id":"https:\/\/www.gaveanews.com\/index.php\/2024\/06\/28\/vini-jr-recebe-convite-do-presidente-da-la-liga-entenda\/#primaryimage"},"image":{"@id":"https:\/\/www.gaveanews.com\/index.php\/2024\/06\/28\/vini-jr-recebe-convite-do-presidente-da-la-liga-entenda\/#primaryimage"},"thumbnailUrl":"https:\/\/www.gaveanews.com\/wp-content\/uploads\/Vinicius-Junior-exibe-o-escudo-do-Real-Madrid-apos-marcar-um-gol-pelo-time-da-Espanha-edited.webp","datePublished":"2024-06-28T19:27:57+00:00","dateModified":"2024-06-28T19:27:59+00:00","author":{"@id":"https:\/\/www.gaveanews.com\/#\/schema\/person\/fd07635ec039ec3ba74ad18ec8a6dbd6"},"breadcrumb":{"@id":"https:\/\/www.gaveanews.com\/index.php\/2024\/06\/28\/vini-jr-recebe-convite-do-presidente-da-la-liga-entenda\/#breadcrumb"},"inLanguage":"pt-BR","potentialAction":[{"@type":"ReadAction","target":["https:\/\/www.gaveanews.com\/index.php\/2024\/06\/28\/vini-jr-recebe-convite-do-presidente-da-la-liga-entenda\/"]}]},{"@type":"ImageObject","inLanguage":"pt-BR","@id":"https:\/\/www.gaveanews.com\/index.php\/2024\/06\/28\/vini-jr-recebe-convite-do-presidente-da-la-liga-entenda\/#primaryimage","url":"https:\/\/www.gaveanews.com\/wp-content\/uploads\/Vinicius-Junior-exibe-o-escudo-do-Real-Madrid-apos-marcar-um-gol-pelo-time-da-Espanha-edited.webp","contentUrl":"https:\/\/www.gaveanews.com\/wp-content\/uploads\/Vinicius-Junior-exibe-o-escudo-do-Real-Madrid-apos-marcar-um-gol-pelo-time-da-Espanha-edited.webp","width":1440,"height":1080,"caption":"Vinicius J\u00fanior exibe o escudo do Real Madrid ap\u00f3s marcar um gol pelo time da Espanha (Foto: Reprodu\u00e7\u00e3o\/Instagram)"},{"@type":"BreadcrumbList","@id":"https:\/\/www.gaveanews.com\/index.php\/2024\/06\/28\/vini-jr-recebe-convite-do-presidente-da-la-liga-entenda\/#breadcrumb","itemListElement":[{"@type":"ListItem","position":1,"name":"Home","item":"https:\/\/www.gaveanews.com\/"},{"@type":"ListItem","position":2,"name":"Vini Jr. recebe convite do presidente da La Liga; entenda"}]},{"@type":"WebSite","@id":"https:\/\/www.gaveanews.com\/#website","url":"https:\/\/www.gaveanews.com\/","name":"G\u00e1vea News","description":"Veja todas as not\u00edcias sobre o Flamengo: Contrata\u00e7\u00f5es, categorias de base, resultados das partidas, tabela de classifica\u00e7\u00e3o, pr\u00f3ximos jogos!","potentialAction":[{"@type":"SearchAction","target":{"@type":"EntryPoint","urlTemplate":"https:\/\/www.gaveanews.com\/?s={search_term_string}"},"query-input":{"@type":"PropertyValueSpecification","valueRequired":true,"valueName":"search_term_string"}}],"inLanguage":"pt-BR"},{"@type":"Person","@id":"https:\/\/www.gaveanews.com\/#\/schema\/person\/fd07635ec039ec3ba74ad18ec8a6dbd6","name":"Henrique Machado","image":{"@type":"ImageObject","inLanguage":"pt-BR","@id":"https:\/\/www.gaveanews.com\/#\/schema\/person\/image\/","url":"https:\/\/secure.gravatar.com\/avatar\/b95e35997e01d9800c1b6184bd79d4d898d370a3fce2584f5c77b907d5c7d9e9?s=96&d=mm&r=g","contentUrl":"https:\/\/secure.gravatar.com\/avatar\/b95e35997e01d9800c1b6184bd79d4d898d370a3fce2584f5c77b907d5c7d9e9?s=96&d=mm&r=g","caption":"Henrique Machado"}}]}},"_links":{"self":[{"href":"https:\/\/www.gaveanews.com\/index.php\/wp-json\/wp\/v2\/posts\/149748","targetHints":{"allow":["GET"]}}],"collection":[{"href":"https:\/\/www.gaveanews.com\/index.php\/wp-json\/wp\/v2\/posts"}],"about":[{"href":"https:\/\/www.gaveanews.com\/index.php\/wp-json\/wp\/v2\/types\/post"}],"author":[{"embeddable":true,"href":"https:\/\/www.gaveanews.com\/index.php\/wp-json\/wp\/v2\/users\/15"}],"replies":[{"embeddable":true,"href":"https:\/\/www.gaveanews.com\/index.php\/wp-json\/wp\/v2\/comments?post=149748"}],"version-history":[{"count":3,"href":"https:\/\/www.gaveanews.com\/index.php\/wp-json\/wp\/v2\/posts\/149748\/revisions"}],"predecessor-version":[{"id":149759,"href":"https:\/\/www.gaveanews.com\/index.php\/wp-json\/wp\/v2\/posts\/149748\/revisions\/149759"}],"wp:featuredmedia":[{"embeddable":true,"href":"https:\/\/www.gaveanews.com\/index.php\/wp-json\/wp\/v2\/media\/121475"}],"wp:attachment":[{"href":"https:\/\/www.gaveanews.com\/index.php\/wp-json\/wp\/v2\/media?parent=149748"}],"wp:term":[{"taxonomy":"category","embeddable":true,"href":"https:\/\/www.gaveanews.com\/index.php\/wp-json\/wp\/v2\/categories?post=149748"},{"taxonomy":"post_tag","embeddable":true,"href":"https:\/\/www.gaveanews.com\/index.php\/wp-json\/wp\/v2\/tags?post=149748"}],"curies":[{"name":"wp","href":"https:\/\/api.w.org\/{rel}","templated":true}]}}