{"id":150007,"date":"2024-07-01T11:07:48","date_gmt":"2024-07-01T14:07:48","guid":{"rendered":"https:\/\/www.gaveanews.com\/?p=150007"},"modified":"2024-07-01T11:07:50","modified_gmt":"2024-07-01T14:07:50","slug":"a-declaracao-de-gabriel-milito-sobre-o-jogo-entre-atletico-mg-x-flamengo","status":"publish","type":"post","link":"https:\/\/www.gaveanews.com\/index.php\/2024\/07\/01\/a-declaracao-de-gabriel-milito-sobre-o-jogo-entre-atletico-mg-x-flamengo\/","title":{"rendered":"A declara\u00e7\u00e3o de Gabriel Milito sobre o jogo entre Atl\u00e9tico-MG x Flamengo"},"content":{"rendered":"\n<h2 class=\"wp-block-heading\" id=\"h-o-tecnico-espera-contar-com-vargas-e-alan-franco-na-partida-contra-o-flamengo\">O t\u00e9cnico espera contar com Vargas e Alan Franco, na partida contra o Flamengo<\/h2>\n\n\n\n<p>No empate de 1 a 1 diante do Atl\u00e9tico-GO, o Galo contava com a aus\u00eancia de 12 jogadores. A equipe alvinegra teve apenas seis atletas dispon\u00edveis no banco de reservas. Ap\u00f3s o jogo, o t\u00e9cnico Gabriel Milito expressou sua frustra\u00e7\u00e3o com a situa\u00e7\u00e3o e explicou a raz\u00e3o pela qual n\u00e3o convocou jogadores da base do Atl\u00e9tico-MG.<\/p>\n\n\n\n<ul class=\"wp-block-list\">\n<li><a href=\"https:\/\/www.gaveanews.com\/index.php\/2024\/06\/30\/a-declaracao-de-hulk-sobre-o-jogo-entre-atletico-mg-x-flamengo\/\">A declara\u00e7\u00e3o de Hulk sobre o jogo entre Atl\u00e9tico-MG x Flamengo<\/a><\/li>\n\n\n\n<li><a href=\"https:\/\/www.gaveanews.com\/index.php\/2024\/06\/30\/atletico-mg-x-flamengo-erick-pulgar-vai-jogar\/\">Atl\u00e9tico-MG x Flamengo: Erick Pulgar vai jogar?<\/a><\/li>\n<\/ul>\n\n\n\n<p><em>&#8211; Jogamos com os jogadores dispon\u00edveis, ponto. N\u00e3o tenho por que completar 23 jogadores. Eu sei que h\u00e1 sete jogadores que n\u00e3o vou utilizar. \u00c9 o mesmo que eu chamar a meu irm\u00e3o, a meu pai e o meu primo e vamos ao banco. Assim, n\u00e3o. Agora h\u00e1 que ocupar lugares e vamos subir jogadores por subir? Sim, depois n\u00e3o v\u00e3o nos ajudar no jogo. N\u00e3o v\u00e3o jogar. Porque ainda n\u00e3o est\u00e3o preparados para jogar.<\/em><\/p>\n\n\n\n<p>Ao ser questionado sobre a possibilidade de ter refor\u00e7os que retornam da Copa Am\u00e9rica para o confronto contra o Flamengo na quarta-feira, Milito mencionou que gostaria de poder contar com eles, se isso for vi\u00e1vel.<\/p>\n\n\n\n<figure class=\"wp-block-image size-full\"><img loading=\"lazy\" decoding=\"async\" width=\"900\" height=\"600\" src=\"https:\/\/www.gaveanews.com\/wp-content\/uploads\/e85da837-777d-4fe8-9d99-72f42ef95f6f.avif\" alt=\"\" class=\"wp-image-141667\" \/><figcaption class=\"wp-element-caption\">Foto: Pedro Souza \/ Atl\u00e9tico\n<\/figcaption><\/figure>\n\n\n\n<p>Com a elimina\u00e7\u00e3o do Chile do torneio, espera-se que Vargas se junte \u00e0 equipe em Belo Horizonte. Alan Franco e a sele\u00e7\u00e3o equatoriana podem ser eliminados ainda neste domingo, o que poderia significar a presen\u00e7a do meio-campista na pr\u00f3xima partida.<\/p>\n\n\n\n<p><em>&#8211; Se eles chegarem a tempo, sim. Tem que ver o que acontece com o Alan Franco. Ele tem que jogar hoje e pode classificar-se para as quartas de final. O Edu j\u00e1 ficou eliminado e queremos ver ele pronto, para poder contar com ele.<\/em><\/p>\n\n\n\n<p><\/p>\n\n\n\n<p>O treinador atualizou o estado dos jogadores lesionados, mas n\u00e3o h\u00e1 confirma\u00e7\u00e3o sobre o retorno de nenhum deles. Contudo, Milito informou que Ot\u00e1vio est\u00e1 pr\u00f3ximo de retornar, enquanto Alisson, Saravia e Lemos devem permanecer fora por mais tempo.<\/p>\n\n\n\n<p><em>&#8211; H\u00e1 jogadores que est\u00e3o mais adiantados no processo de recupera\u00e7\u00e3o. N\u00e3o sei se para o pr\u00f3ximo jogo se o Otavio j\u00e1 estar\u00e1 em \u00f3timas condi\u00e7\u00f5es, mas est\u00e1 muito perto de retornar. Zaracho temos que ver o dia a dia como ele sente essa dor no p\u00fabis, se lhe permite jogar ou n\u00e3o lhe permite jogar.<\/em><\/p>\n\n\n\n<p><em>&#8211; Temos que ver se Everson recupera para o pr\u00f3ximo jogo de seus problemas no dedo. Saravia, Lemos e Alisson t\u00eam mais tempo. Alisson para mais tempo, mais de 30, 40 dias. Bom, recuperaremos Fuchs e Scarpa. Pouco a pouco iremos recuperando os jogadores.<\/em><\/p>\n","protected":false},"excerpt":{"rendered":"<p>A declara\u00e7\u00e3o de Gabriel Milito sobre o jogo entre Atl\u00e9tico-MG x Flamengo<\/p>\n","protected":false},"author":16,"featured_media":149060,"comment_status":"open","ping_status":"closed","sticky":false,"template":"","format":"standard","meta":{"footnotes":""},"categories":[136,1],"tags":[],"class_list":["post-150007","post","type-post","status-publish","format-standard","has-post-thumbnail","hentry","category-atletico-mg","category-flamengo"],"yoast_head":"<!-- This site is optimized with the Yoast SEO Premium plugin v24.2 (Yoast SEO v26.9) - https:\/\/yoast.com\/product\/yoast-seo-premium-wordpress\/ -->\n<title>A declara\u00e7\u00e3o de Gabriel Milito sobre o jogo entre Atl\u00e9tico-MG x Flamengo<\/title>\n<meta name=\"robots\" content=\"index, follow, max-snippet:-1, max-image-preview:large, max-video-preview:-1\" \/>\n<link rel=\"canonical\" href=\"https:\/\/www.gaveanews.com\/index.php\/2024\/07\/01\/a-declaracao-de-gabriel-milito-sobre-o-jogo-entre-atletico-mg-x-flamengo\/\" \/>\n<meta property=\"og:locale\" content=\"pt_BR\" \/>\n<meta property=\"og:type\" content=\"article\" \/>\n<meta property=\"og:title\" content=\"A declara\u00e7\u00e3o de Gabriel Milito sobre o jogo entre Atl\u00e9tico-MG x Flamengo\" \/>\n<meta property=\"og:description\" content=\"A declara\u00e7\u00e3o de Gabriel Milito sobre o jogo entre Atl\u00e9tico-MG x Flamengo\" \/>\n<meta property=\"og:url\" content=\"https:\/\/www.gaveanews.com\/index.php\/2024\/07\/01\/a-declaracao-de-gabriel-milito-sobre-o-jogo-entre-atletico-mg-x-flamengo\/\" \/>\n<meta property=\"og:site_name\" content=\"G\u00e1vea News\" \/>\n<meta property=\"article:publisher\" content=\"https:\/\/facebook.com\/gaveaNews\/\" \/>\n<meta property=\"article:published_time\" content=\"2024-07-01T14:07:48+00:00\" \/>\n<meta property=\"article:modified_time\" content=\"2024-07-01T14:07:50+00:00\" \/>\n<meta property=\"og:image\" content=\"https:\/\/www.gaveanews.com\/wp-content\/uploads\/Gabriel-Milito-durante-a-partida-entre-Gremio-e-Atletico-MG-pelo-Brasileirao-2024.webp\" \/>\n\t<meta property=\"og:image:width\" content=\"799\" \/>\n\t<meta property=\"og:image:height\" content=\"533\" \/>\n\t<meta property=\"og:image:type\" content=\"image\/jpeg\" \/>\n<meta name=\"author\" content=\"D\u00e9bora Figueiredo\" \/>\n<meta name=\"twitter:card\" content=\"summary_large_image\" \/>\n<meta name=\"twitter:label1\" content=\"Escrito por\" \/>\n\t<meta name=\"twitter:data1\" content=\"D\u00e9bora Figueiredo\" \/>\n\t<meta name=\"twitter:label2\" content=\"Est. tempo de leitura\" \/>\n\t<meta name=\"twitter:data2\" content=\"3 minutos\" \/>\n<script type=\"application\/ld+json\" class=\"yoast-schema-graph\">{\"@context\":\"https:\/\/schema.org\",\"@graph\":[{\"@type\":\"NewsArticle\",\"@id\":\"https:\/\/www.gaveanews.com\/index.php\/2024\/07\/01\/a-declaracao-de-gabriel-milito-sobre-o-jogo-entre-atletico-mg-x-flamengo\/#article\",\"isPartOf\":{\"@id\":\"https:\/\/www.gaveanews.com\/index.php\/2024\/07\/01\/a-declaracao-de-gabriel-milito-sobre-o-jogo-entre-atletico-mg-x-flamengo\/\"},\"author\":{\"name\":\"D\u00e9bora Figueiredo\",\"@id\":\"https:\/\/www.gaveanews.com\/#\/schema\/person\/37122681a8575a5c8db05a56f099a5e4\"},\"headline\":\"A declara\u00e7\u00e3o de Gabriel Milito sobre o jogo entre Atl\u00e9tico-MG x Flamengo\",\"datePublished\":\"2024-07-01T14:07:48+00:00\",\"dateModified\":\"2024-07-01T14:07:50+00:00\",\"mainEntityOfPage\":{\"@id\":\"https:\/\/www.gaveanews.com\/index.php\/2024\/07\/01\/a-declaracao-de-gabriel-milito-sobre-o-jogo-entre-atletico-mg-x-flamengo\/\"},\"wordCount\":477,\"commentCount\":0,\"image\":{\"@id\":\"https:\/\/www.gaveanews.com\/index.php\/2024\/07\/01\/a-declaracao-de-gabriel-milito-sobre-o-jogo-entre-atletico-mg-x-flamengo\/#primaryimage\"},\"thumbnailUrl\":\"https:\/\/www.gaveanews.com\/wp-content\/uploads\/Gabriel-Milito-durante-a-partida-entre-Gremio-e-Atletico-MG-pelo-Brasileirao-2024.webp\",\"articleSection\":[\"Atl\u00e9tico-MG\",\"Flamengo\"],\"inLanguage\":\"pt-BR\",\"potentialAction\":[{\"@type\":\"CommentAction\",\"name\":\"Comment\",\"target\":[\"https:\/\/www.gaveanews.com\/index.php\/2024\/07\/01\/a-declaracao-de-gabriel-milito-sobre-o-jogo-entre-atletico-mg-x-flamengo\/#respond\"]}],\"copyrightYear\":\"2024\",\"copyrightHolder\":{\"@id\":\"https:\/\/www.gaveanews.com\/#organization\"}},{\"@type\":\"WebPage\",\"@id\":\"https:\/\/www.gaveanews.com\/index.php\/2024\/07\/01\/a-declaracao-de-gabriel-milito-sobre-o-jogo-entre-atletico-mg-x-flamengo\/\",\"url\":\"https:\/\/www.gaveanews.com\/index.php\/2024\/07\/01\/a-declaracao-de-gabriel-milito-sobre-o-jogo-entre-atletico-mg-x-flamengo\/\",\"name\":\"A declara\u00e7\u00e3o de Gabriel Milito sobre o jogo entre Atl\u00e9tico-MG x Flamengo\",\"isPartOf\":{\"@id\":\"https:\/\/www.gaveanews.com\/#website\"},\"primaryImageOfPage\":{\"@id\":\"https:\/\/www.gaveanews.com\/index.php\/2024\/07\/01\/a-declaracao-de-gabriel-milito-sobre-o-jogo-entre-atletico-mg-x-flamengo\/#primaryimage\"},\"image\":{\"@id\":\"https:\/\/www.gaveanews.com\/index.php\/2024\/07\/01\/a-declaracao-de-gabriel-milito-sobre-o-jogo-entre-atletico-mg-x-flamengo\/#primaryimage\"},\"thumbnailUrl\":\"https:\/\/www.gaveanews.com\/wp-content\/uploads\/Gabriel-Milito-durante-a-partida-entre-Gremio-e-Atletico-MG-pelo-Brasileirao-2024.webp\",\"datePublished\":\"2024-07-01T14:07:48+00:00\",\"dateModified\":\"2024-07-01T14:07:50+00:00\",\"author\":{\"@id\":\"https:\/\/www.gaveanews.com\/#\/schema\/person\/37122681a8575a5c8db05a56f099a5e4\"},\"breadcrumb\":{\"@id\":\"https:\/\/www.gaveanews.com\/index.php\/2024\/07\/01\/a-declaracao-de-gabriel-milito-sobre-o-jogo-entre-atletico-mg-x-flamengo\/#breadcrumb\"},\"inLanguage\":\"pt-BR\",\"potentialAction\":[{\"@type\":\"ReadAction\",\"target\":[\"https:\/\/www.gaveanews.com\/index.php\/2024\/07\/01\/a-declaracao-de-gabriel-milito-sobre-o-jogo-entre-atletico-mg-x-flamengo\/\"]}]},{\"@type\":\"ImageObject\",\"inLanguage\":\"pt-BR\",\"@id\":\"https:\/\/www.gaveanews.com\/index.php\/2024\/07\/01\/a-declaracao-de-gabriel-milito-sobre-o-jogo-entre-atletico-mg-x-flamengo\/#primaryimage\",\"url\":\"https:\/\/www.gaveanews.com\/wp-content\/uploads\/Gabriel-Milito-durante-a-partida-entre-Gremio-e-Atletico-MG-pelo-Brasileirao-2024.webp\",\"contentUrl\":\"https:\/\/www.gaveanews.com\/wp-content\/uploads\/Gabriel-Milito-durante-a-partida-entre-Gremio-e-Atletico-MG-pelo-Brasileirao-2024.webp\",\"width\":799,\"height\":533,\"caption\":\"Gabriel Milito durante a partida entre Gr\u00eamio e Atl\u00e9tico-MG pelo Brasileir\u00e3o 2024 (Foto: Pedro Souza\/Atl\u00e9tico)\"},{\"@type\":\"BreadcrumbList\",\"@id\":\"https:\/\/www.gaveanews.com\/index.php\/2024\/07\/01\/a-declaracao-de-gabriel-milito-sobre-o-jogo-entre-atletico-mg-x-flamengo\/#breadcrumb\",\"itemListElement\":[{\"@type\":\"ListItem\",\"position\":1,\"name\":\"Home\",\"item\":\"https:\/\/www.gaveanews.com\/\"},{\"@type\":\"ListItem\",\"position\":2,\"name\":\"A declara\u00e7\u00e3o de Gabriel Milito sobre o jogo entre Atl\u00e9tico-MG x Flamengo\"}]},{\"@type\":\"WebSite\",\"@id\":\"https:\/\/www.gaveanews.com\/#website\",\"url\":\"https:\/\/www.gaveanews.com\/\",\"name\":\"G\u00e1vea News\",\"description\":\"Veja todas as not\u00edcias sobre o Flamengo: Contrata\u00e7\u00f5es, categorias de base, resultados das partidas, tabela de classifica\u00e7\u00e3o, pr\u00f3ximos jogos!\",\"potentialAction\":[{\"@type\":\"SearchAction\",\"target\":{\"@type\":\"EntryPoint\",\"urlTemplate\":\"https:\/\/www.gaveanews.com\/?s={search_term_string}\"},\"query-input\":{\"@type\":\"PropertyValueSpecification\",\"valueRequired\":true,\"valueName\":\"search_term_string\"}}],\"inLanguage\":\"pt-BR\"},{\"@type\":\"Person\",\"@id\":\"https:\/\/www.gaveanews.com\/#\/schema\/person\/37122681a8575a5c8db05a56f099a5e4\",\"name\":\"D\u00e9bora Figueiredo\",\"image\":{\"@type\":\"ImageObject\",\"inLanguage\":\"pt-BR\",\"@id\":\"https:\/\/www.gaveanews.com\/#\/schema\/person\/image\/\",\"url\":\"https:\/\/secure.gravatar.com\/avatar\/1f44802859351588499d26f52aed1d15796ce17e67602895b72837c08018868d?s=96&d=mm&r=g\",\"contentUrl\":\"https:\/\/secure.gravatar.com\/avatar\/1f44802859351588499d26f52aed1d15796ce17e67602895b72837c08018868d?s=96&d=mm&r=g\",\"caption\":\"D\u00e9bora Figueiredo\"}}]}<\/script>\n<!-- \/ Yoast SEO Premium plugin. -->","yoast_head_json":{"title":"A declara\u00e7\u00e3o de Gabriel Milito sobre o jogo entre Atl\u00e9tico-MG x Flamengo","robots":{"index":"index","follow":"follow","max-snippet":"max-snippet:-1","max-image-preview":"max-image-preview:large","max-video-preview":"max-video-preview:-1"},"canonical":"https:\/\/www.gaveanews.com\/index.php\/2024\/07\/01\/a-declaracao-de-gabriel-milito-sobre-o-jogo-entre-atletico-mg-x-flamengo\/","og_locale":"pt_BR","og_type":"article","og_title":"A declara\u00e7\u00e3o de Gabriel Milito sobre o jogo entre Atl\u00e9tico-MG x Flamengo","og_description":"A declara\u00e7\u00e3o de Gabriel Milito sobre o jogo entre Atl\u00e9tico-MG x Flamengo","og_url":"https:\/\/www.gaveanews.com\/index.php\/2024\/07\/01\/a-declaracao-de-gabriel-milito-sobre-o-jogo-entre-atletico-mg-x-flamengo\/","og_site_name":"G\u00e1vea News","article_publisher":"https:\/\/facebook.com\/gaveaNews\/","article_published_time":"2024-07-01T14:07:48+00:00","article_modified_time":"2024-07-01T14:07:50+00:00","og_image":[{"width":799,"height":533,"url":"https:\/\/www.gaveanews.com\/wp-content\/uploads\/Gabriel-Milito-durante-a-partida-entre-Gremio-e-Atletico-MG-pelo-Brasileirao-2024.webp","type":"image\/jpeg"}],"author":"D\u00e9bora Figueiredo","twitter_card":"summary_large_image","twitter_misc":{"Escrito por":"D\u00e9bora Figueiredo","Est. tempo de leitura":"3 minutos"},"schema":{"@context":"https:\/\/schema.org","@graph":[{"@type":"NewsArticle","@id":"https:\/\/www.gaveanews.com\/index.php\/2024\/07\/01\/a-declaracao-de-gabriel-milito-sobre-o-jogo-entre-atletico-mg-x-flamengo\/#article","isPartOf":{"@id":"https:\/\/www.gaveanews.com\/index.php\/2024\/07\/01\/a-declaracao-de-gabriel-milito-sobre-o-jogo-entre-atletico-mg-x-flamengo\/"},"author":{"name":"D\u00e9bora Figueiredo","@id":"https:\/\/www.gaveanews.com\/#\/schema\/person\/37122681a8575a5c8db05a56f099a5e4"},"headline":"A declara\u00e7\u00e3o de Gabriel Milito sobre o jogo entre Atl\u00e9tico-MG x Flamengo","datePublished":"2024-07-01T14:07:48+00:00","dateModified":"2024-07-01T14:07:50+00:00","mainEntityOfPage":{"@id":"https:\/\/www.gaveanews.com\/index.php\/2024\/07\/01\/a-declaracao-de-gabriel-milito-sobre-o-jogo-entre-atletico-mg-x-flamengo\/"},"wordCount":477,"commentCount":0,"image":{"@id":"https:\/\/www.gaveanews.com\/index.php\/2024\/07\/01\/a-declaracao-de-gabriel-milito-sobre-o-jogo-entre-atletico-mg-x-flamengo\/#primaryimage"},"thumbnailUrl":"https:\/\/www.gaveanews.com\/wp-content\/uploads\/Gabriel-Milito-durante-a-partida-entre-Gremio-e-Atletico-MG-pelo-Brasileirao-2024.webp","articleSection":["Atl\u00e9tico-MG","Flamengo"],"inLanguage":"pt-BR","potentialAction":[{"@type":"CommentAction","name":"Comment","target":["https:\/\/www.gaveanews.com\/index.php\/2024\/07\/01\/a-declaracao-de-gabriel-milito-sobre-o-jogo-entre-atletico-mg-x-flamengo\/#respond"]}],"copyrightYear":"2024","copyrightHolder":{"@id":"https:\/\/www.gaveanews.com\/#organization"}},{"@type":"WebPage","@id":"https:\/\/www.gaveanews.com\/index.php\/2024\/07\/01\/a-declaracao-de-gabriel-milito-sobre-o-jogo-entre-atletico-mg-x-flamengo\/","url":"https:\/\/www.gaveanews.com\/index.php\/2024\/07\/01\/a-declaracao-de-gabriel-milito-sobre-o-jogo-entre-atletico-mg-x-flamengo\/","name":"A declara\u00e7\u00e3o de Gabriel Milito sobre o jogo entre Atl\u00e9tico-MG x Flamengo","isPartOf":{"@id":"https:\/\/www.gaveanews.com\/#website"},"primaryImageOfPage":{"@id":"https:\/\/www.gaveanews.com\/index.php\/2024\/07\/01\/a-declaracao-de-gabriel-milito-sobre-o-jogo-entre-atletico-mg-x-flamengo\/#primaryimage"},"image":{"@id":"https:\/\/www.gaveanews.com\/index.php\/2024\/07\/01\/a-declaracao-de-gabriel-milito-sobre-o-jogo-entre-atletico-mg-x-flamengo\/#primaryimage"},"thumbnailUrl":"https:\/\/www.gaveanews.com\/wp-content\/uploads\/Gabriel-Milito-durante-a-partida-entre-Gremio-e-Atletico-MG-pelo-Brasileirao-2024.webp","datePublished":"2024-07-01T14:07:48+00:00","dateModified":"2024-07-01T14:07:50+00:00","author":{"@id":"https:\/\/www.gaveanews.com\/#\/schema\/person\/37122681a8575a5c8db05a56f099a5e4"},"breadcrumb":{"@id":"https:\/\/www.gaveanews.com\/index.php\/2024\/07\/01\/a-declaracao-de-gabriel-milito-sobre-o-jogo-entre-atletico-mg-x-flamengo\/#breadcrumb"},"inLanguage":"pt-BR","potentialAction":[{"@type":"ReadAction","target":["https:\/\/www.gaveanews.com\/index.php\/2024\/07\/01\/a-declaracao-de-gabriel-milito-sobre-o-jogo-entre-atletico-mg-x-flamengo\/"]}]},{"@type":"ImageObject","inLanguage":"pt-BR","@id":"https:\/\/www.gaveanews.com\/index.php\/2024\/07\/01\/a-declaracao-de-gabriel-milito-sobre-o-jogo-entre-atletico-mg-x-flamengo\/#primaryimage","url":"https:\/\/www.gaveanews.com\/wp-content\/uploads\/Gabriel-Milito-durante-a-partida-entre-Gremio-e-Atletico-MG-pelo-Brasileirao-2024.webp","contentUrl":"https:\/\/www.gaveanews.com\/wp-content\/uploads\/Gabriel-Milito-durante-a-partida-entre-Gremio-e-Atletico-MG-pelo-Brasileirao-2024.webp","width":799,"height":533,"caption":"Gabriel Milito durante a partida entre Gr\u00eamio e Atl\u00e9tico-MG pelo Brasileir\u00e3o 2024 (Foto: Pedro Souza\/Atl\u00e9tico)"},{"@type":"BreadcrumbList","@id":"https:\/\/www.gaveanews.com\/index.php\/2024\/07\/01\/a-declaracao-de-gabriel-milito-sobre-o-jogo-entre-atletico-mg-x-flamengo\/#breadcrumb","itemListElement":[{"@type":"ListItem","position":1,"name":"Home","item":"https:\/\/www.gaveanews.com\/"},{"@type":"ListItem","position":2,"name":"A declara\u00e7\u00e3o de Gabriel Milito sobre o jogo entre Atl\u00e9tico-MG x Flamengo"}]},{"@type":"WebSite","@id":"https:\/\/www.gaveanews.com\/#website","url":"https:\/\/www.gaveanews.com\/","name":"G\u00e1vea News","description":"Veja todas as not\u00edcias sobre o Flamengo: Contrata\u00e7\u00f5es, categorias de base, resultados das partidas, tabela de classifica\u00e7\u00e3o, pr\u00f3ximos jogos!","potentialAction":[{"@type":"SearchAction","target":{"@type":"EntryPoint","urlTemplate":"https:\/\/www.gaveanews.com\/?s={search_term_string}"},"query-input":{"@type":"PropertyValueSpecification","valueRequired":true,"valueName":"search_term_string"}}],"inLanguage":"pt-BR"},{"@type":"Person","@id":"https:\/\/www.gaveanews.com\/#\/schema\/person\/37122681a8575a5c8db05a56f099a5e4","name":"D\u00e9bora Figueiredo","image":{"@type":"ImageObject","inLanguage":"pt-BR","@id":"https:\/\/www.gaveanews.com\/#\/schema\/person\/image\/","url":"https:\/\/secure.gravatar.com\/avatar\/1f44802859351588499d26f52aed1d15796ce17e67602895b72837c08018868d?s=96&d=mm&r=g","contentUrl":"https:\/\/secure.gravatar.com\/avatar\/1f44802859351588499d26f52aed1d15796ce17e67602895b72837c08018868d?s=96&d=mm&r=g","caption":"D\u00e9bora Figueiredo"}}]}},"_links":{"self":[{"href":"https:\/\/www.gaveanews.com\/index.php\/wp-json\/wp\/v2\/posts\/150007","targetHints":{"allow":["GET"]}}],"collection":[{"href":"https:\/\/www.gaveanews.com\/index.php\/wp-json\/wp\/v2\/posts"}],"about":[{"href":"https:\/\/www.gaveanews.com\/index.php\/wp-json\/wp\/v2\/types\/post"}],"author":[{"embeddable":true,"href":"https:\/\/www.gaveanews.com\/index.php\/wp-json\/wp\/v2\/users\/16"}],"replies":[{"embeddable":true,"href":"https:\/\/www.gaveanews.com\/index.php\/wp-json\/wp\/v2\/comments?post=150007"}],"version-history":[{"count":1,"href":"https:\/\/www.gaveanews.com\/index.php\/wp-json\/wp\/v2\/posts\/150007\/revisions"}],"predecessor-version":[{"id":150008,"href":"https:\/\/www.gaveanews.com\/index.php\/wp-json\/wp\/v2\/posts\/150007\/revisions\/150008"}],"wp:featuredmedia":[{"embeddable":true,"href":"https:\/\/www.gaveanews.com\/index.php\/wp-json\/wp\/v2\/media\/149060"}],"wp:attachment":[{"href":"https:\/\/www.gaveanews.com\/index.php\/wp-json\/wp\/v2\/media?parent=150007"}],"wp:term":[{"taxonomy":"category","embeddable":true,"href":"https:\/\/www.gaveanews.com\/index.php\/wp-json\/wp\/v2\/categories?post=150007"},{"taxonomy":"post_tag","embeddable":true,"href":"https:\/\/www.gaveanews.com\/index.php\/wp-json\/wp\/v2\/tags?post=150007"}],"curies":[{"name":"wp","href":"https:\/\/api.w.org\/{rel}","templated":true}]}}