{"id":150055,"date":"2024-07-01T15:09:29","date_gmt":"2024-07-01T18:09:29","guid":{"rendered":"https:\/\/www.gaveanews.com\/?p=150055"},"modified":"2024-07-01T15:09:31","modified_gmt":"2024-07-01T18:09:31","slug":"vasco-vai-anunciar-tres-reforcos-de-uma-unica-vez","status":"publish","type":"post","link":"https:\/\/www.gaveanews.com\/index.php\/2024\/07\/01\/vasco-vai-anunciar-tres-reforcos-de-uma-unica-vez\/","title":{"rendered":"Vasco vai anunciar tr\u00eas refor\u00e7os de uma \u00fanica vez"},"content":{"rendered":"\n<p>Para fugir da zona de rebaixamento e n\u00e3o passar o mesmo sufoco que passou no Brasileir\u00e3o de 2023, o Vasco est\u00e1 em busca de conseguir, na janela de transfer\u00eancias que abre dia 10, trazer tr\u00eas refor\u00e7os de uma vez s\u00f3 para a equipe cruzmaltina.<\/p>\n\n\n\n<p>Isso porque, apesar de estar caminhando para uma estabilidade no jogo, o Vasco ainda segue empatado com o l\u00edder da Zona de Rebaixamento, que no caso \u00e9 o Atl\u00e9tico Goianiense, e isso tem incomodado a diretoria do Vasco da Gama.<\/p>\n\n\n\n<ul class=\"wp-block-list\">\n<li><a href=\"https:\/\/www.gaveanews.com\/index.php\/2024\/07\/01\/fim-da-linha-ele-rescindiu-com-o-vasco-para-jogar-na-europa\/\">Fim da linha: ele rescindiu com o Vasco para jogar na Europa<\/a><\/li>\n\n\n\n<li><a href=\"https:\/\/www.gaveanews.com\/index.php\/2024\/07\/01\/juventus-ajuda-o-vasco-a-lucrar-montante-milionario\/\">Juventus ajuda o Vasco a lucrar montante milion\u00e1rio<\/a><\/li>\n<\/ul>\n\n\n\n<p>De acordo com informa\u00e7\u00f5es do portal UOL, o Vasco j\u00e1 prepara o an\u00fancio do retorno dos crias Philippe Coutinho, Souza e Alex Teixeira para a janela de transfer\u00eancias que se abre no pr\u00f3ximo dia 10. Souza e Alex Teixeira j\u00e1 chegaram a um acordo com o Cruzmaltino. O volante rescindiu seu contrato com o Basaksehir, da Turquia. J\u00e1 o atacante estava livre desde sua sa\u00edda do pr\u00f3prio Vasco, no fim da temporada de 2023.<\/p>\n\n\n\n<p>J\u00e1 com Philippe Coutinho o est\u00e1gio \u00e9 de acerto dos \u00faltimos detalhes burocr\u00e1tico. A tend\u00eancia \u00e9 a de que o meia assine um contrato de empr\u00e9stimo de um ano, com o Vasco tendo a op\u00e7\u00e3o de compra. Houve conversas tamb\u00e9m para uma rescis\u00e3o de contrato com o Aston Villa, mas isso n\u00e3o deve acontecer. O jogador tem v\u00ednculo com o clube ingl\u00eas at\u00e9 junho de 2026.<\/p>\n\n\n\n<p>A esperan\u00e7a do Vasco \u00e9 conseguir colocar nesses grandes medalh\u00f5es a expectativa de que eles v\u00e3o conseguir trilhar o Vasco rumo aos caminhos dos t\u00edtulos.<\/p>\n\n\n\n<h2 class=\"wp-block-heading\" id=\"h-qual-a-proxima-partida-do-vasco\">Qual a pr\u00f3xima partida do Vasco?<\/h2>\n\n\n\n<p>O Vasco vai voltar a campo na quarta-feira (3) para enfrentar o Cuiab\u00e1 na Arena Pantanal. O Cuiab\u00e1 conseguiu respirar e j\u00e1 est\u00e1 na 12\u00aa coloca\u00e7\u00e3o, mas, mesmo assim, tamb\u00e9m segue muito perto de voltar para a zona de rebaixamento do Campeonato Brasileiro deste ano.<\/p>\n","protected":false},"excerpt":{"rendered":"<p>Para fugir da zona de rebaixamento e n\u00e3o passar o mesmo sufoco que passou no Brasileir\u00e3o de 2023, o Vasco est\u00e1 em busca de conseguir, na janela de transfer\u00eancias que abre dia 10, trazer tr\u00eas refor\u00e7os de uma vez s\u00f3 para a equipe cruzmaltina. Isso porque, apesar de estar caminhando para uma estabilidade no jogo, [&hellip;]<\/p>\n","protected":false},"author":19,"featured_media":147443,"comment_status":"open","ping_status":"closed","sticky":false,"template":"","format":"standard","meta":{"footnotes":""},"categories":[152],"tags":[],"class_list":["post-150055","post","type-post","status-publish","format-standard","has-post-thumbnail","hentry","category-vasco"],"yoast_head":"<!-- This site is optimized with the Yoast SEO Premium plugin v24.2 (Yoast SEO v26.9) - https:\/\/yoast.com\/product\/yoast-seo-premium-wordpress\/ -->\n<title>Vasco vai anunciar tr\u00eas refor\u00e7os de uma \u00fanica vez<\/title>\n<meta name=\"robots\" content=\"index, follow, max-snippet:-1, max-image-preview:large, max-video-preview:-1\" \/>\n<link rel=\"canonical\" href=\"https:\/\/www.gaveanews.com\/index.php\/2024\/07\/01\/vasco-vai-anunciar-tres-reforcos-de-uma-unica-vez\/\" \/>\n<meta property=\"og:locale\" content=\"pt_BR\" \/>\n<meta property=\"og:type\" content=\"article\" \/>\n<meta property=\"og:title\" content=\"Vasco vai anunciar tr\u00eas refor\u00e7os de uma \u00fanica vez\" \/>\n<meta property=\"og:description\" content=\"Para fugir da zona de rebaixamento e n\u00e3o passar o mesmo sufoco que passou no Brasileir\u00e3o de 2023, o Vasco est\u00e1 em busca de conseguir, na janela de transfer\u00eancias que abre dia 10, trazer tr\u00eas refor\u00e7os de uma vez s\u00f3 para a equipe cruzmaltina. Isso porque, apesar de estar caminhando para uma estabilidade no jogo, [&hellip;]\" \/>\n<meta property=\"og:url\" content=\"https:\/\/www.gaveanews.com\/index.php\/2024\/07\/01\/vasco-vai-anunciar-tres-reforcos-de-uma-unica-vez\/\" \/>\n<meta property=\"og:site_name\" content=\"G\u00e1vea News\" \/>\n<meta property=\"article:publisher\" content=\"https:\/\/facebook.com\/gaveaNews\/\" \/>\n<meta property=\"article:published_time\" content=\"2024-07-01T18:09:29+00:00\" \/>\n<meta property=\"article:modified_time\" content=\"2024-07-01T18:09:31+00:00\" \/>\n<meta property=\"og:image\" content=\"https:\/\/www.gaveanews.com\/wp-content\/uploads\/Camisa-do-Vasco-da-Gama.webp\" \/>\n\t<meta property=\"og:image:width\" content=\"1440\" \/>\n\t<meta property=\"og:image:height\" content=\"960\" \/>\n\t<meta property=\"og:image:type\" content=\"image\/jpeg\" \/>\n<meta name=\"author\" content=\"Bruno Zanchetta\" \/>\n<meta name=\"twitter:card\" content=\"summary_large_image\" \/>\n<meta name=\"twitter:label1\" content=\"Escrito por\" \/>\n\t<meta name=\"twitter:data1\" content=\"Bruno Zanchetta\" \/>\n\t<meta name=\"twitter:label2\" content=\"Est. tempo de leitura\" \/>\n\t<meta name=\"twitter:data2\" content=\"2 minutos\" \/>\n<script type=\"application\/ld+json\" class=\"yoast-schema-graph\">{\"@context\":\"https:\/\/schema.org\",\"@graph\":[{\"@type\":\"NewsArticle\",\"@id\":\"https:\/\/www.gaveanews.com\/index.php\/2024\/07\/01\/vasco-vai-anunciar-tres-reforcos-de-uma-unica-vez\/#article\",\"isPartOf\":{\"@id\":\"https:\/\/www.gaveanews.com\/index.php\/2024\/07\/01\/vasco-vai-anunciar-tres-reforcos-de-uma-unica-vez\/\"},\"author\":{\"name\":\"Bruno Zanchetta\",\"@id\":\"https:\/\/www.gaveanews.com\/#\/schema\/person\/32fddefab25b466689f181be346cd98c\"},\"headline\":\"Vasco vai anunciar tr\u00eas refor\u00e7os de uma \u00fanica vez\",\"datePublished\":\"2024-07-01T18:09:29+00:00\",\"dateModified\":\"2024-07-01T18:09:31+00:00\",\"mainEntityOfPage\":{\"@id\":\"https:\/\/www.gaveanews.com\/index.php\/2024\/07\/01\/vasco-vai-anunciar-tres-reforcos-de-uma-unica-vez\/\"},\"wordCount\":351,\"commentCount\":0,\"image\":{\"@id\":\"https:\/\/www.gaveanews.com\/index.php\/2024\/07\/01\/vasco-vai-anunciar-tres-reforcos-de-uma-unica-vez\/#primaryimage\"},\"thumbnailUrl\":\"https:\/\/www.gaveanews.com\/wp-content\/uploads\/Camisa-do-Vasco-da-Gama.webp\",\"articleSection\":[\"Vasco\"],\"inLanguage\":\"pt-BR\",\"potentialAction\":[{\"@type\":\"CommentAction\",\"name\":\"Comment\",\"target\":[\"https:\/\/www.gaveanews.com\/index.php\/2024\/07\/01\/vasco-vai-anunciar-tres-reforcos-de-uma-unica-vez\/#respond\"]}],\"copyrightYear\":\"2024\",\"copyrightHolder\":{\"@id\":\"https:\/\/www.gaveanews.com\/#organization\"}},{\"@type\":\"WebPage\",\"@id\":\"https:\/\/www.gaveanews.com\/index.php\/2024\/07\/01\/vasco-vai-anunciar-tres-reforcos-de-uma-unica-vez\/\",\"url\":\"https:\/\/www.gaveanews.com\/index.php\/2024\/07\/01\/vasco-vai-anunciar-tres-reforcos-de-uma-unica-vez\/\",\"name\":\"Vasco vai anunciar tr\u00eas refor\u00e7os de uma \u00fanica vez\",\"isPartOf\":{\"@id\":\"https:\/\/www.gaveanews.com\/#website\"},\"primaryImageOfPage\":{\"@id\":\"https:\/\/www.gaveanews.com\/index.php\/2024\/07\/01\/vasco-vai-anunciar-tres-reforcos-de-uma-unica-vez\/#primaryimage\"},\"image\":{\"@id\":\"https:\/\/www.gaveanews.com\/index.php\/2024\/07\/01\/vasco-vai-anunciar-tres-reforcos-de-uma-unica-vez\/#primaryimage\"},\"thumbnailUrl\":\"https:\/\/www.gaveanews.com\/wp-content\/uploads\/Camisa-do-Vasco-da-Gama.webp\",\"datePublished\":\"2024-07-01T18:09:29+00:00\",\"dateModified\":\"2024-07-01T18:09:31+00:00\",\"author\":{\"@id\":\"https:\/\/www.gaveanews.com\/#\/schema\/person\/32fddefab25b466689f181be346cd98c\"},\"breadcrumb\":{\"@id\":\"https:\/\/www.gaveanews.com\/index.php\/2024\/07\/01\/vasco-vai-anunciar-tres-reforcos-de-uma-unica-vez\/#breadcrumb\"},\"inLanguage\":\"pt-BR\",\"potentialAction\":[{\"@type\":\"ReadAction\",\"target\":[\"https:\/\/www.gaveanews.com\/index.php\/2024\/07\/01\/vasco-vai-anunciar-tres-reforcos-de-uma-unica-vez\/\"]}]},{\"@type\":\"ImageObject\",\"inLanguage\":\"pt-BR\",\"@id\":\"https:\/\/www.gaveanews.com\/index.php\/2024\/07\/01\/vasco-vai-anunciar-tres-reforcos-de-uma-unica-vez\/#primaryimage\",\"url\":\"https:\/\/www.gaveanews.com\/wp-content\/uploads\/Camisa-do-Vasco-da-Gama.webp\",\"contentUrl\":\"https:\/\/www.gaveanews.com\/wp-content\/uploads\/Camisa-do-Vasco-da-Gama.webp\",\"width\":1440,\"height\":960,\"caption\":\"Camisa do Vasco da Gama (Foto: Reprodu\u00e7\u00e3o\/Instagram)\"},{\"@type\":\"BreadcrumbList\",\"@id\":\"https:\/\/www.gaveanews.com\/index.php\/2024\/07\/01\/vasco-vai-anunciar-tres-reforcos-de-uma-unica-vez\/#breadcrumb\",\"itemListElement\":[{\"@type\":\"ListItem\",\"position\":1,\"name\":\"Home\",\"item\":\"https:\/\/www.gaveanews.com\/\"},{\"@type\":\"ListItem\",\"position\":2,\"name\":\"Vasco vai anunciar tr\u00eas refor\u00e7os de uma \u00fanica vez\"}]},{\"@type\":\"WebSite\",\"@id\":\"https:\/\/www.gaveanews.com\/#website\",\"url\":\"https:\/\/www.gaveanews.com\/\",\"name\":\"G\u00e1vea News\",\"description\":\"Veja todas as not\u00edcias sobre o Flamengo: Contrata\u00e7\u00f5es, categorias de base, resultados das partidas, tabela de classifica\u00e7\u00e3o, pr\u00f3ximos jogos!\",\"potentialAction\":[{\"@type\":\"SearchAction\",\"target\":{\"@type\":\"EntryPoint\",\"urlTemplate\":\"https:\/\/www.gaveanews.com\/?s={search_term_string}\"},\"query-input\":{\"@type\":\"PropertyValueSpecification\",\"valueRequired\":true,\"valueName\":\"search_term_string\"}}],\"inLanguage\":\"pt-BR\"},{\"@type\":\"Person\",\"@id\":\"https:\/\/www.gaveanews.com\/#\/schema\/person\/32fddefab25b466689f181be346cd98c\",\"name\":\"Bruno Zanchetta\",\"image\":{\"@type\":\"ImageObject\",\"inLanguage\":\"pt-BR\",\"@id\":\"https:\/\/www.gaveanews.com\/#\/schema\/person\/image\/\",\"url\":\"https:\/\/secure.gravatar.com\/avatar\/3ba2d39f8a912ad65276975a996d6ad8d9e3dd13448684be8dc4d7c17099d2ee?s=96&d=mm&r=g\",\"contentUrl\":\"https:\/\/secure.gravatar.com\/avatar\/3ba2d39f8a912ad65276975a996d6ad8d9e3dd13448684be8dc4d7c17099d2ee?s=96&d=mm&r=g\",\"caption\":\"Bruno Zanchetta\"}}]}<\/script>\n<!-- \/ Yoast SEO Premium plugin. -->","yoast_head_json":{"title":"Vasco vai anunciar tr\u00eas refor\u00e7os de uma \u00fanica vez","robots":{"index":"index","follow":"follow","max-snippet":"max-snippet:-1","max-image-preview":"max-image-preview:large","max-video-preview":"max-video-preview:-1"},"canonical":"https:\/\/www.gaveanews.com\/index.php\/2024\/07\/01\/vasco-vai-anunciar-tres-reforcos-de-uma-unica-vez\/","og_locale":"pt_BR","og_type":"article","og_title":"Vasco vai anunciar tr\u00eas refor\u00e7os de uma \u00fanica vez","og_description":"Para fugir da zona de rebaixamento e n\u00e3o passar o mesmo sufoco que passou no Brasileir\u00e3o de 2023, o Vasco est\u00e1 em busca de conseguir, na janela de transfer\u00eancias que abre dia 10, trazer tr\u00eas refor\u00e7os de uma vez s\u00f3 para a equipe cruzmaltina. Isso porque, apesar de estar caminhando para uma estabilidade no jogo, [&hellip;]","og_url":"https:\/\/www.gaveanews.com\/index.php\/2024\/07\/01\/vasco-vai-anunciar-tres-reforcos-de-uma-unica-vez\/","og_site_name":"G\u00e1vea News","article_publisher":"https:\/\/facebook.com\/gaveaNews\/","article_published_time":"2024-07-01T18:09:29+00:00","article_modified_time":"2024-07-01T18:09:31+00:00","og_image":[{"width":1440,"height":960,"url":"https:\/\/www.gaveanews.com\/wp-content\/uploads\/Camisa-do-Vasco-da-Gama.webp","type":"image\/jpeg"}],"author":"Bruno Zanchetta","twitter_card":"summary_large_image","twitter_misc":{"Escrito por":"Bruno Zanchetta","Est. tempo de leitura":"2 minutos"},"schema":{"@context":"https:\/\/schema.org","@graph":[{"@type":"NewsArticle","@id":"https:\/\/www.gaveanews.com\/index.php\/2024\/07\/01\/vasco-vai-anunciar-tres-reforcos-de-uma-unica-vez\/#article","isPartOf":{"@id":"https:\/\/www.gaveanews.com\/index.php\/2024\/07\/01\/vasco-vai-anunciar-tres-reforcos-de-uma-unica-vez\/"},"author":{"name":"Bruno Zanchetta","@id":"https:\/\/www.gaveanews.com\/#\/schema\/person\/32fddefab25b466689f181be346cd98c"},"headline":"Vasco vai anunciar tr\u00eas refor\u00e7os de uma \u00fanica vez","datePublished":"2024-07-01T18:09:29+00:00","dateModified":"2024-07-01T18:09:31+00:00","mainEntityOfPage":{"@id":"https:\/\/www.gaveanews.com\/index.php\/2024\/07\/01\/vasco-vai-anunciar-tres-reforcos-de-uma-unica-vez\/"},"wordCount":351,"commentCount":0,"image":{"@id":"https:\/\/www.gaveanews.com\/index.php\/2024\/07\/01\/vasco-vai-anunciar-tres-reforcos-de-uma-unica-vez\/#primaryimage"},"thumbnailUrl":"https:\/\/www.gaveanews.com\/wp-content\/uploads\/Camisa-do-Vasco-da-Gama.webp","articleSection":["Vasco"],"inLanguage":"pt-BR","potentialAction":[{"@type":"CommentAction","name":"Comment","target":["https:\/\/www.gaveanews.com\/index.php\/2024\/07\/01\/vasco-vai-anunciar-tres-reforcos-de-uma-unica-vez\/#respond"]}],"copyrightYear":"2024","copyrightHolder":{"@id":"https:\/\/www.gaveanews.com\/#organization"}},{"@type":"WebPage","@id":"https:\/\/www.gaveanews.com\/index.php\/2024\/07\/01\/vasco-vai-anunciar-tres-reforcos-de-uma-unica-vez\/","url":"https:\/\/www.gaveanews.com\/index.php\/2024\/07\/01\/vasco-vai-anunciar-tres-reforcos-de-uma-unica-vez\/","name":"Vasco vai anunciar tr\u00eas refor\u00e7os de uma \u00fanica vez","isPartOf":{"@id":"https:\/\/www.gaveanews.com\/#website"},"primaryImageOfPage":{"@id":"https:\/\/www.gaveanews.com\/index.php\/2024\/07\/01\/vasco-vai-anunciar-tres-reforcos-de-uma-unica-vez\/#primaryimage"},"image":{"@id":"https:\/\/www.gaveanews.com\/index.php\/2024\/07\/01\/vasco-vai-anunciar-tres-reforcos-de-uma-unica-vez\/#primaryimage"},"thumbnailUrl":"https:\/\/www.gaveanews.com\/wp-content\/uploads\/Camisa-do-Vasco-da-Gama.webp","datePublished":"2024-07-01T18:09:29+00:00","dateModified":"2024-07-01T18:09:31+00:00","author":{"@id":"https:\/\/www.gaveanews.com\/#\/schema\/person\/32fddefab25b466689f181be346cd98c"},"breadcrumb":{"@id":"https:\/\/www.gaveanews.com\/index.php\/2024\/07\/01\/vasco-vai-anunciar-tres-reforcos-de-uma-unica-vez\/#breadcrumb"},"inLanguage":"pt-BR","potentialAction":[{"@type":"ReadAction","target":["https:\/\/www.gaveanews.com\/index.php\/2024\/07\/01\/vasco-vai-anunciar-tres-reforcos-de-uma-unica-vez\/"]}]},{"@type":"ImageObject","inLanguage":"pt-BR","@id":"https:\/\/www.gaveanews.com\/index.php\/2024\/07\/01\/vasco-vai-anunciar-tres-reforcos-de-uma-unica-vez\/#primaryimage","url":"https:\/\/www.gaveanews.com\/wp-content\/uploads\/Camisa-do-Vasco-da-Gama.webp","contentUrl":"https:\/\/www.gaveanews.com\/wp-content\/uploads\/Camisa-do-Vasco-da-Gama.webp","width":1440,"height":960,"caption":"Camisa do Vasco da Gama (Foto: Reprodu\u00e7\u00e3o\/Instagram)"},{"@type":"BreadcrumbList","@id":"https:\/\/www.gaveanews.com\/index.php\/2024\/07\/01\/vasco-vai-anunciar-tres-reforcos-de-uma-unica-vez\/#breadcrumb","itemListElement":[{"@type":"ListItem","position":1,"name":"Home","item":"https:\/\/www.gaveanews.com\/"},{"@type":"ListItem","position":2,"name":"Vasco vai anunciar tr\u00eas refor\u00e7os de uma \u00fanica vez"}]},{"@type":"WebSite","@id":"https:\/\/www.gaveanews.com\/#website","url":"https:\/\/www.gaveanews.com\/","name":"G\u00e1vea News","description":"Veja todas as not\u00edcias sobre o Flamengo: Contrata\u00e7\u00f5es, categorias de base, resultados das partidas, tabela de classifica\u00e7\u00e3o, pr\u00f3ximos jogos!","potentialAction":[{"@type":"SearchAction","target":{"@type":"EntryPoint","urlTemplate":"https:\/\/www.gaveanews.com\/?s={search_term_string}"},"query-input":{"@type":"PropertyValueSpecification","valueRequired":true,"valueName":"search_term_string"}}],"inLanguage":"pt-BR"},{"@type":"Person","@id":"https:\/\/www.gaveanews.com\/#\/schema\/person\/32fddefab25b466689f181be346cd98c","name":"Bruno Zanchetta","image":{"@type":"ImageObject","inLanguage":"pt-BR","@id":"https:\/\/www.gaveanews.com\/#\/schema\/person\/image\/","url":"https:\/\/secure.gravatar.com\/avatar\/3ba2d39f8a912ad65276975a996d6ad8d9e3dd13448684be8dc4d7c17099d2ee?s=96&d=mm&r=g","contentUrl":"https:\/\/secure.gravatar.com\/avatar\/3ba2d39f8a912ad65276975a996d6ad8d9e3dd13448684be8dc4d7c17099d2ee?s=96&d=mm&r=g","caption":"Bruno Zanchetta"}}]}},"_links":{"self":[{"href":"https:\/\/www.gaveanews.com\/index.php\/wp-json\/wp\/v2\/posts\/150055","targetHints":{"allow":["GET"]}}],"collection":[{"href":"https:\/\/www.gaveanews.com\/index.php\/wp-json\/wp\/v2\/posts"}],"about":[{"href":"https:\/\/www.gaveanews.com\/index.php\/wp-json\/wp\/v2\/types\/post"}],"author":[{"embeddable":true,"href":"https:\/\/www.gaveanews.com\/index.php\/wp-json\/wp\/v2\/users\/19"}],"replies":[{"embeddable":true,"href":"https:\/\/www.gaveanews.com\/index.php\/wp-json\/wp\/v2\/comments?post=150055"}],"version-history":[{"count":1,"href":"https:\/\/www.gaveanews.com\/index.php\/wp-json\/wp\/v2\/posts\/150055\/revisions"}],"predecessor-version":[{"id":150057,"href":"https:\/\/www.gaveanews.com\/index.php\/wp-json\/wp\/v2\/posts\/150055\/revisions\/150057"}],"wp:featuredmedia":[{"embeddable":true,"href":"https:\/\/www.gaveanews.com\/index.php\/wp-json\/wp\/v2\/media\/147443"}],"wp:attachment":[{"href":"https:\/\/www.gaveanews.com\/index.php\/wp-json\/wp\/v2\/media?parent=150055"}],"wp:term":[{"taxonomy":"category","embeddable":true,"href":"https:\/\/www.gaveanews.com\/index.php\/wp-json\/wp\/v2\/categories?post=150055"},{"taxonomy":"post_tag","embeddable":true,"href":"https:\/\/www.gaveanews.com\/index.php\/wp-json\/wp\/v2\/tags?post=150055"}],"curies":[{"name":"wp","href":"https:\/\/api.w.org\/{rel}","templated":true}]}}