{"id":150071,"date":"2024-07-01T18:06:09","date_gmt":"2024-07-01T21:06:09","guid":{"rendered":"https:\/\/www.gaveanews.com\/?p=150071"},"modified":"2024-07-01T18:06:12","modified_gmt":"2024-07-01T21:06:12","slug":"de-saida-lateral-do-sao-paulo-esta-livre-para-assinar-pre-contrato","status":"publish","type":"post","link":"https:\/\/www.gaveanews.com\/index.php\/2024\/07\/01\/de-saida-lateral-do-sao-paulo-esta-livre-para-assinar-pre-contrato\/","title":{"rendered":"De sa\u00edda? Lateral do S\u00e3o Paulo est\u00e1 livre para assinar pr\u00e9-contrato"},"content":{"rendered":"\n<h2 class=\"wp-block-heading\" id=\"h-welington-ja-pode-assinar-um-pre-contrato-com-outra-equipe\">Welington j\u00e1 pode assinar um pr\u00e9-contrato com outra equipe <\/h2>\n\n\n\n<p>A partir desta segunda-feira, o lateral Welington pode assinar um pr\u00e9-contrato com outro clube e deixar o S\u00e3o Paulo gratuitamente ao final de seu contrato, que expira em 31 de dezembro de 2024. Atualmente, as negocia\u00e7\u00f5es para a renova\u00e7\u00e3o de seu contrato com o Tricolor est\u00e3o paralisadas.<\/p>\n\n\n\n<p>H\u00e1 uma diverg\u00eancia entre os valores solicitados pelo empres\u00e1rio do atleta e a oferta do clube. Segundo o diretor de futebol Carlos Belmonte, os valores pedidos &#8220;seguem irreais para o S\u00e3o Paulo&#8221;.<\/p>\n\n\n\n<p>Essa diferen\u00e7a tem dificultado o acordo, com ambos os lados admitindo que as conversas est\u00e3o em um impasse, embora nenhum dos lados tenha encerrado oficialmente as negocia\u00e7\u00f5es. O valor pedido e valor oferecido est\u00e3o muito distantes, com pouca margem de flexibiliza\u00e7\u00e3o.<\/p>\n\n\n<div class=\"wp-block-image\">\n<figure class=\"aligncenter size-large\"><img loading=\"lazy\" decoding=\"async\" width=\"1024\" height=\"1024\" src=\"https:\/\/www.gaveanews.com\/wp-content\/uploads\/Welington-em-acao-pelo-Sao-Paulo-1024x1024.webp\" alt=\"\" class=\"wp-image-150109\" srcset=\"https:\/\/www.gaveanews.com\/wp-content\/uploads\/Welington-em-acao-pelo-Sao-Paulo-1024x1024.webp 1024w, https:\/\/www.gaveanews.com\/wp-content\/uploads\/Welington-em-acao-pelo-Sao-Paulo-300x300.webp 300w, https:\/\/www.gaveanews.com\/wp-content\/uploads\/Welington-em-acao-pelo-Sao-Paulo-150x150.webp 150w, https:\/\/www.gaveanews.com\/wp-content\/uploads\/Welington-em-acao-pelo-Sao-Paulo-768x768.webp 768w, https:\/\/www.gaveanews.com\/wp-content\/uploads\/Welington-em-acao-pelo-Sao-Paulo-420x420.webp 420w, https:\/\/www.gaveanews.com\/wp-content\/uploads\/Welington-em-acao-pelo-Sao-Paulo-840x840.webp 840w, https:\/\/www.gaveanews.com\/wp-content\/uploads\/Welington-em-acao-pelo-Sao-Paulo-640x640.webp 640w, https:\/\/www.gaveanews.com\/wp-content\/uploads\/Welington-em-acao-pelo-Sao-Paulo-681x681.webp 681w, https:\/\/www.gaveanews.com\/wp-content\/uploads\/Welington-em-acao-pelo-Sao-Paulo-100x100.webp 100w, https:\/\/www.gaveanews.com\/wp-content\/uploads\/Welington-em-acao-pelo-Sao-Paulo.webp 1080w\" sizes=\"auto, (max-width: 1024px) 100vw, 1024px\" \/><figcaption class=\"wp-element-caption\">Welington em a\u00e7\u00e3o pelo S\u00e3o Paulo (Foto: Reprodu\u00e7\u00e3o\/Instagram)<\/figcaption><\/figure>\n<\/div>\n\n\n<p>Apesar disso, o presidente Julio Casares afirmou no in\u00edcio de junho que ainda confia em um desfecho positivo para ambas as partes. Segundo o balan\u00e7o financeiro do clube, publicado em abril, o S\u00e3o Paulo det\u00e9m 100% dos direitos econ\u00f4micos de Welington, mas corre o risco de v\u00ea-lo partir sem compensa\u00e7\u00e3o financeira.<\/p>\n\n\n\n<p>\u2014 <em>Ainda esperamos a renova\u00e7\u00e3o do Welington. \u00c9 um grande valor, esperamos que renove. N\u00e3o est\u00e1 f\u00e1cil, mas o t\u00e9cnico j\u00e1 falou, nossa \u00e1rea de futebol j\u00e1 vez in\u00fameras reuni\u00f5es. Eu j\u00e1 participei. Aguardamos que possamos ter o Welington. Se n\u00e3o tiver, vai cumprir o contrato e vamos ter que trazer uma op\u00e7\u00e3o<\/em>, disse o dirigente.<\/p>\n\n\n\n<p>Com contrato at\u00e9 31 de dezembro, Welington pode assinar um pr\u00e9-contrato a partir desta segunda-feira. Equipes como Botafogo e Internacional j\u00e1 demonstraram interesse em contrat\u00e1-lo para janeiro.<\/p>\n\n\n\n<p>O S\u00e3o Paulo conta com o jovem Patryck para a posi\u00e7\u00e3o, mas ele ainda \u00e9 considerado inexperiente, tornando a busca por um lateral-esquerdo uma prioridade. Alex Sandro, ex-Juventus e com passagens pela Sele\u00e7\u00e3o Brasileira, \u00e9 um dos alvos mencionados, embora dirigentes reconhe\u00e7am a dificuldade da negocia\u00e7\u00e3o devido ao desejo do jogador de permanecer na Europa e aos valores envolvidos.<\/p>\n","protected":false},"excerpt":{"rendered":"<p>Welington j\u00e1 pode assinar um pr\u00e9-contrato com outra equipe A partir desta segunda-feira, o lateral Welington pode assinar um pr\u00e9-contrato com outro clube e deixar o S\u00e3o Paulo gratuitamente ao final de seu contrato, que expira em 31 de dezembro de 2024. Atualmente, as negocia\u00e7\u00f5es para a renova\u00e7\u00e3o de seu contrato com o Tricolor est\u00e3o [&hellip;]<\/p>\n","protected":false},"author":17,"featured_media":148896,"comment_status":"open","ping_status":"closed","sticky":false,"template":"","format":"standard","meta":{"footnotes":""},"categories":[151],"tags":[236,385],"class_list":["post-150071","post","type-post","status-publish","format-standard","has-post-thumbnail","hentry","category-sao-paulo","tag-sao-paulo","tag-welington"],"yoast_head":"<!-- This site is optimized with the Yoast SEO Premium plugin v24.2 (Yoast SEO v26.9) - https:\/\/yoast.com\/product\/yoast-seo-premium-wordpress\/ -->\n<title>De sa\u00edda? Lateral do S\u00e3o Paulo est\u00e1 livre para assinar pr\u00e9-contrato<\/title>\n<meta name=\"robots\" content=\"index, follow, max-snippet:-1, max-image-preview:large, max-video-preview:-1\" \/>\n<link rel=\"canonical\" href=\"https:\/\/www.gaveanews.com\/index.php\/2024\/07\/01\/de-saida-lateral-do-sao-paulo-esta-livre-para-assinar-pre-contrato\/\" \/>\n<meta property=\"og:locale\" content=\"pt_BR\" \/>\n<meta property=\"og:type\" content=\"article\" \/>\n<meta property=\"og:title\" content=\"De sa\u00edda? Lateral do S\u00e3o Paulo est\u00e1 livre para assinar pr\u00e9-contrato\" \/>\n<meta property=\"og:description\" content=\"Welington j\u00e1 pode assinar um pr\u00e9-contrato com outra equipe A partir desta segunda-feira, o lateral Welington pode assinar um pr\u00e9-contrato com outro clube e deixar o S\u00e3o Paulo gratuitamente ao final de seu contrato, que expira em 31 de dezembro de 2024. Atualmente, as negocia\u00e7\u00f5es para a renova\u00e7\u00e3o de seu contrato com o Tricolor est\u00e3o [&hellip;]\" \/>\n<meta property=\"og:url\" content=\"https:\/\/www.gaveanews.com\/index.php\/2024\/07\/01\/de-saida-lateral-do-sao-paulo-esta-livre-para-assinar-pre-contrato\/\" \/>\n<meta property=\"og:site_name\" content=\"G\u00e1vea News\" \/>\n<meta property=\"article:publisher\" content=\"https:\/\/facebook.com\/gaveaNews\/\" \/>\n<meta property=\"article:published_time\" content=\"2024-07-01T21:06:09+00:00\" \/>\n<meta property=\"article:modified_time\" content=\"2024-07-01T21:06:12+00:00\" \/>\n<meta property=\"og:image\" content=\"https:\/\/www.gaveanews.com\/wp-content\/uploads\/Casares-durante-entrevista-para-a-ESPN.webp\" \/>\n\t<meta property=\"og:image:width\" content=\"900\" \/>\n\t<meta property=\"og:image:height\" content=\"475\" \/>\n\t<meta property=\"og:image:type\" content=\"image\/png\" \/>\n<meta name=\"author\" content=\"Geovanna Thomaz\" \/>\n<meta name=\"twitter:card\" content=\"summary_large_image\" \/>\n<meta name=\"twitter:label1\" content=\"Escrito por\" \/>\n\t<meta name=\"twitter:data1\" content=\"Geovanna Thomaz\" \/>\n\t<meta name=\"twitter:label2\" content=\"Est. tempo de leitura\" \/>\n\t<meta name=\"twitter:data2\" content=\"3 minutos\" \/>\n<script type=\"application\/ld+json\" class=\"yoast-schema-graph\">{\"@context\":\"https:\/\/schema.org\",\"@graph\":[{\"@type\":\"NewsArticle\",\"@id\":\"https:\/\/www.gaveanews.com\/index.php\/2024\/07\/01\/de-saida-lateral-do-sao-paulo-esta-livre-para-assinar-pre-contrato\/#article\",\"isPartOf\":{\"@id\":\"https:\/\/www.gaveanews.com\/index.php\/2024\/07\/01\/de-saida-lateral-do-sao-paulo-esta-livre-para-assinar-pre-contrato\/\"},\"author\":{\"name\":\"Geovanna Thomaz\",\"@id\":\"https:\/\/www.gaveanews.com\/#\/schema\/person\/f42654babcd2b2014a1a65af82b081f1\"},\"headline\":\"De sa\u00edda? Lateral do S\u00e3o Paulo est\u00e1 livre para assinar pr\u00e9-contrato\",\"datePublished\":\"2024-07-01T21:06:09+00:00\",\"dateModified\":\"2024-07-01T21:06:12+00:00\",\"mainEntityOfPage\":{\"@id\":\"https:\/\/www.gaveanews.com\/index.php\/2024\/07\/01\/de-saida-lateral-do-sao-paulo-esta-livre-para-assinar-pre-contrato\/\"},\"wordCount\":376,\"commentCount\":0,\"image\":{\"@id\":\"https:\/\/www.gaveanews.com\/index.php\/2024\/07\/01\/de-saida-lateral-do-sao-paulo-esta-livre-para-assinar-pre-contrato\/#primaryimage\"},\"thumbnailUrl\":\"https:\/\/www.gaveanews.com\/wp-content\/uploads\/Casares-durante-entrevista-para-a-ESPN.webp\",\"keywords\":[\"S\u00e3o Paulo\",\"Welington\"],\"articleSection\":[\"S\u00e3o Paulo\"],\"inLanguage\":\"pt-BR\",\"potentialAction\":[{\"@type\":\"CommentAction\",\"name\":\"Comment\",\"target\":[\"https:\/\/www.gaveanews.com\/index.php\/2024\/07\/01\/de-saida-lateral-do-sao-paulo-esta-livre-para-assinar-pre-contrato\/#respond\"]}],\"copyrightYear\":\"2024\",\"copyrightHolder\":{\"@id\":\"https:\/\/www.gaveanews.com\/#organization\"}},{\"@type\":\"WebPage\",\"@id\":\"https:\/\/www.gaveanews.com\/index.php\/2024\/07\/01\/de-saida-lateral-do-sao-paulo-esta-livre-para-assinar-pre-contrato\/\",\"url\":\"https:\/\/www.gaveanews.com\/index.php\/2024\/07\/01\/de-saida-lateral-do-sao-paulo-esta-livre-para-assinar-pre-contrato\/\",\"name\":\"De sa\u00edda? Lateral do S\u00e3o Paulo est\u00e1 livre para assinar pr\u00e9-contrato\",\"isPartOf\":{\"@id\":\"https:\/\/www.gaveanews.com\/#website\"},\"primaryImageOfPage\":{\"@id\":\"https:\/\/www.gaveanews.com\/index.php\/2024\/07\/01\/de-saida-lateral-do-sao-paulo-esta-livre-para-assinar-pre-contrato\/#primaryimage\"},\"image\":{\"@id\":\"https:\/\/www.gaveanews.com\/index.php\/2024\/07\/01\/de-saida-lateral-do-sao-paulo-esta-livre-para-assinar-pre-contrato\/#primaryimage\"},\"thumbnailUrl\":\"https:\/\/www.gaveanews.com\/wp-content\/uploads\/Casares-durante-entrevista-para-a-ESPN.webp\",\"datePublished\":\"2024-07-01T21:06:09+00:00\",\"dateModified\":\"2024-07-01T21:06:12+00:00\",\"author\":{\"@id\":\"https:\/\/www.gaveanews.com\/#\/schema\/person\/f42654babcd2b2014a1a65af82b081f1\"},\"breadcrumb\":{\"@id\":\"https:\/\/www.gaveanews.com\/index.php\/2024\/07\/01\/de-saida-lateral-do-sao-paulo-esta-livre-para-assinar-pre-contrato\/#breadcrumb\"},\"inLanguage\":\"pt-BR\",\"potentialAction\":[{\"@type\":\"ReadAction\",\"target\":[\"https:\/\/www.gaveanews.com\/index.php\/2024\/07\/01\/de-saida-lateral-do-sao-paulo-esta-livre-para-assinar-pre-contrato\/\"]}]},{\"@type\":\"ImageObject\",\"inLanguage\":\"pt-BR\",\"@id\":\"https:\/\/www.gaveanews.com\/index.php\/2024\/07\/01\/de-saida-lateral-do-sao-paulo-esta-livre-para-assinar-pre-contrato\/#primaryimage\",\"url\":\"https:\/\/www.gaveanews.com\/wp-content\/uploads\/Casares-durante-entrevista-para-a-ESPN.webp\",\"contentUrl\":\"https:\/\/www.gaveanews.com\/wp-content\/uploads\/Casares-durante-entrevista-para-a-ESPN.webp\",\"width\":900,\"height\":475,\"caption\":\"Casares, presidente do S\u00e3o Paulo, durante entrevista para a ESPN (Foto: Reprodu\u00e7\u00e3o\/ESPN)\"},{\"@type\":\"BreadcrumbList\",\"@id\":\"https:\/\/www.gaveanews.com\/index.php\/2024\/07\/01\/de-saida-lateral-do-sao-paulo-esta-livre-para-assinar-pre-contrato\/#breadcrumb\",\"itemListElement\":[{\"@type\":\"ListItem\",\"position\":1,\"name\":\"Home\",\"item\":\"https:\/\/www.gaveanews.com\/\"},{\"@type\":\"ListItem\",\"position\":2,\"name\":\"De sa\u00edda? Lateral do S\u00e3o Paulo est\u00e1 livre para assinar pr\u00e9-contrato\"}]},{\"@type\":\"WebSite\",\"@id\":\"https:\/\/www.gaveanews.com\/#website\",\"url\":\"https:\/\/www.gaveanews.com\/\",\"name\":\"G\u00e1vea News\",\"description\":\"Veja todas as not\u00edcias sobre o Flamengo: Contrata\u00e7\u00f5es, categorias de base, resultados das partidas, tabela de classifica\u00e7\u00e3o, pr\u00f3ximos jogos!\",\"potentialAction\":[{\"@type\":\"SearchAction\",\"target\":{\"@type\":\"EntryPoint\",\"urlTemplate\":\"https:\/\/www.gaveanews.com\/?s={search_term_string}\"},\"query-input\":{\"@type\":\"PropertyValueSpecification\",\"valueRequired\":true,\"valueName\":\"search_term_string\"}}],\"inLanguage\":\"pt-BR\"},{\"@type\":\"Person\",\"@id\":\"https:\/\/www.gaveanews.com\/#\/schema\/person\/f42654babcd2b2014a1a65af82b081f1\",\"name\":\"Geovanna Thomaz\",\"image\":{\"@type\":\"ImageObject\",\"inLanguage\":\"pt-BR\",\"@id\":\"https:\/\/www.gaveanews.com\/#\/schema\/person\/image\/\",\"url\":\"https:\/\/secure.gravatar.com\/avatar\/4092073255489533afb558984b49b64268c47198af8623cc82a925ae9fb7118a?s=96&d=mm&r=g\",\"contentUrl\":\"https:\/\/secure.gravatar.com\/avatar\/4092073255489533afb558984b49b64268c47198af8623cc82a925ae9fb7118a?s=96&d=mm&r=g\",\"caption\":\"Geovanna Thomaz\"}}]}<\/script>\n<!-- \/ Yoast SEO Premium plugin. -->","yoast_head_json":{"title":"De sa\u00edda? Lateral do S\u00e3o Paulo est\u00e1 livre para assinar pr\u00e9-contrato","robots":{"index":"index","follow":"follow","max-snippet":"max-snippet:-1","max-image-preview":"max-image-preview:large","max-video-preview":"max-video-preview:-1"},"canonical":"https:\/\/www.gaveanews.com\/index.php\/2024\/07\/01\/de-saida-lateral-do-sao-paulo-esta-livre-para-assinar-pre-contrato\/","og_locale":"pt_BR","og_type":"article","og_title":"De sa\u00edda? Lateral do S\u00e3o Paulo est\u00e1 livre para assinar pr\u00e9-contrato","og_description":"Welington j\u00e1 pode assinar um pr\u00e9-contrato com outra equipe A partir desta segunda-feira, o lateral Welington pode assinar um pr\u00e9-contrato com outro clube e deixar o S\u00e3o Paulo gratuitamente ao final de seu contrato, que expira em 31 de dezembro de 2024. Atualmente, as negocia\u00e7\u00f5es para a renova\u00e7\u00e3o de seu contrato com o Tricolor est\u00e3o [&hellip;]","og_url":"https:\/\/www.gaveanews.com\/index.php\/2024\/07\/01\/de-saida-lateral-do-sao-paulo-esta-livre-para-assinar-pre-contrato\/","og_site_name":"G\u00e1vea News","article_publisher":"https:\/\/facebook.com\/gaveaNews\/","article_published_time":"2024-07-01T21:06:09+00:00","article_modified_time":"2024-07-01T21:06:12+00:00","og_image":[{"width":900,"height":475,"url":"https:\/\/www.gaveanews.com\/wp-content\/uploads\/Casares-durante-entrevista-para-a-ESPN.webp","type":"image\/png"}],"author":"Geovanna Thomaz","twitter_card":"summary_large_image","twitter_misc":{"Escrito por":"Geovanna Thomaz","Est. tempo de leitura":"3 minutos"},"schema":{"@context":"https:\/\/schema.org","@graph":[{"@type":"NewsArticle","@id":"https:\/\/www.gaveanews.com\/index.php\/2024\/07\/01\/de-saida-lateral-do-sao-paulo-esta-livre-para-assinar-pre-contrato\/#article","isPartOf":{"@id":"https:\/\/www.gaveanews.com\/index.php\/2024\/07\/01\/de-saida-lateral-do-sao-paulo-esta-livre-para-assinar-pre-contrato\/"},"author":{"name":"Geovanna Thomaz","@id":"https:\/\/www.gaveanews.com\/#\/schema\/person\/f42654babcd2b2014a1a65af82b081f1"},"headline":"De sa\u00edda? Lateral do S\u00e3o Paulo est\u00e1 livre para assinar pr\u00e9-contrato","datePublished":"2024-07-01T21:06:09+00:00","dateModified":"2024-07-01T21:06:12+00:00","mainEntityOfPage":{"@id":"https:\/\/www.gaveanews.com\/index.php\/2024\/07\/01\/de-saida-lateral-do-sao-paulo-esta-livre-para-assinar-pre-contrato\/"},"wordCount":376,"commentCount":0,"image":{"@id":"https:\/\/www.gaveanews.com\/index.php\/2024\/07\/01\/de-saida-lateral-do-sao-paulo-esta-livre-para-assinar-pre-contrato\/#primaryimage"},"thumbnailUrl":"https:\/\/www.gaveanews.com\/wp-content\/uploads\/Casares-durante-entrevista-para-a-ESPN.webp","keywords":["S\u00e3o Paulo","Welington"],"articleSection":["S\u00e3o Paulo"],"inLanguage":"pt-BR","potentialAction":[{"@type":"CommentAction","name":"Comment","target":["https:\/\/www.gaveanews.com\/index.php\/2024\/07\/01\/de-saida-lateral-do-sao-paulo-esta-livre-para-assinar-pre-contrato\/#respond"]}],"copyrightYear":"2024","copyrightHolder":{"@id":"https:\/\/www.gaveanews.com\/#organization"}},{"@type":"WebPage","@id":"https:\/\/www.gaveanews.com\/index.php\/2024\/07\/01\/de-saida-lateral-do-sao-paulo-esta-livre-para-assinar-pre-contrato\/","url":"https:\/\/www.gaveanews.com\/index.php\/2024\/07\/01\/de-saida-lateral-do-sao-paulo-esta-livre-para-assinar-pre-contrato\/","name":"De sa\u00edda? Lateral do S\u00e3o Paulo est\u00e1 livre para assinar pr\u00e9-contrato","isPartOf":{"@id":"https:\/\/www.gaveanews.com\/#website"},"primaryImageOfPage":{"@id":"https:\/\/www.gaveanews.com\/index.php\/2024\/07\/01\/de-saida-lateral-do-sao-paulo-esta-livre-para-assinar-pre-contrato\/#primaryimage"},"image":{"@id":"https:\/\/www.gaveanews.com\/index.php\/2024\/07\/01\/de-saida-lateral-do-sao-paulo-esta-livre-para-assinar-pre-contrato\/#primaryimage"},"thumbnailUrl":"https:\/\/www.gaveanews.com\/wp-content\/uploads\/Casares-durante-entrevista-para-a-ESPN.webp","datePublished":"2024-07-01T21:06:09+00:00","dateModified":"2024-07-01T21:06:12+00:00","author":{"@id":"https:\/\/www.gaveanews.com\/#\/schema\/person\/f42654babcd2b2014a1a65af82b081f1"},"breadcrumb":{"@id":"https:\/\/www.gaveanews.com\/index.php\/2024\/07\/01\/de-saida-lateral-do-sao-paulo-esta-livre-para-assinar-pre-contrato\/#breadcrumb"},"inLanguage":"pt-BR","potentialAction":[{"@type":"ReadAction","target":["https:\/\/www.gaveanews.com\/index.php\/2024\/07\/01\/de-saida-lateral-do-sao-paulo-esta-livre-para-assinar-pre-contrato\/"]}]},{"@type":"ImageObject","inLanguage":"pt-BR","@id":"https:\/\/www.gaveanews.com\/index.php\/2024\/07\/01\/de-saida-lateral-do-sao-paulo-esta-livre-para-assinar-pre-contrato\/#primaryimage","url":"https:\/\/www.gaveanews.com\/wp-content\/uploads\/Casares-durante-entrevista-para-a-ESPN.webp","contentUrl":"https:\/\/www.gaveanews.com\/wp-content\/uploads\/Casares-durante-entrevista-para-a-ESPN.webp","width":900,"height":475,"caption":"Casares, presidente do S\u00e3o Paulo, durante entrevista para a ESPN (Foto: Reprodu\u00e7\u00e3o\/ESPN)"},{"@type":"BreadcrumbList","@id":"https:\/\/www.gaveanews.com\/index.php\/2024\/07\/01\/de-saida-lateral-do-sao-paulo-esta-livre-para-assinar-pre-contrato\/#breadcrumb","itemListElement":[{"@type":"ListItem","position":1,"name":"Home","item":"https:\/\/www.gaveanews.com\/"},{"@type":"ListItem","position":2,"name":"De sa\u00edda? Lateral do S\u00e3o Paulo est\u00e1 livre para assinar pr\u00e9-contrato"}]},{"@type":"WebSite","@id":"https:\/\/www.gaveanews.com\/#website","url":"https:\/\/www.gaveanews.com\/","name":"G\u00e1vea News","description":"Veja todas as not\u00edcias sobre o Flamengo: Contrata\u00e7\u00f5es, categorias de base, resultados das partidas, tabela de classifica\u00e7\u00e3o, pr\u00f3ximos jogos!","potentialAction":[{"@type":"SearchAction","target":{"@type":"EntryPoint","urlTemplate":"https:\/\/www.gaveanews.com\/?s={search_term_string}"},"query-input":{"@type":"PropertyValueSpecification","valueRequired":true,"valueName":"search_term_string"}}],"inLanguage":"pt-BR"},{"@type":"Person","@id":"https:\/\/www.gaveanews.com\/#\/schema\/person\/f42654babcd2b2014a1a65af82b081f1","name":"Geovanna Thomaz","image":{"@type":"ImageObject","inLanguage":"pt-BR","@id":"https:\/\/www.gaveanews.com\/#\/schema\/person\/image\/","url":"https:\/\/secure.gravatar.com\/avatar\/4092073255489533afb558984b49b64268c47198af8623cc82a925ae9fb7118a?s=96&d=mm&r=g","contentUrl":"https:\/\/secure.gravatar.com\/avatar\/4092073255489533afb558984b49b64268c47198af8623cc82a925ae9fb7118a?s=96&d=mm&r=g","caption":"Geovanna Thomaz"}}]}},"_links":{"self":[{"href":"https:\/\/www.gaveanews.com\/index.php\/wp-json\/wp\/v2\/posts\/150071","targetHints":{"allow":["GET"]}}],"collection":[{"href":"https:\/\/www.gaveanews.com\/index.php\/wp-json\/wp\/v2\/posts"}],"about":[{"href":"https:\/\/www.gaveanews.com\/index.php\/wp-json\/wp\/v2\/types\/post"}],"author":[{"embeddable":true,"href":"https:\/\/www.gaveanews.com\/index.php\/wp-json\/wp\/v2\/users\/17"}],"replies":[{"embeddable":true,"href":"https:\/\/www.gaveanews.com\/index.php\/wp-json\/wp\/v2\/comments?post=150071"}],"version-history":[{"count":3,"href":"https:\/\/www.gaveanews.com\/index.php\/wp-json\/wp\/v2\/posts\/150071\/revisions"}],"predecessor-version":[{"id":150110,"href":"https:\/\/www.gaveanews.com\/index.php\/wp-json\/wp\/v2\/posts\/150071\/revisions\/150110"}],"wp:featuredmedia":[{"embeddable":true,"href":"https:\/\/www.gaveanews.com\/index.php\/wp-json\/wp\/v2\/media\/148896"}],"wp:attachment":[{"href":"https:\/\/www.gaveanews.com\/index.php\/wp-json\/wp\/v2\/media?parent=150071"}],"wp:term":[{"taxonomy":"category","embeddable":true,"href":"https:\/\/www.gaveanews.com\/index.php\/wp-json\/wp\/v2\/categories?post=150071"},{"taxonomy":"post_tag","embeddable":true,"href":"https:\/\/www.gaveanews.com\/index.php\/wp-json\/wp\/v2\/tags?post=150071"}],"curies":[{"name":"wp","href":"https:\/\/api.w.org\/{rel}","templated":true}]}}