{"id":150117,"date":"2024-07-01T22:25:00","date_gmt":"2024-07-02T01:25:00","guid":{"rendered":"https:\/\/www.gaveanews.com\/?p=150117"},"modified":"2024-07-01T21:45:31","modified_gmt":"2024-07-02T00:45:31","slug":"o-recado-de-pedro-para-a-torcida-do-flamengo","status":"publish","type":"post","link":"https:\/\/www.gaveanews.com\/index.php\/2024\/07\/01\/o-recado-de-pedro-para-a-torcida-do-flamengo\/","title":{"rendered":"O recado de Pedro para a torcida do Flamengo"},"content":{"rendered":"\n<p>\u00cddolo do Flamengo, Pedro vem protagonizando uma excelente temporada, e a torcida resolveu reconhecer os esfor\u00e7os do atacante. No jogo contra o Cruzeiro, disputado no domingo (30), o camisa 9 da G\u00e1vea viu dois bandeir\u00f5es erguidos nas arquibancadas do Maracan\u00e3 em sua homenagem.<\/p>\n\n\n\n<ul class=\"wp-block-list\">\n<li><a href=\"https:\/\/www.gaveanews.com\/index.php\/2024\/06\/25\/pedro-do-flamengo-esta-proximo-de-atingir-marca-importante\/\">Pedro, do Flamengo, est\u00e1 pr\u00f3ximo de atingir marca importante<\/a><\/li>\n\n\n\n<li><a href=\"https:\/\/www.gaveanews.com\/index.php\/2024\/06\/30\/bruno-henrique-leo-ortiz-pedro-rossi-wesley-fabricio-bruno-david-luiz-ayrton-lucas-allan-gerson-lorran-luiz-araujo-werton-e-tite-as-notas-dos-jogadores-do-flamengo\/\">Bruno Henrique, L\u00e9o Ortiz, Pedro, Rossi, Wesley, Fabr\u00edcio Bruno, David Luiz, Ayrton Lucas, Allan, Gerson, Lorran, Luiz Ara\u00fajo, Werton e Tite: as notas dos jogadores do Flamengo<\/a><\/li>\n<\/ul>\n\n\n\n<p>A iniciativa se iniciou atrav\u00e9s do X, antigo Twitter, quando uma enquete foi realizada &#8211; ao lado de uma vaquinha &#8211; para definir qual seria a arte da bandeira em homenagem a Pedro. Duas op\u00e7\u00f5es ficaram em d\u00favida, foram elas: apenas o rosto do jogador (para seguir a padronagem das bandeiras de Zico, Adriano Imperador e Gabigol), ou a rever\u00eancia, marca registrada de comemora\u00e7\u00e3o de gols do camisa 9.<\/p>\n\n\n\n<p>Apesar da vota\u00e7\u00e3o, a torcida rubro-negra surpreendeu e confeccionou as duas bandeiras. Ambas foram demonstradas no Maracan\u00e3 contra o Cruzeiro, e Pedro marcou um dos gols da vit\u00f3ria por 2 a 1 como forma de agradecimento. <\/p>\n\n\n\n<p>Ao final do confronto e da homenagem, o artilheiro do Meng\u00e3o mandou um recado para a torcida e agradeceu pela surpresa.<\/p>\n\n\n\n<p>\u2014 <em>\u00c9 emocionante, n\u00e9? \u00c9 um sonho de crian\u00e7a. Nunca imaginei, e hoje estou vivendo isso aqui dentro do campo. Portanto, para mim \u00e9 muito especial. \u00c9 gratificante demais, s\u00f3 tenho que agradecer a Deus e agradecer a torcida por esse carinho que eles sempre tiveram comigo desde quando eu cheguei aqui<\/em>, disse.<\/p>\n\n\n\n<p>O agradecimento de Pedro tamb\u00e9m foi para as redes sociais. No Instagram, o jogador publicou imagens beijando o escudo do Flamengo e colocou a seguinte legenda: \u2014 <em>Nem nos meus maiores sonhos eu imaginava. Muito obrigado, Na\u00e7\u00e3o!<\/em>, ao lado de cora\u00e7\u00f5es vermelho e preto. O atacante, conhecido por ser muito religioso, tamb\u00e9m incluiu um vers\u00edculo b\u00edblico na postagem. \u2014<em> \u00c0quele que \u00e9 capaz de fazer infinitamente mais do que tudo o que pedimos ou pensamos, de acordo com o seu poder que atua em n\u00f3s, a ele seja a gl\u00f3ria na igreja e em Cristo Jesus, por todas as gera\u00e7\u00f5es, para todo o sempre! Am\u00e9m!<\/em><\/p>\n\n\n\n<p>Pedro em 2024<\/p>\n\n\n\n<p>Artilheiro do Flamengo &#8211; e do Brasil -, Pedro vive seu auge. Em 32 jogos disputados, s\u00e3o incr\u00edveis 24 gols marcados em uma temporada que est\u00e1 apenas na metade. Com o andar da carruagem, a expectativa \u00e9 que o camisa 9 da G\u00e1vea n\u00e3o demore muito a superar os n\u00fameros de 2023, o ano mais artilheiro da carreira.<\/p>\n\n\n\n<p>Na temporada anterior, Pedro marcou 35 gols em 61 partidas. Faltam apenas 11 tentos para superar a marca, com mais da metade do Campeonato Brasileiro a ser disputado, al\u00e9m das eliminat\u00f3rias da Libertadores da Am\u00e9rica e da Copa do Brasil. <\/p>\n","protected":false},"excerpt":{"rendered":"<p>\u00cddolo do Flamengo, Pedro vem protagonizando uma excelente temporada, e a torcida resolveu reconhecer os esfor\u00e7os do atacante. No jogo contra o Cruzeiro, disputado no domingo (30), o camisa 9 da G\u00e1vea viu dois bandeir\u00f5es erguidos nas arquibancadas do Maracan\u00e3 em sua homenagem. A iniciativa se iniciou atrav\u00e9s do X, antigo Twitter, quando uma enquete [&hellip;]<\/p>\n","protected":false},"author":18,"featured_media":144711,"comment_status":"open","ping_status":"closed","sticky":false,"template":"","format":"standard","meta":{"footnotes":""},"categories":[1],"tags":[],"class_list":["post-150117","post","type-post","status-publish","format-standard","has-post-thumbnail","hentry","category-flamengo"],"yoast_head":"<!-- This site is optimized with the Yoast SEO Premium plugin v24.2 (Yoast SEO v26.9) - https:\/\/yoast.com\/product\/yoast-seo-premium-wordpress\/ -->\n<title>O recado de Pedro para a torcida do Flamengo<\/title>\n<meta name=\"robots\" content=\"index, follow, max-snippet:-1, max-image-preview:large, max-video-preview:-1\" \/>\n<link rel=\"canonical\" href=\"https:\/\/www.gaveanews.com\/index.php\/2024\/07\/01\/o-recado-de-pedro-para-a-torcida-do-flamengo\/\" \/>\n<meta property=\"og:locale\" content=\"pt_BR\" \/>\n<meta property=\"og:type\" content=\"article\" \/>\n<meta property=\"og:title\" content=\"O recado de Pedro para a torcida do Flamengo\" \/>\n<meta property=\"og:description\" content=\"\u00cddolo do Flamengo, Pedro vem protagonizando uma excelente temporada, e a torcida resolveu reconhecer os esfor\u00e7os do atacante. No jogo contra o Cruzeiro, disputado no domingo (30), o camisa 9 da G\u00e1vea viu dois bandeir\u00f5es erguidos nas arquibancadas do Maracan\u00e3 em sua homenagem. A iniciativa se iniciou atrav\u00e9s do X, antigo Twitter, quando uma enquete [&hellip;]\" \/>\n<meta property=\"og:url\" content=\"https:\/\/www.gaveanews.com\/index.php\/2024\/07\/01\/o-recado-de-pedro-para-a-torcida-do-flamengo\/\" \/>\n<meta property=\"og:site_name\" content=\"G\u00e1vea News\" \/>\n<meta property=\"article:publisher\" content=\"https:\/\/facebook.com\/gaveaNews\/\" \/>\n<meta property=\"article:published_time\" content=\"2024-07-02T01:25:00+00:00\" \/>\n<meta property=\"og:image\" content=\"https:\/\/www.gaveanews.com\/wp-content\/uploads\/Pedro-atacante-do-Flamengo.webp\" \/>\n\t<meta property=\"og:image:width\" content=\"1600\" \/>\n\t<meta property=\"og:image:height\" content=\"1066\" \/>\n\t<meta property=\"og:image:type\" content=\"image\/jpeg\" \/>\n<meta name=\"author\" content=\"Paula Silva\" \/>\n<meta name=\"twitter:card\" content=\"summary_large_image\" \/>\n<meta name=\"twitter:label1\" content=\"Escrito por\" \/>\n\t<meta name=\"twitter:data1\" content=\"Paula Silva\" \/>\n\t<meta name=\"twitter:label2\" content=\"Est. tempo de leitura\" \/>\n\t<meta name=\"twitter:data2\" content=\"3 minutos\" \/>\n<script type=\"application\/ld+json\" class=\"yoast-schema-graph\">{\"@context\":\"https:\/\/schema.org\",\"@graph\":[{\"@type\":\"NewsArticle\",\"@id\":\"https:\/\/www.gaveanews.com\/index.php\/2024\/07\/01\/o-recado-de-pedro-para-a-torcida-do-flamengo\/#article\",\"isPartOf\":{\"@id\":\"https:\/\/www.gaveanews.com\/index.php\/2024\/07\/01\/o-recado-de-pedro-para-a-torcida-do-flamengo\/\"},\"author\":{\"name\":\"Paula Silva\",\"@id\":\"https:\/\/www.gaveanews.com\/#\/schema\/person\/daf63eec72e1164eb13dc35096c2b8da\"},\"headline\":\"O recado de Pedro para a torcida do Flamengo\",\"datePublished\":\"2024-07-02T01:25:00+00:00\",\"mainEntityOfPage\":{\"@id\":\"https:\/\/www.gaveanews.com\/index.php\/2024\/07\/01\/o-recado-de-pedro-para-a-torcida-do-flamengo\/\"},\"wordCount\":485,\"commentCount\":0,\"image\":{\"@id\":\"https:\/\/www.gaveanews.com\/index.php\/2024\/07\/01\/o-recado-de-pedro-para-a-torcida-do-flamengo\/#primaryimage\"},\"thumbnailUrl\":\"https:\/\/www.gaveanews.com\/wp-content\/uploads\/Pedro-atacante-do-Flamengo.webp\",\"articleSection\":[\"Flamengo\"],\"inLanguage\":\"pt-BR\",\"potentialAction\":[{\"@type\":\"CommentAction\",\"name\":\"Comment\",\"target\":[\"https:\/\/www.gaveanews.com\/index.php\/2024\/07\/01\/o-recado-de-pedro-para-a-torcida-do-flamengo\/#respond\"]}],\"copyrightYear\":\"2024\",\"copyrightHolder\":{\"@id\":\"https:\/\/www.gaveanews.com\/#organization\"}},{\"@type\":\"WebPage\",\"@id\":\"https:\/\/www.gaveanews.com\/index.php\/2024\/07\/01\/o-recado-de-pedro-para-a-torcida-do-flamengo\/\",\"url\":\"https:\/\/www.gaveanews.com\/index.php\/2024\/07\/01\/o-recado-de-pedro-para-a-torcida-do-flamengo\/\",\"name\":\"O recado de Pedro para a torcida do Flamengo\",\"isPartOf\":{\"@id\":\"https:\/\/www.gaveanews.com\/#website\"},\"primaryImageOfPage\":{\"@id\":\"https:\/\/www.gaveanews.com\/index.php\/2024\/07\/01\/o-recado-de-pedro-para-a-torcida-do-flamengo\/#primaryimage\"},\"image\":{\"@id\":\"https:\/\/www.gaveanews.com\/index.php\/2024\/07\/01\/o-recado-de-pedro-para-a-torcida-do-flamengo\/#primaryimage\"},\"thumbnailUrl\":\"https:\/\/www.gaveanews.com\/wp-content\/uploads\/Pedro-atacante-do-Flamengo.webp\",\"datePublished\":\"2024-07-02T01:25:00+00:00\",\"author\":{\"@id\":\"https:\/\/www.gaveanews.com\/#\/schema\/person\/daf63eec72e1164eb13dc35096c2b8da\"},\"breadcrumb\":{\"@id\":\"https:\/\/www.gaveanews.com\/index.php\/2024\/07\/01\/o-recado-de-pedro-para-a-torcida-do-flamengo\/#breadcrumb\"},\"inLanguage\":\"pt-BR\",\"potentialAction\":[{\"@type\":\"ReadAction\",\"target\":[\"https:\/\/www.gaveanews.com\/index.php\/2024\/07\/01\/o-recado-de-pedro-para-a-torcida-do-flamengo\/\"]}]},{\"@type\":\"ImageObject\",\"inLanguage\":\"pt-BR\",\"@id\":\"https:\/\/www.gaveanews.com\/index.php\/2024\/07\/01\/o-recado-de-pedro-para-a-torcida-do-flamengo\/#primaryimage\",\"url\":\"https:\/\/www.gaveanews.com\/wp-content\/uploads\/Pedro-atacante-do-Flamengo.webp\",\"contentUrl\":\"https:\/\/www.gaveanews.com\/wp-content\/uploads\/Pedro-atacante-do-Flamengo.webp\",\"width\":1600,\"height\":1066,\"caption\":\"Pedro, atacante do Flamengo (Foto: Gilvan de Souza)\"},{\"@type\":\"BreadcrumbList\",\"@id\":\"https:\/\/www.gaveanews.com\/index.php\/2024\/07\/01\/o-recado-de-pedro-para-a-torcida-do-flamengo\/#breadcrumb\",\"itemListElement\":[{\"@type\":\"ListItem\",\"position\":1,\"name\":\"Home\",\"item\":\"https:\/\/www.gaveanews.com\/\"},{\"@type\":\"ListItem\",\"position\":2,\"name\":\"O recado de Pedro para a torcida do Flamengo\"}]},{\"@type\":\"WebSite\",\"@id\":\"https:\/\/www.gaveanews.com\/#website\",\"url\":\"https:\/\/www.gaveanews.com\/\",\"name\":\"G\u00e1vea News\",\"description\":\"Veja todas as not\u00edcias sobre o Flamengo: Contrata\u00e7\u00f5es, categorias de base, resultados das partidas, tabela de classifica\u00e7\u00e3o, pr\u00f3ximos jogos!\",\"potentialAction\":[{\"@type\":\"SearchAction\",\"target\":{\"@type\":\"EntryPoint\",\"urlTemplate\":\"https:\/\/www.gaveanews.com\/?s={search_term_string}\"},\"query-input\":{\"@type\":\"PropertyValueSpecification\",\"valueRequired\":true,\"valueName\":\"search_term_string\"}}],\"inLanguage\":\"pt-BR\"},{\"@type\":\"Person\",\"@id\":\"https:\/\/www.gaveanews.com\/#\/schema\/person\/daf63eec72e1164eb13dc35096c2b8da\",\"name\":\"Paula Silva\",\"image\":{\"@type\":\"ImageObject\",\"inLanguage\":\"pt-BR\",\"@id\":\"https:\/\/www.gaveanews.com\/#\/schema\/person\/image\/\",\"url\":\"https:\/\/secure.gravatar.com\/avatar\/eda381c845527cc5d64c13b901833cda29d97500ba040d3e6461f76f51d163bb?s=96&d=mm&r=g\",\"contentUrl\":\"https:\/\/secure.gravatar.com\/avatar\/eda381c845527cc5d64c13b901833cda29d97500ba040d3e6461f76f51d163bb?s=96&d=mm&r=g\",\"caption\":\"Paula Silva\"}}]}<\/script>\n<!-- \/ Yoast SEO Premium plugin. -->","yoast_head_json":{"title":"O recado de Pedro para a torcida do Flamengo","robots":{"index":"index","follow":"follow","max-snippet":"max-snippet:-1","max-image-preview":"max-image-preview:large","max-video-preview":"max-video-preview:-1"},"canonical":"https:\/\/www.gaveanews.com\/index.php\/2024\/07\/01\/o-recado-de-pedro-para-a-torcida-do-flamengo\/","og_locale":"pt_BR","og_type":"article","og_title":"O recado de Pedro para a torcida do Flamengo","og_description":"\u00cddolo do Flamengo, Pedro vem protagonizando uma excelente temporada, e a torcida resolveu reconhecer os esfor\u00e7os do atacante. No jogo contra o Cruzeiro, disputado no domingo (30), o camisa 9 da G\u00e1vea viu dois bandeir\u00f5es erguidos nas arquibancadas do Maracan\u00e3 em sua homenagem. A iniciativa se iniciou atrav\u00e9s do X, antigo Twitter, quando uma enquete [&hellip;]","og_url":"https:\/\/www.gaveanews.com\/index.php\/2024\/07\/01\/o-recado-de-pedro-para-a-torcida-do-flamengo\/","og_site_name":"G\u00e1vea News","article_publisher":"https:\/\/facebook.com\/gaveaNews\/","article_published_time":"2024-07-02T01:25:00+00:00","og_image":[{"width":1600,"height":1066,"url":"https:\/\/www.gaveanews.com\/wp-content\/uploads\/Pedro-atacante-do-Flamengo.webp","type":"image\/jpeg"}],"author":"Paula Silva","twitter_card":"summary_large_image","twitter_misc":{"Escrito por":"Paula Silva","Est. tempo de leitura":"3 minutos"},"schema":{"@context":"https:\/\/schema.org","@graph":[{"@type":"NewsArticle","@id":"https:\/\/www.gaveanews.com\/index.php\/2024\/07\/01\/o-recado-de-pedro-para-a-torcida-do-flamengo\/#article","isPartOf":{"@id":"https:\/\/www.gaveanews.com\/index.php\/2024\/07\/01\/o-recado-de-pedro-para-a-torcida-do-flamengo\/"},"author":{"name":"Paula Silva","@id":"https:\/\/www.gaveanews.com\/#\/schema\/person\/daf63eec72e1164eb13dc35096c2b8da"},"headline":"O recado de Pedro para a torcida do Flamengo","datePublished":"2024-07-02T01:25:00+00:00","mainEntityOfPage":{"@id":"https:\/\/www.gaveanews.com\/index.php\/2024\/07\/01\/o-recado-de-pedro-para-a-torcida-do-flamengo\/"},"wordCount":485,"commentCount":0,"image":{"@id":"https:\/\/www.gaveanews.com\/index.php\/2024\/07\/01\/o-recado-de-pedro-para-a-torcida-do-flamengo\/#primaryimage"},"thumbnailUrl":"https:\/\/www.gaveanews.com\/wp-content\/uploads\/Pedro-atacante-do-Flamengo.webp","articleSection":["Flamengo"],"inLanguage":"pt-BR","potentialAction":[{"@type":"CommentAction","name":"Comment","target":["https:\/\/www.gaveanews.com\/index.php\/2024\/07\/01\/o-recado-de-pedro-para-a-torcida-do-flamengo\/#respond"]}],"copyrightYear":"2024","copyrightHolder":{"@id":"https:\/\/www.gaveanews.com\/#organization"}},{"@type":"WebPage","@id":"https:\/\/www.gaveanews.com\/index.php\/2024\/07\/01\/o-recado-de-pedro-para-a-torcida-do-flamengo\/","url":"https:\/\/www.gaveanews.com\/index.php\/2024\/07\/01\/o-recado-de-pedro-para-a-torcida-do-flamengo\/","name":"O recado de Pedro para a torcida do Flamengo","isPartOf":{"@id":"https:\/\/www.gaveanews.com\/#website"},"primaryImageOfPage":{"@id":"https:\/\/www.gaveanews.com\/index.php\/2024\/07\/01\/o-recado-de-pedro-para-a-torcida-do-flamengo\/#primaryimage"},"image":{"@id":"https:\/\/www.gaveanews.com\/index.php\/2024\/07\/01\/o-recado-de-pedro-para-a-torcida-do-flamengo\/#primaryimage"},"thumbnailUrl":"https:\/\/www.gaveanews.com\/wp-content\/uploads\/Pedro-atacante-do-Flamengo.webp","datePublished":"2024-07-02T01:25:00+00:00","author":{"@id":"https:\/\/www.gaveanews.com\/#\/schema\/person\/daf63eec72e1164eb13dc35096c2b8da"},"breadcrumb":{"@id":"https:\/\/www.gaveanews.com\/index.php\/2024\/07\/01\/o-recado-de-pedro-para-a-torcida-do-flamengo\/#breadcrumb"},"inLanguage":"pt-BR","potentialAction":[{"@type":"ReadAction","target":["https:\/\/www.gaveanews.com\/index.php\/2024\/07\/01\/o-recado-de-pedro-para-a-torcida-do-flamengo\/"]}]},{"@type":"ImageObject","inLanguage":"pt-BR","@id":"https:\/\/www.gaveanews.com\/index.php\/2024\/07\/01\/o-recado-de-pedro-para-a-torcida-do-flamengo\/#primaryimage","url":"https:\/\/www.gaveanews.com\/wp-content\/uploads\/Pedro-atacante-do-Flamengo.webp","contentUrl":"https:\/\/www.gaveanews.com\/wp-content\/uploads\/Pedro-atacante-do-Flamengo.webp","width":1600,"height":1066,"caption":"Pedro, atacante do Flamengo (Foto: Gilvan de Souza)"},{"@type":"BreadcrumbList","@id":"https:\/\/www.gaveanews.com\/index.php\/2024\/07\/01\/o-recado-de-pedro-para-a-torcida-do-flamengo\/#breadcrumb","itemListElement":[{"@type":"ListItem","position":1,"name":"Home","item":"https:\/\/www.gaveanews.com\/"},{"@type":"ListItem","position":2,"name":"O recado de Pedro para a torcida do Flamengo"}]},{"@type":"WebSite","@id":"https:\/\/www.gaveanews.com\/#website","url":"https:\/\/www.gaveanews.com\/","name":"G\u00e1vea News","description":"Veja todas as not\u00edcias sobre o Flamengo: Contrata\u00e7\u00f5es, categorias de base, resultados das partidas, tabela de classifica\u00e7\u00e3o, pr\u00f3ximos jogos!","potentialAction":[{"@type":"SearchAction","target":{"@type":"EntryPoint","urlTemplate":"https:\/\/www.gaveanews.com\/?s={search_term_string}"},"query-input":{"@type":"PropertyValueSpecification","valueRequired":true,"valueName":"search_term_string"}}],"inLanguage":"pt-BR"},{"@type":"Person","@id":"https:\/\/www.gaveanews.com\/#\/schema\/person\/daf63eec72e1164eb13dc35096c2b8da","name":"Paula Silva","image":{"@type":"ImageObject","inLanguage":"pt-BR","@id":"https:\/\/www.gaveanews.com\/#\/schema\/person\/image\/","url":"https:\/\/secure.gravatar.com\/avatar\/eda381c845527cc5d64c13b901833cda29d97500ba040d3e6461f76f51d163bb?s=96&d=mm&r=g","contentUrl":"https:\/\/secure.gravatar.com\/avatar\/eda381c845527cc5d64c13b901833cda29d97500ba040d3e6461f76f51d163bb?s=96&d=mm&r=g","caption":"Paula Silva"}}]}},"_links":{"self":[{"href":"https:\/\/www.gaveanews.com\/index.php\/wp-json\/wp\/v2\/posts\/150117","targetHints":{"allow":["GET"]}}],"collection":[{"href":"https:\/\/www.gaveanews.com\/index.php\/wp-json\/wp\/v2\/posts"}],"about":[{"href":"https:\/\/www.gaveanews.com\/index.php\/wp-json\/wp\/v2\/types\/post"}],"author":[{"embeddable":true,"href":"https:\/\/www.gaveanews.com\/index.php\/wp-json\/wp\/v2\/users\/18"}],"replies":[{"embeddable":true,"href":"https:\/\/www.gaveanews.com\/index.php\/wp-json\/wp\/v2\/comments?post=150117"}],"version-history":[{"count":4,"href":"https:\/\/www.gaveanews.com\/index.php\/wp-json\/wp\/v2\/posts\/150117\/revisions"}],"predecessor-version":[{"id":150191,"href":"https:\/\/www.gaveanews.com\/index.php\/wp-json\/wp\/v2\/posts\/150117\/revisions\/150191"}],"wp:featuredmedia":[{"embeddable":true,"href":"https:\/\/www.gaveanews.com\/index.php\/wp-json\/wp\/v2\/media\/144711"}],"wp:attachment":[{"href":"https:\/\/www.gaveanews.com\/index.php\/wp-json\/wp\/v2\/media?parent=150117"}],"wp:term":[{"taxonomy":"category","embeddable":true,"href":"https:\/\/www.gaveanews.com\/index.php\/wp-json\/wp\/v2\/categories?post=150117"},{"taxonomy":"post_tag","embeddable":true,"href":"https:\/\/www.gaveanews.com\/index.php\/wp-json\/wp\/v2\/tags?post=150117"}],"curies":[{"name":"wp","href":"https:\/\/api.w.org\/{rel}","templated":true}]}}