{"id":150331,"date":"2024-07-02T16:00:00","date_gmt":"2024-07-02T19:00:00","guid":{"rendered":"https:\/\/www.gaveanews.com\/?p=150331"},"modified":"2024-07-02T15:36:31","modified_gmt":"2024-07-02T18:36:31","slug":"flamengo-x-atletico-mg-pedro-pode-ficar-de-fora-do-jogo","status":"publish","type":"post","link":"https:\/\/www.gaveanews.com\/index.php\/2024\/07\/02\/flamengo-x-atletico-mg-pedro-pode-ficar-de-fora-do-jogo\/","title":{"rendered":"Flamengo x Atl\u00e9tico-MG: Pedro pode ficar de fora do jogo"},"content":{"rendered":"\n<h2 class=\"wp-block-heading\" id=\"h-flamengo-enfrenta-o-atletico-mg-na-quarta-feira-03\">Flamengo\u00a0enfrenta o Atl\u00e9tico-MG na quarta-feira (03)<\/h2>\n\n\n\n<p>Na manh\u00e3 desta ter\u00e7a-feira (02), a equipe do Flamengo concluiu os preparativos com foco total no confronto contra o Atl\u00e9tico-MG, v\u00e1lido pela 14\u00aa rodada do Brasileir\u00e3o. Mesmo participando dos treinos, h\u00e1 a possibilidade de Pedro ficar de fora do jogo que acontecer\u00e1 nesta quarta-feira (03) na Arena MRV, em Belo Horizonte.<\/p>\n\n\n\n<ul class=\"wp-block-list\">\n<li><a href=\"https:\/\/www.gaveanews.com\/index.php\/2024\/07\/02\/flamengo-x-atletico-mg-tite-testa-o-time-do-com-alteracao-no-meio-campo\/\">Flamengo x Atl\u00e9tico-MG: Tite testa o time do com altera\u00e7\u00e3o no meio-campo<\/a><\/li>\n\n\n\n<li><a href=\"https:\/\/www.gaveanews.com\/index.php\/2024\/07\/02\/como-o-atletico-mg-chega-para-a-partida-contra-o-flamengo\/\">Como o Atl\u00e9tico-MG chega para a partida contra o Flamengo?<\/a><\/li>\n<\/ul>\n\n\n\n<p>O treinador Tite est\u00e1 com algumas incertezas na composi\u00e7\u00e3o do time do Flamengo para o duelo contra o Atl\u00e9tico-MG. Segundo informa\u00e7\u00f5es do jornalista Ven\u00ea Casagrande alguns jogadores titulares podem ser preservados e come\u00e7ar no banco de reservas, como Gerson e Pedro. Victor Hugo e Carlinhos foram at\u00e9 testados entre os titulares, ocupando as respectivas posi\u00e7\u00f5es.<\/p>\n\n\n\n<p>Al\u00e9m disso, uma outra altera\u00e7\u00e3o cogitada \u00e9 a presen\u00e7a de Lorran como op\u00e7\u00e3o no banco de reservas para o confronto com o Atl\u00e9tico-MG. Dessa forma, Pulgar retorna \u00e0 forma\u00e7\u00e3o inicial do Flamengo, ao lado de Allan. Importante ressaltar que L\u00e9o Ortiz tamb\u00e9m est\u00e1 na disputa e busca assegurar um lugar no meio-campo para o embate contra a equipe mineira.<\/p>\n\n\n\n<figure class=\"wp-block-image size-full\"><img loading=\"lazy\" decoding=\"async\" width=\"900\" height=\"598\" src=\"https:\/\/www.gaveanews.com\/wp-content\/uploads\/tite-treino-flamengo.webp\" alt=\"\" class=\"wp-image-126054\" srcset=\"https:\/\/www.gaveanews.com\/wp-content\/uploads\/tite-treino-flamengo.webp 900w, https:\/\/www.gaveanews.com\/wp-content\/uploads\/tite-treino-flamengo-300x199.webp 300w, https:\/\/www.gaveanews.com\/wp-content\/uploads\/tite-treino-flamengo-768x510.webp 768w, https:\/\/www.gaveanews.com\/wp-content\/uploads\/tite-treino-flamengo-632x420.webp 632w, https:\/\/www.gaveanews.com\/wp-content\/uploads\/tite-treino-flamengo-640x425.webp 640w, https:\/\/www.gaveanews.com\/wp-content\/uploads\/tite-treino-flamengo-681x452.webp 681w, https:\/\/www.gaveanews.com\/wp-content\/uploads\/tite-treino-flamengo-100x66.webp 100w\" sizes=\"auto, (max-width: 900px) 100vw, 900px\" \/><figcaption class=\"wp-element-caption\">Tite comanda treino do Flamengo (Foto: Marcelo Cortes\/Flamengo)<\/figcaption><\/figure>\n\n\n\n<p>Para o confronto diante do Atl\u00e9tico-MG, contudo, Tite tem aus\u00eancias confirmadas de Cebolinha, Arrascaeta, De La Cruz, Vi\u00f1a e Varela. Da mesma forma, Gabigol tamb\u00e9m n\u00e3o estar\u00e1 dispon\u00edvel, tendo sido cortado pela equipe t\u00e9cnica devido a declara\u00e7\u00f5es de seu empres\u00e1rio sobre uma poss\u00edvel sa\u00edda do clube.<\/p>\n\n\n\n<p>No momento, o Flamengo assumiu a lideran\u00e7a isolada do Campeonato Brasileiro, somando 27 pontos. O Palmeiras, vice-l\u00edder, est\u00e1 atr\u00e1s com 26 pontos. Assim, o time rubro-negro abriu uma pequena vantagem sobre seu concorrente mais pr\u00f3ximo e busca mais uma vit\u00f3ria para aumentar a diferen\u00e7a na tabela.<\/p>\n\n\n\n<p>A equipe do Flamengo partir\u00e1 para Belo Horizonte \u00e0s 17h40 (hor\u00e1rio de Bras\u00edlia), com previs\u00e3o de chegada em Minas Gerais \u00e0s 19h (hor\u00e1rio de Bras\u00edlia). O elenco ficar\u00e1 hospedado no hotel Hilton, totalmente focado no confronto contra o Atl\u00e9tico-MG.<\/p>\n","protected":false},"excerpt":{"rendered":"<p>Flamengo x Atl\u00e9tico-MG: Pedro pode ficar de fora do jogo<\/p>\n","protected":false},"author":16,"featured_media":144711,"comment_status":"open","ping_status":"closed","sticky":false,"template":"","format":"standard","meta":{"footnotes":""},"categories":[136,1],"tags":[],"class_list":["post-150331","post","type-post","status-publish","format-standard","has-post-thumbnail","hentry","category-atletico-mg","category-flamengo"],"yoast_head":"<!-- This site is optimized with the Yoast SEO Premium plugin v24.2 (Yoast SEO v26.9) - https:\/\/yoast.com\/product\/yoast-seo-premium-wordpress\/ -->\n<title>Flamengo x Atl\u00e9tico-MG: Pedro pode ficar de fora do jogo<\/title>\n<meta name=\"robots\" content=\"index, follow, max-snippet:-1, max-image-preview:large, max-video-preview:-1\" \/>\n<link rel=\"canonical\" href=\"https:\/\/www.gaveanews.com\/index.php\/2024\/07\/02\/flamengo-x-atletico-mg-pedro-pode-ficar-de-fora-do-jogo\/\" \/>\n<meta property=\"og:locale\" content=\"pt_BR\" \/>\n<meta property=\"og:type\" content=\"article\" \/>\n<meta property=\"og:title\" content=\"Flamengo x Atl\u00e9tico-MG: Pedro pode ficar de fora do jogo\" \/>\n<meta property=\"og:description\" content=\"Flamengo x Atl\u00e9tico-MG: Pedro pode ficar de fora do jogo\" \/>\n<meta property=\"og:url\" content=\"https:\/\/www.gaveanews.com\/index.php\/2024\/07\/02\/flamengo-x-atletico-mg-pedro-pode-ficar-de-fora-do-jogo\/\" \/>\n<meta property=\"og:site_name\" content=\"G\u00e1vea News\" \/>\n<meta property=\"article:publisher\" content=\"https:\/\/facebook.com\/gaveaNews\/\" \/>\n<meta property=\"article:published_time\" content=\"2024-07-02T19:00:00+00:00\" \/>\n<meta property=\"og:image\" content=\"https:\/\/www.gaveanews.com\/wp-content\/uploads\/Pedro-atacante-do-Flamengo.webp\" \/>\n\t<meta property=\"og:image:width\" content=\"1600\" \/>\n\t<meta property=\"og:image:height\" content=\"1066\" \/>\n\t<meta property=\"og:image:type\" content=\"image\/jpeg\" \/>\n<meta name=\"author\" content=\"D\u00e9bora Figueiredo\" \/>\n<meta name=\"twitter:card\" content=\"summary_large_image\" \/>\n<meta name=\"twitter:label1\" content=\"Escrito por\" \/>\n\t<meta name=\"twitter:data1\" content=\"D\u00e9bora Figueiredo\" \/>\n\t<meta name=\"twitter:label2\" content=\"Est. tempo de leitura\" \/>\n\t<meta name=\"twitter:data2\" content=\"3 minutos\" \/>\n<script type=\"application\/ld+json\" class=\"yoast-schema-graph\">{\"@context\":\"https:\/\/schema.org\",\"@graph\":[{\"@type\":\"NewsArticle\",\"@id\":\"https:\/\/www.gaveanews.com\/index.php\/2024\/07\/02\/flamengo-x-atletico-mg-pedro-pode-ficar-de-fora-do-jogo\/#article\",\"isPartOf\":{\"@id\":\"https:\/\/www.gaveanews.com\/index.php\/2024\/07\/02\/flamengo-x-atletico-mg-pedro-pode-ficar-de-fora-do-jogo\/\"},\"author\":{\"name\":\"D\u00e9bora Figueiredo\",\"@id\":\"https:\/\/www.gaveanews.com\/#\/schema\/person\/37122681a8575a5c8db05a56f099a5e4\"},\"headline\":\"Flamengo x Atl\u00e9tico-MG: Pedro pode ficar de fora do jogo\",\"datePublished\":\"2024-07-02T19:00:00+00:00\",\"mainEntityOfPage\":{\"@id\":\"https:\/\/www.gaveanews.com\/index.php\/2024\/07\/02\/flamengo-x-atletico-mg-pedro-pode-ficar-de-fora-do-jogo\/\"},\"wordCount\":381,\"commentCount\":0,\"image\":{\"@id\":\"https:\/\/www.gaveanews.com\/index.php\/2024\/07\/02\/flamengo-x-atletico-mg-pedro-pode-ficar-de-fora-do-jogo\/#primaryimage\"},\"thumbnailUrl\":\"https:\/\/www.gaveanews.com\/wp-content\/uploads\/Pedro-atacante-do-Flamengo.webp\",\"articleSection\":[\"Atl\u00e9tico-MG\",\"Flamengo\"],\"inLanguage\":\"pt-BR\",\"potentialAction\":[{\"@type\":\"CommentAction\",\"name\":\"Comment\",\"target\":[\"https:\/\/www.gaveanews.com\/index.php\/2024\/07\/02\/flamengo-x-atletico-mg-pedro-pode-ficar-de-fora-do-jogo\/#respond\"]}],\"copyrightYear\":\"2024\",\"copyrightHolder\":{\"@id\":\"https:\/\/www.gaveanews.com\/#organization\"}},{\"@type\":\"WebPage\",\"@id\":\"https:\/\/www.gaveanews.com\/index.php\/2024\/07\/02\/flamengo-x-atletico-mg-pedro-pode-ficar-de-fora-do-jogo\/\",\"url\":\"https:\/\/www.gaveanews.com\/index.php\/2024\/07\/02\/flamengo-x-atletico-mg-pedro-pode-ficar-de-fora-do-jogo\/\",\"name\":\"Flamengo x Atl\u00e9tico-MG: Pedro pode ficar de fora do jogo\",\"isPartOf\":{\"@id\":\"https:\/\/www.gaveanews.com\/#website\"},\"primaryImageOfPage\":{\"@id\":\"https:\/\/www.gaveanews.com\/index.php\/2024\/07\/02\/flamengo-x-atletico-mg-pedro-pode-ficar-de-fora-do-jogo\/#primaryimage\"},\"image\":{\"@id\":\"https:\/\/www.gaveanews.com\/index.php\/2024\/07\/02\/flamengo-x-atletico-mg-pedro-pode-ficar-de-fora-do-jogo\/#primaryimage\"},\"thumbnailUrl\":\"https:\/\/www.gaveanews.com\/wp-content\/uploads\/Pedro-atacante-do-Flamengo.webp\",\"datePublished\":\"2024-07-02T19:00:00+00:00\",\"author\":{\"@id\":\"https:\/\/www.gaveanews.com\/#\/schema\/person\/37122681a8575a5c8db05a56f099a5e4\"},\"breadcrumb\":{\"@id\":\"https:\/\/www.gaveanews.com\/index.php\/2024\/07\/02\/flamengo-x-atletico-mg-pedro-pode-ficar-de-fora-do-jogo\/#breadcrumb\"},\"inLanguage\":\"pt-BR\",\"potentialAction\":[{\"@type\":\"ReadAction\",\"target\":[\"https:\/\/www.gaveanews.com\/index.php\/2024\/07\/02\/flamengo-x-atletico-mg-pedro-pode-ficar-de-fora-do-jogo\/\"]}]},{\"@type\":\"ImageObject\",\"inLanguage\":\"pt-BR\",\"@id\":\"https:\/\/www.gaveanews.com\/index.php\/2024\/07\/02\/flamengo-x-atletico-mg-pedro-pode-ficar-de-fora-do-jogo\/#primaryimage\",\"url\":\"https:\/\/www.gaveanews.com\/wp-content\/uploads\/Pedro-atacante-do-Flamengo.webp\",\"contentUrl\":\"https:\/\/www.gaveanews.com\/wp-content\/uploads\/Pedro-atacante-do-Flamengo.webp\",\"width\":1600,\"height\":1066,\"caption\":\"Pedro, atacante do Flamengo (Foto: Gilvan de Souza)\"},{\"@type\":\"BreadcrumbList\",\"@id\":\"https:\/\/www.gaveanews.com\/index.php\/2024\/07\/02\/flamengo-x-atletico-mg-pedro-pode-ficar-de-fora-do-jogo\/#breadcrumb\",\"itemListElement\":[{\"@type\":\"ListItem\",\"position\":1,\"name\":\"Home\",\"item\":\"https:\/\/www.gaveanews.com\/\"},{\"@type\":\"ListItem\",\"position\":2,\"name\":\"Flamengo x Atl\u00e9tico-MG: Pedro pode ficar de fora do jogo\"}]},{\"@type\":\"WebSite\",\"@id\":\"https:\/\/www.gaveanews.com\/#website\",\"url\":\"https:\/\/www.gaveanews.com\/\",\"name\":\"G\u00e1vea News\",\"description\":\"Veja todas as not\u00edcias sobre o Flamengo: Contrata\u00e7\u00f5es, categorias de base, resultados das partidas, tabela de classifica\u00e7\u00e3o, pr\u00f3ximos jogos!\",\"potentialAction\":[{\"@type\":\"SearchAction\",\"target\":{\"@type\":\"EntryPoint\",\"urlTemplate\":\"https:\/\/www.gaveanews.com\/?s={search_term_string}\"},\"query-input\":{\"@type\":\"PropertyValueSpecification\",\"valueRequired\":true,\"valueName\":\"search_term_string\"}}],\"inLanguage\":\"pt-BR\"},{\"@type\":\"Person\",\"@id\":\"https:\/\/www.gaveanews.com\/#\/schema\/person\/37122681a8575a5c8db05a56f099a5e4\",\"name\":\"D\u00e9bora Figueiredo\",\"image\":{\"@type\":\"ImageObject\",\"inLanguage\":\"pt-BR\",\"@id\":\"https:\/\/www.gaveanews.com\/#\/schema\/person\/image\/\",\"url\":\"https:\/\/secure.gravatar.com\/avatar\/1f44802859351588499d26f52aed1d15796ce17e67602895b72837c08018868d?s=96&d=mm&r=g\",\"contentUrl\":\"https:\/\/secure.gravatar.com\/avatar\/1f44802859351588499d26f52aed1d15796ce17e67602895b72837c08018868d?s=96&d=mm&r=g\",\"caption\":\"D\u00e9bora Figueiredo\"}}]}<\/script>\n<!-- \/ Yoast SEO Premium plugin. -->","yoast_head_json":{"title":"Flamengo x Atl\u00e9tico-MG: Pedro pode ficar de fora do jogo","robots":{"index":"index","follow":"follow","max-snippet":"max-snippet:-1","max-image-preview":"max-image-preview:large","max-video-preview":"max-video-preview:-1"},"canonical":"https:\/\/www.gaveanews.com\/index.php\/2024\/07\/02\/flamengo-x-atletico-mg-pedro-pode-ficar-de-fora-do-jogo\/","og_locale":"pt_BR","og_type":"article","og_title":"Flamengo x Atl\u00e9tico-MG: Pedro pode ficar de fora do jogo","og_description":"Flamengo x Atl\u00e9tico-MG: Pedro pode ficar de fora do jogo","og_url":"https:\/\/www.gaveanews.com\/index.php\/2024\/07\/02\/flamengo-x-atletico-mg-pedro-pode-ficar-de-fora-do-jogo\/","og_site_name":"G\u00e1vea News","article_publisher":"https:\/\/facebook.com\/gaveaNews\/","article_published_time":"2024-07-02T19:00:00+00:00","og_image":[{"width":1600,"height":1066,"url":"https:\/\/www.gaveanews.com\/wp-content\/uploads\/Pedro-atacante-do-Flamengo.webp","type":"image\/jpeg"}],"author":"D\u00e9bora Figueiredo","twitter_card":"summary_large_image","twitter_misc":{"Escrito por":"D\u00e9bora Figueiredo","Est. tempo de leitura":"3 minutos"},"schema":{"@context":"https:\/\/schema.org","@graph":[{"@type":"NewsArticle","@id":"https:\/\/www.gaveanews.com\/index.php\/2024\/07\/02\/flamengo-x-atletico-mg-pedro-pode-ficar-de-fora-do-jogo\/#article","isPartOf":{"@id":"https:\/\/www.gaveanews.com\/index.php\/2024\/07\/02\/flamengo-x-atletico-mg-pedro-pode-ficar-de-fora-do-jogo\/"},"author":{"name":"D\u00e9bora Figueiredo","@id":"https:\/\/www.gaveanews.com\/#\/schema\/person\/37122681a8575a5c8db05a56f099a5e4"},"headline":"Flamengo x Atl\u00e9tico-MG: Pedro pode ficar de fora do jogo","datePublished":"2024-07-02T19:00:00+00:00","mainEntityOfPage":{"@id":"https:\/\/www.gaveanews.com\/index.php\/2024\/07\/02\/flamengo-x-atletico-mg-pedro-pode-ficar-de-fora-do-jogo\/"},"wordCount":381,"commentCount":0,"image":{"@id":"https:\/\/www.gaveanews.com\/index.php\/2024\/07\/02\/flamengo-x-atletico-mg-pedro-pode-ficar-de-fora-do-jogo\/#primaryimage"},"thumbnailUrl":"https:\/\/www.gaveanews.com\/wp-content\/uploads\/Pedro-atacante-do-Flamengo.webp","articleSection":["Atl\u00e9tico-MG","Flamengo"],"inLanguage":"pt-BR","potentialAction":[{"@type":"CommentAction","name":"Comment","target":["https:\/\/www.gaveanews.com\/index.php\/2024\/07\/02\/flamengo-x-atletico-mg-pedro-pode-ficar-de-fora-do-jogo\/#respond"]}],"copyrightYear":"2024","copyrightHolder":{"@id":"https:\/\/www.gaveanews.com\/#organization"}},{"@type":"WebPage","@id":"https:\/\/www.gaveanews.com\/index.php\/2024\/07\/02\/flamengo-x-atletico-mg-pedro-pode-ficar-de-fora-do-jogo\/","url":"https:\/\/www.gaveanews.com\/index.php\/2024\/07\/02\/flamengo-x-atletico-mg-pedro-pode-ficar-de-fora-do-jogo\/","name":"Flamengo x Atl\u00e9tico-MG: Pedro pode ficar de fora do jogo","isPartOf":{"@id":"https:\/\/www.gaveanews.com\/#website"},"primaryImageOfPage":{"@id":"https:\/\/www.gaveanews.com\/index.php\/2024\/07\/02\/flamengo-x-atletico-mg-pedro-pode-ficar-de-fora-do-jogo\/#primaryimage"},"image":{"@id":"https:\/\/www.gaveanews.com\/index.php\/2024\/07\/02\/flamengo-x-atletico-mg-pedro-pode-ficar-de-fora-do-jogo\/#primaryimage"},"thumbnailUrl":"https:\/\/www.gaveanews.com\/wp-content\/uploads\/Pedro-atacante-do-Flamengo.webp","datePublished":"2024-07-02T19:00:00+00:00","author":{"@id":"https:\/\/www.gaveanews.com\/#\/schema\/person\/37122681a8575a5c8db05a56f099a5e4"},"breadcrumb":{"@id":"https:\/\/www.gaveanews.com\/index.php\/2024\/07\/02\/flamengo-x-atletico-mg-pedro-pode-ficar-de-fora-do-jogo\/#breadcrumb"},"inLanguage":"pt-BR","potentialAction":[{"@type":"ReadAction","target":["https:\/\/www.gaveanews.com\/index.php\/2024\/07\/02\/flamengo-x-atletico-mg-pedro-pode-ficar-de-fora-do-jogo\/"]}]},{"@type":"ImageObject","inLanguage":"pt-BR","@id":"https:\/\/www.gaveanews.com\/index.php\/2024\/07\/02\/flamengo-x-atletico-mg-pedro-pode-ficar-de-fora-do-jogo\/#primaryimage","url":"https:\/\/www.gaveanews.com\/wp-content\/uploads\/Pedro-atacante-do-Flamengo.webp","contentUrl":"https:\/\/www.gaveanews.com\/wp-content\/uploads\/Pedro-atacante-do-Flamengo.webp","width":1600,"height":1066,"caption":"Pedro, atacante do Flamengo (Foto: Gilvan de Souza)"},{"@type":"BreadcrumbList","@id":"https:\/\/www.gaveanews.com\/index.php\/2024\/07\/02\/flamengo-x-atletico-mg-pedro-pode-ficar-de-fora-do-jogo\/#breadcrumb","itemListElement":[{"@type":"ListItem","position":1,"name":"Home","item":"https:\/\/www.gaveanews.com\/"},{"@type":"ListItem","position":2,"name":"Flamengo x Atl\u00e9tico-MG: Pedro pode ficar de fora do jogo"}]},{"@type":"WebSite","@id":"https:\/\/www.gaveanews.com\/#website","url":"https:\/\/www.gaveanews.com\/","name":"G\u00e1vea News","description":"Veja todas as not\u00edcias sobre o Flamengo: Contrata\u00e7\u00f5es, categorias de base, resultados das partidas, tabela de classifica\u00e7\u00e3o, pr\u00f3ximos jogos!","potentialAction":[{"@type":"SearchAction","target":{"@type":"EntryPoint","urlTemplate":"https:\/\/www.gaveanews.com\/?s={search_term_string}"},"query-input":{"@type":"PropertyValueSpecification","valueRequired":true,"valueName":"search_term_string"}}],"inLanguage":"pt-BR"},{"@type":"Person","@id":"https:\/\/www.gaveanews.com\/#\/schema\/person\/37122681a8575a5c8db05a56f099a5e4","name":"D\u00e9bora Figueiredo","image":{"@type":"ImageObject","inLanguage":"pt-BR","@id":"https:\/\/www.gaveanews.com\/#\/schema\/person\/image\/","url":"https:\/\/secure.gravatar.com\/avatar\/1f44802859351588499d26f52aed1d15796ce17e67602895b72837c08018868d?s=96&d=mm&r=g","contentUrl":"https:\/\/secure.gravatar.com\/avatar\/1f44802859351588499d26f52aed1d15796ce17e67602895b72837c08018868d?s=96&d=mm&r=g","caption":"D\u00e9bora Figueiredo"}}]}},"_links":{"self":[{"href":"https:\/\/www.gaveanews.com\/index.php\/wp-json\/wp\/v2\/posts\/150331","targetHints":{"allow":["GET"]}}],"collection":[{"href":"https:\/\/www.gaveanews.com\/index.php\/wp-json\/wp\/v2\/posts"}],"about":[{"href":"https:\/\/www.gaveanews.com\/index.php\/wp-json\/wp\/v2\/types\/post"}],"author":[{"embeddable":true,"href":"https:\/\/www.gaveanews.com\/index.php\/wp-json\/wp\/v2\/users\/16"}],"replies":[{"embeddable":true,"href":"https:\/\/www.gaveanews.com\/index.php\/wp-json\/wp\/v2\/comments?post=150331"}],"version-history":[{"count":1,"href":"https:\/\/www.gaveanews.com\/index.php\/wp-json\/wp\/v2\/posts\/150331\/revisions"}],"predecessor-version":[{"id":150338,"href":"https:\/\/www.gaveanews.com\/index.php\/wp-json\/wp\/v2\/posts\/150331\/revisions\/150338"}],"wp:featuredmedia":[{"embeddable":true,"href":"https:\/\/www.gaveanews.com\/index.php\/wp-json\/wp\/v2\/media\/144711"}],"wp:attachment":[{"href":"https:\/\/www.gaveanews.com\/index.php\/wp-json\/wp\/v2\/media?parent=150331"}],"wp:term":[{"taxonomy":"category","embeddable":true,"href":"https:\/\/www.gaveanews.com\/index.php\/wp-json\/wp\/v2\/categories?post=150331"},{"taxonomy":"post_tag","embeddable":true,"href":"https:\/\/www.gaveanews.com\/index.php\/wp-json\/wp\/v2\/tags?post=150331"}],"curies":[{"name":"wp","href":"https:\/\/api.w.org\/{rel}","templated":true}]}}