{"id":150472,"date":"2024-07-03T14:26:43","date_gmt":"2024-07-03T17:26:43","guid":{"rendered":"https:\/\/www.gaveanews.com\/?p=150472"},"modified":"2024-07-03T14:26:45","modified_gmt":"2024-07-03T17:26:45","slug":"desfalque-para-artur-jorge-meia-do-botafogo-e-convocado","status":"publish","type":"post","link":"https:\/\/www.gaveanews.com\/index.php\/2024\/07\/03\/desfalque-para-artur-jorge-meia-do-botafogo-e-convocado\/","title":{"rendered":"Desfalque para Artur Jorge: meia do Botafogo \u00e9 convocado"},"content":{"rendered":"\n<p>Uma das maiores contrata\u00e7\u00f5es do Botafogo para a temporada feita por John Textor vai precisar segurar um pouco a ansiedade de estrear por uma das equipes mais tradicionais do futebol brasileiro. Isso porque a sele\u00e7\u00e3o do pa\u00eds dele o chamou para as Olimp\u00edadas.<\/p>\n\n\n\n<p>Thiago Almada, o t\u00e3o falado essa semana, jovem jogador que ganhou destaque sendo o camisa 10 do V\u00e9lez Sarsfield com 18 anos e campe\u00e3o da Copa do Mundo da Fifa aos 20 vai ajudar a sele\u00e7\u00e3o da argentina em busca de mais um ouro ol\u00edmpico.<\/p>\n\n\n\n<ul class=\"wp-block-list\">\n<li><a href=\"https:\/\/www.gaveanews.com\/index.php\/2024\/07\/03\/elogiado-por-messi-e-amigo-de-tevez-veja-5-curiosidades-sobre-thiago-almada-novo-reforco-do-botafogo\/\">Elogiado por Messi e amigo de T\u00e9vez: veja 5 curiosidades sobre Thiago Almada, novo refor\u00e7o do Botafogo<\/a><\/li>\n\n\n\n<li><a href=\"https:\/\/www.gaveanews.com\/index.php\/2024\/07\/02\/adeus-textor-confirma-saida-do-botafogo\/\">Adeus! Textor confirma sa\u00edda do Botafogo<\/a><\/li>\n<\/ul>\n\n\n\n<p>A sele\u00e7\u00e3o brasileira n\u00e3o conseguiu se classificar para a competi\u00e7\u00e3o dessa vez, vale destacar que o Brasil \u00e9 o atual bicampe\u00e3o ol\u00edmpico. <\/p>\n\n\n\n<p>Segundo a Fog\u00e3o.Net, Javier\u00a0Mascherano\u00a0vai divulgar a lista de jogadores da\u00a0Argentina\u00a0para a\u00a0Olimp\u00edada de Paris-2024\u00a0nesta quarta-feira (3\/7), mas o \u201cDiario Ol\u00e9\u201d antecipou nesta ter\u00e7a a rela\u00e7\u00e3o dos\u00a018\u00a0jogadores, com a presen\u00e7a de\u00a0Thiago Almada, refor\u00e7o do\u00a0Botafogo.<\/p>\n\n\n\n<p>Almada ser\u00e1 um dos quatro campe\u00f5es mundiais em 2022 a disputar a Olimp\u00edada, ao lado do goleiro\u00a0Ger\u00f3nimo\u00a0Rulli, do\u00a0Ajax, do atacante\u00a0Juli\u00e1n\u00a0\u00c1lvarez, do\u00a0Manchester\u00a0City, e do zagueiro\u00a0Nicol\u00e1s\u00a0Otamendi, do\u00a0Benfica.<\/p>\n\n\n\n<p>Segundo o \u201cOl\u00e9\u201d, o\u00a0Athletico-PR\u00a0n\u00e3o liberou a presen\u00e7a de\u00a0Lucas\u00a0Esquivel\u00a0em Paris. Por n\u00e3o se tratar de uma competi\u00e7\u00e3o oficial da Fifa, os clubes n\u00e3o s\u00e3o obrigados a cederem seus jogadores.<\/p>\n\n\n\n<p>Al\u00e9m dos 18 jogadores, Mascherano tamb\u00e9m ir\u00e1 entregar uma rela\u00e7\u00e3o de quatro suplentes. A Argentina estreia no dia 24 de julho, contra\u00a0Marrocos, em Saint-\u00c9tienne.\u00a0Iraque\u00a0e\u00a0Ucr\u00e2nia\u00a0completam a chave. A disputa da medalha de ouro est\u00e1 marcada para o dia 9 de agosto, no Parque dos Pr\u00edncipes, est\u00e1dio do PSG.<\/p>\n\n\n\n<p>Thiago Almada se apresentar\u00e1 em breve ao Botafogo e ficar\u00e1 apenas alguns dias antes de se apresentar \u00e0 sele\u00e7\u00e3o argentina. Ele s\u00f3 vai estrear com a camisa alvinegra ap\u00f3s a Olimp\u00edada.<\/p>\n\n\n\n<h2 class=\"wp-block-heading\" id=\"h-quais-foram-os-convocados-da-argentina-para-as-olimpiadas\">Quais foram os convocados da Argentina para as Olimp\u00edadas?<\/h2>\n\n\n\n<ul class=\"wp-block-list\">\n<li><strong>Goleiros:<\/strong>\u00a0Ger\u00f3nimo Rulli (Ajax) e Leandro Brey (Boca)<\/li>\n\n\n\n<li><strong>Defensores:\u00a0<\/strong>Bruno Amione (Santos Laguna), Marcos Di C\u00e9sare (Racing), Nicol\u00e1s Otamendi (Benfica), Gonzalo Luj\u00e1n (San Lorenzo), Joaqu\u00edn Garc\u00eda (V\u00e9lez) e Julio Soler (Lan\u00fas).<\/li>\n\n\n\n<li><strong>Meio-campistas:<\/strong>\u00a0Santiago Hezze (Olympiacos), Cristian Medina (Boca), Ezequiel Fern\u00e1ndez (Boca), Kevin Zenon (Boca), Claudio Echeverri (River) e Thiago Almada (Botafogo).<\/li>\n\n\n\n<li><strong>Atacantes:<\/strong>\u00a0Luciano Gondou (Argentinos), Juli\u00e1n \u00c1lvarez (Manchester City), Giuliano Simoene (Atl\u00e9tico Madrid) e Lucas Beltr\u00e1n (Fiorentina).<\/li>\n<\/ul>\n","protected":false},"excerpt":{"rendered":"<p>Uma das maiores contrata\u00e7\u00f5es do Botafogo para a temporada feita por John Textor vai precisar segurar um pouco a ansiedade de estrear por uma das equipes mais tradicionais do futebol brasileiro. Isso porque a sele\u00e7\u00e3o do pa\u00eds dele o chamou para as Olimp\u00edadas. Thiago Almada, o t\u00e3o falado essa semana, jovem jogador que ganhou destaque [&hellip;]<\/p>\n","protected":false},"author":19,"featured_media":149047,"comment_status":"open","ping_status":"closed","sticky":false,"template":"","format":"standard","meta":{"footnotes":""},"categories":[138],"tags":[398],"class_list":["post-150472","post","type-post","status-publish","format-standard","has-post-thumbnail","hentry","category-botafogo","tag-thiago-almada"],"yoast_head":"<!-- This site is optimized with the Yoast SEO Premium plugin v24.2 (Yoast SEO v26.9) - https:\/\/yoast.com\/product\/yoast-seo-premium-wordpress\/ -->\n<title>Desfalque para Artur Jorge: meia do Botafogo \u00e9 convocado<\/title>\n<meta name=\"robots\" content=\"index, follow, max-snippet:-1, max-image-preview:large, max-video-preview:-1\" \/>\n<link rel=\"canonical\" href=\"https:\/\/www.gaveanews.com\/index.php\/2024\/07\/03\/desfalque-para-artur-jorge-meia-do-botafogo-e-convocado\/\" \/>\n<meta property=\"og:locale\" content=\"pt_BR\" \/>\n<meta property=\"og:type\" content=\"article\" \/>\n<meta property=\"og:title\" content=\"Desfalque para Artur Jorge: meia do Botafogo \u00e9 convocado\" \/>\n<meta property=\"og:description\" content=\"Uma das maiores contrata\u00e7\u00f5es do Botafogo para a temporada feita por John Textor vai precisar segurar um pouco a ansiedade de estrear por uma das equipes mais tradicionais do futebol brasileiro. Isso porque a sele\u00e7\u00e3o do pa\u00eds dele o chamou para as Olimp\u00edadas. Thiago Almada, o t\u00e3o falado essa semana, jovem jogador que ganhou destaque [&hellip;]\" \/>\n<meta property=\"og:url\" content=\"https:\/\/www.gaveanews.com\/index.php\/2024\/07\/03\/desfalque-para-artur-jorge-meia-do-botafogo-e-convocado\/\" \/>\n<meta property=\"og:site_name\" content=\"G\u00e1vea News\" \/>\n<meta property=\"article:publisher\" content=\"https:\/\/facebook.com\/gaveaNews\/\" \/>\n<meta property=\"article:published_time\" content=\"2024-07-03T17:26:43+00:00\" \/>\n<meta property=\"article:modified_time\" content=\"2024-07-03T17:26:45+00:00\" \/>\n<meta property=\"og:image\" content=\"https:\/\/www.gaveanews.com\/wp-content\/uploads\/artur-jorge-coletiva.webp\" \/>\n\t<meta property=\"og:image:width\" content=\"795\" \/>\n\t<meta property=\"og:image:height\" content=\"448\" \/>\n\t<meta property=\"og:image:type\" content=\"image\/webp\" \/>\n<meta name=\"author\" content=\"Bruno Zanchetta\" \/>\n<meta name=\"twitter:card\" content=\"summary_large_image\" \/>\n<meta name=\"twitter:label1\" content=\"Escrito por\" \/>\n\t<meta name=\"twitter:data1\" content=\"Bruno Zanchetta\" \/>\n\t<meta name=\"twitter:label2\" content=\"Est. tempo de leitura\" \/>\n\t<meta name=\"twitter:data2\" content=\"3 minutos\" \/>\n<script type=\"application\/ld+json\" class=\"yoast-schema-graph\">{\"@context\":\"https:\/\/schema.org\",\"@graph\":[{\"@type\":\"NewsArticle\",\"@id\":\"https:\/\/www.gaveanews.com\/index.php\/2024\/07\/03\/desfalque-para-artur-jorge-meia-do-botafogo-e-convocado\/#article\",\"isPartOf\":{\"@id\":\"https:\/\/www.gaveanews.com\/index.php\/2024\/07\/03\/desfalque-para-artur-jorge-meia-do-botafogo-e-convocado\/\"},\"author\":{\"name\":\"Bruno Zanchetta\",\"@id\":\"https:\/\/www.gaveanews.com\/#\/schema\/person\/32fddefab25b466689f181be346cd98c\"},\"headline\":\"Desfalque para Artur Jorge: meia do Botafogo \u00e9 convocado\",\"datePublished\":\"2024-07-03T17:26:43+00:00\",\"dateModified\":\"2024-07-03T17:26:45+00:00\",\"mainEntityOfPage\":{\"@id\":\"https:\/\/www.gaveanews.com\/index.php\/2024\/07\/03\/desfalque-para-artur-jorge-meia-do-botafogo-e-convocado\/\"},\"wordCount\":456,\"commentCount\":0,\"image\":{\"@id\":\"https:\/\/www.gaveanews.com\/index.php\/2024\/07\/03\/desfalque-para-artur-jorge-meia-do-botafogo-e-convocado\/#primaryimage\"},\"thumbnailUrl\":\"https:\/\/www.gaveanews.com\/wp-content\/uploads\/artur-jorge-coletiva.webp\",\"keywords\":[\"Thiago Almada\"],\"articleSection\":[\"Botafogo\"],\"inLanguage\":\"pt-BR\",\"potentialAction\":[{\"@type\":\"CommentAction\",\"name\":\"Comment\",\"target\":[\"https:\/\/www.gaveanews.com\/index.php\/2024\/07\/03\/desfalque-para-artur-jorge-meia-do-botafogo-e-convocado\/#respond\"]}],\"copyrightYear\":\"2024\",\"copyrightHolder\":{\"@id\":\"https:\/\/www.gaveanews.com\/#organization\"}},{\"@type\":\"WebPage\",\"@id\":\"https:\/\/www.gaveanews.com\/index.php\/2024\/07\/03\/desfalque-para-artur-jorge-meia-do-botafogo-e-convocado\/\",\"url\":\"https:\/\/www.gaveanews.com\/index.php\/2024\/07\/03\/desfalque-para-artur-jorge-meia-do-botafogo-e-convocado\/\",\"name\":\"Desfalque para Artur Jorge: meia do Botafogo \u00e9 convocado\",\"isPartOf\":{\"@id\":\"https:\/\/www.gaveanews.com\/#website\"},\"primaryImageOfPage\":{\"@id\":\"https:\/\/www.gaveanews.com\/index.php\/2024\/07\/03\/desfalque-para-artur-jorge-meia-do-botafogo-e-convocado\/#primaryimage\"},\"image\":{\"@id\":\"https:\/\/www.gaveanews.com\/index.php\/2024\/07\/03\/desfalque-para-artur-jorge-meia-do-botafogo-e-convocado\/#primaryimage\"},\"thumbnailUrl\":\"https:\/\/www.gaveanews.com\/wp-content\/uploads\/artur-jorge-coletiva.webp\",\"datePublished\":\"2024-07-03T17:26:43+00:00\",\"dateModified\":\"2024-07-03T17:26:45+00:00\",\"author\":{\"@id\":\"https:\/\/www.gaveanews.com\/#\/schema\/person\/32fddefab25b466689f181be346cd98c\"},\"breadcrumb\":{\"@id\":\"https:\/\/www.gaveanews.com\/index.php\/2024\/07\/03\/desfalque-para-artur-jorge-meia-do-botafogo-e-convocado\/#breadcrumb\"},\"inLanguage\":\"pt-BR\",\"potentialAction\":[{\"@type\":\"ReadAction\",\"target\":[\"https:\/\/www.gaveanews.com\/index.php\/2024\/07\/03\/desfalque-para-artur-jorge-meia-do-botafogo-e-convocado\/\"]}]},{\"@type\":\"ImageObject\",\"inLanguage\":\"pt-BR\",\"@id\":\"https:\/\/www.gaveanews.com\/index.php\/2024\/07\/03\/desfalque-para-artur-jorge-meia-do-botafogo-e-convocado\/#primaryimage\",\"url\":\"https:\/\/www.gaveanews.com\/wp-content\/uploads\/artur-jorge-coletiva.webp\",\"contentUrl\":\"https:\/\/www.gaveanews.com\/wp-content\/uploads\/artur-jorge-coletiva.webp\",\"width\":795,\"height\":448,\"caption\":\"Foto: Reprodu\u00e7\u00e3o\"},{\"@type\":\"BreadcrumbList\",\"@id\":\"https:\/\/www.gaveanews.com\/index.php\/2024\/07\/03\/desfalque-para-artur-jorge-meia-do-botafogo-e-convocado\/#breadcrumb\",\"itemListElement\":[{\"@type\":\"ListItem\",\"position\":1,\"name\":\"Home\",\"item\":\"https:\/\/www.gaveanews.com\/\"},{\"@type\":\"ListItem\",\"position\":2,\"name\":\"Desfalque para Artur Jorge: meia do Botafogo \u00e9 convocado\"}]},{\"@type\":\"WebSite\",\"@id\":\"https:\/\/www.gaveanews.com\/#website\",\"url\":\"https:\/\/www.gaveanews.com\/\",\"name\":\"G\u00e1vea News\",\"description\":\"Veja todas as not\u00edcias sobre o Flamengo: Contrata\u00e7\u00f5es, categorias de base, resultados das partidas, tabela de classifica\u00e7\u00e3o, pr\u00f3ximos jogos!\",\"potentialAction\":[{\"@type\":\"SearchAction\",\"target\":{\"@type\":\"EntryPoint\",\"urlTemplate\":\"https:\/\/www.gaveanews.com\/?s={search_term_string}\"},\"query-input\":{\"@type\":\"PropertyValueSpecification\",\"valueRequired\":true,\"valueName\":\"search_term_string\"}}],\"inLanguage\":\"pt-BR\"},{\"@type\":\"Person\",\"@id\":\"https:\/\/www.gaveanews.com\/#\/schema\/person\/32fddefab25b466689f181be346cd98c\",\"name\":\"Bruno Zanchetta\",\"image\":{\"@type\":\"ImageObject\",\"inLanguage\":\"pt-BR\",\"@id\":\"https:\/\/www.gaveanews.com\/#\/schema\/person\/image\/\",\"url\":\"https:\/\/secure.gravatar.com\/avatar\/3ba2d39f8a912ad65276975a996d6ad8d9e3dd13448684be8dc4d7c17099d2ee?s=96&d=mm&r=g\",\"contentUrl\":\"https:\/\/secure.gravatar.com\/avatar\/3ba2d39f8a912ad65276975a996d6ad8d9e3dd13448684be8dc4d7c17099d2ee?s=96&d=mm&r=g\",\"caption\":\"Bruno Zanchetta\"}}]}<\/script>\n<!-- \/ Yoast SEO Premium plugin. -->","yoast_head_json":{"title":"Desfalque para Artur Jorge: meia do Botafogo \u00e9 convocado","robots":{"index":"index","follow":"follow","max-snippet":"max-snippet:-1","max-image-preview":"max-image-preview:large","max-video-preview":"max-video-preview:-1"},"canonical":"https:\/\/www.gaveanews.com\/index.php\/2024\/07\/03\/desfalque-para-artur-jorge-meia-do-botafogo-e-convocado\/","og_locale":"pt_BR","og_type":"article","og_title":"Desfalque para Artur Jorge: meia do Botafogo \u00e9 convocado","og_description":"Uma das maiores contrata\u00e7\u00f5es do Botafogo para a temporada feita por John Textor vai precisar segurar um pouco a ansiedade de estrear por uma das equipes mais tradicionais do futebol brasileiro. Isso porque a sele\u00e7\u00e3o do pa\u00eds dele o chamou para as Olimp\u00edadas. Thiago Almada, o t\u00e3o falado essa semana, jovem jogador que ganhou destaque [&hellip;]","og_url":"https:\/\/www.gaveanews.com\/index.php\/2024\/07\/03\/desfalque-para-artur-jorge-meia-do-botafogo-e-convocado\/","og_site_name":"G\u00e1vea News","article_publisher":"https:\/\/facebook.com\/gaveaNews\/","article_published_time":"2024-07-03T17:26:43+00:00","article_modified_time":"2024-07-03T17:26:45+00:00","og_image":[{"width":795,"height":448,"url":"https:\/\/www.gaveanews.com\/wp-content\/uploads\/artur-jorge-coletiva.webp","type":"image\/webp"}],"author":"Bruno Zanchetta","twitter_card":"summary_large_image","twitter_misc":{"Escrito por":"Bruno Zanchetta","Est. tempo de leitura":"3 minutos"},"schema":{"@context":"https:\/\/schema.org","@graph":[{"@type":"NewsArticle","@id":"https:\/\/www.gaveanews.com\/index.php\/2024\/07\/03\/desfalque-para-artur-jorge-meia-do-botafogo-e-convocado\/#article","isPartOf":{"@id":"https:\/\/www.gaveanews.com\/index.php\/2024\/07\/03\/desfalque-para-artur-jorge-meia-do-botafogo-e-convocado\/"},"author":{"name":"Bruno Zanchetta","@id":"https:\/\/www.gaveanews.com\/#\/schema\/person\/32fddefab25b466689f181be346cd98c"},"headline":"Desfalque para Artur Jorge: meia do Botafogo \u00e9 convocado","datePublished":"2024-07-03T17:26:43+00:00","dateModified":"2024-07-03T17:26:45+00:00","mainEntityOfPage":{"@id":"https:\/\/www.gaveanews.com\/index.php\/2024\/07\/03\/desfalque-para-artur-jorge-meia-do-botafogo-e-convocado\/"},"wordCount":456,"commentCount":0,"image":{"@id":"https:\/\/www.gaveanews.com\/index.php\/2024\/07\/03\/desfalque-para-artur-jorge-meia-do-botafogo-e-convocado\/#primaryimage"},"thumbnailUrl":"https:\/\/www.gaveanews.com\/wp-content\/uploads\/artur-jorge-coletiva.webp","keywords":["Thiago Almada"],"articleSection":["Botafogo"],"inLanguage":"pt-BR","potentialAction":[{"@type":"CommentAction","name":"Comment","target":["https:\/\/www.gaveanews.com\/index.php\/2024\/07\/03\/desfalque-para-artur-jorge-meia-do-botafogo-e-convocado\/#respond"]}],"copyrightYear":"2024","copyrightHolder":{"@id":"https:\/\/www.gaveanews.com\/#organization"}},{"@type":"WebPage","@id":"https:\/\/www.gaveanews.com\/index.php\/2024\/07\/03\/desfalque-para-artur-jorge-meia-do-botafogo-e-convocado\/","url":"https:\/\/www.gaveanews.com\/index.php\/2024\/07\/03\/desfalque-para-artur-jorge-meia-do-botafogo-e-convocado\/","name":"Desfalque para Artur Jorge: meia do Botafogo \u00e9 convocado","isPartOf":{"@id":"https:\/\/www.gaveanews.com\/#website"},"primaryImageOfPage":{"@id":"https:\/\/www.gaveanews.com\/index.php\/2024\/07\/03\/desfalque-para-artur-jorge-meia-do-botafogo-e-convocado\/#primaryimage"},"image":{"@id":"https:\/\/www.gaveanews.com\/index.php\/2024\/07\/03\/desfalque-para-artur-jorge-meia-do-botafogo-e-convocado\/#primaryimage"},"thumbnailUrl":"https:\/\/www.gaveanews.com\/wp-content\/uploads\/artur-jorge-coletiva.webp","datePublished":"2024-07-03T17:26:43+00:00","dateModified":"2024-07-03T17:26:45+00:00","author":{"@id":"https:\/\/www.gaveanews.com\/#\/schema\/person\/32fddefab25b466689f181be346cd98c"},"breadcrumb":{"@id":"https:\/\/www.gaveanews.com\/index.php\/2024\/07\/03\/desfalque-para-artur-jorge-meia-do-botafogo-e-convocado\/#breadcrumb"},"inLanguage":"pt-BR","potentialAction":[{"@type":"ReadAction","target":["https:\/\/www.gaveanews.com\/index.php\/2024\/07\/03\/desfalque-para-artur-jorge-meia-do-botafogo-e-convocado\/"]}]},{"@type":"ImageObject","inLanguage":"pt-BR","@id":"https:\/\/www.gaveanews.com\/index.php\/2024\/07\/03\/desfalque-para-artur-jorge-meia-do-botafogo-e-convocado\/#primaryimage","url":"https:\/\/www.gaveanews.com\/wp-content\/uploads\/artur-jorge-coletiva.webp","contentUrl":"https:\/\/www.gaveanews.com\/wp-content\/uploads\/artur-jorge-coletiva.webp","width":795,"height":448,"caption":"Foto: Reprodu\u00e7\u00e3o"},{"@type":"BreadcrumbList","@id":"https:\/\/www.gaveanews.com\/index.php\/2024\/07\/03\/desfalque-para-artur-jorge-meia-do-botafogo-e-convocado\/#breadcrumb","itemListElement":[{"@type":"ListItem","position":1,"name":"Home","item":"https:\/\/www.gaveanews.com\/"},{"@type":"ListItem","position":2,"name":"Desfalque para Artur Jorge: meia do Botafogo \u00e9 convocado"}]},{"@type":"WebSite","@id":"https:\/\/www.gaveanews.com\/#website","url":"https:\/\/www.gaveanews.com\/","name":"G\u00e1vea News","description":"Veja todas as not\u00edcias sobre o Flamengo: Contrata\u00e7\u00f5es, categorias de base, resultados das partidas, tabela de classifica\u00e7\u00e3o, pr\u00f3ximos jogos!","potentialAction":[{"@type":"SearchAction","target":{"@type":"EntryPoint","urlTemplate":"https:\/\/www.gaveanews.com\/?s={search_term_string}"},"query-input":{"@type":"PropertyValueSpecification","valueRequired":true,"valueName":"search_term_string"}}],"inLanguage":"pt-BR"},{"@type":"Person","@id":"https:\/\/www.gaveanews.com\/#\/schema\/person\/32fddefab25b466689f181be346cd98c","name":"Bruno Zanchetta","image":{"@type":"ImageObject","inLanguage":"pt-BR","@id":"https:\/\/www.gaveanews.com\/#\/schema\/person\/image\/","url":"https:\/\/secure.gravatar.com\/avatar\/3ba2d39f8a912ad65276975a996d6ad8d9e3dd13448684be8dc4d7c17099d2ee?s=96&d=mm&r=g","contentUrl":"https:\/\/secure.gravatar.com\/avatar\/3ba2d39f8a912ad65276975a996d6ad8d9e3dd13448684be8dc4d7c17099d2ee?s=96&d=mm&r=g","caption":"Bruno Zanchetta"}}]}},"_links":{"self":[{"href":"https:\/\/www.gaveanews.com\/index.php\/wp-json\/wp\/v2\/posts\/150472","targetHints":{"allow":["GET"]}}],"collection":[{"href":"https:\/\/www.gaveanews.com\/index.php\/wp-json\/wp\/v2\/posts"}],"about":[{"href":"https:\/\/www.gaveanews.com\/index.php\/wp-json\/wp\/v2\/types\/post"}],"author":[{"embeddable":true,"href":"https:\/\/www.gaveanews.com\/index.php\/wp-json\/wp\/v2\/users\/19"}],"replies":[{"embeddable":true,"href":"https:\/\/www.gaveanews.com\/index.php\/wp-json\/wp\/v2\/comments?post=150472"}],"version-history":[{"count":1,"href":"https:\/\/www.gaveanews.com\/index.php\/wp-json\/wp\/v2\/posts\/150472\/revisions"}],"predecessor-version":[{"id":150476,"href":"https:\/\/www.gaveanews.com\/index.php\/wp-json\/wp\/v2\/posts\/150472\/revisions\/150476"}],"wp:featuredmedia":[{"embeddable":true,"href":"https:\/\/www.gaveanews.com\/index.php\/wp-json\/wp\/v2\/media\/149047"}],"wp:attachment":[{"href":"https:\/\/www.gaveanews.com\/index.php\/wp-json\/wp\/v2\/media?parent=150472"}],"wp:term":[{"taxonomy":"category","embeddable":true,"href":"https:\/\/www.gaveanews.com\/index.php\/wp-json\/wp\/v2\/categories?post=150472"},{"taxonomy":"post_tag","embeddable":true,"href":"https:\/\/www.gaveanews.com\/index.php\/wp-json\/wp\/v2\/tags?post=150472"}],"curies":[{"name":"wp","href":"https:\/\/api.w.org\/{rel}","templated":true}]}}