{"id":151672,"date":"2024-07-10T10:10:45","date_gmt":"2024-07-10T13:10:45","guid":{"rendered":"https:\/\/www.gaveanews.com\/?p=151672"},"modified":"2024-07-10T10:10:47","modified_gmt":"2024-07-10T13:10:47","slug":"a-declaracao-de-almada-do-botafogo-sobre-sua-ida-para-o-lyon","status":"publish","type":"post","link":"https:\/\/www.gaveanews.com\/index.php\/2024\/07\/10\/a-declaracao-de-almada-do-botafogo-sobre-sua-ida-para-o-lyon\/","title":{"rendered":"A declara\u00e7\u00e3o de Almada, do Botafogo, sobre sua ida para o Lyon"},"content":{"rendered":"\n<p>Thiago Almada se apresentou oficialmente como jogador do Botafogo, vestiu a camisa e deu uma entrevista coletiva de apresenta\u00e7\u00e3o aos jornalistas que estiveram presentes.<\/p>\n\n\n\n<p>Vindo da Major League Soccer dos Estados Unidos, o jovem jogador \u00e9 pintado como craque e como um dos principais nomes a vestirem a camisa da sele\u00e7\u00e3o argentina ap\u00f3s a aposentadoria de Messi e Di Mar\u00eda da sele\u00e7\u00e3o, por exemplo. Ali\u00e1s, Almada sequer vai estrear no Botafogo antes do t\u00e9rmino das olimp\u00edadas, j\u00e1 que vai representar a sele\u00e7\u00e3o argentina em Paris esse ano.<\/p>\n\n\n\n<ul class=\"wp-block-list\">\n<li><a href=\"https:\/\/www.gaveanews.com\/index.php\/2024\/07\/09\/desfalque-em-8-jogos-artur-jorge-tera-que-lidar-com-baixa-no-botafogo\/\">Desfalque em 8 jogos! Artur Jorge ter\u00e1 que lidar com baixa no Botafogo<\/a><\/li>\n\n\n\n<li><a href=\"https:\/\/www.gaveanews.com\/index.php\/2024\/07\/09\/meia-atacante-do-botafogo-assina-contrato-para-jogar-a-serie-b\/\">Meia-atacante do Botafogo assina contrato para jogar a s\u00e9rie B<\/a><\/li>\n<\/ul>\n\n\n\n<p>John Textor, em recente entrevista, disse que Almada n\u00e3o ficar\u00e1 no Botafogo e deve sair do clube alvinegro carioca em janeiro para se juntar aos companheiros do Lyon, da Fran\u00e7a, outra equipe gerenciada pela SAF ao qual John Textor pertence.<\/p>\n\n\n\n<p>Na coletiva de imprensa, Thiago Almada evitou falar sobre esse assunto e &#8216;despistou&#8217; os jornalistas, como bem pontuou o GE, falou sobre seu foco no Botafogo e o sonho de conquistar uma Libertadores.<\/p>\n\n\n\n<p><em>&#8211; Primeiro queria chegar aqui, assinar, conhecer meus companheiros e vou viajar amanh\u00e3 para Paris (disputa das Olimp\u00edadas). Estou muito contente por representar a camisa da Argentina. Quando me chamaram gostei do projeto de jogar a Libertadores, de estar no Brasil. Primeiro vou pensar na jornada ol\u00edmpica para depois me dedicar ao Botafogo<\/em> &#8211; disse o futuro camisa 23.<\/p>\n\n\n\n<p>&#8211;<em> N\u00e3o penso nisso n\u00e3o (ser a contrata\u00e7\u00e3o mais cara da hist\u00f3ria do futebol brasileiro). Quero mostrar porque eles me compraram, quero mostrar tudo dentro de campo. Meu objetivo \u00e9 dar o melhor ao clube e ficar na hist\u00f3ria do clube. A Libertadores \u00e9 meu sonho<\/em> &#8211; completou o jogador.<\/p>\n\n\n\n<p>O argentino afirmou que n\u00e3o pensa na poss\u00edvel ida ao Lyon e est\u00e1 com a cabe\u00e7a no Alvinegro. O meia assinou um contrato de cinco anos com o clube.<\/p>\n\n\n\n<p>&#8211; <em>Assinei por cinco anos com o Botafogo. Tenho 100% de foco no Botafogo. Depois podemos falar do meu futuro. Primeiro, quero ficar 100% no Botafogo, ganhar algum t\u00edtulo e depois tratamos do meu futuro<\/em> &#8211; declarou.<\/p>\n\n\n\n<h2 class=\"wp-block-heading\" id=\"h-qual-o-proximo-jogo-do-botafogo-na-libertadores\">Qual o pr\u00f3ximo jogo do Botafogo na Libertadores?<\/h2>\n\n\n\n<p>Como disse o pr\u00f3prio Almada, com foco 100% no Botafogo e sonho de vencer a Libertadores, o alvinegro vai ter uma dura miss\u00e3o pela frente.<\/p>\n\n\n\n<p>O glorioso vai enfrentar o Palmeiras com o jogo de volta no Allianz Parque. O Palmeiras \u00e9 dono da 4\u00aa melhor campanha da primeira fase, terminou com 14 pontos, 4 vit\u00f3rias e 2 empates em 6 jogos disputados. O Botafogo, que vem jogando desde as preliminares, suou mais a camisa para passar em segundo no grupo ao qual Junior Barranquilla foi o primeiro.<\/p>\n\n\n\n<p>As partidas s\u00f3 ter\u00e3o in\u00edcio em agosto, ent\u00e3o, d\u00e1 para o Glorioso, e Thiago Almada, se prepararem para enfrentar o temido tri campe\u00e3o da maior competi\u00e7\u00e3o de clubes da Am\u00e9rica.<\/p>\n","protected":false},"excerpt":{"rendered":"<p>Thiago Almada se apresentou oficialmente como jogador do Botafogo, vestiu a camisa e deu uma entrevista coletiva de apresenta\u00e7\u00e3o aos jornalistas que estiveram presentes. Vindo da Major League Soccer dos Estados Unidos, o jovem jogador \u00e9 pintado como craque e como um dos principais nomes a vestirem a camisa da sele\u00e7\u00e3o argentina ap\u00f3s a aposentadoria [&hellip;]<\/p>\n","protected":false},"author":19,"featured_media":121111,"comment_status":"open","ping_status":"closed","sticky":false,"template":"","format":"standard","meta":{"footnotes":""},"categories":[138],"tags":[],"class_list":["post-151672","post","type-post","status-publish","format-standard","has-post-thumbnail","hentry","category-botafogo"],"yoast_head":"<!-- This site is optimized with the Yoast SEO Premium plugin v24.2 (Yoast SEO v26.9) - https:\/\/yoast.com\/product\/yoast-seo-premium-wordpress\/ -->\n<title>A declara\u00e7\u00e3o de Almada, do Botafogo, sobre sua ida para o Lyon<\/title>\n<meta name=\"robots\" content=\"index, follow, max-snippet:-1, max-image-preview:large, max-video-preview:-1\" \/>\n<link rel=\"canonical\" href=\"https:\/\/www.gaveanews.com\/index.php\/2024\/07\/10\/a-declaracao-de-almada-do-botafogo-sobre-sua-ida-para-o-lyon\/\" \/>\n<meta property=\"og:locale\" content=\"pt_BR\" \/>\n<meta property=\"og:type\" content=\"article\" \/>\n<meta property=\"og:title\" content=\"A declara\u00e7\u00e3o de Almada, do Botafogo, sobre sua ida para o Lyon\" \/>\n<meta property=\"og:description\" content=\"Thiago Almada se apresentou oficialmente como jogador do Botafogo, vestiu a camisa e deu uma entrevista coletiva de apresenta\u00e7\u00e3o aos jornalistas que estiveram presentes. Vindo da Major League Soccer dos Estados Unidos, o jovem jogador \u00e9 pintado como craque e como um dos principais nomes a vestirem a camisa da sele\u00e7\u00e3o argentina ap\u00f3s a aposentadoria [&hellip;]\" \/>\n<meta property=\"og:url\" content=\"https:\/\/www.gaveanews.com\/index.php\/2024\/07\/10\/a-declaracao-de-almada-do-botafogo-sobre-sua-ida-para-o-lyon\/\" \/>\n<meta property=\"og:site_name\" content=\"G\u00e1vea News\" \/>\n<meta property=\"article:publisher\" content=\"https:\/\/facebook.com\/gaveaNews\/\" \/>\n<meta property=\"article:published_time\" content=\"2024-07-10T13:10:45+00:00\" \/>\n<meta property=\"article:modified_time\" content=\"2024-07-10T13:10:47+00:00\" \/>\n<meta property=\"og:image\" content=\"https:\/\/www.gaveanews.com\/wp-content\/uploads\/thiago_almada23_1705081450024-edited.webp\" \/>\n\t<meta property=\"og:image:width\" content=\"720\" \/>\n\t<meta property=\"og:image:height\" content=\"480\" \/>\n\t<meta property=\"og:image:type\" content=\"image\/jpeg\" \/>\n<meta name=\"author\" content=\"Bruno Zanchetta\" \/>\n<meta name=\"twitter:card\" content=\"summary_large_image\" \/>\n<meta name=\"twitter:label1\" content=\"Escrito por\" \/>\n\t<meta name=\"twitter:data1\" content=\"Bruno Zanchetta\" \/>\n\t<meta name=\"twitter:label2\" content=\"Est. tempo de leitura\" \/>\n\t<meta name=\"twitter:data2\" content=\"3 minutos\" \/>\n<script type=\"application\/ld+json\" class=\"yoast-schema-graph\">{\"@context\":\"https:\/\/schema.org\",\"@graph\":[{\"@type\":\"NewsArticle\",\"@id\":\"https:\/\/www.gaveanews.com\/index.php\/2024\/07\/10\/a-declaracao-de-almada-do-botafogo-sobre-sua-ida-para-o-lyon\/#article\",\"isPartOf\":{\"@id\":\"https:\/\/www.gaveanews.com\/index.php\/2024\/07\/10\/a-declaracao-de-almada-do-botafogo-sobre-sua-ida-para-o-lyon\/\"},\"author\":{\"name\":\"Bruno Zanchetta\",\"@id\":\"https:\/\/www.gaveanews.com\/#\/schema\/person\/32fddefab25b466689f181be346cd98c\"},\"headline\":\"A declara\u00e7\u00e3o de Almada, do Botafogo, sobre sua ida para o Lyon\",\"datePublished\":\"2024-07-10T13:10:45+00:00\",\"dateModified\":\"2024-07-10T13:10:47+00:00\",\"mainEntityOfPage\":{\"@id\":\"https:\/\/www.gaveanews.com\/index.php\/2024\/07\/10\/a-declaracao-de-almada-do-botafogo-sobre-sua-ida-para-o-lyon\/\"},\"wordCount\":516,\"commentCount\":0,\"image\":{\"@id\":\"https:\/\/www.gaveanews.com\/index.php\/2024\/07\/10\/a-declaracao-de-almada-do-botafogo-sobre-sua-ida-para-o-lyon\/#primaryimage\"},\"thumbnailUrl\":\"https:\/\/www.gaveanews.com\/wp-content\/uploads\/thiago_almada23_1705081450024-edited.webp\",\"articleSection\":[\"Botafogo\"],\"inLanguage\":\"pt-BR\",\"potentialAction\":[{\"@type\":\"CommentAction\",\"name\":\"Comment\",\"target\":[\"https:\/\/www.gaveanews.com\/index.php\/2024\/07\/10\/a-declaracao-de-almada-do-botafogo-sobre-sua-ida-para-o-lyon\/#respond\"]}],\"copyrightYear\":\"2024\",\"copyrightHolder\":{\"@id\":\"https:\/\/www.gaveanews.com\/#organization\"}},{\"@type\":\"WebPage\",\"@id\":\"https:\/\/www.gaveanews.com\/index.php\/2024\/07\/10\/a-declaracao-de-almada-do-botafogo-sobre-sua-ida-para-o-lyon\/\",\"url\":\"https:\/\/www.gaveanews.com\/index.php\/2024\/07\/10\/a-declaracao-de-almada-do-botafogo-sobre-sua-ida-para-o-lyon\/\",\"name\":\"A declara\u00e7\u00e3o de Almada, do Botafogo, sobre sua ida para o Lyon\",\"isPartOf\":{\"@id\":\"https:\/\/www.gaveanews.com\/#website\"},\"primaryImageOfPage\":{\"@id\":\"https:\/\/www.gaveanews.com\/index.php\/2024\/07\/10\/a-declaracao-de-almada-do-botafogo-sobre-sua-ida-para-o-lyon\/#primaryimage\"},\"image\":{\"@id\":\"https:\/\/www.gaveanews.com\/index.php\/2024\/07\/10\/a-declaracao-de-almada-do-botafogo-sobre-sua-ida-para-o-lyon\/#primaryimage\"},\"thumbnailUrl\":\"https:\/\/www.gaveanews.com\/wp-content\/uploads\/thiago_almada23_1705081450024-edited.webp\",\"datePublished\":\"2024-07-10T13:10:45+00:00\",\"dateModified\":\"2024-07-10T13:10:47+00:00\",\"author\":{\"@id\":\"https:\/\/www.gaveanews.com\/#\/schema\/person\/32fddefab25b466689f181be346cd98c\"},\"breadcrumb\":{\"@id\":\"https:\/\/www.gaveanews.com\/index.php\/2024\/07\/10\/a-declaracao-de-almada-do-botafogo-sobre-sua-ida-para-o-lyon\/#breadcrumb\"},\"inLanguage\":\"pt-BR\",\"potentialAction\":[{\"@type\":\"ReadAction\",\"target\":[\"https:\/\/www.gaveanews.com\/index.php\/2024\/07\/10\/a-declaracao-de-almada-do-botafogo-sobre-sua-ida-para-o-lyon\/\"]}]},{\"@type\":\"ImageObject\",\"inLanguage\":\"pt-BR\",\"@id\":\"https:\/\/www.gaveanews.com\/index.php\/2024\/07\/10\/a-declaracao-de-almada-do-botafogo-sobre-sua-ida-para-o-lyon\/#primaryimage\",\"url\":\"https:\/\/www.gaveanews.com\/wp-content\/uploads\/thiago_almada23_1705081450024-edited.webp\",\"contentUrl\":\"https:\/\/www.gaveanews.com\/wp-content\/uploads\/thiago_almada23_1705081450024-edited.webp\",\"width\":720,\"height\":480,\"caption\":\"Thiago Almada pela sele\u00e7\u00e3o da Argentina (Foto: Reprodu\u00e7\u00e3o\/Instagram)\"},{\"@type\":\"BreadcrumbList\",\"@id\":\"https:\/\/www.gaveanews.com\/index.php\/2024\/07\/10\/a-declaracao-de-almada-do-botafogo-sobre-sua-ida-para-o-lyon\/#breadcrumb\",\"itemListElement\":[{\"@type\":\"ListItem\",\"position\":1,\"name\":\"Home\",\"item\":\"https:\/\/www.gaveanews.com\/\"},{\"@type\":\"ListItem\",\"position\":2,\"name\":\"A declara\u00e7\u00e3o de Almada, do Botafogo, sobre sua ida para o Lyon\"}]},{\"@type\":\"WebSite\",\"@id\":\"https:\/\/www.gaveanews.com\/#website\",\"url\":\"https:\/\/www.gaveanews.com\/\",\"name\":\"G\u00e1vea News\",\"description\":\"Veja todas as not\u00edcias sobre o Flamengo: Contrata\u00e7\u00f5es, categorias de base, resultados das partidas, tabela de classifica\u00e7\u00e3o, pr\u00f3ximos jogos!\",\"potentialAction\":[{\"@type\":\"SearchAction\",\"target\":{\"@type\":\"EntryPoint\",\"urlTemplate\":\"https:\/\/www.gaveanews.com\/?s={search_term_string}\"},\"query-input\":{\"@type\":\"PropertyValueSpecification\",\"valueRequired\":true,\"valueName\":\"search_term_string\"}}],\"inLanguage\":\"pt-BR\"},{\"@type\":\"Person\",\"@id\":\"https:\/\/www.gaveanews.com\/#\/schema\/person\/32fddefab25b466689f181be346cd98c\",\"name\":\"Bruno Zanchetta\",\"image\":{\"@type\":\"ImageObject\",\"inLanguage\":\"pt-BR\",\"@id\":\"https:\/\/www.gaveanews.com\/#\/schema\/person\/image\/\",\"url\":\"https:\/\/secure.gravatar.com\/avatar\/3ba2d39f8a912ad65276975a996d6ad8d9e3dd13448684be8dc4d7c17099d2ee?s=96&d=mm&r=g\",\"contentUrl\":\"https:\/\/secure.gravatar.com\/avatar\/3ba2d39f8a912ad65276975a996d6ad8d9e3dd13448684be8dc4d7c17099d2ee?s=96&d=mm&r=g\",\"caption\":\"Bruno Zanchetta\"}}]}<\/script>\n<!-- \/ Yoast SEO Premium plugin. -->","yoast_head_json":{"title":"A declara\u00e7\u00e3o de Almada, do Botafogo, sobre sua ida para o Lyon","robots":{"index":"index","follow":"follow","max-snippet":"max-snippet:-1","max-image-preview":"max-image-preview:large","max-video-preview":"max-video-preview:-1"},"canonical":"https:\/\/www.gaveanews.com\/index.php\/2024\/07\/10\/a-declaracao-de-almada-do-botafogo-sobre-sua-ida-para-o-lyon\/","og_locale":"pt_BR","og_type":"article","og_title":"A declara\u00e7\u00e3o de Almada, do Botafogo, sobre sua ida para o Lyon","og_description":"Thiago Almada se apresentou oficialmente como jogador do Botafogo, vestiu a camisa e deu uma entrevista coletiva de apresenta\u00e7\u00e3o aos jornalistas que estiveram presentes. Vindo da Major League Soccer dos Estados Unidos, o jovem jogador \u00e9 pintado como craque e como um dos principais nomes a vestirem a camisa da sele\u00e7\u00e3o argentina ap\u00f3s a aposentadoria [&hellip;]","og_url":"https:\/\/www.gaveanews.com\/index.php\/2024\/07\/10\/a-declaracao-de-almada-do-botafogo-sobre-sua-ida-para-o-lyon\/","og_site_name":"G\u00e1vea News","article_publisher":"https:\/\/facebook.com\/gaveaNews\/","article_published_time":"2024-07-10T13:10:45+00:00","article_modified_time":"2024-07-10T13:10:47+00:00","og_image":[{"width":720,"height":480,"url":"https:\/\/www.gaveanews.com\/wp-content\/uploads\/thiago_almada23_1705081450024-edited.webp","type":"image\/jpeg"}],"author":"Bruno Zanchetta","twitter_card":"summary_large_image","twitter_misc":{"Escrito por":"Bruno Zanchetta","Est. tempo de leitura":"3 minutos"},"schema":{"@context":"https:\/\/schema.org","@graph":[{"@type":"NewsArticle","@id":"https:\/\/www.gaveanews.com\/index.php\/2024\/07\/10\/a-declaracao-de-almada-do-botafogo-sobre-sua-ida-para-o-lyon\/#article","isPartOf":{"@id":"https:\/\/www.gaveanews.com\/index.php\/2024\/07\/10\/a-declaracao-de-almada-do-botafogo-sobre-sua-ida-para-o-lyon\/"},"author":{"name":"Bruno Zanchetta","@id":"https:\/\/www.gaveanews.com\/#\/schema\/person\/32fddefab25b466689f181be346cd98c"},"headline":"A declara\u00e7\u00e3o de Almada, do Botafogo, sobre sua ida para o Lyon","datePublished":"2024-07-10T13:10:45+00:00","dateModified":"2024-07-10T13:10:47+00:00","mainEntityOfPage":{"@id":"https:\/\/www.gaveanews.com\/index.php\/2024\/07\/10\/a-declaracao-de-almada-do-botafogo-sobre-sua-ida-para-o-lyon\/"},"wordCount":516,"commentCount":0,"image":{"@id":"https:\/\/www.gaveanews.com\/index.php\/2024\/07\/10\/a-declaracao-de-almada-do-botafogo-sobre-sua-ida-para-o-lyon\/#primaryimage"},"thumbnailUrl":"https:\/\/www.gaveanews.com\/wp-content\/uploads\/thiago_almada23_1705081450024-edited.webp","articleSection":["Botafogo"],"inLanguage":"pt-BR","potentialAction":[{"@type":"CommentAction","name":"Comment","target":["https:\/\/www.gaveanews.com\/index.php\/2024\/07\/10\/a-declaracao-de-almada-do-botafogo-sobre-sua-ida-para-o-lyon\/#respond"]}],"copyrightYear":"2024","copyrightHolder":{"@id":"https:\/\/www.gaveanews.com\/#organization"}},{"@type":"WebPage","@id":"https:\/\/www.gaveanews.com\/index.php\/2024\/07\/10\/a-declaracao-de-almada-do-botafogo-sobre-sua-ida-para-o-lyon\/","url":"https:\/\/www.gaveanews.com\/index.php\/2024\/07\/10\/a-declaracao-de-almada-do-botafogo-sobre-sua-ida-para-o-lyon\/","name":"A declara\u00e7\u00e3o de Almada, do Botafogo, sobre sua ida para o Lyon","isPartOf":{"@id":"https:\/\/www.gaveanews.com\/#website"},"primaryImageOfPage":{"@id":"https:\/\/www.gaveanews.com\/index.php\/2024\/07\/10\/a-declaracao-de-almada-do-botafogo-sobre-sua-ida-para-o-lyon\/#primaryimage"},"image":{"@id":"https:\/\/www.gaveanews.com\/index.php\/2024\/07\/10\/a-declaracao-de-almada-do-botafogo-sobre-sua-ida-para-o-lyon\/#primaryimage"},"thumbnailUrl":"https:\/\/www.gaveanews.com\/wp-content\/uploads\/thiago_almada23_1705081450024-edited.webp","datePublished":"2024-07-10T13:10:45+00:00","dateModified":"2024-07-10T13:10:47+00:00","author":{"@id":"https:\/\/www.gaveanews.com\/#\/schema\/person\/32fddefab25b466689f181be346cd98c"},"breadcrumb":{"@id":"https:\/\/www.gaveanews.com\/index.php\/2024\/07\/10\/a-declaracao-de-almada-do-botafogo-sobre-sua-ida-para-o-lyon\/#breadcrumb"},"inLanguage":"pt-BR","potentialAction":[{"@type":"ReadAction","target":["https:\/\/www.gaveanews.com\/index.php\/2024\/07\/10\/a-declaracao-de-almada-do-botafogo-sobre-sua-ida-para-o-lyon\/"]}]},{"@type":"ImageObject","inLanguage":"pt-BR","@id":"https:\/\/www.gaveanews.com\/index.php\/2024\/07\/10\/a-declaracao-de-almada-do-botafogo-sobre-sua-ida-para-o-lyon\/#primaryimage","url":"https:\/\/www.gaveanews.com\/wp-content\/uploads\/thiago_almada23_1705081450024-edited.webp","contentUrl":"https:\/\/www.gaveanews.com\/wp-content\/uploads\/thiago_almada23_1705081450024-edited.webp","width":720,"height":480,"caption":"Thiago Almada pela sele\u00e7\u00e3o da Argentina (Foto: Reprodu\u00e7\u00e3o\/Instagram)"},{"@type":"BreadcrumbList","@id":"https:\/\/www.gaveanews.com\/index.php\/2024\/07\/10\/a-declaracao-de-almada-do-botafogo-sobre-sua-ida-para-o-lyon\/#breadcrumb","itemListElement":[{"@type":"ListItem","position":1,"name":"Home","item":"https:\/\/www.gaveanews.com\/"},{"@type":"ListItem","position":2,"name":"A declara\u00e7\u00e3o de Almada, do Botafogo, sobre sua ida para o Lyon"}]},{"@type":"WebSite","@id":"https:\/\/www.gaveanews.com\/#website","url":"https:\/\/www.gaveanews.com\/","name":"G\u00e1vea News","description":"Veja todas as not\u00edcias sobre o Flamengo: Contrata\u00e7\u00f5es, categorias de base, resultados das partidas, tabela de classifica\u00e7\u00e3o, pr\u00f3ximos jogos!","potentialAction":[{"@type":"SearchAction","target":{"@type":"EntryPoint","urlTemplate":"https:\/\/www.gaveanews.com\/?s={search_term_string}"},"query-input":{"@type":"PropertyValueSpecification","valueRequired":true,"valueName":"search_term_string"}}],"inLanguage":"pt-BR"},{"@type":"Person","@id":"https:\/\/www.gaveanews.com\/#\/schema\/person\/32fddefab25b466689f181be346cd98c","name":"Bruno Zanchetta","image":{"@type":"ImageObject","inLanguage":"pt-BR","@id":"https:\/\/www.gaveanews.com\/#\/schema\/person\/image\/","url":"https:\/\/secure.gravatar.com\/avatar\/3ba2d39f8a912ad65276975a996d6ad8d9e3dd13448684be8dc4d7c17099d2ee?s=96&d=mm&r=g","contentUrl":"https:\/\/secure.gravatar.com\/avatar\/3ba2d39f8a912ad65276975a996d6ad8d9e3dd13448684be8dc4d7c17099d2ee?s=96&d=mm&r=g","caption":"Bruno Zanchetta"}}]}},"_links":{"self":[{"href":"https:\/\/www.gaveanews.com\/index.php\/wp-json\/wp\/v2\/posts\/151672","targetHints":{"allow":["GET"]}}],"collection":[{"href":"https:\/\/www.gaveanews.com\/index.php\/wp-json\/wp\/v2\/posts"}],"about":[{"href":"https:\/\/www.gaveanews.com\/index.php\/wp-json\/wp\/v2\/types\/post"}],"author":[{"embeddable":true,"href":"https:\/\/www.gaveanews.com\/index.php\/wp-json\/wp\/v2\/users\/19"}],"replies":[{"embeddable":true,"href":"https:\/\/www.gaveanews.com\/index.php\/wp-json\/wp\/v2\/comments?post=151672"}],"version-history":[{"count":1,"href":"https:\/\/www.gaveanews.com\/index.php\/wp-json\/wp\/v2\/posts\/151672\/revisions"}],"predecessor-version":[{"id":151675,"href":"https:\/\/www.gaveanews.com\/index.php\/wp-json\/wp\/v2\/posts\/151672\/revisions\/151675"}],"wp:featuredmedia":[{"embeddable":true,"href":"https:\/\/www.gaveanews.com\/index.php\/wp-json\/wp\/v2\/media\/121111"}],"wp:attachment":[{"href":"https:\/\/www.gaveanews.com\/index.php\/wp-json\/wp\/v2\/media?parent=151672"}],"wp:term":[{"taxonomy":"category","embeddable":true,"href":"https:\/\/www.gaveanews.com\/index.php\/wp-json\/wp\/v2\/categories?post=151672"},{"taxonomy":"post_tag","embeddable":true,"href":"https:\/\/www.gaveanews.com\/index.php\/wp-json\/wp\/v2\/tags?post=151672"}],"curies":[{"name":"wp","href":"https:\/\/api.w.org\/{rel}","templated":true}]}}