{"id":151728,"date":"2024-07-11T18:26:36","date_gmt":"2024-07-11T21:26:36","guid":{"rendered":"https:\/\/www.gaveanews.com\/?p=151728"},"modified":"2024-07-11T18:26:36","modified_gmt":"2024-07-11T21:26:36","slug":"atletico-mineiro-bate-recorde-negativo-no-brasileirao","status":"publish","type":"post","link":"https:\/\/www.gaveanews.com\/index.php\/2024\/07\/11\/atletico-mineiro-bate-recorde-negativo-no-brasileirao\/","title":{"rendered":"Atl\u00e9tico Mineiro bate recorde negativo no Brasileir\u00e3o"},"content":{"rendered":"\n<p>O Atl\u00e9tico Mineiro est\u00e1 fazendo uma campanha ruim no Brasileir\u00e3o at\u00e9 o momento. Mesmo que, ap\u00f3s a chegada de Milito e Scarpa o clube tenha come\u00e7ado a jogar bem, agora, parece que desanimou. O Atl\u00e9tico Mineiro perdeu as \u00faltimas duas partidas tomando um total de 7 gols e fazendo dois gols.<\/p>\n\n\n\n<p>O Atl\u00e9tico Mineiro atingiu, at\u00e9 agora no Brasileir\u00e3o, uma marca hist\u00f3rica bem negativa. Al\u00e9m de estar tomando muitos gols e n\u00e3o ter conseguido uma estabilidade na classifica\u00e7\u00e3o, o clube bateu o recorde de cart\u00f5es vermelhos tomados.<\/p>\n\n\n\n<ul class=\"wp-block-list\">\n<li><a href=\"https:\/\/www.gaveanews.com\/index.php\/2023\/08\/30\/atletico-mineiro-podera-ser-punido-pela-cbf-devido-ao-jogo-contra-o-flamengo-pelo-brasileirao\/\">Atl\u00e9tico Mineiro poder\u00e1 ser punido pela CBF devido ao jogo contra o Flamengo pelo Brasileir\u00e3o<\/a><\/li>\n\n\n\n<li><a href=\"https:\/\/www.gaveanews.com\/index.php\/2023\/08\/23\/investidor-do-atletico-mineiro-fala-pela-primeira-vez-sobre-saida-de-allan-para-o-flamengo\/\">Investidor do Atl\u00e9tico Mineiro fala pela primeira vez sobre sa\u00edda de Allan para o Flamengo<\/a><\/li>\n<\/ul>\n\n\n\n<p>Segundo o GE, nos \u00faltimos 10 anos, nenhuma outra equipe teve tantos jogadores expulsos, como o\u00a0Atl\u00e9tico-MG, em 2024, nas primeiras 15 rodadas do Brasileiro. O cart\u00e3o vermelho recebido por Igor Rabello, contra o Botafogo, no domingo, significou uma marca negativa para o Galo nesse recorte.<\/p>\n\n\n\n<p>Foi a s\u00e9tima expuls\u00e3o de um jogador do Galo na competi\u00e7\u00e3o, que teve 15 rodadas disputadas, mas o Alvinegro cumpriu apenas 14 (duelo com o Gr\u00eamio foi adiado). Com isso, o Atl\u00e9tico carrega uma m\u00e9dia de um cart\u00e3o vermelho a cada dois jogos no Brasileir\u00e3o.<\/p>\n\n\n\n<p>At\u00e9 ent\u00e3o, o recorde de atletas expulsos pertencia a Flamengo (2018), Vasco (2018), Fluminense (2019), Internacional (2021), Coritiba (2022) e Juventude (2022). Todos esses clubes somaram seis cart\u00f5es vermelhos nesse intervalo de partidas.<\/p>\n\n\n\n<p>Os cart\u00f5es vermelhos s\u00e3o referentes ao:<\/p>\n\n\n\n<ul class=\"wp-block-list\">\n<li>1\u00aa rodada &#8211; Corinthians 0 x 0 Atl\u00e9tico &#8211; Battaglia (expulso aos 48 do 1\u00ba tempo)<\/li>\n\n\n\n<li>4\u00aa rodada &#8211; Cuiab\u00e1 0 x 3 Atl\u00e9tico &#8211; Bruno Fuchs (expulso aos 40 do 2\u00ba tempo)<\/li>\n\n\n\n<li>8\u00aa rodada &#8211; Bragantino 1 x 2 Atl\u00e9tico &#8211; Battaglia (expulso aos 55 do 2\u00ba tempo)<\/li>\n\n\n\n<li>9\u00aa rodada &#8211; Atl\u00e9tico 0 x 4 Palmeiras &#8211; Hulk (expulso aos 30 do 1\u00ba tempo) e Paulinho (expulso ap\u00f3s o jogo)<\/li>\n\n\n\n<li>14\u00aa rodada &#8211; Atl\u00e9tico 2 x 4 Flamengo &#8211; R\u00f4mulo (expulso aos 17 do 2\u00ba tempo)<\/li>\n\n\n\n<li>15\u00aa rodada &#8211; Botafogo 3 x 0 Atl\u00e9tico &#8211; Igor Rabello (expulso aos 23 do 1\u00ba tempo)<\/li>\n<\/ul>\n\n\n\n<p>Nos duelos que teve atletas expulsos, o Galo obteve duas vit\u00f3rias e um empate, al\u00e9m de amargar quatro derrotas. Marcou sete gols. Sofreu 12.<\/p>\n\n\n\n<h2 class=\"wp-block-heading\" id=\"h-qual-a-proxima-partida-do-atletico-mineiro\">Qual a pr\u00f3xima partida do Atl\u00e9tico Mineiro?<\/h2>\n\n\n\n<p>Em busca de conseguir voltar a vencer, o Atl\u00e9tico Mineiro recebe amanh\u00e3, quinta-feira (11), o S\u00e3o Paulo na Arena MRV. Caso ven\u00e7a, o galo pode subir 4 posi\u00e7\u00f5es na tabela.<\/p>\n","protected":false},"excerpt":{"rendered":"<p>O Atl\u00e9tico Mineiro est\u00e1 fazendo uma campanha ruim no Brasileir\u00e3o at\u00e9 o momento. Mesmo que, ap\u00f3s a chegada de Milito e Scarpa o clube tenha come\u00e7ado a jogar bem, agora, parece que desanimou. O Atl\u00e9tico Mineiro perdeu as \u00faltimas duas partidas tomando um total de 7 gols e fazendo dois gols. O Atl\u00e9tico Mineiro atingiu, [&hellip;]<\/p>\n","protected":false},"author":19,"featured_media":150531,"comment_status":"open","ping_status":"closed","sticky":false,"template":"","format":"standard","meta":{"footnotes":""},"categories":[136],"tags":[],"class_list":["post-151728","post","type-post","status-publish","format-standard","has-post-thumbnail","hentry","category-atletico-mg"],"yoast_head":"<!-- This site is optimized with the Yoast SEO Premium plugin v24.2 (Yoast SEO v26.9) - https:\/\/yoast.com\/product\/yoast-seo-premium-wordpress\/ -->\n<title>Atl\u00e9tico Mineiro bate recorde negativo no Brasileir\u00e3o<\/title>\n<meta name=\"robots\" content=\"index, follow, max-snippet:-1, max-image-preview:large, max-video-preview:-1\" \/>\n<link rel=\"canonical\" href=\"https:\/\/www.gaveanews.com\/index.php\/2024\/07\/11\/atletico-mineiro-bate-recorde-negativo-no-brasileirao\/\" \/>\n<meta property=\"og:locale\" content=\"pt_BR\" \/>\n<meta property=\"og:type\" content=\"article\" \/>\n<meta property=\"og:title\" content=\"Atl\u00e9tico Mineiro bate recorde negativo no Brasileir\u00e3o\" \/>\n<meta property=\"og:description\" content=\"O Atl\u00e9tico Mineiro est\u00e1 fazendo uma campanha ruim no Brasileir\u00e3o at\u00e9 o momento. Mesmo que, ap\u00f3s a chegada de Milito e Scarpa o clube tenha come\u00e7ado a jogar bem, agora, parece que desanimou. O Atl\u00e9tico Mineiro perdeu as \u00faltimas duas partidas tomando um total de 7 gols e fazendo dois gols. O Atl\u00e9tico Mineiro atingiu, [&hellip;]\" \/>\n<meta property=\"og:url\" content=\"https:\/\/www.gaveanews.com\/index.php\/2024\/07\/11\/atletico-mineiro-bate-recorde-negativo-no-brasileirao\/\" \/>\n<meta property=\"og:site_name\" content=\"G\u00e1vea News\" \/>\n<meta property=\"article:publisher\" content=\"https:\/\/facebook.com\/gaveaNews\/\" \/>\n<meta property=\"article:published_time\" content=\"2024-07-11T21:26:36+00:00\" \/>\n<meta property=\"og:image\" content=\"https:\/\/www.gaveanews.com\/wp-content\/uploads\/Gustavo-Scarpa-no-Atletico-Mineiro-Foto-Pedro-Souza-Atletico-Esporte-News-Mundo.webp\" \/>\n\t<meta property=\"og:image:width\" content=\"1200\" \/>\n\t<meta property=\"og:image:height\" content=\"600\" \/>\n\t<meta property=\"og:image:type\" content=\"image\/jpeg\" \/>\n<meta name=\"author\" content=\"Bruno Zanchetta\" \/>\n<meta name=\"twitter:card\" content=\"summary_large_image\" \/>\n<meta name=\"twitter:label1\" content=\"Escrito por\" \/>\n\t<meta name=\"twitter:data1\" content=\"Bruno Zanchetta\" \/>\n\t<meta name=\"twitter:label2\" content=\"Est. tempo de leitura\" \/>\n\t<meta name=\"twitter:data2\" content=\"3 minutos\" \/>\n<script type=\"application\/ld+json\" class=\"yoast-schema-graph\">{\"@context\":\"https:\/\/schema.org\",\"@graph\":[{\"@type\":\"NewsArticle\",\"@id\":\"https:\/\/www.gaveanews.com\/index.php\/2024\/07\/11\/atletico-mineiro-bate-recorde-negativo-no-brasileirao\/#article\",\"isPartOf\":{\"@id\":\"https:\/\/www.gaveanews.com\/index.php\/2024\/07\/11\/atletico-mineiro-bate-recorde-negativo-no-brasileirao\/\"},\"author\":{\"name\":\"Bruno Zanchetta\",\"@id\":\"https:\/\/www.gaveanews.com\/#\/schema\/person\/32fddefab25b466689f181be346cd98c\"},\"headline\":\"Atl\u00e9tico Mineiro bate recorde negativo no Brasileir\u00e3o\",\"datePublished\":\"2024-07-11T21:26:36+00:00\",\"mainEntityOfPage\":{\"@id\":\"https:\/\/www.gaveanews.com\/index.php\/2024\/07\/11\/atletico-mineiro-bate-recorde-negativo-no-brasileirao\/\"},\"wordCount\":422,\"commentCount\":0,\"image\":{\"@id\":\"https:\/\/www.gaveanews.com\/index.php\/2024\/07\/11\/atletico-mineiro-bate-recorde-negativo-no-brasileirao\/#primaryimage\"},\"thumbnailUrl\":\"https:\/\/www.gaveanews.com\/wp-content\/uploads\/Gustavo-Scarpa-no-Atletico-Mineiro-Foto-Pedro-Souza-Atletico-Esporte-News-Mundo.webp\",\"articleSection\":[\"Atl\u00e9tico-MG\"],\"inLanguage\":\"pt-BR\",\"potentialAction\":[{\"@type\":\"CommentAction\",\"name\":\"Comment\",\"target\":[\"https:\/\/www.gaveanews.com\/index.php\/2024\/07\/11\/atletico-mineiro-bate-recorde-negativo-no-brasileirao\/#respond\"]}],\"copyrightYear\":\"2024\",\"copyrightHolder\":{\"@id\":\"https:\/\/www.gaveanews.com\/#organization\"}},{\"@type\":\"WebPage\",\"@id\":\"https:\/\/www.gaveanews.com\/index.php\/2024\/07\/11\/atletico-mineiro-bate-recorde-negativo-no-brasileirao\/\",\"url\":\"https:\/\/www.gaveanews.com\/index.php\/2024\/07\/11\/atletico-mineiro-bate-recorde-negativo-no-brasileirao\/\",\"name\":\"Atl\u00e9tico Mineiro bate recorde negativo no Brasileir\u00e3o\",\"isPartOf\":{\"@id\":\"https:\/\/www.gaveanews.com\/#website\"},\"primaryImageOfPage\":{\"@id\":\"https:\/\/www.gaveanews.com\/index.php\/2024\/07\/11\/atletico-mineiro-bate-recorde-negativo-no-brasileirao\/#primaryimage\"},\"image\":{\"@id\":\"https:\/\/www.gaveanews.com\/index.php\/2024\/07\/11\/atletico-mineiro-bate-recorde-negativo-no-brasileirao\/#primaryimage\"},\"thumbnailUrl\":\"https:\/\/www.gaveanews.com\/wp-content\/uploads\/Gustavo-Scarpa-no-Atletico-Mineiro-Foto-Pedro-Souza-Atletico-Esporte-News-Mundo.webp\",\"datePublished\":\"2024-07-11T21:26:36+00:00\",\"author\":{\"@id\":\"https:\/\/www.gaveanews.com\/#\/schema\/person\/32fddefab25b466689f181be346cd98c\"},\"breadcrumb\":{\"@id\":\"https:\/\/www.gaveanews.com\/index.php\/2024\/07\/11\/atletico-mineiro-bate-recorde-negativo-no-brasileirao\/#breadcrumb\"},\"inLanguage\":\"pt-BR\",\"potentialAction\":[{\"@type\":\"ReadAction\",\"target\":[\"https:\/\/www.gaveanews.com\/index.php\/2024\/07\/11\/atletico-mineiro-bate-recorde-negativo-no-brasileirao\/\"]}]},{\"@type\":\"ImageObject\",\"inLanguage\":\"pt-BR\",\"@id\":\"https:\/\/www.gaveanews.com\/index.php\/2024\/07\/11\/atletico-mineiro-bate-recorde-negativo-no-brasileirao\/#primaryimage\",\"url\":\"https:\/\/www.gaveanews.com\/wp-content\/uploads\/Gustavo-Scarpa-no-Atletico-Mineiro-Foto-Pedro-Souza-Atletico-Esporte-News-Mundo.webp\",\"contentUrl\":\"https:\/\/www.gaveanews.com\/wp-content\/uploads\/Gustavo-Scarpa-no-Atletico-Mineiro-Foto-Pedro-Souza-Atletico-Esporte-News-Mundo.webp\",\"width\":1200,\"height\":600,\"caption\":\"Gustavo Scarpa no Atl\u00e9tico Mineiro (Foto Pedro Souza Atl\u00e9tico Esporte News Mundo)\"},{\"@type\":\"BreadcrumbList\",\"@id\":\"https:\/\/www.gaveanews.com\/index.php\/2024\/07\/11\/atletico-mineiro-bate-recorde-negativo-no-brasileirao\/#breadcrumb\",\"itemListElement\":[{\"@type\":\"ListItem\",\"position\":1,\"name\":\"Home\",\"item\":\"https:\/\/www.gaveanews.com\/\"},{\"@type\":\"ListItem\",\"position\":2,\"name\":\"Atl\u00e9tico Mineiro bate recorde negativo no Brasileir\u00e3o\"}]},{\"@type\":\"WebSite\",\"@id\":\"https:\/\/www.gaveanews.com\/#website\",\"url\":\"https:\/\/www.gaveanews.com\/\",\"name\":\"G\u00e1vea News\",\"description\":\"Veja todas as not\u00edcias sobre o Flamengo: Contrata\u00e7\u00f5es, categorias de base, resultados das partidas, tabela de classifica\u00e7\u00e3o, pr\u00f3ximos jogos!\",\"potentialAction\":[{\"@type\":\"SearchAction\",\"target\":{\"@type\":\"EntryPoint\",\"urlTemplate\":\"https:\/\/www.gaveanews.com\/?s={search_term_string}\"},\"query-input\":{\"@type\":\"PropertyValueSpecification\",\"valueRequired\":true,\"valueName\":\"search_term_string\"}}],\"inLanguage\":\"pt-BR\"},{\"@type\":\"Person\",\"@id\":\"https:\/\/www.gaveanews.com\/#\/schema\/person\/32fddefab25b466689f181be346cd98c\",\"name\":\"Bruno Zanchetta\",\"image\":{\"@type\":\"ImageObject\",\"inLanguage\":\"pt-BR\",\"@id\":\"https:\/\/www.gaveanews.com\/#\/schema\/person\/image\/\",\"url\":\"https:\/\/secure.gravatar.com\/avatar\/3ba2d39f8a912ad65276975a996d6ad8d9e3dd13448684be8dc4d7c17099d2ee?s=96&d=mm&r=g\",\"contentUrl\":\"https:\/\/secure.gravatar.com\/avatar\/3ba2d39f8a912ad65276975a996d6ad8d9e3dd13448684be8dc4d7c17099d2ee?s=96&d=mm&r=g\",\"caption\":\"Bruno Zanchetta\"}}]}<\/script>\n<!-- \/ Yoast SEO Premium plugin. -->","yoast_head_json":{"title":"Atl\u00e9tico Mineiro bate recorde negativo no Brasileir\u00e3o","robots":{"index":"index","follow":"follow","max-snippet":"max-snippet:-1","max-image-preview":"max-image-preview:large","max-video-preview":"max-video-preview:-1"},"canonical":"https:\/\/www.gaveanews.com\/index.php\/2024\/07\/11\/atletico-mineiro-bate-recorde-negativo-no-brasileirao\/","og_locale":"pt_BR","og_type":"article","og_title":"Atl\u00e9tico Mineiro bate recorde negativo no Brasileir\u00e3o","og_description":"O Atl\u00e9tico Mineiro est\u00e1 fazendo uma campanha ruim no Brasileir\u00e3o at\u00e9 o momento. Mesmo que, ap\u00f3s a chegada de Milito e Scarpa o clube tenha come\u00e7ado a jogar bem, agora, parece que desanimou. O Atl\u00e9tico Mineiro perdeu as \u00faltimas duas partidas tomando um total de 7 gols e fazendo dois gols. O Atl\u00e9tico Mineiro atingiu, [&hellip;]","og_url":"https:\/\/www.gaveanews.com\/index.php\/2024\/07\/11\/atletico-mineiro-bate-recorde-negativo-no-brasileirao\/","og_site_name":"G\u00e1vea News","article_publisher":"https:\/\/facebook.com\/gaveaNews\/","article_published_time":"2024-07-11T21:26:36+00:00","og_image":[{"width":1200,"height":600,"url":"https:\/\/www.gaveanews.com\/wp-content\/uploads\/Gustavo-Scarpa-no-Atletico-Mineiro-Foto-Pedro-Souza-Atletico-Esporte-News-Mundo.webp","type":"image\/jpeg"}],"author":"Bruno Zanchetta","twitter_card":"summary_large_image","twitter_misc":{"Escrito por":"Bruno Zanchetta","Est. tempo de leitura":"3 minutos"},"schema":{"@context":"https:\/\/schema.org","@graph":[{"@type":"NewsArticle","@id":"https:\/\/www.gaveanews.com\/index.php\/2024\/07\/11\/atletico-mineiro-bate-recorde-negativo-no-brasileirao\/#article","isPartOf":{"@id":"https:\/\/www.gaveanews.com\/index.php\/2024\/07\/11\/atletico-mineiro-bate-recorde-negativo-no-brasileirao\/"},"author":{"name":"Bruno Zanchetta","@id":"https:\/\/www.gaveanews.com\/#\/schema\/person\/32fddefab25b466689f181be346cd98c"},"headline":"Atl\u00e9tico Mineiro bate recorde negativo no Brasileir\u00e3o","datePublished":"2024-07-11T21:26:36+00:00","mainEntityOfPage":{"@id":"https:\/\/www.gaveanews.com\/index.php\/2024\/07\/11\/atletico-mineiro-bate-recorde-negativo-no-brasileirao\/"},"wordCount":422,"commentCount":0,"image":{"@id":"https:\/\/www.gaveanews.com\/index.php\/2024\/07\/11\/atletico-mineiro-bate-recorde-negativo-no-brasileirao\/#primaryimage"},"thumbnailUrl":"https:\/\/www.gaveanews.com\/wp-content\/uploads\/Gustavo-Scarpa-no-Atletico-Mineiro-Foto-Pedro-Souza-Atletico-Esporte-News-Mundo.webp","articleSection":["Atl\u00e9tico-MG"],"inLanguage":"pt-BR","potentialAction":[{"@type":"CommentAction","name":"Comment","target":["https:\/\/www.gaveanews.com\/index.php\/2024\/07\/11\/atletico-mineiro-bate-recorde-negativo-no-brasileirao\/#respond"]}],"copyrightYear":"2024","copyrightHolder":{"@id":"https:\/\/www.gaveanews.com\/#organization"}},{"@type":"WebPage","@id":"https:\/\/www.gaveanews.com\/index.php\/2024\/07\/11\/atletico-mineiro-bate-recorde-negativo-no-brasileirao\/","url":"https:\/\/www.gaveanews.com\/index.php\/2024\/07\/11\/atletico-mineiro-bate-recorde-negativo-no-brasileirao\/","name":"Atl\u00e9tico Mineiro bate recorde negativo no Brasileir\u00e3o","isPartOf":{"@id":"https:\/\/www.gaveanews.com\/#website"},"primaryImageOfPage":{"@id":"https:\/\/www.gaveanews.com\/index.php\/2024\/07\/11\/atletico-mineiro-bate-recorde-negativo-no-brasileirao\/#primaryimage"},"image":{"@id":"https:\/\/www.gaveanews.com\/index.php\/2024\/07\/11\/atletico-mineiro-bate-recorde-negativo-no-brasileirao\/#primaryimage"},"thumbnailUrl":"https:\/\/www.gaveanews.com\/wp-content\/uploads\/Gustavo-Scarpa-no-Atletico-Mineiro-Foto-Pedro-Souza-Atletico-Esporte-News-Mundo.webp","datePublished":"2024-07-11T21:26:36+00:00","author":{"@id":"https:\/\/www.gaveanews.com\/#\/schema\/person\/32fddefab25b466689f181be346cd98c"},"breadcrumb":{"@id":"https:\/\/www.gaveanews.com\/index.php\/2024\/07\/11\/atletico-mineiro-bate-recorde-negativo-no-brasileirao\/#breadcrumb"},"inLanguage":"pt-BR","potentialAction":[{"@type":"ReadAction","target":["https:\/\/www.gaveanews.com\/index.php\/2024\/07\/11\/atletico-mineiro-bate-recorde-negativo-no-brasileirao\/"]}]},{"@type":"ImageObject","inLanguage":"pt-BR","@id":"https:\/\/www.gaveanews.com\/index.php\/2024\/07\/11\/atletico-mineiro-bate-recorde-negativo-no-brasileirao\/#primaryimage","url":"https:\/\/www.gaveanews.com\/wp-content\/uploads\/Gustavo-Scarpa-no-Atletico-Mineiro-Foto-Pedro-Souza-Atletico-Esporte-News-Mundo.webp","contentUrl":"https:\/\/www.gaveanews.com\/wp-content\/uploads\/Gustavo-Scarpa-no-Atletico-Mineiro-Foto-Pedro-Souza-Atletico-Esporte-News-Mundo.webp","width":1200,"height":600,"caption":"Gustavo Scarpa no Atl\u00e9tico Mineiro (Foto Pedro Souza Atl\u00e9tico Esporte News Mundo)"},{"@type":"BreadcrumbList","@id":"https:\/\/www.gaveanews.com\/index.php\/2024\/07\/11\/atletico-mineiro-bate-recorde-negativo-no-brasileirao\/#breadcrumb","itemListElement":[{"@type":"ListItem","position":1,"name":"Home","item":"https:\/\/www.gaveanews.com\/"},{"@type":"ListItem","position":2,"name":"Atl\u00e9tico Mineiro bate recorde negativo no Brasileir\u00e3o"}]},{"@type":"WebSite","@id":"https:\/\/www.gaveanews.com\/#website","url":"https:\/\/www.gaveanews.com\/","name":"G\u00e1vea News","description":"Veja todas as not\u00edcias sobre o Flamengo: Contrata\u00e7\u00f5es, categorias de base, resultados das partidas, tabela de classifica\u00e7\u00e3o, pr\u00f3ximos jogos!","potentialAction":[{"@type":"SearchAction","target":{"@type":"EntryPoint","urlTemplate":"https:\/\/www.gaveanews.com\/?s={search_term_string}"},"query-input":{"@type":"PropertyValueSpecification","valueRequired":true,"valueName":"search_term_string"}}],"inLanguage":"pt-BR"},{"@type":"Person","@id":"https:\/\/www.gaveanews.com\/#\/schema\/person\/32fddefab25b466689f181be346cd98c","name":"Bruno Zanchetta","image":{"@type":"ImageObject","inLanguage":"pt-BR","@id":"https:\/\/www.gaveanews.com\/#\/schema\/person\/image\/","url":"https:\/\/secure.gravatar.com\/avatar\/3ba2d39f8a912ad65276975a996d6ad8d9e3dd13448684be8dc4d7c17099d2ee?s=96&d=mm&r=g","contentUrl":"https:\/\/secure.gravatar.com\/avatar\/3ba2d39f8a912ad65276975a996d6ad8d9e3dd13448684be8dc4d7c17099d2ee?s=96&d=mm&r=g","caption":"Bruno Zanchetta"}}]}},"_links":{"self":[{"href":"https:\/\/www.gaveanews.com\/index.php\/wp-json\/wp\/v2\/posts\/151728","targetHints":{"allow":["GET"]}}],"collection":[{"href":"https:\/\/www.gaveanews.com\/index.php\/wp-json\/wp\/v2\/posts"}],"about":[{"href":"https:\/\/www.gaveanews.com\/index.php\/wp-json\/wp\/v2\/types\/post"}],"author":[{"embeddable":true,"href":"https:\/\/www.gaveanews.com\/index.php\/wp-json\/wp\/v2\/users\/19"}],"replies":[{"embeddable":true,"href":"https:\/\/www.gaveanews.com\/index.php\/wp-json\/wp\/v2\/comments?post=151728"}],"version-history":[{"count":1,"href":"https:\/\/www.gaveanews.com\/index.php\/wp-json\/wp\/v2\/posts\/151728\/revisions"}],"predecessor-version":[{"id":151733,"href":"https:\/\/www.gaveanews.com\/index.php\/wp-json\/wp\/v2\/posts\/151728\/revisions\/151733"}],"wp:featuredmedia":[{"embeddable":true,"href":"https:\/\/www.gaveanews.com\/index.php\/wp-json\/wp\/v2\/media\/150531"}],"wp:attachment":[{"href":"https:\/\/www.gaveanews.com\/index.php\/wp-json\/wp\/v2\/media?parent=151728"}],"wp:term":[{"taxonomy":"category","embeddable":true,"href":"https:\/\/www.gaveanews.com\/index.php\/wp-json\/wp\/v2\/categories?post=151728"},{"taxonomy":"post_tag","embeddable":true,"href":"https:\/\/www.gaveanews.com\/index.php\/wp-json\/wp\/v2\/tags?post=151728"}],"curies":[{"name":"wp","href":"https:\/\/api.w.org\/{rel}","templated":true}]}}