{"id":152116,"date":"2024-07-12T19:30:00","date_gmt":"2024-07-12T22:30:00","guid":{"rendered":"https:\/\/www.gaveanews.com\/?p=152116"},"modified":"2024-07-12T18:48:19","modified_gmt":"2024-07-12T21:48:19","slug":"volante-ex-santos-troca-futebol-pelo-tenis-e-lamenta-saida-turbulenta-do-clube-nao-queria-sair-daquele-jeito","status":"publish","type":"post","link":"https:\/\/www.gaveanews.com\/index.php\/2024\/07\/12\/volante-ex-santos-troca-futebol-pelo-tenis-e-lamenta-saida-turbulenta-do-clube-nao-queria-sair-daquele-jeito\/","title":{"rendered":"Volante ex-Santos troca futebol pelo t\u00eanis e lamenta sa\u00edda turbulenta do clube: &#8220;N\u00e3o queria sair daquele jeito\u201d"},"content":{"rendered":"\n<h2 class=\"wp-block-heading\" id=\"h-arouca-relembra-momentos-no-peixe-e-fala-de-sua-historia-apos-os-gramados\">Arouca relembra momentos no Peixe e fala de sua hist\u00f3ria ap\u00f3s os gramados<\/h2>\n\n\n\n<p>Ap\u00f3s uma grande carreira nos gramados, Arouca, ex-volante de 37 anos, encontrou uma nova paix\u00e3o longe dos campos: o t\u00eanis. Em uma entrevista exclusiva ao GE, ele revelou detalhes sobre sua transi\u00e7\u00e3o do futebol para esse novo esporte, onde j\u00e1 acumula vit\u00f3rias em torneios.<\/p>\n\n\n\n<ul class=\"wp-block-list\">\n<li><a href=\"https:\/\/www.gaveanews.com\/index.php\/2024\/07\/12\/ganso-no-santos-veja-o-atual-status-da-negociacao\/\">Ganso no Santos? Veja o atual status da negocia\u00e7\u00e3o<\/a><\/li>\n\n\n\n<li><a href=\"https:\/\/www.gaveanews.com\/index.php\/2024\/07\/12\/santos-confirma-acordo-com-o-fluminense\/\">Santos confirma acordo com o Fluminense<\/a><\/li>\n<\/ul>\n\n\n\n<p>Reconhecido por sua passagem por grandes clubes brasileiros como Fluminense, S\u00e3o Paulo, Palmeiras e Atl\u00e9tico-MG, foi no Santos que Arouca se destacou particularmente. Contudo, sua sa\u00edda do clube foi marcada por controv\u00e9rsias legais, algo que ele lamenta, expressando seu carinho e gratid\u00e3o enormes pelo clube.<\/p>\n\n\n\n<p><em>\u2014 Os torcedores \u00e0s vezes n\u00e3o entendem, s\u00f3 veem o lado do clube, mas eu n\u00e3o queria ter sa\u00eddo daquele jeito do Santos. At\u00e9 pelo carinho que eu tenho, a gratid\u00e3o que eu tenho pelo clube \u00e9 gigantesca, por tudo que me proporcionou. S\u00f3 que os bastidores ningu\u00e9m observa porque eu e o meu falecido empres\u00e1rio a gente tentou por v\u00e1rias vezes conversar. Estava naquela mudan\u00e7a de gest\u00e3o, s\u00f3 que a forma que eles trataram a minha situa\u00e7\u00e3o nos deixou muito chateado. J\u00e1 estava completando cinco anos de clube, eu n\u00e3o era aquele cara de pol\u00eamica, de bagun\u00e7a, me cuidava, essas coisas todas. A maneira que foi tratada a nossa situa\u00e7\u00e3o que nos deixou muito chateados a chegar ao ponto de sair da forma que sa\u00edmos, <\/em>comentou Arouca.<\/p>\n\n\n\n<p><em>\u2014 Tentamos de todas as formas o di\u00e1logo, mas recusavam, n\u00e3o queriam nem nos escutar, n\u00e3o chamavam a gente pra conversar, pra explicar. &#8220;Olha, o clube est\u00e1 passando por uma situa\u00e7\u00e3o, espera um pouco, a gente vai resolver a situa\u00e7\u00e3o.&#8221; Tinha muitas coisas que eles estavam em falta comigo e com meu empres\u00e1rio. Era sal\u00e1rio, luvas, FGTS, era tudo, entendeu? As contas n\u00e3o param de chegar e eu precisava tomar uma decis\u00e3o. Eu falava: poxa, a gente quer conversar, quer saber o que est\u00e1 acontecendo, voc\u00eas v\u00e3o resolver daqui a um tempo? Mas eles falavam &#8220;n\u00e3o, depois a gente conversa, depois a gente conversa.&#8221; Foram v\u00e1rias tentativas,<\/em> completou.<\/p>\n\n\n\n<p>Durante a entrevista, Arouca tamb\u00e9m compartilhou mem\u00f3rias dos bastidores do Santos de Neymar, lembrando com nostalgia o per\u00edodo em que o clube encantava o Brasil com seu futebol envolvente e jovens talentos. Ele destacou que sua passagem pelo Santos foi o \u00e1pice de sua carreira, onde realizou o sonho de integrar a sele\u00e7\u00e3o principal e conquistou t\u00edtulos com a Libertadores, Copa do Brasil, Recopa e tr\u00eas Paulistas.<\/p>\n\n\n\n<p>Arouca mant\u00e9m contato com antigos colegas de time, como Andr\u00e9, Madson e ocasionalmente Neymar, atrav\u00e9s das redes sociais, relembrando os dias gloriosos que marcaram sua carreira no futebol brasileiro.<\/p>\n\n\n\n<p><em>\u2014 Acredito que sim, foi no Santos. Foi onde eu cheguei e realizei meu sonho de chegar na sele\u00e7\u00e3o principal. Eu queria muito por j\u00e1 ter passado por todas as categorias de base, sub-13, sub-15, sub-17. Fui campe\u00e3o mundial sub-17 pela Sele\u00e7\u00e3o, disputei Mundial sub-20 tamb\u00e9m, ficamos em terceiro lugar. A sele\u00e7\u00e3o principal \u00e9 o \u00e1pice do jogador, ent\u00e3o, por ter conseguido chegar no Santos, sem d\u00favida, acredito que foi o meu melhor momento. Eu converso com alguns ainda, com o Andr\u00e9, com o Madson, o Neymar bem pouco, mas de vez em quando a gente troca a ideia tamb\u00e9m pelo Instagram. \u00c9 uma turma boa, sem d\u00favida aquele time ficou marcado demais. Em 2010 foi aquele time que encantou o Brasil, pela alegria, pelo jeito que era,<\/em> relembrou.<\/p>\n\n\n\n<p>Al\u00e9m de suas atividades no t\u00eanis, Arouca revelou seu lado empreendedor e n\u00e3o descartou a possibilidade de retornar ao futebol como profissional. Seu entusiasmo pelo t\u00eanis, um esporte que inicialmente n\u00e3o lhe despertava interesse, cresceu nos \u00faltimos anos, revelando-se uma nova paix\u00e3o ap\u00f3s sua aposentadoria dos gramados.<\/p>\n\n\n\n<p><em>\u2014 Estou dando trabalho para os caras (risos). Brincadeira \u00e0 parte, o t\u00eanis tem me conquistado a cada dia. Tem sido um esporte que eu jamais imaginava que eu poderia curtir. Antes, quando jogava bola, eu nem parava para assistir partidas de t\u00eanis, nada, n\u00e3o sabia nem a contagem. E foi de uns dois ou tr\u00eas anos para c\u00e1 que me fascinou e estou curtindo cada dia mais,<\/em> afirmou o ex-volante.<\/p>\n","protected":false},"excerpt":{"rendered":"<p>Arouca relembra momentos no Peixe e fala de sua hist\u00f3ria ap\u00f3s os gramados Ap\u00f3s uma grande carreira nos gramados, Arouca, ex-volante de 37 anos, encontrou uma nova paix\u00e3o longe dos campos: o t\u00eanis. Em uma entrevista exclusiva ao GE, ele revelou detalhes sobre sua transi\u00e7\u00e3o do futebol para esse novo esporte, onde j\u00e1 acumula vit\u00f3rias [&hellip;]<\/p>\n","protected":false},"author":20,"featured_media":152063,"comment_status":"open","ping_status":"closed","sticky":false,"template":"","format":"standard","meta":{"footnotes":""},"categories":[139],"tags":[],"class_list":["post-152116","post","type-post","status-publish","format-standard","has-post-thumbnail","hentry","category-santos"],"yoast_head":"<!-- This site is optimized with the Yoast SEO Premium plugin v24.2 (Yoast SEO v26.9) - https:\/\/yoast.com\/product\/yoast-seo-premium-wordpress\/ -->\n<title>Volante ex-Santos troca futebol pelo t\u00eanis e lamenta sa\u00edda turbulenta do clube: &quot;N\u00e3o queria sair daquele jeito\u201d<\/title>\n<meta name=\"robots\" content=\"index, follow, max-snippet:-1, max-image-preview:large, max-video-preview:-1\" \/>\n<link rel=\"canonical\" href=\"https:\/\/www.gaveanews.com\/index.php\/2024\/07\/12\/volante-ex-santos-troca-futebol-pelo-tenis-e-lamenta-saida-turbulenta-do-clube-nao-queria-sair-daquele-jeito\/\" \/>\n<meta property=\"og:locale\" content=\"pt_BR\" \/>\n<meta property=\"og:type\" content=\"article\" \/>\n<meta property=\"og:title\" content=\"Volante ex-Santos troca futebol pelo t\u00eanis e lamenta sa\u00edda turbulenta do clube: &quot;N\u00e3o queria sair daquele jeito\u201d\" \/>\n<meta property=\"og:description\" content=\"Arouca relembra momentos no Peixe e fala de sua hist\u00f3ria ap\u00f3s os gramados Ap\u00f3s uma grande carreira nos gramados, Arouca, ex-volante de 37 anos, encontrou uma nova paix\u00e3o longe dos campos: o t\u00eanis. Em uma entrevista exclusiva ao GE, ele revelou detalhes sobre sua transi\u00e7\u00e3o do futebol para esse novo esporte, onde j\u00e1 acumula vit\u00f3rias [&hellip;]\" \/>\n<meta property=\"og:url\" content=\"https:\/\/www.gaveanews.com\/index.php\/2024\/07\/12\/volante-ex-santos-troca-futebol-pelo-tenis-e-lamenta-saida-turbulenta-do-clube-nao-queria-sair-daquele-jeito\/\" \/>\n<meta property=\"og:site_name\" content=\"G\u00e1vea News\" \/>\n<meta property=\"article:publisher\" content=\"https:\/\/facebook.com\/gaveaNews\/\" \/>\n<meta property=\"article:published_time\" content=\"2024-07-12T22:30:00+00:00\" \/>\n<meta property=\"og:image\" content=\"https:\/\/www.gaveanews.com\/wp-content\/uploads\/Arouca-com-a-camisa-do-Santos.webp\" \/>\n\t<meta property=\"og:image:width\" content=\"1200\" \/>\n\t<meta property=\"og:image:height\" content=\"800\" \/>\n\t<meta property=\"og:image:type\" content=\"image\/webp\" \/>\n<meta name=\"author\" content=\"Lucas Barros\" \/>\n<meta name=\"twitter:card\" content=\"summary_large_image\" \/>\n<meta name=\"twitter:label1\" content=\"Escrito por\" \/>\n\t<meta name=\"twitter:data1\" content=\"Lucas Barros\" \/>\n\t<meta name=\"twitter:label2\" content=\"Est. tempo de leitura\" \/>\n\t<meta name=\"twitter:data2\" content=\"5 minutos\" \/>\n<script type=\"application\/ld+json\" class=\"yoast-schema-graph\">{\"@context\":\"https:\/\/schema.org\",\"@graph\":[{\"@type\":\"NewsArticle\",\"@id\":\"https:\/\/www.gaveanews.com\/index.php\/2024\/07\/12\/volante-ex-santos-troca-futebol-pelo-tenis-e-lamenta-saida-turbulenta-do-clube-nao-queria-sair-daquele-jeito\/#article\",\"isPartOf\":{\"@id\":\"https:\/\/www.gaveanews.com\/index.php\/2024\/07\/12\/volante-ex-santos-troca-futebol-pelo-tenis-e-lamenta-saida-turbulenta-do-clube-nao-queria-sair-daquele-jeito\/\"},\"author\":{\"name\":\"Lucas Barros\",\"@id\":\"https:\/\/www.gaveanews.com\/#\/schema\/person\/2abf0cfa878f5f899daa5f781e82264c\"},\"headline\":\"Volante ex-Santos troca futebol pelo t\u00eanis e lamenta sa\u00edda turbulenta do clube: &#8220;N\u00e3o queria sair daquele jeito\u201d\",\"datePublished\":\"2024-07-12T22:30:00+00:00\",\"mainEntityOfPage\":{\"@id\":\"https:\/\/www.gaveanews.com\/index.php\/2024\/07\/12\/volante-ex-santos-troca-futebol-pelo-tenis-e-lamenta-saida-turbulenta-do-clube-nao-queria-sair-daquele-jeito\/\"},\"wordCount\":775,\"commentCount\":0,\"image\":{\"@id\":\"https:\/\/www.gaveanews.com\/index.php\/2024\/07\/12\/volante-ex-santos-troca-futebol-pelo-tenis-e-lamenta-saida-turbulenta-do-clube-nao-queria-sair-daquele-jeito\/#primaryimage\"},\"thumbnailUrl\":\"https:\/\/www.gaveanews.com\/wp-content\/uploads\/Arouca-com-a-camisa-do-Santos.webp\",\"articleSection\":[\"Santos\"],\"inLanguage\":\"pt-BR\",\"potentialAction\":[{\"@type\":\"CommentAction\",\"name\":\"Comment\",\"target\":[\"https:\/\/www.gaveanews.com\/index.php\/2024\/07\/12\/volante-ex-santos-troca-futebol-pelo-tenis-e-lamenta-saida-turbulenta-do-clube-nao-queria-sair-daquele-jeito\/#respond\"]}],\"copyrightYear\":\"2024\",\"copyrightHolder\":{\"@id\":\"https:\/\/www.gaveanews.com\/#organization\"}},{\"@type\":\"WebPage\",\"@id\":\"https:\/\/www.gaveanews.com\/index.php\/2024\/07\/12\/volante-ex-santos-troca-futebol-pelo-tenis-e-lamenta-saida-turbulenta-do-clube-nao-queria-sair-daquele-jeito\/\",\"url\":\"https:\/\/www.gaveanews.com\/index.php\/2024\/07\/12\/volante-ex-santos-troca-futebol-pelo-tenis-e-lamenta-saida-turbulenta-do-clube-nao-queria-sair-daquele-jeito\/\",\"name\":\"Volante ex-Santos troca futebol pelo t\u00eanis e lamenta sa\u00edda turbulenta do clube: \\\"N\u00e3o queria sair daquele jeito\u201d\",\"isPartOf\":{\"@id\":\"https:\/\/www.gaveanews.com\/#website\"},\"primaryImageOfPage\":{\"@id\":\"https:\/\/www.gaveanews.com\/index.php\/2024\/07\/12\/volante-ex-santos-troca-futebol-pelo-tenis-e-lamenta-saida-turbulenta-do-clube-nao-queria-sair-daquele-jeito\/#primaryimage\"},\"image\":{\"@id\":\"https:\/\/www.gaveanews.com\/index.php\/2024\/07\/12\/volante-ex-santos-troca-futebol-pelo-tenis-e-lamenta-saida-turbulenta-do-clube-nao-queria-sair-daquele-jeito\/#primaryimage\"},\"thumbnailUrl\":\"https:\/\/www.gaveanews.com\/wp-content\/uploads\/Arouca-com-a-camisa-do-Santos.webp\",\"datePublished\":\"2024-07-12T22:30:00+00:00\",\"author\":{\"@id\":\"https:\/\/www.gaveanews.com\/#\/schema\/person\/2abf0cfa878f5f899daa5f781e82264c\"},\"breadcrumb\":{\"@id\":\"https:\/\/www.gaveanews.com\/index.php\/2024\/07\/12\/volante-ex-santos-troca-futebol-pelo-tenis-e-lamenta-saida-turbulenta-do-clube-nao-queria-sair-daquele-jeito\/#breadcrumb\"},\"inLanguage\":\"pt-BR\",\"potentialAction\":[{\"@type\":\"ReadAction\",\"target\":[\"https:\/\/www.gaveanews.com\/index.php\/2024\/07\/12\/volante-ex-santos-troca-futebol-pelo-tenis-e-lamenta-saida-turbulenta-do-clube-nao-queria-sair-daquele-jeito\/\"]}]},{\"@type\":\"ImageObject\",\"inLanguage\":\"pt-BR\",\"@id\":\"https:\/\/www.gaveanews.com\/index.php\/2024\/07\/12\/volante-ex-santos-troca-futebol-pelo-tenis-e-lamenta-saida-turbulenta-do-clube-nao-queria-sair-daquele-jeito\/#primaryimage\",\"url\":\"https:\/\/www.gaveanews.com\/wp-content\/uploads\/Arouca-com-a-camisa-do-Santos.webp\",\"contentUrl\":\"https:\/\/www.gaveanews.com\/wp-content\/uploads\/Arouca-com-a-camisa-do-Santos.webp\",\"width\":1200,\"height\":800,\"caption\":\"Arouca com a camisa do Santos (Foto: Reprodu\u00e7\u00e3o\/Santos)\"},{\"@type\":\"BreadcrumbList\",\"@id\":\"https:\/\/www.gaveanews.com\/index.php\/2024\/07\/12\/volante-ex-santos-troca-futebol-pelo-tenis-e-lamenta-saida-turbulenta-do-clube-nao-queria-sair-daquele-jeito\/#breadcrumb\",\"itemListElement\":[{\"@type\":\"ListItem\",\"position\":1,\"name\":\"Home\",\"item\":\"https:\/\/www.gaveanews.com\/\"},{\"@type\":\"ListItem\",\"position\":2,\"name\":\"Volante ex-Santos troca futebol pelo t\u00eanis e lamenta sa\u00edda turbulenta do clube: &#8220;N\u00e3o queria sair daquele jeito\u201d\"}]},{\"@type\":\"WebSite\",\"@id\":\"https:\/\/www.gaveanews.com\/#website\",\"url\":\"https:\/\/www.gaveanews.com\/\",\"name\":\"G\u00e1vea News\",\"description\":\"Veja todas as not\u00edcias sobre o Flamengo: Contrata\u00e7\u00f5es, categorias de base, resultados das partidas, tabela de classifica\u00e7\u00e3o, pr\u00f3ximos jogos!\",\"potentialAction\":[{\"@type\":\"SearchAction\",\"target\":{\"@type\":\"EntryPoint\",\"urlTemplate\":\"https:\/\/www.gaveanews.com\/?s={search_term_string}\"},\"query-input\":{\"@type\":\"PropertyValueSpecification\",\"valueRequired\":true,\"valueName\":\"search_term_string\"}}],\"inLanguage\":\"pt-BR\"},{\"@type\":\"Person\",\"@id\":\"https:\/\/www.gaveanews.com\/#\/schema\/person\/2abf0cfa878f5f899daa5f781e82264c\",\"name\":\"Lucas Barros\",\"image\":{\"@type\":\"ImageObject\",\"inLanguage\":\"pt-BR\",\"@id\":\"https:\/\/www.gaveanews.com\/#\/schema\/person\/image\/\",\"url\":\"https:\/\/secure.gravatar.com\/avatar\/67a6069eba66bf6fd7c80b70e1331baa3dbc3d6df5012d5c22eff29c7d59e0b0?s=96&d=mm&r=g\",\"contentUrl\":\"https:\/\/secure.gravatar.com\/avatar\/67a6069eba66bf6fd7c80b70e1331baa3dbc3d6df5012d5c22eff29c7d59e0b0?s=96&d=mm&r=g\",\"caption\":\"Lucas Barros\"}}]}<\/script>\n<!-- \/ Yoast SEO Premium plugin. -->","yoast_head_json":{"title":"Volante ex-Santos troca futebol pelo t\u00eanis e lamenta sa\u00edda turbulenta do clube: \"N\u00e3o queria sair daquele jeito\u201d","robots":{"index":"index","follow":"follow","max-snippet":"max-snippet:-1","max-image-preview":"max-image-preview:large","max-video-preview":"max-video-preview:-1"},"canonical":"https:\/\/www.gaveanews.com\/index.php\/2024\/07\/12\/volante-ex-santos-troca-futebol-pelo-tenis-e-lamenta-saida-turbulenta-do-clube-nao-queria-sair-daquele-jeito\/","og_locale":"pt_BR","og_type":"article","og_title":"Volante ex-Santos troca futebol pelo t\u00eanis e lamenta sa\u00edda turbulenta do clube: \"N\u00e3o queria sair daquele jeito\u201d","og_description":"Arouca relembra momentos no Peixe e fala de sua hist\u00f3ria ap\u00f3s os gramados Ap\u00f3s uma grande carreira nos gramados, Arouca, ex-volante de 37 anos, encontrou uma nova paix\u00e3o longe dos campos: o t\u00eanis. Em uma entrevista exclusiva ao GE, ele revelou detalhes sobre sua transi\u00e7\u00e3o do futebol para esse novo esporte, onde j\u00e1 acumula vit\u00f3rias [&hellip;]","og_url":"https:\/\/www.gaveanews.com\/index.php\/2024\/07\/12\/volante-ex-santos-troca-futebol-pelo-tenis-e-lamenta-saida-turbulenta-do-clube-nao-queria-sair-daquele-jeito\/","og_site_name":"G\u00e1vea News","article_publisher":"https:\/\/facebook.com\/gaveaNews\/","article_published_time":"2024-07-12T22:30:00+00:00","og_image":[{"width":1200,"height":800,"url":"https:\/\/www.gaveanews.com\/wp-content\/uploads\/Arouca-com-a-camisa-do-Santos.webp","type":"image\/webp"}],"author":"Lucas Barros","twitter_card":"summary_large_image","twitter_misc":{"Escrito por":"Lucas Barros","Est. tempo de leitura":"5 minutos"},"schema":{"@context":"https:\/\/schema.org","@graph":[{"@type":"NewsArticle","@id":"https:\/\/www.gaveanews.com\/index.php\/2024\/07\/12\/volante-ex-santos-troca-futebol-pelo-tenis-e-lamenta-saida-turbulenta-do-clube-nao-queria-sair-daquele-jeito\/#article","isPartOf":{"@id":"https:\/\/www.gaveanews.com\/index.php\/2024\/07\/12\/volante-ex-santos-troca-futebol-pelo-tenis-e-lamenta-saida-turbulenta-do-clube-nao-queria-sair-daquele-jeito\/"},"author":{"name":"Lucas Barros","@id":"https:\/\/www.gaveanews.com\/#\/schema\/person\/2abf0cfa878f5f899daa5f781e82264c"},"headline":"Volante ex-Santos troca futebol pelo t\u00eanis e lamenta sa\u00edda turbulenta do clube: &#8220;N\u00e3o queria sair daquele jeito\u201d","datePublished":"2024-07-12T22:30:00+00:00","mainEntityOfPage":{"@id":"https:\/\/www.gaveanews.com\/index.php\/2024\/07\/12\/volante-ex-santos-troca-futebol-pelo-tenis-e-lamenta-saida-turbulenta-do-clube-nao-queria-sair-daquele-jeito\/"},"wordCount":775,"commentCount":0,"image":{"@id":"https:\/\/www.gaveanews.com\/index.php\/2024\/07\/12\/volante-ex-santos-troca-futebol-pelo-tenis-e-lamenta-saida-turbulenta-do-clube-nao-queria-sair-daquele-jeito\/#primaryimage"},"thumbnailUrl":"https:\/\/www.gaveanews.com\/wp-content\/uploads\/Arouca-com-a-camisa-do-Santos.webp","articleSection":["Santos"],"inLanguage":"pt-BR","potentialAction":[{"@type":"CommentAction","name":"Comment","target":["https:\/\/www.gaveanews.com\/index.php\/2024\/07\/12\/volante-ex-santos-troca-futebol-pelo-tenis-e-lamenta-saida-turbulenta-do-clube-nao-queria-sair-daquele-jeito\/#respond"]}],"copyrightYear":"2024","copyrightHolder":{"@id":"https:\/\/www.gaveanews.com\/#organization"}},{"@type":"WebPage","@id":"https:\/\/www.gaveanews.com\/index.php\/2024\/07\/12\/volante-ex-santos-troca-futebol-pelo-tenis-e-lamenta-saida-turbulenta-do-clube-nao-queria-sair-daquele-jeito\/","url":"https:\/\/www.gaveanews.com\/index.php\/2024\/07\/12\/volante-ex-santos-troca-futebol-pelo-tenis-e-lamenta-saida-turbulenta-do-clube-nao-queria-sair-daquele-jeito\/","name":"Volante ex-Santos troca futebol pelo t\u00eanis e lamenta sa\u00edda turbulenta do clube: \"N\u00e3o queria sair daquele jeito\u201d","isPartOf":{"@id":"https:\/\/www.gaveanews.com\/#website"},"primaryImageOfPage":{"@id":"https:\/\/www.gaveanews.com\/index.php\/2024\/07\/12\/volante-ex-santos-troca-futebol-pelo-tenis-e-lamenta-saida-turbulenta-do-clube-nao-queria-sair-daquele-jeito\/#primaryimage"},"image":{"@id":"https:\/\/www.gaveanews.com\/index.php\/2024\/07\/12\/volante-ex-santos-troca-futebol-pelo-tenis-e-lamenta-saida-turbulenta-do-clube-nao-queria-sair-daquele-jeito\/#primaryimage"},"thumbnailUrl":"https:\/\/www.gaveanews.com\/wp-content\/uploads\/Arouca-com-a-camisa-do-Santos.webp","datePublished":"2024-07-12T22:30:00+00:00","author":{"@id":"https:\/\/www.gaveanews.com\/#\/schema\/person\/2abf0cfa878f5f899daa5f781e82264c"},"breadcrumb":{"@id":"https:\/\/www.gaveanews.com\/index.php\/2024\/07\/12\/volante-ex-santos-troca-futebol-pelo-tenis-e-lamenta-saida-turbulenta-do-clube-nao-queria-sair-daquele-jeito\/#breadcrumb"},"inLanguage":"pt-BR","potentialAction":[{"@type":"ReadAction","target":["https:\/\/www.gaveanews.com\/index.php\/2024\/07\/12\/volante-ex-santos-troca-futebol-pelo-tenis-e-lamenta-saida-turbulenta-do-clube-nao-queria-sair-daquele-jeito\/"]}]},{"@type":"ImageObject","inLanguage":"pt-BR","@id":"https:\/\/www.gaveanews.com\/index.php\/2024\/07\/12\/volante-ex-santos-troca-futebol-pelo-tenis-e-lamenta-saida-turbulenta-do-clube-nao-queria-sair-daquele-jeito\/#primaryimage","url":"https:\/\/www.gaveanews.com\/wp-content\/uploads\/Arouca-com-a-camisa-do-Santos.webp","contentUrl":"https:\/\/www.gaveanews.com\/wp-content\/uploads\/Arouca-com-a-camisa-do-Santos.webp","width":1200,"height":800,"caption":"Arouca com a camisa do Santos (Foto: Reprodu\u00e7\u00e3o\/Santos)"},{"@type":"BreadcrumbList","@id":"https:\/\/www.gaveanews.com\/index.php\/2024\/07\/12\/volante-ex-santos-troca-futebol-pelo-tenis-e-lamenta-saida-turbulenta-do-clube-nao-queria-sair-daquele-jeito\/#breadcrumb","itemListElement":[{"@type":"ListItem","position":1,"name":"Home","item":"https:\/\/www.gaveanews.com\/"},{"@type":"ListItem","position":2,"name":"Volante ex-Santos troca futebol pelo t\u00eanis e lamenta sa\u00edda turbulenta do clube: &#8220;N\u00e3o queria sair daquele jeito\u201d"}]},{"@type":"WebSite","@id":"https:\/\/www.gaveanews.com\/#website","url":"https:\/\/www.gaveanews.com\/","name":"G\u00e1vea News","description":"Veja todas as not\u00edcias sobre o Flamengo: Contrata\u00e7\u00f5es, categorias de base, resultados das partidas, tabela de classifica\u00e7\u00e3o, pr\u00f3ximos jogos!","potentialAction":[{"@type":"SearchAction","target":{"@type":"EntryPoint","urlTemplate":"https:\/\/www.gaveanews.com\/?s={search_term_string}"},"query-input":{"@type":"PropertyValueSpecification","valueRequired":true,"valueName":"search_term_string"}}],"inLanguage":"pt-BR"},{"@type":"Person","@id":"https:\/\/www.gaveanews.com\/#\/schema\/person\/2abf0cfa878f5f899daa5f781e82264c","name":"Lucas Barros","image":{"@type":"ImageObject","inLanguage":"pt-BR","@id":"https:\/\/www.gaveanews.com\/#\/schema\/person\/image\/","url":"https:\/\/secure.gravatar.com\/avatar\/67a6069eba66bf6fd7c80b70e1331baa3dbc3d6df5012d5c22eff29c7d59e0b0?s=96&d=mm&r=g","contentUrl":"https:\/\/secure.gravatar.com\/avatar\/67a6069eba66bf6fd7c80b70e1331baa3dbc3d6df5012d5c22eff29c7d59e0b0?s=96&d=mm&r=g","caption":"Lucas Barros"}}]}},"_links":{"self":[{"href":"https:\/\/www.gaveanews.com\/index.php\/wp-json\/wp\/v2\/posts\/152116","targetHints":{"allow":["GET"]}}],"collection":[{"href":"https:\/\/www.gaveanews.com\/index.php\/wp-json\/wp\/v2\/posts"}],"about":[{"href":"https:\/\/www.gaveanews.com\/index.php\/wp-json\/wp\/v2\/types\/post"}],"author":[{"embeddable":true,"href":"https:\/\/www.gaveanews.com\/index.php\/wp-json\/wp\/v2\/users\/20"}],"replies":[{"embeddable":true,"href":"https:\/\/www.gaveanews.com\/index.php\/wp-json\/wp\/v2\/comments?post=152116"}],"version-history":[{"count":1,"href":"https:\/\/www.gaveanews.com\/index.php\/wp-json\/wp\/v2\/posts\/152116\/revisions"}],"predecessor-version":[{"id":152119,"href":"https:\/\/www.gaveanews.com\/index.php\/wp-json\/wp\/v2\/posts\/152116\/revisions\/152119"}],"wp:featuredmedia":[{"embeddable":true,"href":"https:\/\/www.gaveanews.com\/index.php\/wp-json\/wp\/v2\/media\/152063"}],"wp:attachment":[{"href":"https:\/\/www.gaveanews.com\/index.php\/wp-json\/wp\/v2\/media?parent=152116"}],"wp:term":[{"taxonomy":"category","embeddable":true,"href":"https:\/\/www.gaveanews.com\/index.php\/wp-json\/wp\/v2\/categories?post=152116"},{"taxonomy":"post_tag","embeddable":true,"href":"https:\/\/www.gaveanews.com\/index.php\/wp-json\/wp\/v2\/tags?post=152116"}],"curies":[{"name":"wp","href":"https:\/\/api.w.org\/{rel}","templated":true}]}}