{"id":152389,"date":"2024-07-15T16:50:09","date_gmt":"2024-07-15T19:50:09","guid":{"rendered":"https:\/\/www.gaveanews.com\/?p=152389"},"modified":"2024-07-15T16:50:11","modified_gmt":"2024-07-15T19:50:11","slug":"arrascaeta-de-la-cruz-varela-e-vina-veja-o-desempenho-dos-uruguaios-do-flamengo-na-copa-america","status":"publish","type":"post","link":"https:\/\/www.gaveanews.com\/index.php\/2024\/07\/15\/arrascaeta-de-la-cruz-varela-e-vina-veja-o-desempenho-dos-uruguaios-do-flamengo-na-copa-america\/","title":{"rendered":"Arrascaeta, De la Cruz, Varela e Vi\u00f1a: veja o desempenho dos uruguaios do Flamengo na Copa Am\u00e9rica"},"content":{"rendered":"\n<p>A Copa Am\u00e9rica foi encerrada no \u00faltimo final de semana, quando foram disputados o terceiro lugar e a final. O Uruguai venceu o duelo secund\u00e1rio, voltando para casa com a terceira coloca\u00e7\u00e3o no torneio continental.<\/p>\n\n\n\n<p>O encerramento da competi\u00e7\u00e3o foi ben\u00e9fico para o Flamengo, que pode voltar a contar com seu quarteto uruguaio. Os representantes rubro-negros da Celeste tiveram desempenhos variados, contando com titulares e reservas nas partidas.<\/p>\n\n\n\n<p>O \u00fanico titular em todas as partidas foi Vi\u00f1a, que ainda marcou um gol e deu uma assist\u00eancia. O lateral-esquerdo foi um dos destaques da sele\u00e7\u00e3o no torneio. Vale destacar, no entanto, que o jogador\u00a0teve fadiga muscular, sendo monitorado pelo Flamengo neste per\u00edodo.<\/p>\n\n\n\n<p>De la Cruz tamb\u00e9m agradou os torcedores uruguaios com suas atua\u00e7\u00f5es. O meia participou de todos os duelos, ficando como op\u00e7\u00e3o no banco de reservas em apenas uma ocasi\u00e3o. Quanto \u00e0s contribui\u00e7\u00f5es no duelo, ele deu duas assist\u00eancias.<\/p>\n\n\n\n<p>Arrascaeta foi titular apenas uma vez, embora tenha participado de todos os jogos. O jogador concedeu uma assist\u00eancia, <a href=\"https:\/\/www.gaveanews.com\/index.php\/2024\/07\/15\/torcedores-do-uruguai-detonam-arrascaeta\/\">mas ainda assim n\u00e3o agradou os torcedores uruguaios, recebendo muitas cr\u00edticas nas redes sociais.<\/a><\/p>\n\n\n\n<p>O menos acionado do quarteto foi Varela. O lateral-direito participou de dois jogos, mas n\u00e3o foi titular nenhuma vez. Ele ainda foi expulso na derrota para a Col\u00f4mbia, que acabou culminando na queda do Uruguai nas semifinais.<\/p>\n\n\n\n<figure class=\"wp-block-table aligncenter is-style-stripes\"><table><tbody><tr><td><strong>Jogador<\/strong><\/td><td class=\"has-text-align-center\" data-align=\"center\"><strong>Minutos<\/strong><br><strong>em campo<\/strong><\/td><td class=\"has-text-align-center\" data-align=\"center\"><strong>Jogos<\/strong><\/td><td class=\"has-text-align-center\" data-align=\"center\"><strong>Jogos como<\/strong><br><strong>titular<\/strong><\/td><td class=\"has-text-align-center\" data-align=\"center\"><strong>Gols<\/strong><\/td><td class=\"has-text-align-center\" data-align=\"center\"><strong>Assist\u00eancias<\/strong><\/td><\/tr><tr><td>Arrascaeta<\/td><td class=\"has-text-align-center\" data-align=\"center\">163&#8242;<\/td><td class=\"has-text-align-center\" data-align=\"center\">5<\/td><td class=\"has-text-align-center\" data-align=\"center\">1<\/td><td class=\"has-text-align-center\" data-align=\"center\">&#8211;<\/td><td class=\"has-text-align-center\" data-align=\"center\">1<\/td><\/tr><tr><td>De la Cruz<\/td><td class=\"has-text-align-center\" data-align=\"center\">355&#8242;<\/td><td class=\"has-text-align-center\" data-align=\"center\">5<\/td><td class=\"has-text-align-center\" data-align=\"center\">4<\/td><td class=\"has-text-align-center\" data-align=\"center\">&#8211;<\/td><td class=\"has-text-align-center\" data-align=\"center\">2<\/td><\/tr><tr><td>Varela<\/td><td class=\"has-text-align-center\" data-align=\"center\">67&#8242;<\/td><td class=\"has-text-align-center\" data-align=\"center\">2<\/td><td class=\"has-text-align-center\" data-align=\"center\">&#8211;<\/td><td class=\"has-text-align-center\" data-align=\"center\">&#8211;<\/td><td class=\"has-text-align-center\" data-align=\"center\">&#8211;<\/td><\/tr><tr><td>Vi\u00f1a<\/td><td class=\"has-text-align-center\" data-align=\"center\">355&#8242;<\/td><td class=\"has-text-align-center\" data-align=\"center\">5<\/td><td class=\"has-text-align-center\" data-align=\"center\">5<\/td><td class=\"has-text-align-center\" data-align=\"center\">1<\/td><td class=\"has-text-align-center\" data-align=\"center\">1<\/td><\/tr><\/tbody><\/table><\/figure>\n\n\n\n<p><\/p>\n\n\n\n<h2 class=\"wp-block-heading\" id=\"h-agenda-do-flamengo-para-o-mes-de-julho\">Agenda do Flamengo para o m\u00eas de julho<\/h2>\n\n\n\n<ul class=\"wp-block-list\">\n<li>03\/07 Atl\u00e9tico-MG 2 x 4 Flamengo &#8211; 21h30 &#8211; Arena MRV &#8211; Brasileir\u00e3o<\/li>\n\n\n\n<li>06\/07 Flamengo 1 x 1 Cuiab\u00e1 &#8211; 20h &#8211; Maracan\u00e3 &#8211; Brasileir\u00e3o<\/li>\n\n\n\n<li>11\/07 Flamengo 1 x 2 Fortaleza &#8211; 20h &#8211; Maracan\u00e3 &#8211; Brasileir\u00e3o<\/li>\n\n\n\n<li><strong>20\/07 Flamengo x Crici\u00fama &#8211; 16h &#8211; Man\u00e9 Garrincha &#8211; Brasileir\u00e3o<\/strong><\/li>\n\n\n\n<li>24\/07 Vit\u00f3ria x Flamengo &#8211; 20h &#8211; Barrad\u00e3o &#8211; Brasileir\u00e3o<\/li>\n\n\n\n<li>28\/07 Flamengo x Atl\u00e9tico-GO &#8211; <em>a definir<\/em> &#8211; <em>a definir<\/em> &#8211; Brasileir\u00e3o<br><em>Obs.: todos os hor\u00e1rios est\u00e3o alinhados ao fuso de Bras\u00edlia.<\/em><br><em>Obs. 2: o jogo de ida pelas oitavas de final da Copa do Brasil acontece na semana do dia 31, mas ainda n\u00e3o tem advers\u00e1rio, data nem hor\u00e1rio confirmados.<\/em><\/li>\n<\/ul>\n","protected":false},"excerpt":{"rendered":"<p>A Copa Am\u00e9rica foi encerrada no \u00faltimo final de semana, quando foram disputados o terceiro lugar e a final. O Uruguai venceu o duelo secund\u00e1rio, voltando para casa com a terceira coloca\u00e7\u00e3o no torneio continental. O encerramento da competi\u00e7\u00e3o foi ben\u00e9fico para o Flamengo, que pode voltar a contar com seu quarteto uruguaio. Os representantes [&hellip;]<\/p>\n","protected":false},"author":4,"featured_media":123772,"comment_status":"open","ping_status":"closed","sticky":false,"template":"","format":"standard","meta":{"footnotes":""},"categories":[1],"tags":[],"class_list":["post-152389","post","type-post","status-publish","format-standard","has-post-thumbnail","hentry","category-flamengo"],"yoast_head":"<!-- This site is optimized with the Yoast SEO Premium plugin v24.2 (Yoast SEO v26.9) - https:\/\/yoast.com\/product\/yoast-seo-premium-wordpress\/ -->\n<title>Arrascaeta, De la Cruz, Varela e Vi\u00f1a: veja o desempenho dos uruguaios do Flamengo na Copa Am\u00e9rica<\/title>\n<meta name=\"robots\" content=\"index, follow, max-snippet:-1, max-image-preview:large, max-video-preview:-1\" \/>\n<link rel=\"canonical\" href=\"https:\/\/www.gaveanews.com\/index.php\/2024\/07\/15\/arrascaeta-de-la-cruz-varela-e-vina-veja-o-desempenho-dos-uruguaios-do-flamengo-na-copa-america\/\" \/>\n<meta property=\"og:locale\" content=\"pt_BR\" \/>\n<meta property=\"og:type\" content=\"article\" \/>\n<meta property=\"og:title\" content=\"Arrascaeta, De la Cruz, Varela e Vi\u00f1a: veja o desempenho dos uruguaios do Flamengo na Copa Am\u00e9rica\" \/>\n<meta property=\"og:description\" content=\"A Copa Am\u00e9rica foi encerrada no \u00faltimo final de semana, quando foram disputados o terceiro lugar e a final. O Uruguai venceu o duelo secund\u00e1rio, voltando para casa com a terceira coloca\u00e7\u00e3o no torneio continental. O encerramento da competi\u00e7\u00e3o foi ben\u00e9fico para o Flamengo, que pode voltar a contar com seu quarteto uruguaio. Os representantes [&hellip;]\" \/>\n<meta property=\"og:url\" content=\"https:\/\/www.gaveanews.com\/index.php\/2024\/07\/15\/arrascaeta-de-la-cruz-varela-e-vina-veja-o-desempenho-dos-uruguaios-do-flamengo-na-copa-america\/\" \/>\n<meta property=\"og:site_name\" content=\"G\u00e1vea News\" \/>\n<meta property=\"article:publisher\" content=\"https:\/\/facebook.com\/gaveaNews\/\" \/>\n<meta property=\"article:published_time\" content=\"2024-07-15T19:50:09+00:00\" \/>\n<meta property=\"article:modified_time\" content=\"2024-07-15T19:50:11+00:00\" \/>\n<meta property=\"og:image\" content=\"https:\/\/www.gaveanews.com\/wp-content\/uploads\/varela-vina-de-la-cruz-arrascaeta-flamengo.webp\" \/>\n\t<meta property=\"og:image:width\" content=\"676\" \/>\n\t<meta property=\"og:image:height\" content=\"450\" \/>\n\t<meta property=\"og:image:type\" content=\"image\/jpeg\" \/>\n<meta name=\"author\" content=\"Let\u00edcia Gerheim\" \/>\n<meta name=\"twitter:card\" content=\"summary_large_image\" \/>\n<meta name=\"twitter:label1\" content=\"Escrito por\" \/>\n\t<meta name=\"twitter:data1\" content=\"Let\u00edcia Gerheim\" \/>\n\t<meta name=\"twitter:label2\" content=\"Est. tempo de leitura\" \/>\n\t<meta name=\"twitter:data2\" content=\"3 minutos\" \/>\n<script type=\"application\/ld+json\" class=\"yoast-schema-graph\">{\"@context\":\"https:\/\/schema.org\",\"@graph\":[{\"@type\":\"NewsArticle\",\"@id\":\"https:\/\/www.gaveanews.com\/index.php\/2024\/07\/15\/arrascaeta-de-la-cruz-varela-e-vina-veja-o-desempenho-dos-uruguaios-do-flamengo-na-copa-america\/#article\",\"isPartOf\":{\"@id\":\"https:\/\/www.gaveanews.com\/index.php\/2024\/07\/15\/arrascaeta-de-la-cruz-varela-e-vina-veja-o-desempenho-dos-uruguaios-do-flamengo-na-copa-america\/\"},\"author\":{\"name\":\"Let\u00edcia Gerheim\",\"@id\":\"https:\/\/www.gaveanews.com\/#\/schema\/person\/714c67050b836198af2450ba1c142a67\"},\"headline\":\"Arrascaeta, De la Cruz, Varela e Vi\u00f1a: veja o desempenho dos uruguaios do Flamengo na Copa Am\u00e9rica\",\"datePublished\":\"2024-07-15T19:50:09+00:00\",\"dateModified\":\"2024-07-15T19:50:11+00:00\",\"mainEntityOfPage\":{\"@id\":\"https:\/\/www.gaveanews.com\/index.php\/2024\/07\/15\/arrascaeta-de-la-cruz-varela-e-vina-veja-o-desempenho-dos-uruguaios-do-flamengo-na-copa-america\/\"},\"wordCount\":402,\"commentCount\":0,\"image\":{\"@id\":\"https:\/\/www.gaveanews.com\/index.php\/2024\/07\/15\/arrascaeta-de-la-cruz-varela-e-vina-veja-o-desempenho-dos-uruguaios-do-flamengo-na-copa-america\/#primaryimage\"},\"thumbnailUrl\":\"https:\/\/www.gaveanews.com\/wp-content\/uploads\/varela-vina-de-la-cruz-arrascaeta-flamengo.webp\",\"articleSection\":[\"Flamengo\"],\"inLanguage\":\"pt-BR\",\"potentialAction\":[{\"@type\":\"CommentAction\",\"name\":\"Comment\",\"target\":[\"https:\/\/www.gaveanews.com\/index.php\/2024\/07\/15\/arrascaeta-de-la-cruz-varela-e-vina-veja-o-desempenho-dos-uruguaios-do-flamengo-na-copa-america\/#respond\"]}],\"copyrightYear\":\"2024\",\"copyrightHolder\":{\"@id\":\"https:\/\/www.gaveanews.com\/#organization\"}},{\"@type\":\"WebPage\",\"@id\":\"https:\/\/www.gaveanews.com\/index.php\/2024\/07\/15\/arrascaeta-de-la-cruz-varela-e-vina-veja-o-desempenho-dos-uruguaios-do-flamengo-na-copa-america\/\",\"url\":\"https:\/\/www.gaveanews.com\/index.php\/2024\/07\/15\/arrascaeta-de-la-cruz-varela-e-vina-veja-o-desempenho-dos-uruguaios-do-flamengo-na-copa-america\/\",\"name\":\"Arrascaeta, De la Cruz, Varela e Vi\u00f1a: veja o desempenho dos uruguaios do Flamengo na Copa Am\u00e9rica\",\"isPartOf\":{\"@id\":\"https:\/\/www.gaveanews.com\/#website\"},\"primaryImageOfPage\":{\"@id\":\"https:\/\/www.gaveanews.com\/index.php\/2024\/07\/15\/arrascaeta-de-la-cruz-varela-e-vina-veja-o-desempenho-dos-uruguaios-do-flamengo-na-copa-america\/#primaryimage\"},\"image\":{\"@id\":\"https:\/\/www.gaveanews.com\/index.php\/2024\/07\/15\/arrascaeta-de-la-cruz-varela-e-vina-veja-o-desempenho-dos-uruguaios-do-flamengo-na-copa-america\/#primaryimage\"},\"thumbnailUrl\":\"https:\/\/www.gaveanews.com\/wp-content\/uploads\/varela-vina-de-la-cruz-arrascaeta-flamengo.webp\",\"datePublished\":\"2024-07-15T19:50:09+00:00\",\"dateModified\":\"2024-07-15T19:50:11+00:00\",\"author\":{\"@id\":\"https:\/\/www.gaveanews.com\/#\/schema\/person\/714c67050b836198af2450ba1c142a67\"},\"breadcrumb\":{\"@id\":\"https:\/\/www.gaveanews.com\/index.php\/2024\/07\/15\/arrascaeta-de-la-cruz-varela-e-vina-veja-o-desempenho-dos-uruguaios-do-flamengo-na-copa-america\/#breadcrumb\"},\"inLanguage\":\"pt-BR\",\"potentialAction\":[{\"@type\":\"ReadAction\",\"target\":[\"https:\/\/www.gaveanews.com\/index.php\/2024\/07\/15\/arrascaeta-de-la-cruz-varela-e-vina-veja-o-desempenho-dos-uruguaios-do-flamengo-na-copa-america\/\"]}]},{\"@type\":\"ImageObject\",\"inLanguage\":\"pt-BR\",\"@id\":\"https:\/\/www.gaveanews.com\/index.php\/2024\/07\/15\/arrascaeta-de-la-cruz-varela-e-vina-veja-o-desempenho-dos-uruguaios-do-flamengo-na-copa-america\/#primaryimage\",\"url\":\"https:\/\/www.gaveanews.com\/wp-content\/uploads\/varela-vina-de-la-cruz-arrascaeta-flamengo.webp\",\"contentUrl\":\"https:\/\/www.gaveanews.com\/wp-content\/uploads\/varela-vina-de-la-cruz-arrascaeta-flamengo.webp\",\"width\":676,\"height\":450,\"caption\":\"Quarteto uruguaio posa para foto em chegada de Vi\u00f1a ao Flamengo (Foto: Gilvan de Souza\/Flamengo)\"},{\"@type\":\"BreadcrumbList\",\"@id\":\"https:\/\/www.gaveanews.com\/index.php\/2024\/07\/15\/arrascaeta-de-la-cruz-varela-e-vina-veja-o-desempenho-dos-uruguaios-do-flamengo-na-copa-america\/#breadcrumb\",\"itemListElement\":[{\"@type\":\"ListItem\",\"position\":1,\"name\":\"Home\",\"item\":\"https:\/\/www.gaveanews.com\/\"},{\"@type\":\"ListItem\",\"position\":2,\"name\":\"Arrascaeta, De la Cruz, Varela e Vi\u00f1a: veja o desempenho dos uruguaios do Flamengo na Copa Am\u00e9rica\"}]},{\"@type\":\"WebSite\",\"@id\":\"https:\/\/www.gaveanews.com\/#website\",\"url\":\"https:\/\/www.gaveanews.com\/\",\"name\":\"G\u00e1vea News\",\"description\":\"Veja todas as not\u00edcias sobre o Flamengo: Contrata\u00e7\u00f5es, categorias de base, resultados das partidas, tabela de classifica\u00e7\u00e3o, pr\u00f3ximos jogos!\",\"potentialAction\":[{\"@type\":\"SearchAction\",\"target\":{\"@type\":\"EntryPoint\",\"urlTemplate\":\"https:\/\/www.gaveanews.com\/?s={search_term_string}\"},\"query-input\":{\"@type\":\"PropertyValueSpecification\",\"valueRequired\":true,\"valueName\":\"search_term_string\"}}],\"inLanguage\":\"pt-BR\"},{\"@type\":\"Person\",\"@id\":\"https:\/\/www.gaveanews.com\/#\/schema\/person\/714c67050b836198af2450ba1c142a67\",\"name\":\"Let\u00edcia Gerheim\",\"image\":{\"@type\":\"ImageObject\",\"inLanguage\":\"pt-BR\",\"@id\":\"https:\/\/www.gaveanews.com\/#\/schema\/person\/image\/\",\"url\":\"https:\/\/secure.gravatar.com\/avatar\/60734739c50fcebfbac509e2a826ccd0ff405c019bc73aab9354f19ecad1dcb4?s=96&d=mm&r=g\",\"contentUrl\":\"https:\/\/secure.gravatar.com\/avatar\/60734739c50fcebfbac509e2a826ccd0ff405c019bc73aab9354f19ecad1dcb4?s=96&d=mm&r=g\",\"caption\":\"Let\u00edcia Gerheim\"}}]}<\/script>\n<!-- \/ Yoast SEO Premium plugin. -->","yoast_head_json":{"title":"Arrascaeta, De la Cruz, Varela e Vi\u00f1a: veja o desempenho dos uruguaios do Flamengo na Copa Am\u00e9rica","robots":{"index":"index","follow":"follow","max-snippet":"max-snippet:-1","max-image-preview":"max-image-preview:large","max-video-preview":"max-video-preview:-1"},"canonical":"https:\/\/www.gaveanews.com\/index.php\/2024\/07\/15\/arrascaeta-de-la-cruz-varela-e-vina-veja-o-desempenho-dos-uruguaios-do-flamengo-na-copa-america\/","og_locale":"pt_BR","og_type":"article","og_title":"Arrascaeta, De la Cruz, Varela e Vi\u00f1a: veja o desempenho dos uruguaios do Flamengo na Copa Am\u00e9rica","og_description":"A Copa Am\u00e9rica foi encerrada no \u00faltimo final de semana, quando foram disputados o terceiro lugar e a final. O Uruguai venceu o duelo secund\u00e1rio, voltando para casa com a terceira coloca\u00e7\u00e3o no torneio continental. O encerramento da competi\u00e7\u00e3o foi ben\u00e9fico para o Flamengo, que pode voltar a contar com seu quarteto uruguaio. Os representantes [&hellip;]","og_url":"https:\/\/www.gaveanews.com\/index.php\/2024\/07\/15\/arrascaeta-de-la-cruz-varela-e-vina-veja-o-desempenho-dos-uruguaios-do-flamengo-na-copa-america\/","og_site_name":"G\u00e1vea News","article_publisher":"https:\/\/facebook.com\/gaveaNews\/","article_published_time":"2024-07-15T19:50:09+00:00","article_modified_time":"2024-07-15T19:50:11+00:00","og_image":[{"width":676,"height":450,"url":"https:\/\/www.gaveanews.com\/wp-content\/uploads\/varela-vina-de-la-cruz-arrascaeta-flamengo.webp","type":"image\/jpeg"}],"author":"Let\u00edcia Gerheim","twitter_card":"summary_large_image","twitter_misc":{"Escrito por":"Let\u00edcia Gerheim","Est. tempo de leitura":"3 minutos"},"schema":{"@context":"https:\/\/schema.org","@graph":[{"@type":"NewsArticle","@id":"https:\/\/www.gaveanews.com\/index.php\/2024\/07\/15\/arrascaeta-de-la-cruz-varela-e-vina-veja-o-desempenho-dos-uruguaios-do-flamengo-na-copa-america\/#article","isPartOf":{"@id":"https:\/\/www.gaveanews.com\/index.php\/2024\/07\/15\/arrascaeta-de-la-cruz-varela-e-vina-veja-o-desempenho-dos-uruguaios-do-flamengo-na-copa-america\/"},"author":{"name":"Let\u00edcia Gerheim","@id":"https:\/\/www.gaveanews.com\/#\/schema\/person\/714c67050b836198af2450ba1c142a67"},"headline":"Arrascaeta, De la Cruz, Varela e Vi\u00f1a: veja o desempenho dos uruguaios do Flamengo na Copa Am\u00e9rica","datePublished":"2024-07-15T19:50:09+00:00","dateModified":"2024-07-15T19:50:11+00:00","mainEntityOfPage":{"@id":"https:\/\/www.gaveanews.com\/index.php\/2024\/07\/15\/arrascaeta-de-la-cruz-varela-e-vina-veja-o-desempenho-dos-uruguaios-do-flamengo-na-copa-america\/"},"wordCount":402,"commentCount":0,"image":{"@id":"https:\/\/www.gaveanews.com\/index.php\/2024\/07\/15\/arrascaeta-de-la-cruz-varela-e-vina-veja-o-desempenho-dos-uruguaios-do-flamengo-na-copa-america\/#primaryimage"},"thumbnailUrl":"https:\/\/www.gaveanews.com\/wp-content\/uploads\/varela-vina-de-la-cruz-arrascaeta-flamengo.webp","articleSection":["Flamengo"],"inLanguage":"pt-BR","potentialAction":[{"@type":"CommentAction","name":"Comment","target":["https:\/\/www.gaveanews.com\/index.php\/2024\/07\/15\/arrascaeta-de-la-cruz-varela-e-vina-veja-o-desempenho-dos-uruguaios-do-flamengo-na-copa-america\/#respond"]}],"copyrightYear":"2024","copyrightHolder":{"@id":"https:\/\/www.gaveanews.com\/#organization"}},{"@type":"WebPage","@id":"https:\/\/www.gaveanews.com\/index.php\/2024\/07\/15\/arrascaeta-de-la-cruz-varela-e-vina-veja-o-desempenho-dos-uruguaios-do-flamengo-na-copa-america\/","url":"https:\/\/www.gaveanews.com\/index.php\/2024\/07\/15\/arrascaeta-de-la-cruz-varela-e-vina-veja-o-desempenho-dos-uruguaios-do-flamengo-na-copa-america\/","name":"Arrascaeta, De la Cruz, Varela e Vi\u00f1a: veja o desempenho dos uruguaios do Flamengo na Copa Am\u00e9rica","isPartOf":{"@id":"https:\/\/www.gaveanews.com\/#website"},"primaryImageOfPage":{"@id":"https:\/\/www.gaveanews.com\/index.php\/2024\/07\/15\/arrascaeta-de-la-cruz-varela-e-vina-veja-o-desempenho-dos-uruguaios-do-flamengo-na-copa-america\/#primaryimage"},"image":{"@id":"https:\/\/www.gaveanews.com\/index.php\/2024\/07\/15\/arrascaeta-de-la-cruz-varela-e-vina-veja-o-desempenho-dos-uruguaios-do-flamengo-na-copa-america\/#primaryimage"},"thumbnailUrl":"https:\/\/www.gaveanews.com\/wp-content\/uploads\/varela-vina-de-la-cruz-arrascaeta-flamengo.webp","datePublished":"2024-07-15T19:50:09+00:00","dateModified":"2024-07-15T19:50:11+00:00","author":{"@id":"https:\/\/www.gaveanews.com\/#\/schema\/person\/714c67050b836198af2450ba1c142a67"},"breadcrumb":{"@id":"https:\/\/www.gaveanews.com\/index.php\/2024\/07\/15\/arrascaeta-de-la-cruz-varela-e-vina-veja-o-desempenho-dos-uruguaios-do-flamengo-na-copa-america\/#breadcrumb"},"inLanguage":"pt-BR","potentialAction":[{"@type":"ReadAction","target":["https:\/\/www.gaveanews.com\/index.php\/2024\/07\/15\/arrascaeta-de-la-cruz-varela-e-vina-veja-o-desempenho-dos-uruguaios-do-flamengo-na-copa-america\/"]}]},{"@type":"ImageObject","inLanguage":"pt-BR","@id":"https:\/\/www.gaveanews.com\/index.php\/2024\/07\/15\/arrascaeta-de-la-cruz-varela-e-vina-veja-o-desempenho-dos-uruguaios-do-flamengo-na-copa-america\/#primaryimage","url":"https:\/\/www.gaveanews.com\/wp-content\/uploads\/varela-vina-de-la-cruz-arrascaeta-flamengo.webp","contentUrl":"https:\/\/www.gaveanews.com\/wp-content\/uploads\/varela-vina-de-la-cruz-arrascaeta-flamengo.webp","width":676,"height":450,"caption":"Quarteto uruguaio posa para foto em chegada de Vi\u00f1a ao Flamengo (Foto: Gilvan de Souza\/Flamengo)"},{"@type":"BreadcrumbList","@id":"https:\/\/www.gaveanews.com\/index.php\/2024\/07\/15\/arrascaeta-de-la-cruz-varela-e-vina-veja-o-desempenho-dos-uruguaios-do-flamengo-na-copa-america\/#breadcrumb","itemListElement":[{"@type":"ListItem","position":1,"name":"Home","item":"https:\/\/www.gaveanews.com\/"},{"@type":"ListItem","position":2,"name":"Arrascaeta, De la Cruz, Varela e Vi\u00f1a: veja o desempenho dos uruguaios do Flamengo na Copa Am\u00e9rica"}]},{"@type":"WebSite","@id":"https:\/\/www.gaveanews.com\/#website","url":"https:\/\/www.gaveanews.com\/","name":"G\u00e1vea News","description":"Veja todas as not\u00edcias sobre o Flamengo: Contrata\u00e7\u00f5es, categorias de base, resultados das partidas, tabela de classifica\u00e7\u00e3o, pr\u00f3ximos jogos!","potentialAction":[{"@type":"SearchAction","target":{"@type":"EntryPoint","urlTemplate":"https:\/\/www.gaveanews.com\/?s={search_term_string}"},"query-input":{"@type":"PropertyValueSpecification","valueRequired":true,"valueName":"search_term_string"}}],"inLanguage":"pt-BR"},{"@type":"Person","@id":"https:\/\/www.gaveanews.com\/#\/schema\/person\/714c67050b836198af2450ba1c142a67","name":"Let\u00edcia Gerheim","image":{"@type":"ImageObject","inLanguage":"pt-BR","@id":"https:\/\/www.gaveanews.com\/#\/schema\/person\/image\/","url":"https:\/\/secure.gravatar.com\/avatar\/60734739c50fcebfbac509e2a826ccd0ff405c019bc73aab9354f19ecad1dcb4?s=96&d=mm&r=g","contentUrl":"https:\/\/secure.gravatar.com\/avatar\/60734739c50fcebfbac509e2a826ccd0ff405c019bc73aab9354f19ecad1dcb4?s=96&d=mm&r=g","caption":"Let\u00edcia Gerheim"}}]}},"_links":{"self":[{"href":"https:\/\/www.gaveanews.com\/index.php\/wp-json\/wp\/v2\/posts\/152389","targetHints":{"allow":["GET"]}}],"collection":[{"href":"https:\/\/www.gaveanews.com\/index.php\/wp-json\/wp\/v2\/posts"}],"about":[{"href":"https:\/\/www.gaveanews.com\/index.php\/wp-json\/wp\/v2\/types\/post"}],"author":[{"embeddable":true,"href":"https:\/\/www.gaveanews.com\/index.php\/wp-json\/wp\/v2\/users\/4"}],"replies":[{"embeddable":true,"href":"https:\/\/www.gaveanews.com\/index.php\/wp-json\/wp\/v2\/comments?post=152389"}],"version-history":[{"count":1,"href":"https:\/\/www.gaveanews.com\/index.php\/wp-json\/wp\/v2\/posts\/152389\/revisions"}],"predecessor-version":[{"id":152418,"href":"https:\/\/www.gaveanews.com\/index.php\/wp-json\/wp\/v2\/posts\/152389\/revisions\/152418"}],"wp:featuredmedia":[{"embeddable":true,"href":"https:\/\/www.gaveanews.com\/index.php\/wp-json\/wp\/v2\/media\/123772"}],"wp:attachment":[{"href":"https:\/\/www.gaveanews.com\/index.php\/wp-json\/wp\/v2\/media?parent=152389"}],"wp:term":[{"taxonomy":"category","embeddable":true,"href":"https:\/\/www.gaveanews.com\/index.php\/wp-json\/wp\/v2\/categories?post=152389"},{"taxonomy":"post_tag","embeddable":true,"href":"https:\/\/www.gaveanews.com\/index.php\/wp-json\/wp\/v2\/tags?post=152389"}],"curies":[{"name":"wp","href":"https:\/\/api.w.org\/{rel}","templated":true}]}}