{"id":152519,"date":"2024-07-16T10:50:00","date_gmt":"2024-07-16T13:50:00","guid":{"rendered":"https:\/\/www.gaveanews.com\/?p=152519"},"modified":"2024-07-16T10:09:44","modified_gmt":"2024-07-16T13:09:44","slug":"volante-e-punido-pela-diretoria-antes-do-jogo-entre-flamengo-x-criciuma","status":"publish","type":"post","link":"https:\/\/www.gaveanews.com\/index.php\/2024\/07\/16\/volante-e-punido-pela-diretoria-antes-do-jogo-entre-flamengo-x-criciuma\/","title":{"rendered":"Volante \u00e9 punido pela diretoria antes do jogo entre Flamengo x Crici\u00fama"},"content":{"rendered":"\n<h2 class=\"wp-block-heading\" id=\"h-criciuma-afasta-meia-antes-de-encarar-o-flamengo\">Crici\u00fama afasta meia antes de encarar o Flamengo<\/h2>\n\n\n\n<p><a href=\"https:\/\/mengopress.com.br\/criciuma-afasta-meia-antes-de-encarar-o-flamengo\/\"><\/a>Na tarde desta sexta-feira, o meio-campista Baltasar Barcia se reapresentou junto ao time do Crici\u00fama. Mesmo n\u00e3o tendo atuado no empate contra o Fluminense, ele realizou um treino na academia do CT Antenor Angeloni.<\/p>\n\n\n\n<ul class=\"wp-block-list\">\n<li><a href=\"https:\/\/www.gaveanews.com\/index.php\/2024\/07\/15\/flamengo-x-criciuma-veja-quantos-ingressos-ja-foram-vendidos\/\">Flamengo x Crici\u00fama: Veja quantos ingressos j\u00e1 foram vendidos<\/a><\/li>\n\n\n\n<li><a href=\"https:\/\/www.gaveanews.com\/index.php\/2024\/07\/15\/arrascaeta-de-la-cruz-varela-e-vina-veja-o-desempenho-dos-uruguaios-do-flamengo-na-copa-america\/\">Arrascaeta, De la Cruz, Varela e Vi\u00f1a: veja o desempenho dos uruguaios do Flamengo na Copa Am\u00e9rica<\/a><\/li>\n<\/ul>\n\n\n\n<p>Contudo, antes da partida de domingo, o Crici\u00fama enfrentar\u00e1 o Corinthians na Neo Qu\u00edmica Arena nesta ter\u00e7a-feira (16). Para esse jogo, o t\u00e9cnico Cl\u00e1udio Tencati n\u00e3o dever\u00e1 contar com o meio-campista uruguaio Baltasar Barcia.<\/p>\n\n\n\n<p>Barcia foi advertido e multado pelo clube catarinense no m\u00eas passado por causa de seu comportamento fora de campo. Nesta temporada, ele chegou emprestado do Independiente e participou de 18 jogos at\u00e9 agora.<\/p>\n\n\n\n<figure class=\"wp-block-image size-full\"><img loading=\"lazy\" decoding=\"async\" width=\"984\" height=\"703\" src=\"https:\/\/www.gaveanews.com\/wp-content\/uploads\/snapinsta.app-448827151-18029919869318180-1803489577722417653-n-1080.avif\" alt=\"\" class=\"wp-image-152525\" \/><figcaption class=\"wp-element-caption\">Baltasar Barcia volante do Crici\u00fama \u2014 Foto: Redes sociais\n\n<\/figcaption><\/figure>\n\n\n\n<p>De acordo com informa\u00e7\u00f5es, \u00e9 improv\u00e1vel que o meio-campista vista a camisa do Crici\u00fama novamente este ano. Apesar de ter retornado normalmente ao CT na \u00faltima sexta-feira e ter treinado na academia com os demais jogadores, ele n\u00e3o faz mais parte dos planos de Tencati.<\/p>\n\n\n\n<p>O jogador, que teve bastante destaque durante o Campeonato Catarinense, perdeu espa\u00e7o devido a problemas disciplinares e acabou sendo punido. O Crici\u00fama tratou a situa\u00e7\u00e3o com discri\u00e7\u00e3o, mas deixou claro que Barcia n\u00e3o est\u00e1 mais nos planos do t\u00e9cnico Claudio Tencati.<\/p>\n\n\n\n<p>O atacante chegou ao Crici\u00fama em janeiro e disputou 18 partidas pelo Crici\u00fama, que desejou boa sorte ao atleta nos pr\u00f3ximos desafios. Ele tem 23 anos e ainda n\u00e3o marcou nenhum gol pelo time catarinense.<\/p>\n","protected":false},"excerpt":{"rendered":"<p>Volante \u00e9 punido pela diretoria antes do jogo entre Flamengo x Crici\u00fama<\/p>\n","protected":false},"author":16,"featured_media":152526,"comment_status":"open","ping_status":"closed","sticky":false,"template":"","format":"standard","meta":{"footnotes":""},"categories":[142,1],"tags":[],"class_list":["post-152519","post","type-post","status-publish","format-standard","has-post-thumbnail","hentry","category-criciuma","category-flamengo"],"yoast_head":"<!-- This site is optimized with the Yoast SEO Premium plugin v24.2 (Yoast SEO v26.9) - https:\/\/yoast.com\/product\/yoast-seo-premium-wordpress\/ -->\n<title>Volante \u00e9 punido pela diretoria antes do jogo entre Flamengo x Crici\u00fama<\/title>\n<meta name=\"robots\" content=\"index, follow, max-snippet:-1, max-image-preview:large, max-video-preview:-1\" \/>\n<link rel=\"canonical\" href=\"https:\/\/www.gaveanews.com\/index.php\/2024\/07\/16\/volante-e-punido-pela-diretoria-antes-do-jogo-entre-flamengo-x-criciuma\/\" \/>\n<meta property=\"og:locale\" content=\"pt_BR\" \/>\n<meta property=\"og:type\" content=\"article\" \/>\n<meta property=\"og:title\" content=\"Volante \u00e9 punido pela diretoria antes do jogo entre Flamengo x Crici\u00fama\" \/>\n<meta property=\"og:description\" content=\"Volante \u00e9 punido pela diretoria antes do jogo entre Flamengo x Crici\u00fama\" \/>\n<meta property=\"og:url\" content=\"https:\/\/www.gaveanews.com\/index.php\/2024\/07\/16\/volante-e-punido-pela-diretoria-antes-do-jogo-entre-flamengo-x-criciuma\/\" \/>\n<meta property=\"og:site_name\" content=\"G\u00e1vea News\" \/>\n<meta property=\"article:publisher\" content=\"https:\/\/facebook.com\/gaveaNews\/\" \/>\n<meta property=\"article:published_time\" content=\"2024-07-16T13:50:00+00:00\" \/>\n<meta property=\"og:image\" content=\"https:\/\/www.gaveanews.com\/wp-content\/uploads\/2567-17654.webp\" \/>\n\t<meta property=\"og:image:width\" content=\"984\" \/>\n\t<meta property=\"og:image:height\" content=\"656\" \/>\n\t<meta property=\"og:image:type\" content=\"image\/webp\" \/>\n<meta name=\"author\" content=\"D\u00e9bora Figueiredo\" \/>\n<meta name=\"twitter:card\" content=\"summary_large_image\" \/>\n<meta name=\"twitter:label1\" content=\"Escrito por\" \/>\n\t<meta name=\"twitter:data1\" content=\"D\u00e9bora Figueiredo\" \/>\n\t<meta name=\"twitter:label2\" content=\"Est. tempo de leitura\" \/>\n\t<meta name=\"twitter:data2\" content=\"2 minutos\" \/>\n<script type=\"application\/ld+json\" class=\"yoast-schema-graph\">{\"@context\":\"https:\/\/schema.org\",\"@graph\":[{\"@type\":\"NewsArticle\",\"@id\":\"https:\/\/www.gaveanews.com\/index.php\/2024\/07\/16\/volante-e-punido-pela-diretoria-antes-do-jogo-entre-flamengo-x-criciuma\/#article\",\"isPartOf\":{\"@id\":\"https:\/\/www.gaveanews.com\/index.php\/2024\/07\/16\/volante-e-punido-pela-diretoria-antes-do-jogo-entre-flamengo-x-criciuma\/\"},\"author\":{\"name\":\"D\u00e9bora Figueiredo\",\"@id\":\"https:\/\/www.gaveanews.com\/#\/schema\/person\/37122681a8575a5c8db05a56f099a5e4\"},\"headline\":\"Volante \u00e9 punido pela diretoria antes do jogo entre Flamengo x Crici\u00fama\",\"datePublished\":\"2024-07-16T13:50:00+00:00\",\"mainEntityOfPage\":{\"@id\":\"https:\/\/www.gaveanews.com\/index.php\/2024\/07\/16\/volante-e-punido-pela-diretoria-antes-do-jogo-entre-flamengo-x-criciuma\/\"},\"wordCount\":299,\"commentCount\":0,\"image\":{\"@id\":\"https:\/\/www.gaveanews.com\/index.php\/2024\/07\/16\/volante-e-punido-pela-diretoria-antes-do-jogo-entre-flamengo-x-criciuma\/#primaryimage\"},\"thumbnailUrl\":\"https:\/\/www.gaveanews.com\/wp-content\/uploads\/2567-17654.webp\",\"articleSection\":[\"Crici\u00fama\",\"Flamengo\"],\"inLanguage\":\"pt-BR\",\"potentialAction\":[{\"@type\":\"CommentAction\",\"name\":\"Comment\",\"target\":[\"https:\/\/www.gaveanews.com\/index.php\/2024\/07\/16\/volante-e-punido-pela-diretoria-antes-do-jogo-entre-flamengo-x-criciuma\/#respond\"]}],\"copyrightYear\":\"2024\",\"copyrightHolder\":{\"@id\":\"https:\/\/www.gaveanews.com\/#organization\"}},{\"@type\":\"WebPage\",\"@id\":\"https:\/\/www.gaveanews.com\/index.php\/2024\/07\/16\/volante-e-punido-pela-diretoria-antes-do-jogo-entre-flamengo-x-criciuma\/\",\"url\":\"https:\/\/www.gaveanews.com\/index.php\/2024\/07\/16\/volante-e-punido-pela-diretoria-antes-do-jogo-entre-flamengo-x-criciuma\/\",\"name\":\"Volante \u00e9 punido pela diretoria antes do jogo entre Flamengo x Crici\u00fama\",\"isPartOf\":{\"@id\":\"https:\/\/www.gaveanews.com\/#website\"},\"primaryImageOfPage\":{\"@id\":\"https:\/\/www.gaveanews.com\/index.php\/2024\/07\/16\/volante-e-punido-pela-diretoria-antes-do-jogo-entre-flamengo-x-criciuma\/#primaryimage\"},\"image\":{\"@id\":\"https:\/\/www.gaveanews.com\/index.php\/2024\/07\/16\/volante-e-punido-pela-diretoria-antes-do-jogo-entre-flamengo-x-criciuma\/#primaryimage\"},\"thumbnailUrl\":\"https:\/\/www.gaveanews.com\/wp-content\/uploads\/2567-17654.webp\",\"datePublished\":\"2024-07-16T13:50:00+00:00\",\"author\":{\"@id\":\"https:\/\/www.gaveanews.com\/#\/schema\/person\/37122681a8575a5c8db05a56f099a5e4\"},\"breadcrumb\":{\"@id\":\"https:\/\/www.gaveanews.com\/index.php\/2024\/07\/16\/volante-e-punido-pela-diretoria-antes-do-jogo-entre-flamengo-x-criciuma\/#breadcrumb\"},\"inLanguage\":\"pt-BR\",\"potentialAction\":[{\"@type\":\"ReadAction\",\"target\":[\"https:\/\/www.gaveanews.com\/index.php\/2024\/07\/16\/volante-e-punido-pela-diretoria-antes-do-jogo-entre-flamengo-x-criciuma\/\"]}]},{\"@type\":\"ImageObject\",\"inLanguage\":\"pt-BR\",\"@id\":\"https:\/\/www.gaveanews.com\/index.php\/2024\/07\/16\/volante-e-punido-pela-diretoria-antes-do-jogo-entre-flamengo-x-criciuma\/#primaryimage\",\"url\":\"https:\/\/www.gaveanews.com\/wp-content\/uploads\/2567-17654.webp\",\"contentUrl\":\"https:\/\/www.gaveanews.com\/wp-content\/uploads\/2567-17654.webp\",\"width\":984,\"height\":656,\"caption\":\"Elenco j\u00e1 renovou com seis atletas e comiss\u00e3o t\u00e9cnica \u2014 Foto: Celso da Luz\/Crici\u00fama E.C.\"},{\"@type\":\"BreadcrumbList\",\"@id\":\"https:\/\/www.gaveanews.com\/index.php\/2024\/07\/16\/volante-e-punido-pela-diretoria-antes-do-jogo-entre-flamengo-x-criciuma\/#breadcrumb\",\"itemListElement\":[{\"@type\":\"ListItem\",\"position\":1,\"name\":\"Home\",\"item\":\"https:\/\/www.gaveanews.com\/\"},{\"@type\":\"ListItem\",\"position\":2,\"name\":\"Volante \u00e9 punido pela diretoria antes do jogo entre Flamengo x Crici\u00fama\"}]},{\"@type\":\"WebSite\",\"@id\":\"https:\/\/www.gaveanews.com\/#website\",\"url\":\"https:\/\/www.gaveanews.com\/\",\"name\":\"G\u00e1vea News\",\"description\":\"Veja todas as not\u00edcias sobre o Flamengo: Contrata\u00e7\u00f5es, categorias de base, resultados das partidas, tabela de classifica\u00e7\u00e3o, pr\u00f3ximos jogos!\",\"potentialAction\":[{\"@type\":\"SearchAction\",\"target\":{\"@type\":\"EntryPoint\",\"urlTemplate\":\"https:\/\/www.gaveanews.com\/?s={search_term_string}\"},\"query-input\":{\"@type\":\"PropertyValueSpecification\",\"valueRequired\":true,\"valueName\":\"search_term_string\"}}],\"inLanguage\":\"pt-BR\"},{\"@type\":\"Person\",\"@id\":\"https:\/\/www.gaveanews.com\/#\/schema\/person\/37122681a8575a5c8db05a56f099a5e4\",\"name\":\"D\u00e9bora Figueiredo\",\"image\":{\"@type\":\"ImageObject\",\"inLanguage\":\"pt-BR\",\"@id\":\"https:\/\/www.gaveanews.com\/#\/schema\/person\/image\/\",\"url\":\"https:\/\/secure.gravatar.com\/avatar\/1f44802859351588499d26f52aed1d15796ce17e67602895b72837c08018868d?s=96&d=mm&r=g\",\"contentUrl\":\"https:\/\/secure.gravatar.com\/avatar\/1f44802859351588499d26f52aed1d15796ce17e67602895b72837c08018868d?s=96&d=mm&r=g\",\"caption\":\"D\u00e9bora Figueiredo\"}}]}<\/script>\n<!-- \/ Yoast SEO Premium plugin. -->","yoast_head_json":{"title":"Volante \u00e9 punido pela diretoria antes do jogo entre Flamengo x Crici\u00fama","robots":{"index":"index","follow":"follow","max-snippet":"max-snippet:-1","max-image-preview":"max-image-preview:large","max-video-preview":"max-video-preview:-1"},"canonical":"https:\/\/www.gaveanews.com\/index.php\/2024\/07\/16\/volante-e-punido-pela-diretoria-antes-do-jogo-entre-flamengo-x-criciuma\/","og_locale":"pt_BR","og_type":"article","og_title":"Volante \u00e9 punido pela diretoria antes do jogo entre Flamengo x Crici\u00fama","og_description":"Volante \u00e9 punido pela diretoria antes do jogo entre Flamengo x Crici\u00fama","og_url":"https:\/\/www.gaveanews.com\/index.php\/2024\/07\/16\/volante-e-punido-pela-diretoria-antes-do-jogo-entre-flamengo-x-criciuma\/","og_site_name":"G\u00e1vea News","article_publisher":"https:\/\/facebook.com\/gaveaNews\/","article_published_time":"2024-07-16T13:50:00+00:00","og_image":[{"width":984,"height":656,"url":"https:\/\/www.gaveanews.com\/wp-content\/uploads\/2567-17654.webp","type":"image\/webp"}],"author":"D\u00e9bora Figueiredo","twitter_card":"summary_large_image","twitter_misc":{"Escrito por":"D\u00e9bora Figueiredo","Est. tempo de leitura":"2 minutos"},"schema":{"@context":"https:\/\/schema.org","@graph":[{"@type":"NewsArticle","@id":"https:\/\/www.gaveanews.com\/index.php\/2024\/07\/16\/volante-e-punido-pela-diretoria-antes-do-jogo-entre-flamengo-x-criciuma\/#article","isPartOf":{"@id":"https:\/\/www.gaveanews.com\/index.php\/2024\/07\/16\/volante-e-punido-pela-diretoria-antes-do-jogo-entre-flamengo-x-criciuma\/"},"author":{"name":"D\u00e9bora Figueiredo","@id":"https:\/\/www.gaveanews.com\/#\/schema\/person\/37122681a8575a5c8db05a56f099a5e4"},"headline":"Volante \u00e9 punido pela diretoria antes do jogo entre Flamengo x Crici\u00fama","datePublished":"2024-07-16T13:50:00+00:00","mainEntityOfPage":{"@id":"https:\/\/www.gaveanews.com\/index.php\/2024\/07\/16\/volante-e-punido-pela-diretoria-antes-do-jogo-entre-flamengo-x-criciuma\/"},"wordCount":299,"commentCount":0,"image":{"@id":"https:\/\/www.gaveanews.com\/index.php\/2024\/07\/16\/volante-e-punido-pela-diretoria-antes-do-jogo-entre-flamengo-x-criciuma\/#primaryimage"},"thumbnailUrl":"https:\/\/www.gaveanews.com\/wp-content\/uploads\/2567-17654.webp","articleSection":["Crici\u00fama","Flamengo"],"inLanguage":"pt-BR","potentialAction":[{"@type":"CommentAction","name":"Comment","target":["https:\/\/www.gaveanews.com\/index.php\/2024\/07\/16\/volante-e-punido-pela-diretoria-antes-do-jogo-entre-flamengo-x-criciuma\/#respond"]}],"copyrightYear":"2024","copyrightHolder":{"@id":"https:\/\/www.gaveanews.com\/#organization"}},{"@type":"WebPage","@id":"https:\/\/www.gaveanews.com\/index.php\/2024\/07\/16\/volante-e-punido-pela-diretoria-antes-do-jogo-entre-flamengo-x-criciuma\/","url":"https:\/\/www.gaveanews.com\/index.php\/2024\/07\/16\/volante-e-punido-pela-diretoria-antes-do-jogo-entre-flamengo-x-criciuma\/","name":"Volante \u00e9 punido pela diretoria antes do jogo entre Flamengo x Crici\u00fama","isPartOf":{"@id":"https:\/\/www.gaveanews.com\/#website"},"primaryImageOfPage":{"@id":"https:\/\/www.gaveanews.com\/index.php\/2024\/07\/16\/volante-e-punido-pela-diretoria-antes-do-jogo-entre-flamengo-x-criciuma\/#primaryimage"},"image":{"@id":"https:\/\/www.gaveanews.com\/index.php\/2024\/07\/16\/volante-e-punido-pela-diretoria-antes-do-jogo-entre-flamengo-x-criciuma\/#primaryimage"},"thumbnailUrl":"https:\/\/www.gaveanews.com\/wp-content\/uploads\/2567-17654.webp","datePublished":"2024-07-16T13:50:00+00:00","author":{"@id":"https:\/\/www.gaveanews.com\/#\/schema\/person\/37122681a8575a5c8db05a56f099a5e4"},"breadcrumb":{"@id":"https:\/\/www.gaveanews.com\/index.php\/2024\/07\/16\/volante-e-punido-pela-diretoria-antes-do-jogo-entre-flamengo-x-criciuma\/#breadcrumb"},"inLanguage":"pt-BR","potentialAction":[{"@type":"ReadAction","target":["https:\/\/www.gaveanews.com\/index.php\/2024\/07\/16\/volante-e-punido-pela-diretoria-antes-do-jogo-entre-flamengo-x-criciuma\/"]}]},{"@type":"ImageObject","inLanguage":"pt-BR","@id":"https:\/\/www.gaveanews.com\/index.php\/2024\/07\/16\/volante-e-punido-pela-diretoria-antes-do-jogo-entre-flamengo-x-criciuma\/#primaryimage","url":"https:\/\/www.gaveanews.com\/wp-content\/uploads\/2567-17654.webp","contentUrl":"https:\/\/www.gaveanews.com\/wp-content\/uploads\/2567-17654.webp","width":984,"height":656,"caption":"Elenco j\u00e1 renovou com seis atletas e comiss\u00e3o t\u00e9cnica \u2014 Foto: Celso da Luz\/Crici\u00fama E.C."},{"@type":"BreadcrumbList","@id":"https:\/\/www.gaveanews.com\/index.php\/2024\/07\/16\/volante-e-punido-pela-diretoria-antes-do-jogo-entre-flamengo-x-criciuma\/#breadcrumb","itemListElement":[{"@type":"ListItem","position":1,"name":"Home","item":"https:\/\/www.gaveanews.com\/"},{"@type":"ListItem","position":2,"name":"Volante \u00e9 punido pela diretoria antes do jogo entre Flamengo x Crici\u00fama"}]},{"@type":"WebSite","@id":"https:\/\/www.gaveanews.com\/#website","url":"https:\/\/www.gaveanews.com\/","name":"G\u00e1vea News","description":"Veja todas as not\u00edcias sobre o Flamengo: Contrata\u00e7\u00f5es, categorias de base, resultados das partidas, tabela de classifica\u00e7\u00e3o, pr\u00f3ximos jogos!","potentialAction":[{"@type":"SearchAction","target":{"@type":"EntryPoint","urlTemplate":"https:\/\/www.gaveanews.com\/?s={search_term_string}"},"query-input":{"@type":"PropertyValueSpecification","valueRequired":true,"valueName":"search_term_string"}}],"inLanguage":"pt-BR"},{"@type":"Person","@id":"https:\/\/www.gaveanews.com\/#\/schema\/person\/37122681a8575a5c8db05a56f099a5e4","name":"D\u00e9bora Figueiredo","image":{"@type":"ImageObject","inLanguage":"pt-BR","@id":"https:\/\/www.gaveanews.com\/#\/schema\/person\/image\/","url":"https:\/\/secure.gravatar.com\/avatar\/1f44802859351588499d26f52aed1d15796ce17e67602895b72837c08018868d?s=96&d=mm&r=g","contentUrl":"https:\/\/secure.gravatar.com\/avatar\/1f44802859351588499d26f52aed1d15796ce17e67602895b72837c08018868d?s=96&d=mm&r=g","caption":"D\u00e9bora Figueiredo"}}]}},"_links":{"self":[{"href":"https:\/\/www.gaveanews.com\/index.php\/wp-json\/wp\/v2\/posts\/152519","targetHints":{"allow":["GET"]}}],"collection":[{"href":"https:\/\/www.gaveanews.com\/index.php\/wp-json\/wp\/v2\/posts"}],"about":[{"href":"https:\/\/www.gaveanews.com\/index.php\/wp-json\/wp\/v2\/types\/post"}],"author":[{"embeddable":true,"href":"https:\/\/www.gaveanews.com\/index.php\/wp-json\/wp\/v2\/users\/16"}],"replies":[{"embeddable":true,"href":"https:\/\/www.gaveanews.com\/index.php\/wp-json\/wp\/v2\/comments?post=152519"}],"version-history":[{"count":1,"href":"https:\/\/www.gaveanews.com\/index.php\/wp-json\/wp\/v2\/posts\/152519\/revisions"}],"predecessor-version":[{"id":152527,"href":"https:\/\/www.gaveanews.com\/index.php\/wp-json\/wp\/v2\/posts\/152519\/revisions\/152527"}],"wp:featuredmedia":[{"embeddable":true,"href":"https:\/\/www.gaveanews.com\/index.php\/wp-json\/wp\/v2\/media\/152526"}],"wp:attachment":[{"href":"https:\/\/www.gaveanews.com\/index.php\/wp-json\/wp\/v2\/media?parent=152519"}],"wp:term":[{"taxonomy":"category","embeddable":true,"href":"https:\/\/www.gaveanews.com\/index.php\/wp-json\/wp\/v2\/categories?post=152519"},{"taxonomy":"post_tag","embeddable":true,"href":"https:\/\/www.gaveanews.com\/index.php\/wp-json\/wp\/v2\/tags?post=152519"}],"curies":[{"name":"wp","href":"https:\/\/api.w.org\/{rel}","templated":true}]}}