{"id":152530,"date":"2024-07-16T11:20:00","date_gmt":"2024-07-16T14:20:00","guid":{"rendered":"https:\/\/www.gaveanews.com\/?p=152530"},"modified":"2024-07-16T11:01:24","modified_gmt":"2024-07-16T14:01:24","slug":"ele-foi-campeao-com-filipe-luis-no-flamengo-mas-agora-vai-jogar-no-fluminense","status":"publish","type":"post","link":"https:\/\/www.gaveanews.com\/index.php\/2024\/07\/16\/ele-foi-campeao-com-filipe-luis-no-flamengo-mas-agora-vai-jogar-no-fluminense\/","title":{"rendered":"Ele foi campe\u00e3o com Filipe Lu\u00eds no Flamengo mas agora vai jogar no Fluminense"},"content":{"rendered":"\n<h2 class=\"wp-block-heading\" id=\"h-fluminense-acerta-contratacao-de-jorge-amorim\">Fluminense acerta contrata\u00e7\u00e3o de Jorge Amorim <\/h2>\n\n\n\n<p>Nesta segunda-feira (15), o Tricolor das Laranjeiras apresentou Jorge Amorim, de 17 anos, que foi contratado pelo Flamengo em novembro de 2023. O atacante, que \u00e9 de Nova Igua\u00e7u, assinou um contrato de empr\u00e9stimo at\u00e9 meio de 2025, semelhante ao do Meng\u00e3o. Filipe Lu\u00eds liderou o grupo do jovem campe\u00e3o da Copa Rio Sub-17 neste ano. Seu clube atual perdeu na fase de grupos.<\/p>\n\n\n\n<ul class=\"wp-block-list\">\n<li><a href=\"https:\/\/www.gaveanews.com\/index.php\/2024\/07\/16\/meia-especulado-no-flamengo-pode-fechar-com-o-barcelona\/\">Fluminense acerta contrata\u00e7\u00e3o de Jorge Amorim para o Sub-17<\/a><\/li>\n\n\n\n<li><a href=\"https:\/\/www.gaveanews.com\/index.php\/2024\/07\/16\/meia-do-flamengo-e-negociado-para-os-emirados-arabes\/\">Meia especulado no Flamengo pode fechar com o Barcelona <\/a><\/li>\n<\/ul>\n\n\n\n<p><em>\u2013 Estou me sentindo muito bem. Fui extremamente abra\u00e7ado e acolhido quando cheguei aqui, como se j\u00e1 estivesse em casa. Ent\u00e3o, minha expectativa \u00e9 a melhor poss\u00edvel. Quero buscar meu espa\u00e7o e conquistar t\u00edtulos com esse grande clube, declarou o jogador de 17 anos, novo refor\u00e7o do Fluminense.<\/em><\/p>\n\n\n\n<p>O jogador chamou a aten\u00e7\u00e3o do Flamengo ap\u00f3s Jorge marcar um gol contra seu novo clube, o Nova Igua\u00e7u, pelo torneiro Guilherme Embry em 2023. O jogador tamb\u00e9m foi vice-artilheiro do campeonato, marcando nove gols em oito jogos. O Meng\u00e3o e outros clubes do futebol brasileiro se interessaram pelos n\u00fameros positivos.<\/p>\n\n\n\n<figure class=\"wp-block-image size-full\"><img loading=\"lazy\" decoding=\"async\" width=\"678\" height=\"381\" src=\"https:\/\/www.gaveanews.com\/wp-content\/uploads\/85418541851451-678x381-1.webp\" alt=\"\" class=\"wp-image-152543\" srcset=\"https:\/\/www.gaveanews.com\/wp-content\/uploads\/85418541851451-678x381-1.webp 678w, https:\/\/www.gaveanews.com\/wp-content\/uploads\/85418541851451-678x381-1-300x169.webp 300w, https:\/\/www.gaveanews.com\/wp-content\/uploads\/85418541851451-678x381-1-640x360.webp 640w, https:\/\/www.gaveanews.com\/wp-content\/uploads\/85418541851451-678x381-1-100x56.webp 100w\" sizes=\"auto, (max-width: 678px) 100vw, 678px\" \/><figcaption class=\"wp-element-caption\">Foto: Fluminense<\/figcaption><\/figure>\n\n\n\n<p>Jorge n\u00e3o conseguiu o sucesso esperado durante sua breve passagem no Flamengo. O atacante jogou apenas tr\u00eas vezes durante a competi\u00e7\u00e3o, na qual foi campe\u00e3o com o treinador Filipe Lu\u00eds. Quando venceu o Resende por 6 a 0, entrou na segunda etapa, mas perdeu para Botafogo por 3 a 2 e Nova Igua\u00e7u por 1 a 0, respectivamente. Ambos os jogadores come\u00e7aram como titulares.<\/p>\n\n\n\n<p>Ap\u00f3s o t\u00edtulo, o jogador do Meng\u00e3o e treinador da base do clube deixou o sub-17 e assumiu o sub-20. Na \u00faltima partida da categoria, ele venceu de forma heroica por 3 a 2. O time liderado por Filipe Lu\u00eds est\u00e1 em primeiro lugar na Ta\u00e7a Guanabara com todo o aproveitamento. 18 pontos, com oito vit\u00f3rias em seis jogos.<\/p>\n\n\n\n<p>Ele j\u00e1 faz parte da equipe treinada por Felipe Canavan e tem a oportunidade de fazer sua estreia no jogo desta ter\u00e7a-feira (16\/07), contra o S\u00e3o Paulo, pela terceira rodada do Brasileir\u00e3o Sub-17. O Est\u00e1dio Marcelo Portugal em Cotia (SP) \u00e9 onde a bola rola \u00e0s 16h.<\/p>\n","protected":false},"excerpt":{"rendered":"<p>Ele foi campe\u00e3o com Filipe Lu\u00eds no Flamengo mas agora vai jogar no Fluminense<\/p>\n","protected":false},"author":16,"featured_media":149413,"comment_status":"open","ping_status":"closed","sticky":false,"template":"","format":"standard","meta":{"footnotes":""},"categories":[1,145],"tags":[],"class_list":["post-152530","post","type-post","status-publish","format-standard","has-post-thumbnail","hentry","category-flamengo","category-fluminense"],"yoast_head":"<!-- This site is optimized with the Yoast SEO Premium plugin v24.2 (Yoast SEO v26.9) - https:\/\/yoast.com\/product\/yoast-seo-premium-wordpress\/ -->\n<title>Ele foi campe\u00e3o com Filipe Lu\u00eds no Flamengo mas agora vai jogar no Fluminense<\/title>\n<meta name=\"robots\" content=\"index, follow, max-snippet:-1, max-image-preview:large, max-video-preview:-1\" \/>\n<link rel=\"canonical\" href=\"https:\/\/www.gaveanews.com\/index.php\/2024\/07\/16\/ele-foi-campeao-com-filipe-luis-no-flamengo-mas-agora-vai-jogar-no-fluminense\/\" \/>\n<meta property=\"og:locale\" content=\"pt_BR\" \/>\n<meta property=\"og:type\" content=\"article\" \/>\n<meta property=\"og:title\" content=\"Ele foi campe\u00e3o com Filipe Lu\u00eds no Flamengo mas agora vai jogar no Fluminense\" \/>\n<meta property=\"og:description\" content=\"Ele foi campe\u00e3o com Filipe Lu\u00eds no Flamengo mas agora vai jogar no Fluminense\" \/>\n<meta property=\"og:url\" content=\"https:\/\/www.gaveanews.com\/index.php\/2024\/07\/16\/ele-foi-campeao-com-filipe-luis-no-flamengo-mas-agora-vai-jogar-no-fluminense\/\" \/>\n<meta property=\"og:site_name\" content=\"G\u00e1vea News\" \/>\n<meta property=\"article:publisher\" content=\"https:\/\/facebook.com\/gaveaNews\/\" \/>\n<meta property=\"article:published_time\" content=\"2024-07-16T14:20:00+00:00\" \/>\n<meta property=\"og:image\" content=\"https:\/\/www.gaveanews.com\/wp-content\/uploads\/Filipe-Luis-tecnico-do-sub-20-do-Flamengo.webp\" \/>\n\t<meta property=\"og:image:width\" content=\"1443\" \/>\n\t<meta property=\"og:image:height\" content=\"962\" \/>\n\t<meta property=\"og:image:type\" content=\"image\/webp\" \/>\n<meta name=\"author\" content=\"D\u00e9bora Figueiredo\" \/>\n<meta name=\"twitter:card\" content=\"summary_large_image\" \/>\n<meta name=\"twitter:label1\" content=\"Escrito por\" \/>\n\t<meta name=\"twitter:data1\" content=\"D\u00e9bora Figueiredo\" \/>\n\t<meta name=\"twitter:label2\" content=\"Est. tempo de leitura\" \/>\n\t<meta name=\"twitter:data2\" content=\"3 minutos\" \/>\n<script type=\"application\/ld+json\" class=\"yoast-schema-graph\">{\"@context\":\"https:\/\/schema.org\",\"@graph\":[{\"@type\":\"NewsArticle\",\"@id\":\"https:\/\/www.gaveanews.com\/index.php\/2024\/07\/16\/ele-foi-campeao-com-filipe-luis-no-flamengo-mas-agora-vai-jogar-no-fluminense\/#article\",\"isPartOf\":{\"@id\":\"https:\/\/www.gaveanews.com\/index.php\/2024\/07\/16\/ele-foi-campeao-com-filipe-luis-no-flamengo-mas-agora-vai-jogar-no-fluminense\/\"},\"author\":{\"name\":\"D\u00e9bora Figueiredo\",\"@id\":\"https:\/\/www.gaveanews.com\/#\/schema\/person\/37122681a8575a5c8db05a56f099a5e4\"},\"headline\":\"Ele foi campe\u00e3o com Filipe Lu\u00eds no Flamengo mas agora vai jogar no Fluminense\",\"datePublished\":\"2024-07-16T14:20:00+00:00\",\"mainEntityOfPage\":{\"@id\":\"https:\/\/www.gaveanews.com\/index.php\/2024\/07\/16\/ele-foi-campeao-com-filipe-luis-no-flamengo-mas-agora-vai-jogar-no-fluminense\/\"},\"wordCount\":391,\"commentCount\":0,\"image\":{\"@id\":\"https:\/\/www.gaveanews.com\/index.php\/2024\/07\/16\/ele-foi-campeao-com-filipe-luis-no-flamengo-mas-agora-vai-jogar-no-fluminense\/#primaryimage\"},\"thumbnailUrl\":\"https:\/\/www.gaveanews.com\/wp-content\/uploads\/Filipe-Luis-tecnico-do-sub-20-do-Flamengo.webp\",\"articleSection\":[\"Flamengo\",\"Fluminense\"],\"inLanguage\":\"pt-BR\",\"potentialAction\":[{\"@type\":\"CommentAction\",\"name\":\"Comment\",\"target\":[\"https:\/\/www.gaveanews.com\/index.php\/2024\/07\/16\/ele-foi-campeao-com-filipe-luis-no-flamengo-mas-agora-vai-jogar-no-fluminense\/#respond\"]}],\"copyrightYear\":\"2024\",\"copyrightHolder\":{\"@id\":\"https:\/\/www.gaveanews.com\/#organization\"}},{\"@type\":\"WebPage\",\"@id\":\"https:\/\/www.gaveanews.com\/index.php\/2024\/07\/16\/ele-foi-campeao-com-filipe-luis-no-flamengo-mas-agora-vai-jogar-no-fluminense\/\",\"url\":\"https:\/\/www.gaveanews.com\/index.php\/2024\/07\/16\/ele-foi-campeao-com-filipe-luis-no-flamengo-mas-agora-vai-jogar-no-fluminense\/\",\"name\":\"Ele foi campe\u00e3o com Filipe Lu\u00eds no Flamengo mas agora vai jogar no Fluminense\",\"isPartOf\":{\"@id\":\"https:\/\/www.gaveanews.com\/#website\"},\"primaryImageOfPage\":{\"@id\":\"https:\/\/www.gaveanews.com\/index.php\/2024\/07\/16\/ele-foi-campeao-com-filipe-luis-no-flamengo-mas-agora-vai-jogar-no-fluminense\/#primaryimage\"},\"image\":{\"@id\":\"https:\/\/www.gaveanews.com\/index.php\/2024\/07\/16\/ele-foi-campeao-com-filipe-luis-no-flamengo-mas-agora-vai-jogar-no-fluminense\/#primaryimage\"},\"thumbnailUrl\":\"https:\/\/www.gaveanews.com\/wp-content\/uploads\/Filipe-Luis-tecnico-do-sub-20-do-Flamengo.webp\",\"datePublished\":\"2024-07-16T14:20:00+00:00\",\"author\":{\"@id\":\"https:\/\/www.gaveanews.com\/#\/schema\/person\/37122681a8575a5c8db05a56f099a5e4\"},\"breadcrumb\":{\"@id\":\"https:\/\/www.gaveanews.com\/index.php\/2024\/07\/16\/ele-foi-campeao-com-filipe-luis-no-flamengo-mas-agora-vai-jogar-no-fluminense\/#breadcrumb\"},\"inLanguage\":\"pt-BR\",\"potentialAction\":[{\"@type\":\"ReadAction\",\"target\":[\"https:\/\/www.gaveanews.com\/index.php\/2024\/07\/16\/ele-foi-campeao-com-filipe-luis-no-flamengo-mas-agora-vai-jogar-no-fluminense\/\"]}]},{\"@type\":\"ImageObject\",\"inLanguage\":\"pt-BR\",\"@id\":\"https:\/\/www.gaveanews.com\/index.php\/2024\/07\/16\/ele-foi-campeao-com-filipe-luis-no-flamengo-mas-agora-vai-jogar-no-fluminense\/#primaryimage\",\"url\":\"https:\/\/www.gaveanews.com\/wp-content\/uploads\/Filipe-Luis-tecnico-do-sub-20-do-Flamengo.webp\",\"contentUrl\":\"https:\/\/www.gaveanews.com\/wp-content\/uploads\/Filipe-Luis-tecnico-do-sub-20-do-Flamengo.webp\",\"width\":1443,\"height\":962,\"caption\":\"Filipe Lu\u00eds, t\u00e9cnico do sub-20 do Flamengo (Foto: Reprodu\u00e7\u00e3o\/Instagram)\"},{\"@type\":\"BreadcrumbList\",\"@id\":\"https:\/\/www.gaveanews.com\/index.php\/2024\/07\/16\/ele-foi-campeao-com-filipe-luis-no-flamengo-mas-agora-vai-jogar-no-fluminense\/#breadcrumb\",\"itemListElement\":[{\"@type\":\"ListItem\",\"position\":1,\"name\":\"Home\",\"item\":\"https:\/\/www.gaveanews.com\/\"},{\"@type\":\"ListItem\",\"position\":2,\"name\":\"Ele foi campe\u00e3o com Filipe Lu\u00eds no Flamengo mas agora vai jogar no Fluminense\"}]},{\"@type\":\"WebSite\",\"@id\":\"https:\/\/www.gaveanews.com\/#website\",\"url\":\"https:\/\/www.gaveanews.com\/\",\"name\":\"G\u00e1vea News\",\"description\":\"Veja todas as not\u00edcias sobre o Flamengo: Contrata\u00e7\u00f5es, categorias de base, resultados das partidas, tabela de classifica\u00e7\u00e3o, pr\u00f3ximos jogos!\",\"potentialAction\":[{\"@type\":\"SearchAction\",\"target\":{\"@type\":\"EntryPoint\",\"urlTemplate\":\"https:\/\/www.gaveanews.com\/?s={search_term_string}\"},\"query-input\":{\"@type\":\"PropertyValueSpecification\",\"valueRequired\":true,\"valueName\":\"search_term_string\"}}],\"inLanguage\":\"pt-BR\"},{\"@type\":\"Person\",\"@id\":\"https:\/\/www.gaveanews.com\/#\/schema\/person\/37122681a8575a5c8db05a56f099a5e4\",\"name\":\"D\u00e9bora Figueiredo\",\"image\":{\"@type\":\"ImageObject\",\"inLanguage\":\"pt-BR\",\"@id\":\"https:\/\/www.gaveanews.com\/#\/schema\/person\/image\/\",\"url\":\"https:\/\/secure.gravatar.com\/avatar\/1f44802859351588499d26f52aed1d15796ce17e67602895b72837c08018868d?s=96&d=mm&r=g\",\"contentUrl\":\"https:\/\/secure.gravatar.com\/avatar\/1f44802859351588499d26f52aed1d15796ce17e67602895b72837c08018868d?s=96&d=mm&r=g\",\"caption\":\"D\u00e9bora Figueiredo\"}}]}<\/script>\n<!-- \/ Yoast SEO Premium plugin. -->","yoast_head_json":{"title":"Ele foi campe\u00e3o com Filipe Lu\u00eds no Flamengo mas agora vai jogar no Fluminense","robots":{"index":"index","follow":"follow","max-snippet":"max-snippet:-1","max-image-preview":"max-image-preview:large","max-video-preview":"max-video-preview:-1"},"canonical":"https:\/\/www.gaveanews.com\/index.php\/2024\/07\/16\/ele-foi-campeao-com-filipe-luis-no-flamengo-mas-agora-vai-jogar-no-fluminense\/","og_locale":"pt_BR","og_type":"article","og_title":"Ele foi campe\u00e3o com Filipe Lu\u00eds no Flamengo mas agora vai jogar no Fluminense","og_description":"Ele foi campe\u00e3o com Filipe Lu\u00eds no Flamengo mas agora vai jogar no Fluminense","og_url":"https:\/\/www.gaveanews.com\/index.php\/2024\/07\/16\/ele-foi-campeao-com-filipe-luis-no-flamengo-mas-agora-vai-jogar-no-fluminense\/","og_site_name":"G\u00e1vea News","article_publisher":"https:\/\/facebook.com\/gaveaNews\/","article_published_time":"2024-07-16T14:20:00+00:00","og_image":[{"width":1443,"height":962,"url":"https:\/\/www.gaveanews.com\/wp-content\/uploads\/Filipe-Luis-tecnico-do-sub-20-do-Flamengo.webp","type":"image\/webp"}],"author":"D\u00e9bora Figueiredo","twitter_card":"summary_large_image","twitter_misc":{"Escrito por":"D\u00e9bora Figueiredo","Est. tempo de leitura":"3 minutos"},"schema":{"@context":"https:\/\/schema.org","@graph":[{"@type":"NewsArticle","@id":"https:\/\/www.gaveanews.com\/index.php\/2024\/07\/16\/ele-foi-campeao-com-filipe-luis-no-flamengo-mas-agora-vai-jogar-no-fluminense\/#article","isPartOf":{"@id":"https:\/\/www.gaveanews.com\/index.php\/2024\/07\/16\/ele-foi-campeao-com-filipe-luis-no-flamengo-mas-agora-vai-jogar-no-fluminense\/"},"author":{"name":"D\u00e9bora Figueiredo","@id":"https:\/\/www.gaveanews.com\/#\/schema\/person\/37122681a8575a5c8db05a56f099a5e4"},"headline":"Ele foi campe\u00e3o com Filipe Lu\u00eds no Flamengo mas agora vai jogar no Fluminense","datePublished":"2024-07-16T14:20:00+00:00","mainEntityOfPage":{"@id":"https:\/\/www.gaveanews.com\/index.php\/2024\/07\/16\/ele-foi-campeao-com-filipe-luis-no-flamengo-mas-agora-vai-jogar-no-fluminense\/"},"wordCount":391,"commentCount":0,"image":{"@id":"https:\/\/www.gaveanews.com\/index.php\/2024\/07\/16\/ele-foi-campeao-com-filipe-luis-no-flamengo-mas-agora-vai-jogar-no-fluminense\/#primaryimage"},"thumbnailUrl":"https:\/\/www.gaveanews.com\/wp-content\/uploads\/Filipe-Luis-tecnico-do-sub-20-do-Flamengo.webp","articleSection":["Flamengo","Fluminense"],"inLanguage":"pt-BR","potentialAction":[{"@type":"CommentAction","name":"Comment","target":["https:\/\/www.gaveanews.com\/index.php\/2024\/07\/16\/ele-foi-campeao-com-filipe-luis-no-flamengo-mas-agora-vai-jogar-no-fluminense\/#respond"]}],"copyrightYear":"2024","copyrightHolder":{"@id":"https:\/\/www.gaveanews.com\/#organization"}},{"@type":"WebPage","@id":"https:\/\/www.gaveanews.com\/index.php\/2024\/07\/16\/ele-foi-campeao-com-filipe-luis-no-flamengo-mas-agora-vai-jogar-no-fluminense\/","url":"https:\/\/www.gaveanews.com\/index.php\/2024\/07\/16\/ele-foi-campeao-com-filipe-luis-no-flamengo-mas-agora-vai-jogar-no-fluminense\/","name":"Ele foi campe\u00e3o com Filipe Lu\u00eds no Flamengo mas agora vai jogar no Fluminense","isPartOf":{"@id":"https:\/\/www.gaveanews.com\/#website"},"primaryImageOfPage":{"@id":"https:\/\/www.gaveanews.com\/index.php\/2024\/07\/16\/ele-foi-campeao-com-filipe-luis-no-flamengo-mas-agora-vai-jogar-no-fluminense\/#primaryimage"},"image":{"@id":"https:\/\/www.gaveanews.com\/index.php\/2024\/07\/16\/ele-foi-campeao-com-filipe-luis-no-flamengo-mas-agora-vai-jogar-no-fluminense\/#primaryimage"},"thumbnailUrl":"https:\/\/www.gaveanews.com\/wp-content\/uploads\/Filipe-Luis-tecnico-do-sub-20-do-Flamengo.webp","datePublished":"2024-07-16T14:20:00+00:00","author":{"@id":"https:\/\/www.gaveanews.com\/#\/schema\/person\/37122681a8575a5c8db05a56f099a5e4"},"breadcrumb":{"@id":"https:\/\/www.gaveanews.com\/index.php\/2024\/07\/16\/ele-foi-campeao-com-filipe-luis-no-flamengo-mas-agora-vai-jogar-no-fluminense\/#breadcrumb"},"inLanguage":"pt-BR","potentialAction":[{"@type":"ReadAction","target":["https:\/\/www.gaveanews.com\/index.php\/2024\/07\/16\/ele-foi-campeao-com-filipe-luis-no-flamengo-mas-agora-vai-jogar-no-fluminense\/"]}]},{"@type":"ImageObject","inLanguage":"pt-BR","@id":"https:\/\/www.gaveanews.com\/index.php\/2024\/07\/16\/ele-foi-campeao-com-filipe-luis-no-flamengo-mas-agora-vai-jogar-no-fluminense\/#primaryimage","url":"https:\/\/www.gaveanews.com\/wp-content\/uploads\/Filipe-Luis-tecnico-do-sub-20-do-Flamengo.webp","contentUrl":"https:\/\/www.gaveanews.com\/wp-content\/uploads\/Filipe-Luis-tecnico-do-sub-20-do-Flamengo.webp","width":1443,"height":962,"caption":"Filipe Lu\u00eds, t\u00e9cnico do sub-20 do Flamengo (Foto: Reprodu\u00e7\u00e3o\/Instagram)"},{"@type":"BreadcrumbList","@id":"https:\/\/www.gaveanews.com\/index.php\/2024\/07\/16\/ele-foi-campeao-com-filipe-luis-no-flamengo-mas-agora-vai-jogar-no-fluminense\/#breadcrumb","itemListElement":[{"@type":"ListItem","position":1,"name":"Home","item":"https:\/\/www.gaveanews.com\/"},{"@type":"ListItem","position":2,"name":"Ele foi campe\u00e3o com Filipe Lu\u00eds no Flamengo mas agora vai jogar no Fluminense"}]},{"@type":"WebSite","@id":"https:\/\/www.gaveanews.com\/#website","url":"https:\/\/www.gaveanews.com\/","name":"G\u00e1vea News","description":"Veja todas as not\u00edcias sobre o Flamengo: Contrata\u00e7\u00f5es, categorias de base, resultados das partidas, tabela de classifica\u00e7\u00e3o, pr\u00f3ximos jogos!","potentialAction":[{"@type":"SearchAction","target":{"@type":"EntryPoint","urlTemplate":"https:\/\/www.gaveanews.com\/?s={search_term_string}"},"query-input":{"@type":"PropertyValueSpecification","valueRequired":true,"valueName":"search_term_string"}}],"inLanguage":"pt-BR"},{"@type":"Person","@id":"https:\/\/www.gaveanews.com\/#\/schema\/person\/37122681a8575a5c8db05a56f099a5e4","name":"D\u00e9bora Figueiredo","image":{"@type":"ImageObject","inLanguage":"pt-BR","@id":"https:\/\/www.gaveanews.com\/#\/schema\/person\/image\/","url":"https:\/\/secure.gravatar.com\/avatar\/1f44802859351588499d26f52aed1d15796ce17e67602895b72837c08018868d?s=96&d=mm&r=g","contentUrl":"https:\/\/secure.gravatar.com\/avatar\/1f44802859351588499d26f52aed1d15796ce17e67602895b72837c08018868d?s=96&d=mm&r=g","caption":"D\u00e9bora Figueiredo"}}]}},"_links":{"self":[{"href":"https:\/\/www.gaveanews.com\/index.php\/wp-json\/wp\/v2\/posts\/152530","targetHints":{"allow":["GET"]}}],"collection":[{"href":"https:\/\/www.gaveanews.com\/index.php\/wp-json\/wp\/v2\/posts"}],"about":[{"href":"https:\/\/www.gaveanews.com\/index.php\/wp-json\/wp\/v2\/types\/post"}],"author":[{"embeddable":true,"href":"https:\/\/www.gaveanews.com\/index.php\/wp-json\/wp\/v2\/users\/16"}],"replies":[{"embeddable":true,"href":"https:\/\/www.gaveanews.com\/index.php\/wp-json\/wp\/v2\/comments?post=152530"}],"version-history":[{"count":1,"href":"https:\/\/www.gaveanews.com\/index.php\/wp-json\/wp\/v2\/posts\/152530\/revisions"}],"predecessor-version":[{"id":152544,"href":"https:\/\/www.gaveanews.com\/index.php\/wp-json\/wp\/v2\/posts\/152530\/revisions\/152544"}],"wp:featuredmedia":[{"embeddable":true,"href":"https:\/\/www.gaveanews.com\/index.php\/wp-json\/wp\/v2\/media\/149413"}],"wp:attachment":[{"href":"https:\/\/www.gaveanews.com\/index.php\/wp-json\/wp\/v2\/media?parent=152530"}],"wp:term":[{"taxonomy":"category","embeddable":true,"href":"https:\/\/www.gaveanews.com\/index.php\/wp-json\/wp\/v2\/categories?post=152530"},{"taxonomy":"post_tag","embeddable":true,"href":"https:\/\/www.gaveanews.com\/index.php\/wp-json\/wp\/v2\/tags?post=152530"}],"curies":[{"name":"wp","href":"https:\/\/api.w.org\/{rel}","templated":true}]}}