{"id":152552,"date":"2024-07-16T12:30:00","date_gmt":"2024-07-16T15:30:00","guid":{"rendered":"https:\/\/www.gaveanews.com\/?p=152552"},"modified":"2024-07-16T12:07:28","modified_gmt":"2024-07-16T15:07:28","slug":"fluminense-encaminha-mais-uma-rescisao","status":"publish","type":"post","link":"https:\/\/www.gaveanews.com\/index.php\/2024\/07\/16\/fluminense-encaminha-mais-uma-rescisao\/","title":{"rendered":"Fluminense encaminha mais uma rescis\u00e3o"},"content":{"rendered":"\n<p>O Fluminense est\u00e1 cada dia mais pr\u00f3ximo de encaminhar mais uma rescis\u00e3o contratual dentro do elenco de Mano Menzes, dessa vez, de uma das maiores contrata\u00e7\u00f5es da diretoria e consequentemente, uma das maiores decep\u00e7\u00f5es do futebol brasileiro.<\/p>\n\n\n\n<p>Douglas Costa foi contratado pelo Fluminense ap\u00f3s uma p\u00e9ssima e apagada passagem pelo Gr\u00eamio, aonde saiu bastante brigado com a diretoria ga\u00facha, mas parece que com o tricolor carioca n\u00e3o vai ser diferente.<\/p>\n\n\n\n<ul class=\"wp-block-list\">\n<li><a href=\"https:\/\/www.gaveanews.com\/index.php\/2024\/07\/16\/ele-foi-campeao-com-filipe-luis-no-flamengo-mas-agora-vai-jogar-no-fluminense\/\">Ele foi campe\u00e3o com Filipe Lu\u00eds no Flamengo mas agora vai jogar no Fluminense<\/a><\/li>\n\n\n\n<li><a href=\"https:\/\/www.gaveanews.com\/index.php\/2024\/07\/16\/ele-foi-campeao-brasileiro-pelo-fluminense-e-agora-e-tecnico-no-barcelona\/\">Ele foi campe\u00e3o brasileiro pelo Fluminense e agora \u00e9 t\u00e9cnico no Barcelona<\/a><\/li>\n<\/ul>\n\n\n\n<p>Fluminense e Douglas Costa est\u00e3o em constantes reuni\u00f5es para acertarem a rescis\u00e3o contratual do jogador. Eles j\u00e1 conseguiram entrar em um acordo para colocar fim aos termos, de acordo com o GE. O contrato do jogador era de produtividade e ele aceitou diminuir o valor para se encaixar aos moldes do clube. O tricolor n\u00e3o considera alto o valor da rescis\u00e3o.<\/p>\n\n\n\n<p>Douglas Costa foi campe\u00e3o da Recopa Sul Americana pelo tricolor carioca. Tem 22 jogos, nenhum gol e deu uma assist\u00eancia a gol. Quem foi o nome crucial para a contrata\u00e7\u00e3o dele foi o t\u00e9cnico Fernando Diniz, que ligou para o jogador assim que ele estava fechando contrato com o Samsunspor, da Turquia, que tinha o interesse de compr\u00e1-lo do Gr\u00eamio.<\/p>\n\n\n\n<p>Douglas Costa ficou famoso na Europa, fez excelentes temporadas por Bayern de Munique e Juventus conseguindo atuar na Copa do Mundo de 2018 e ser um dos principais jogadores do elenco de Tite na elimina\u00e7\u00e3o para a B\u00e9lgica na \u00e9poca.<\/p>\n\n\n\n<p>Sua volta ao Brasil foi conturbada, n\u00e3o conseguiu espa\u00e7o e n\u00e3o estava atuando bem, n\u00e3o fez gols e n\u00e3o participou de grandes jogadas no elenco do tricolor ga\u00facho e do tricolor carioca.<\/p>\n\n\n\n<h2 class=\"wp-block-heading\" id=\"h-qual-a-proxima-partida-do-fluminense\">Qual a pr\u00f3xima partida do Fluminense?<\/h2>\n\n\n\n<p>O Fluminense volta a campo no pr\u00f3ximo domingo (21), \u00e0s 20 horas contra o Cuiab\u00e1 na Arena Pantanal. O jogo ser\u00e1 uma final para o clube que se encontra na lanterna da competi\u00e7\u00e3o com 8 pontos ganhos em 15 jogos disputados.<\/p>\n","protected":false},"excerpt":{"rendered":"<p>O Fluminense est\u00e1 cada dia mais pr\u00f3ximo de encaminhar mais uma rescis\u00e3o contratual dentro do elenco de Mano Menzes, dessa vez, de uma das maiores contrata\u00e7\u00f5es da diretoria e consequentemente, uma das maiores decep\u00e7\u00f5es do futebol brasileiro. Douglas Costa foi contratado pelo Fluminense ap\u00f3s uma p\u00e9ssima e apagada passagem pelo Gr\u00eamio, aonde saiu bastante brigado [&hellip;]<\/p>\n","protected":false},"author":19,"featured_media":152558,"comment_status":"open","ping_status":"closed","sticky":false,"template":"","format":"standard","meta":{"footnotes":""},"categories":[145],"tags":[],"class_list":["post-152552","post","type-post","status-publish","format-standard","has-post-thumbnail","hentry","category-fluminense"],"yoast_head":"<!-- This site is optimized with the Yoast SEO Premium plugin v24.2 (Yoast SEO v26.9) - https:\/\/yoast.com\/product\/yoast-seo-premium-wordpress\/ -->\n<title>Fluminense encaminha mais uma rescis\u00e3o<\/title>\n<meta name=\"robots\" content=\"index, follow, max-snippet:-1, max-image-preview:large, max-video-preview:-1\" \/>\n<link rel=\"canonical\" href=\"https:\/\/www.gaveanews.com\/index.php\/2024\/07\/16\/fluminense-encaminha-mais-uma-rescisao\/\" \/>\n<meta property=\"og:locale\" content=\"pt_BR\" \/>\n<meta property=\"og:type\" content=\"article\" \/>\n<meta property=\"og:title\" content=\"Fluminense encaminha mais uma rescis\u00e3o\" \/>\n<meta property=\"og:description\" content=\"O Fluminense est\u00e1 cada dia mais pr\u00f3ximo de encaminhar mais uma rescis\u00e3o contratual dentro do elenco de Mano Menzes, dessa vez, de uma das maiores contrata\u00e7\u00f5es da diretoria e consequentemente, uma das maiores decep\u00e7\u00f5es do futebol brasileiro. Douglas Costa foi contratado pelo Fluminense ap\u00f3s uma p\u00e9ssima e apagada passagem pelo Gr\u00eamio, aonde saiu bastante brigado [&hellip;]\" \/>\n<meta property=\"og:url\" content=\"https:\/\/www.gaveanews.com\/index.php\/2024\/07\/16\/fluminense-encaminha-mais-uma-rescisao\/\" \/>\n<meta property=\"og:site_name\" content=\"G\u00e1vea News\" \/>\n<meta property=\"article:publisher\" content=\"https:\/\/facebook.com\/gaveaNews\/\" \/>\n<meta property=\"article:published_time\" content=\"2024-07-16T15:30:00+00:00\" \/>\n<meta property=\"og:image\" content=\"https:\/\/www.gaveanews.com\/wp-content\/uploads\/Bandeira-do-Fluminense.webp\" \/>\n\t<meta property=\"og:image:width\" content=\"1440\" \/>\n\t<meta property=\"og:image:height\" content=\"1080\" \/>\n\t<meta property=\"og:image:type\" content=\"image\/webp\" \/>\n<meta name=\"author\" content=\"Bruno Zanchetta\" \/>\n<meta name=\"twitter:card\" content=\"summary_large_image\" \/>\n<meta name=\"twitter:label1\" content=\"Escrito por\" \/>\n\t<meta name=\"twitter:data1\" content=\"Bruno Zanchetta\" \/>\n\t<meta name=\"twitter:label2\" content=\"Est. tempo de leitura\" \/>\n\t<meta name=\"twitter:data2\" content=\"3 minutos\" \/>\n<script type=\"application\/ld+json\" class=\"yoast-schema-graph\">{\"@context\":\"https:\/\/schema.org\",\"@graph\":[{\"@type\":\"NewsArticle\",\"@id\":\"https:\/\/www.gaveanews.com\/index.php\/2024\/07\/16\/fluminense-encaminha-mais-uma-rescisao\/#article\",\"isPartOf\":{\"@id\":\"https:\/\/www.gaveanews.com\/index.php\/2024\/07\/16\/fluminense-encaminha-mais-uma-rescisao\/\"},\"author\":{\"name\":\"Bruno Zanchetta\",\"@id\":\"https:\/\/www.gaveanews.com\/#\/schema\/person\/32fddefab25b466689f181be346cd98c\"},\"headline\":\"Fluminense encaminha mais uma rescis\u00e3o\",\"datePublished\":\"2024-07-16T15:30:00+00:00\",\"mainEntityOfPage\":{\"@id\":\"https:\/\/www.gaveanews.com\/index.php\/2024\/07\/16\/fluminense-encaminha-mais-uma-rescisao\/\"},\"wordCount\":370,\"commentCount\":0,\"image\":{\"@id\":\"https:\/\/www.gaveanews.com\/index.php\/2024\/07\/16\/fluminense-encaminha-mais-uma-rescisao\/#primaryimage\"},\"thumbnailUrl\":\"https:\/\/www.gaveanews.com\/wp-content\/uploads\/Bandeira-do-Fluminense.webp\",\"articleSection\":[\"Fluminense\"],\"inLanguage\":\"pt-BR\",\"potentialAction\":[{\"@type\":\"CommentAction\",\"name\":\"Comment\",\"target\":[\"https:\/\/www.gaveanews.com\/index.php\/2024\/07\/16\/fluminense-encaminha-mais-uma-rescisao\/#respond\"]}],\"copyrightYear\":\"2024\",\"copyrightHolder\":{\"@id\":\"https:\/\/www.gaveanews.com\/#organization\"}},{\"@type\":\"WebPage\",\"@id\":\"https:\/\/www.gaveanews.com\/index.php\/2024\/07\/16\/fluminense-encaminha-mais-uma-rescisao\/\",\"url\":\"https:\/\/www.gaveanews.com\/index.php\/2024\/07\/16\/fluminense-encaminha-mais-uma-rescisao\/\",\"name\":\"Fluminense encaminha mais uma rescis\u00e3o\",\"isPartOf\":{\"@id\":\"https:\/\/www.gaveanews.com\/#website\"},\"primaryImageOfPage\":{\"@id\":\"https:\/\/www.gaveanews.com\/index.php\/2024\/07\/16\/fluminense-encaminha-mais-uma-rescisao\/#primaryimage\"},\"image\":{\"@id\":\"https:\/\/www.gaveanews.com\/index.php\/2024\/07\/16\/fluminense-encaminha-mais-uma-rescisao\/#primaryimage\"},\"thumbnailUrl\":\"https:\/\/www.gaveanews.com\/wp-content\/uploads\/Bandeira-do-Fluminense.webp\",\"datePublished\":\"2024-07-16T15:30:00+00:00\",\"author\":{\"@id\":\"https:\/\/www.gaveanews.com\/#\/schema\/person\/32fddefab25b466689f181be346cd98c\"},\"breadcrumb\":{\"@id\":\"https:\/\/www.gaveanews.com\/index.php\/2024\/07\/16\/fluminense-encaminha-mais-uma-rescisao\/#breadcrumb\"},\"inLanguage\":\"pt-BR\",\"potentialAction\":[{\"@type\":\"ReadAction\",\"target\":[\"https:\/\/www.gaveanews.com\/index.php\/2024\/07\/16\/fluminense-encaminha-mais-uma-rescisao\/\"]}]},{\"@type\":\"ImageObject\",\"inLanguage\":\"pt-BR\",\"@id\":\"https:\/\/www.gaveanews.com\/index.php\/2024\/07\/16\/fluminense-encaminha-mais-uma-rescisao\/#primaryimage\",\"url\":\"https:\/\/www.gaveanews.com\/wp-content\/uploads\/Bandeira-do-Fluminense.webp\",\"contentUrl\":\"https:\/\/www.gaveanews.com\/wp-content\/uploads\/Bandeira-do-Fluminense.webp\",\"width\":1440,\"height\":1080,\"caption\":\"Bandeira do Fluminense (Foto: Reprodu\u00e7\u00e3o\/Fluminense)\"},{\"@type\":\"BreadcrumbList\",\"@id\":\"https:\/\/www.gaveanews.com\/index.php\/2024\/07\/16\/fluminense-encaminha-mais-uma-rescisao\/#breadcrumb\",\"itemListElement\":[{\"@type\":\"ListItem\",\"position\":1,\"name\":\"Home\",\"item\":\"https:\/\/www.gaveanews.com\/\"},{\"@type\":\"ListItem\",\"position\":2,\"name\":\"Fluminense encaminha mais uma rescis\u00e3o\"}]},{\"@type\":\"WebSite\",\"@id\":\"https:\/\/www.gaveanews.com\/#website\",\"url\":\"https:\/\/www.gaveanews.com\/\",\"name\":\"G\u00e1vea News\",\"description\":\"Veja todas as not\u00edcias sobre o Flamengo: Contrata\u00e7\u00f5es, categorias de base, resultados das partidas, tabela de classifica\u00e7\u00e3o, pr\u00f3ximos jogos!\",\"potentialAction\":[{\"@type\":\"SearchAction\",\"target\":{\"@type\":\"EntryPoint\",\"urlTemplate\":\"https:\/\/www.gaveanews.com\/?s={search_term_string}\"},\"query-input\":{\"@type\":\"PropertyValueSpecification\",\"valueRequired\":true,\"valueName\":\"search_term_string\"}}],\"inLanguage\":\"pt-BR\"},{\"@type\":\"Person\",\"@id\":\"https:\/\/www.gaveanews.com\/#\/schema\/person\/32fddefab25b466689f181be346cd98c\",\"name\":\"Bruno Zanchetta\",\"image\":{\"@type\":\"ImageObject\",\"inLanguage\":\"pt-BR\",\"@id\":\"https:\/\/www.gaveanews.com\/#\/schema\/person\/image\/\",\"url\":\"https:\/\/secure.gravatar.com\/avatar\/3ba2d39f8a912ad65276975a996d6ad8d9e3dd13448684be8dc4d7c17099d2ee?s=96&d=mm&r=g\",\"contentUrl\":\"https:\/\/secure.gravatar.com\/avatar\/3ba2d39f8a912ad65276975a996d6ad8d9e3dd13448684be8dc4d7c17099d2ee?s=96&d=mm&r=g\",\"caption\":\"Bruno Zanchetta\"}}]}<\/script>\n<!-- \/ Yoast SEO Premium plugin. -->","yoast_head_json":{"title":"Fluminense encaminha mais uma rescis\u00e3o","robots":{"index":"index","follow":"follow","max-snippet":"max-snippet:-1","max-image-preview":"max-image-preview:large","max-video-preview":"max-video-preview:-1"},"canonical":"https:\/\/www.gaveanews.com\/index.php\/2024\/07\/16\/fluminense-encaminha-mais-uma-rescisao\/","og_locale":"pt_BR","og_type":"article","og_title":"Fluminense encaminha mais uma rescis\u00e3o","og_description":"O Fluminense est\u00e1 cada dia mais pr\u00f3ximo de encaminhar mais uma rescis\u00e3o contratual dentro do elenco de Mano Menzes, dessa vez, de uma das maiores contrata\u00e7\u00f5es da diretoria e consequentemente, uma das maiores decep\u00e7\u00f5es do futebol brasileiro. Douglas Costa foi contratado pelo Fluminense ap\u00f3s uma p\u00e9ssima e apagada passagem pelo Gr\u00eamio, aonde saiu bastante brigado [&hellip;]","og_url":"https:\/\/www.gaveanews.com\/index.php\/2024\/07\/16\/fluminense-encaminha-mais-uma-rescisao\/","og_site_name":"G\u00e1vea News","article_publisher":"https:\/\/facebook.com\/gaveaNews\/","article_published_time":"2024-07-16T15:30:00+00:00","og_image":[{"width":1440,"height":1080,"url":"https:\/\/www.gaveanews.com\/wp-content\/uploads\/Bandeira-do-Fluminense.webp","type":"image\/webp"}],"author":"Bruno Zanchetta","twitter_card":"summary_large_image","twitter_misc":{"Escrito por":"Bruno Zanchetta","Est. tempo de leitura":"3 minutos"},"schema":{"@context":"https:\/\/schema.org","@graph":[{"@type":"NewsArticle","@id":"https:\/\/www.gaveanews.com\/index.php\/2024\/07\/16\/fluminense-encaminha-mais-uma-rescisao\/#article","isPartOf":{"@id":"https:\/\/www.gaveanews.com\/index.php\/2024\/07\/16\/fluminense-encaminha-mais-uma-rescisao\/"},"author":{"name":"Bruno Zanchetta","@id":"https:\/\/www.gaveanews.com\/#\/schema\/person\/32fddefab25b466689f181be346cd98c"},"headline":"Fluminense encaminha mais uma rescis\u00e3o","datePublished":"2024-07-16T15:30:00+00:00","mainEntityOfPage":{"@id":"https:\/\/www.gaveanews.com\/index.php\/2024\/07\/16\/fluminense-encaminha-mais-uma-rescisao\/"},"wordCount":370,"commentCount":0,"image":{"@id":"https:\/\/www.gaveanews.com\/index.php\/2024\/07\/16\/fluminense-encaminha-mais-uma-rescisao\/#primaryimage"},"thumbnailUrl":"https:\/\/www.gaveanews.com\/wp-content\/uploads\/Bandeira-do-Fluminense.webp","articleSection":["Fluminense"],"inLanguage":"pt-BR","potentialAction":[{"@type":"CommentAction","name":"Comment","target":["https:\/\/www.gaveanews.com\/index.php\/2024\/07\/16\/fluminense-encaminha-mais-uma-rescisao\/#respond"]}],"copyrightYear":"2024","copyrightHolder":{"@id":"https:\/\/www.gaveanews.com\/#organization"}},{"@type":"WebPage","@id":"https:\/\/www.gaveanews.com\/index.php\/2024\/07\/16\/fluminense-encaminha-mais-uma-rescisao\/","url":"https:\/\/www.gaveanews.com\/index.php\/2024\/07\/16\/fluminense-encaminha-mais-uma-rescisao\/","name":"Fluminense encaminha mais uma rescis\u00e3o","isPartOf":{"@id":"https:\/\/www.gaveanews.com\/#website"},"primaryImageOfPage":{"@id":"https:\/\/www.gaveanews.com\/index.php\/2024\/07\/16\/fluminense-encaminha-mais-uma-rescisao\/#primaryimage"},"image":{"@id":"https:\/\/www.gaveanews.com\/index.php\/2024\/07\/16\/fluminense-encaminha-mais-uma-rescisao\/#primaryimage"},"thumbnailUrl":"https:\/\/www.gaveanews.com\/wp-content\/uploads\/Bandeira-do-Fluminense.webp","datePublished":"2024-07-16T15:30:00+00:00","author":{"@id":"https:\/\/www.gaveanews.com\/#\/schema\/person\/32fddefab25b466689f181be346cd98c"},"breadcrumb":{"@id":"https:\/\/www.gaveanews.com\/index.php\/2024\/07\/16\/fluminense-encaminha-mais-uma-rescisao\/#breadcrumb"},"inLanguage":"pt-BR","potentialAction":[{"@type":"ReadAction","target":["https:\/\/www.gaveanews.com\/index.php\/2024\/07\/16\/fluminense-encaminha-mais-uma-rescisao\/"]}]},{"@type":"ImageObject","inLanguage":"pt-BR","@id":"https:\/\/www.gaveanews.com\/index.php\/2024\/07\/16\/fluminense-encaminha-mais-uma-rescisao\/#primaryimage","url":"https:\/\/www.gaveanews.com\/wp-content\/uploads\/Bandeira-do-Fluminense.webp","contentUrl":"https:\/\/www.gaveanews.com\/wp-content\/uploads\/Bandeira-do-Fluminense.webp","width":1440,"height":1080,"caption":"Bandeira do Fluminense (Foto: Reprodu\u00e7\u00e3o\/Fluminense)"},{"@type":"BreadcrumbList","@id":"https:\/\/www.gaveanews.com\/index.php\/2024\/07\/16\/fluminense-encaminha-mais-uma-rescisao\/#breadcrumb","itemListElement":[{"@type":"ListItem","position":1,"name":"Home","item":"https:\/\/www.gaveanews.com\/"},{"@type":"ListItem","position":2,"name":"Fluminense encaminha mais uma rescis\u00e3o"}]},{"@type":"WebSite","@id":"https:\/\/www.gaveanews.com\/#website","url":"https:\/\/www.gaveanews.com\/","name":"G\u00e1vea News","description":"Veja todas as not\u00edcias sobre o Flamengo: Contrata\u00e7\u00f5es, categorias de base, resultados das partidas, tabela de classifica\u00e7\u00e3o, pr\u00f3ximos jogos!","potentialAction":[{"@type":"SearchAction","target":{"@type":"EntryPoint","urlTemplate":"https:\/\/www.gaveanews.com\/?s={search_term_string}"},"query-input":{"@type":"PropertyValueSpecification","valueRequired":true,"valueName":"search_term_string"}}],"inLanguage":"pt-BR"},{"@type":"Person","@id":"https:\/\/www.gaveanews.com\/#\/schema\/person\/32fddefab25b466689f181be346cd98c","name":"Bruno Zanchetta","image":{"@type":"ImageObject","inLanguage":"pt-BR","@id":"https:\/\/www.gaveanews.com\/#\/schema\/person\/image\/","url":"https:\/\/secure.gravatar.com\/avatar\/3ba2d39f8a912ad65276975a996d6ad8d9e3dd13448684be8dc4d7c17099d2ee?s=96&d=mm&r=g","contentUrl":"https:\/\/secure.gravatar.com\/avatar\/3ba2d39f8a912ad65276975a996d6ad8d9e3dd13448684be8dc4d7c17099d2ee?s=96&d=mm&r=g","caption":"Bruno Zanchetta"}}]}},"_links":{"self":[{"href":"https:\/\/www.gaveanews.com\/index.php\/wp-json\/wp\/v2\/posts\/152552","targetHints":{"allow":["GET"]}}],"collection":[{"href":"https:\/\/www.gaveanews.com\/index.php\/wp-json\/wp\/v2\/posts"}],"about":[{"href":"https:\/\/www.gaveanews.com\/index.php\/wp-json\/wp\/v2\/types\/post"}],"author":[{"embeddable":true,"href":"https:\/\/www.gaveanews.com\/index.php\/wp-json\/wp\/v2\/users\/19"}],"replies":[{"embeddable":true,"href":"https:\/\/www.gaveanews.com\/index.php\/wp-json\/wp\/v2\/comments?post=152552"}],"version-history":[{"count":1,"href":"https:\/\/www.gaveanews.com\/index.php\/wp-json\/wp\/v2\/posts\/152552\/revisions"}],"predecessor-version":[{"id":152555,"href":"https:\/\/www.gaveanews.com\/index.php\/wp-json\/wp\/v2\/posts\/152552\/revisions\/152555"}],"wp:featuredmedia":[{"embeddable":true,"href":"https:\/\/www.gaveanews.com\/index.php\/wp-json\/wp\/v2\/media\/152558"}],"wp:attachment":[{"href":"https:\/\/www.gaveanews.com\/index.php\/wp-json\/wp\/v2\/media?parent=152552"}],"wp:term":[{"taxonomy":"category","embeddable":true,"href":"https:\/\/www.gaveanews.com\/index.php\/wp-json\/wp\/v2\/categories?post=152552"},{"taxonomy":"post_tag","embeddable":true,"href":"https:\/\/www.gaveanews.com\/index.php\/wp-json\/wp\/v2\/tags?post=152552"}],"curies":[{"name":"wp","href":"https:\/\/api.w.org\/{rel}","templated":true}]}}