{"id":152632,"date":"2024-07-16T20:24:43","date_gmt":"2024-07-16T23:24:43","guid":{"rendered":"https:\/\/www.gaveanews.com\/?p=152632"},"modified":"2024-07-16T20:24:46","modified_gmt":"2024-07-16T23:24:46","slug":"a-declaracao-de-rafinha-relembrando-sua-passagem-pelo-flamengo","status":"publish","type":"post","link":"https:\/\/www.gaveanews.com\/index.php\/2024\/07\/16\/a-declaracao-de-rafinha-relembrando-sua-passagem-pelo-flamengo\/","title":{"rendered":"A declara\u00e7\u00e3o de Rafinha relembrando sua passagem pelo Flamengo"},"content":{"rendered":"\n<p>Rafinha marcou seu nome na hist\u00f3ria do Flamengo e foi pe\u00e7a fundamental para as conquistas do ano m\u00e1gico de 2019. Em participa\u00e7\u00e3o no podcast &#8217;10 e faixa&#8217;, apresentado por Diego Ribas, o lateral-direito relembrou a passagem pelo Rubro-Negro e deu detalhes de como funcionava os bastidores e a rela\u00e7\u00e3o do elenco.<\/p>\n\n\n\n<ul class=\"wp-block-list\">\n<li><a href=\"https:\/\/www.gaveanews.com\/index.php\/2024\/01\/03\/video-rafinha-relembra-enquadro-que-levou-de-pep-guardiola\/\">V\u00eddeo: Rafinha relembra \u2018enquadro\u2019 que levou de Pep Guardiola<\/a><\/li>\n\n\n\n<li><a href=\"https:\/\/www.gaveanews.com\/index.php\/2024\/07\/16\/flamengo-prepara-anuncio-oficial-de-claudinho\/\">Flamengo prepara an\u00fancio oficial de Claudinho<\/a><\/li>\n<\/ul>\n\n\n\n<p>\u2014 <em>As confus\u00f5es que a gente tinha no vesti\u00e1rio, quando as vezes perdia um jogo no intervalo que as coisas estavam ruins, ningu\u00e9m vai sonhar o que a gente fazia. Todo treino intenso, pegado, todo mundo se respeitava. Eu j\u00e1 joguei mais de 700 jogos na vida, mas sinto saudades daquela resenha, no caminho para o treino, as concentra\u00e7\u00f5es. O jogo era o de menos. Estar naquele ambiente era gostoso demais<\/em>, disse, antes de prosseguir:<\/p>\n\n\n\n<p><em>\u2014<\/em> <em>Estou caminhando para a parte final da carreira, mas, aquele momento que n\u00f3s vivemos, sem d\u00favida, foi um dos melhores momentos da minha carreira. Esquece t\u00edtulo, mas de ambiente. Claro que \u00e9 importante voc\u00ea marcar hist\u00f3ria, mas dar exemplo, quando a gente se encontra, parece que est\u00e1vamos vivendo juntos, voc\u00ea olha um para o outro e se abra\u00e7a. Criou um vinculo t\u00e3o forte, liga para um, liga para outro, parece que estamos juntos todos os dias. Isso a\u00ed voc\u00ea n\u00e3o encontra. Quando a gente passava o morro da Mangueira e descia para o Maracan\u00e3, a gente j\u00e1 sabia que ia atropelar. N\u00e3o tinha para ningu\u00e9m<\/em>, concluiu. <\/p>\n\n\n\n<p>Apresentador do podcast, Diego Ribas era companheiro de Rafinha no ano m\u00e1gico de 2019. Juntos, os dois fizeram parte da hist\u00f3rica campanha que rendeu ao Meng\u00e3o o t\u00edtulo do Campeonato Brasileiro com a maior pontua\u00e7\u00e3o dos pontos corridos e o trof\u00e9u da Copa Libertadores da Am\u00e9rica ap\u00f3s 38 anos da primeira conquista. <\/p>\n\n\n\n<p>Rafinha deixou o Flamengo em 2020 para assinar com o Olympiacos, da Gr\u00e9cia. Na ocasi\u00e3o, o lateral-direito tratou a proposta como irrecus\u00e1vel, e o Fla tentou contrapor com um meio-termo entre valores, mas o jogador entendeu que a sa\u00edda era o melhor para sua carreira.<\/p>\n","protected":false},"excerpt":{"rendered":"<p>Rafinha marcou seu nome na hist\u00f3ria do Flamengo e foi pe\u00e7a fundamental para as conquistas do ano m\u00e1gico de 2019. Em participa\u00e7\u00e3o no podcast &#8217;10 e faixa&#8217;, apresentado por Diego Ribas, o lateral-direito relembrou a passagem pelo Rubro-Negro e deu detalhes de como funcionava os bastidores e a rela\u00e7\u00e3o do elenco. \u2014 As confus\u00f5es que [&hellip;]<\/p>\n","protected":false},"author":18,"featured_media":28892,"comment_status":"open","ping_status":"closed","sticky":false,"template":"","format":"standard","meta":{"footnotes":""},"categories":[1],"tags":[],"class_list":["post-152632","post","type-post","status-publish","format-standard","has-post-thumbnail","hentry","category-flamengo"],"yoast_head":"<!-- This site is optimized with the Yoast SEO Premium plugin v24.2 (Yoast SEO v26.9) - https:\/\/yoast.com\/product\/yoast-seo-premium-wordpress\/ -->\n<title>A declara\u00e7\u00e3o de Rafinha relembrando sua passagem pelo Flamengo<\/title>\n<meta name=\"robots\" content=\"index, follow, max-snippet:-1, max-image-preview:large, max-video-preview:-1\" \/>\n<link rel=\"canonical\" href=\"https:\/\/www.gaveanews.com\/index.php\/2024\/07\/16\/a-declaracao-de-rafinha-relembrando-sua-passagem-pelo-flamengo\/\" \/>\n<meta property=\"og:locale\" content=\"pt_BR\" \/>\n<meta property=\"og:type\" content=\"article\" \/>\n<meta property=\"og:title\" content=\"A declara\u00e7\u00e3o de Rafinha relembrando sua passagem pelo Flamengo\" \/>\n<meta property=\"og:description\" content=\"Rafinha marcou seu nome na hist\u00f3ria do Flamengo e foi pe\u00e7a fundamental para as conquistas do ano m\u00e1gico de 2019. Em participa\u00e7\u00e3o no podcast &#8217;10 e faixa&#8217;, apresentado por Diego Ribas, o lateral-direito relembrou a passagem pelo Rubro-Negro e deu detalhes de como funcionava os bastidores e a rela\u00e7\u00e3o do elenco. \u2014 As confus\u00f5es que [&hellip;]\" \/>\n<meta property=\"og:url\" content=\"https:\/\/www.gaveanews.com\/index.php\/2024\/07\/16\/a-declaracao-de-rafinha-relembrando-sua-passagem-pelo-flamengo\/\" \/>\n<meta property=\"og:site_name\" content=\"G\u00e1vea News\" \/>\n<meta property=\"article:publisher\" content=\"https:\/\/facebook.com\/gaveaNews\/\" \/>\n<meta property=\"article:published_time\" content=\"2024-07-16T23:24:43+00:00\" \/>\n<meta property=\"article:modified_time\" content=\"2024-07-16T23:24:46+00:00\" \/>\n<meta property=\"og:image\" content=\"https:\/\/www.gaveanews.com\/wp-content\/uploads\/Lateral-Rafinha-em-acao-pelo-Flamengo.webp\" \/>\n\t<meta property=\"og:image:width\" content=\"1\" \/>\n\t<meta property=\"og:image:height\" content=\"1\" \/>\n\t<meta property=\"og:image:type\" content=\"image\/jpeg\" \/>\n<meta name=\"author\" content=\"Paula Silva\" \/>\n<meta name=\"twitter:card\" content=\"summary_large_image\" \/>\n<meta name=\"twitter:label1\" content=\"Escrito por\" \/>\n\t<meta name=\"twitter:data1\" content=\"Paula Silva\" \/>\n\t<meta name=\"twitter:label2\" content=\"Est. tempo de leitura\" \/>\n\t<meta name=\"twitter:data2\" content=\"3 minutos\" \/>\n<script type=\"application\/ld+json\" class=\"yoast-schema-graph\">{\"@context\":\"https:\/\/schema.org\",\"@graph\":[{\"@type\":\"NewsArticle\",\"@id\":\"https:\/\/www.gaveanews.com\/index.php\/2024\/07\/16\/a-declaracao-de-rafinha-relembrando-sua-passagem-pelo-flamengo\/#article\",\"isPartOf\":{\"@id\":\"https:\/\/www.gaveanews.com\/index.php\/2024\/07\/16\/a-declaracao-de-rafinha-relembrando-sua-passagem-pelo-flamengo\/\"},\"author\":{\"name\":\"Paula Silva\",\"@id\":\"https:\/\/www.gaveanews.com\/#\/schema\/person\/daf63eec72e1164eb13dc35096c2b8da\"},\"headline\":\"A declara\u00e7\u00e3o de Rafinha relembrando sua passagem pelo Flamengo\",\"datePublished\":\"2024-07-16T23:24:43+00:00\",\"dateModified\":\"2024-07-16T23:24:46+00:00\",\"mainEntityOfPage\":{\"@id\":\"https:\/\/www.gaveanews.com\/index.php\/2024\/07\/16\/a-declaracao-de-rafinha-relembrando-sua-passagem-pelo-flamengo\/\"},\"wordCount\":379,\"commentCount\":0,\"image\":{\"@id\":\"https:\/\/www.gaveanews.com\/index.php\/2024\/07\/16\/a-declaracao-de-rafinha-relembrando-sua-passagem-pelo-flamengo\/#primaryimage\"},\"thumbnailUrl\":\"https:\/\/www.gaveanews.com\/wp-content\/uploads\/Lateral-Rafinha-em-acao-pelo-Flamengo.webp\",\"articleSection\":[\"Flamengo\"],\"inLanguage\":\"pt-BR\",\"potentialAction\":[{\"@type\":\"CommentAction\",\"name\":\"Comment\",\"target\":[\"https:\/\/www.gaveanews.com\/index.php\/2024\/07\/16\/a-declaracao-de-rafinha-relembrando-sua-passagem-pelo-flamengo\/#respond\"]}],\"copyrightYear\":\"2024\",\"copyrightHolder\":{\"@id\":\"https:\/\/www.gaveanews.com\/#organization\"}},{\"@type\":\"WebPage\",\"@id\":\"https:\/\/www.gaveanews.com\/index.php\/2024\/07\/16\/a-declaracao-de-rafinha-relembrando-sua-passagem-pelo-flamengo\/\",\"url\":\"https:\/\/www.gaveanews.com\/index.php\/2024\/07\/16\/a-declaracao-de-rafinha-relembrando-sua-passagem-pelo-flamengo\/\",\"name\":\"A declara\u00e7\u00e3o de Rafinha relembrando sua passagem pelo Flamengo\",\"isPartOf\":{\"@id\":\"https:\/\/www.gaveanews.com\/#website\"},\"primaryImageOfPage\":{\"@id\":\"https:\/\/www.gaveanews.com\/index.php\/2024\/07\/16\/a-declaracao-de-rafinha-relembrando-sua-passagem-pelo-flamengo\/#primaryimage\"},\"image\":{\"@id\":\"https:\/\/www.gaveanews.com\/index.php\/2024\/07\/16\/a-declaracao-de-rafinha-relembrando-sua-passagem-pelo-flamengo\/#primaryimage\"},\"thumbnailUrl\":\"https:\/\/www.gaveanews.com\/wp-content\/uploads\/Lateral-Rafinha-em-acao-pelo-Flamengo.webp\",\"datePublished\":\"2024-07-16T23:24:43+00:00\",\"dateModified\":\"2024-07-16T23:24:46+00:00\",\"author\":{\"@id\":\"https:\/\/www.gaveanews.com\/#\/schema\/person\/daf63eec72e1164eb13dc35096c2b8da\"},\"breadcrumb\":{\"@id\":\"https:\/\/www.gaveanews.com\/index.php\/2024\/07\/16\/a-declaracao-de-rafinha-relembrando-sua-passagem-pelo-flamengo\/#breadcrumb\"},\"inLanguage\":\"pt-BR\",\"potentialAction\":[{\"@type\":\"ReadAction\",\"target\":[\"https:\/\/www.gaveanews.com\/index.php\/2024\/07\/16\/a-declaracao-de-rafinha-relembrando-sua-passagem-pelo-flamengo\/\"]}]},{\"@type\":\"ImageObject\",\"inLanguage\":\"pt-BR\",\"@id\":\"https:\/\/www.gaveanews.com\/index.php\/2024\/07\/16\/a-declaracao-de-rafinha-relembrando-sua-passagem-pelo-flamengo\/#primaryimage\",\"url\":\"https:\/\/www.gaveanews.com\/wp-content\/uploads\/Lateral-Rafinha-em-acao-pelo-Flamengo.webp\",\"contentUrl\":\"https:\/\/www.gaveanews.com\/wp-content\/uploads\/Lateral-Rafinha-em-acao-pelo-Flamengo.webp\",\"caption\":\"Lateral Rafinha em a\u00e7\u00e3o pelo Flamengo (Foto: Marcelo Theobald\/Ag\u00eancia O Globo)\"},{\"@type\":\"BreadcrumbList\",\"@id\":\"https:\/\/www.gaveanews.com\/index.php\/2024\/07\/16\/a-declaracao-de-rafinha-relembrando-sua-passagem-pelo-flamengo\/#breadcrumb\",\"itemListElement\":[{\"@type\":\"ListItem\",\"position\":1,\"name\":\"Home\",\"item\":\"https:\/\/www.gaveanews.com\/\"},{\"@type\":\"ListItem\",\"position\":2,\"name\":\"A declara\u00e7\u00e3o de Rafinha relembrando sua passagem pelo Flamengo\"}]},{\"@type\":\"WebSite\",\"@id\":\"https:\/\/www.gaveanews.com\/#website\",\"url\":\"https:\/\/www.gaveanews.com\/\",\"name\":\"G\u00e1vea News\",\"description\":\"Veja todas as not\u00edcias sobre o Flamengo: Contrata\u00e7\u00f5es, categorias de base, resultados das partidas, tabela de classifica\u00e7\u00e3o, pr\u00f3ximos jogos!\",\"potentialAction\":[{\"@type\":\"SearchAction\",\"target\":{\"@type\":\"EntryPoint\",\"urlTemplate\":\"https:\/\/www.gaveanews.com\/?s={search_term_string}\"},\"query-input\":{\"@type\":\"PropertyValueSpecification\",\"valueRequired\":true,\"valueName\":\"search_term_string\"}}],\"inLanguage\":\"pt-BR\"},{\"@type\":\"Person\",\"@id\":\"https:\/\/www.gaveanews.com\/#\/schema\/person\/daf63eec72e1164eb13dc35096c2b8da\",\"name\":\"Paula Silva\",\"image\":{\"@type\":\"ImageObject\",\"inLanguage\":\"pt-BR\",\"@id\":\"https:\/\/www.gaveanews.com\/#\/schema\/person\/image\/\",\"url\":\"https:\/\/secure.gravatar.com\/avatar\/eda381c845527cc5d64c13b901833cda29d97500ba040d3e6461f76f51d163bb?s=96&d=mm&r=g\",\"contentUrl\":\"https:\/\/secure.gravatar.com\/avatar\/eda381c845527cc5d64c13b901833cda29d97500ba040d3e6461f76f51d163bb?s=96&d=mm&r=g\",\"caption\":\"Paula Silva\"}}]}<\/script>\n<!-- \/ Yoast SEO Premium plugin. -->","yoast_head_json":{"title":"A declara\u00e7\u00e3o de Rafinha relembrando sua passagem pelo Flamengo","robots":{"index":"index","follow":"follow","max-snippet":"max-snippet:-1","max-image-preview":"max-image-preview:large","max-video-preview":"max-video-preview:-1"},"canonical":"https:\/\/www.gaveanews.com\/index.php\/2024\/07\/16\/a-declaracao-de-rafinha-relembrando-sua-passagem-pelo-flamengo\/","og_locale":"pt_BR","og_type":"article","og_title":"A declara\u00e7\u00e3o de Rafinha relembrando sua passagem pelo Flamengo","og_description":"Rafinha marcou seu nome na hist\u00f3ria do Flamengo e foi pe\u00e7a fundamental para as conquistas do ano m\u00e1gico de 2019. Em participa\u00e7\u00e3o no podcast &#8217;10 e faixa&#8217;, apresentado por Diego Ribas, o lateral-direito relembrou a passagem pelo Rubro-Negro e deu detalhes de como funcionava os bastidores e a rela\u00e7\u00e3o do elenco. \u2014 As confus\u00f5es que [&hellip;]","og_url":"https:\/\/www.gaveanews.com\/index.php\/2024\/07\/16\/a-declaracao-de-rafinha-relembrando-sua-passagem-pelo-flamengo\/","og_site_name":"G\u00e1vea News","article_publisher":"https:\/\/facebook.com\/gaveaNews\/","article_published_time":"2024-07-16T23:24:43+00:00","article_modified_time":"2024-07-16T23:24:46+00:00","og_image":[{"url":"https:\/\/www.gaveanews.com\/wp-content\/uploads\/Lateral-Rafinha-em-acao-pelo-Flamengo.webp","width":1,"height":1,"type":"image\/jpeg"}],"author":"Paula Silva","twitter_card":"summary_large_image","twitter_misc":{"Escrito por":"Paula Silva","Est. tempo de leitura":"3 minutos"},"schema":{"@context":"https:\/\/schema.org","@graph":[{"@type":"NewsArticle","@id":"https:\/\/www.gaveanews.com\/index.php\/2024\/07\/16\/a-declaracao-de-rafinha-relembrando-sua-passagem-pelo-flamengo\/#article","isPartOf":{"@id":"https:\/\/www.gaveanews.com\/index.php\/2024\/07\/16\/a-declaracao-de-rafinha-relembrando-sua-passagem-pelo-flamengo\/"},"author":{"name":"Paula Silva","@id":"https:\/\/www.gaveanews.com\/#\/schema\/person\/daf63eec72e1164eb13dc35096c2b8da"},"headline":"A declara\u00e7\u00e3o de Rafinha relembrando sua passagem pelo Flamengo","datePublished":"2024-07-16T23:24:43+00:00","dateModified":"2024-07-16T23:24:46+00:00","mainEntityOfPage":{"@id":"https:\/\/www.gaveanews.com\/index.php\/2024\/07\/16\/a-declaracao-de-rafinha-relembrando-sua-passagem-pelo-flamengo\/"},"wordCount":379,"commentCount":0,"image":{"@id":"https:\/\/www.gaveanews.com\/index.php\/2024\/07\/16\/a-declaracao-de-rafinha-relembrando-sua-passagem-pelo-flamengo\/#primaryimage"},"thumbnailUrl":"https:\/\/www.gaveanews.com\/wp-content\/uploads\/Lateral-Rafinha-em-acao-pelo-Flamengo.webp","articleSection":["Flamengo"],"inLanguage":"pt-BR","potentialAction":[{"@type":"CommentAction","name":"Comment","target":["https:\/\/www.gaveanews.com\/index.php\/2024\/07\/16\/a-declaracao-de-rafinha-relembrando-sua-passagem-pelo-flamengo\/#respond"]}],"copyrightYear":"2024","copyrightHolder":{"@id":"https:\/\/www.gaveanews.com\/#organization"}},{"@type":"WebPage","@id":"https:\/\/www.gaveanews.com\/index.php\/2024\/07\/16\/a-declaracao-de-rafinha-relembrando-sua-passagem-pelo-flamengo\/","url":"https:\/\/www.gaveanews.com\/index.php\/2024\/07\/16\/a-declaracao-de-rafinha-relembrando-sua-passagem-pelo-flamengo\/","name":"A declara\u00e7\u00e3o de Rafinha relembrando sua passagem pelo Flamengo","isPartOf":{"@id":"https:\/\/www.gaveanews.com\/#website"},"primaryImageOfPage":{"@id":"https:\/\/www.gaveanews.com\/index.php\/2024\/07\/16\/a-declaracao-de-rafinha-relembrando-sua-passagem-pelo-flamengo\/#primaryimage"},"image":{"@id":"https:\/\/www.gaveanews.com\/index.php\/2024\/07\/16\/a-declaracao-de-rafinha-relembrando-sua-passagem-pelo-flamengo\/#primaryimage"},"thumbnailUrl":"https:\/\/www.gaveanews.com\/wp-content\/uploads\/Lateral-Rafinha-em-acao-pelo-Flamengo.webp","datePublished":"2024-07-16T23:24:43+00:00","dateModified":"2024-07-16T23:24:46+00:00","author":{"@id":"https:\/\/www.gaveanews.com\/#\/schema\/person\/daf63eec72e1164eb13dc35096c2b8da"},"breadcrumb":{"@id":"https:\/\/www.gaveanews.com\/index.php\/2024\/07\/16\/a-declaracao-de-rafinha-relembrando-sua-passagem-pelo-flamengo\/#breadcrumb"},"inLanguage":"pt-BR","potentialAction":[{"@type":"ReadAction","target":["https:\/\/www.gaveanews.com\/index.php\/2024\/07\/16\/a-declaracao-de-rafinha-relembrando-sua-passagem-pelo-flamengo\/"]}]},{"@type":"ImageObject","inLanguage":"pt-BR","@id":"https:\/\/www.gaveanews.com\/index.php\/2024\/07\/16\/a-declaracao-de-rafinha-relembrando-sua-passagem-pelo-flamengo\/#primaryimage","url":"https:\/\/www.gaveanews.com\/wp-content\/uploads\/Lateral-Rafinha-em-acao-pelo-Flamengo.webp","contentUrl":"https:\/\/www.gaveanews.com\/wp-content\/uploads\/Lateral-Rafinha-em-acao-pelo-Flamengo.webp","caption":"Lateral Rafinha em a\u00e7\u00e3o pelo Flamengo (Foto: Marcelo Theobald\/Ag\u00eancia O Globo)"},{"@type":"BreadcrumbList","@id":"https:\/\/www.gaveanews.com\/index.php\/2024\/07\/16\/a-declaracao-de-rafinha-relembrando-sua-passagem-pelo-flamengo\/#breadcrumb","itemListElement":[{"@type":"ListItem","position":1,"name":"Home","item":"https:\/\/www.gaveanews.com\/"},{"@type":"ListItem","position":2,"name":"A declara\u00e7\u00e3o de Rafinha relembrando sua passagem pelo Flamengo"}]},{"@type":"WebSite","@id":"https:\/\/www.gaveanews.com\/#website","url":"https:\/\/www.gaveanews.com\/","name":"G\u00e1vea News","description":"Veja todas as not\u00edcias sobre o Flamengo: Contrata\u00e7\u00f5es, categorias de base, resultados das partidas, tabela de classifica\u00e7\u00e3o, pr\u00f3ximos jogos!","potentialAction":[{"@type":"SearchAction","target":{"@type":"EntryPoint","urlTemplate":"https:\/\/www.gaveanews.com\/?s={search_term_string}"},"query-input":{"@type":"PropertyValueSpecification","valueRequired":true,"valueName":"search_term_string"}}],"inLanguage":"pt-BR"},{"@type":"Person","@id":"https:\/\/www.gaveanews.com\/#\/schema\/person\/daf63eec72e1164eb13dc35096c2b8da","name":"Paula Silva","image":{"@type":"ImageObject","inLanguage":"pt-BR","@id":"https:\/\/www.gaveanews.com\/#\/schema\/person\/image\/","url":"https:\/\/secure.gravatar.com\/avatar\/eda381c845527cc5d64c13b901833cda29d97500ba040d3e6461f76f51d163bb?s=96&d=mm&r=g","contentUrl":"https:\/\/secure.gravatar.com\/avatar\/eda381c845527cc5d64c13b901833cda29d97500ba040d3e6461f76f51d163bb?s=96&d=mm&r=g","caption":"Paula Silva"}}]}},"_links":{"self":[{"href":"https:\/\/www.gaveanews.com\/index.php\/wp-json\/wp\/v2\/posts\/152632","targetHints":{"allow":["GET"]}}],"collection":[{"href":"https:\/\/www.gaveanews.com\/index.php\/wp-json\/wp\/v2\/posts"}],"about":[{"href":"https:\/\/www.gaveanews.com\/index.php\/wp-json\/wp\/v2\/types\/post"}],"author":[{"embeddable":true,"href":"https:\/\/www.gaveanews.com\/index.php\/wp-json\/wp\/v2\/users\/18"}],"replies":[{"embeddable":true,"href":"https:\/\/www.gaveanews.com\/index.php\/wp-json\/wp\/v2\/comments?post=152632"}],"version-history":[{"count":1,"href":"https:\/\/www.gaveanews.com\/index.php\/wp-json\/wp\/v2\/posts\/152632\/revisions"}],"predecessor-version":[{"id":152645,"href":"https:\/\/www.gaveanews.com\/index.php\/wp-json\/wp\/v2\/posts\/152632\/revisions\/152645"}],"wp:featuredmedia":[{"embeddable":true,"href":"https:\/\/www.gaveanews.com\/index.php\/wp-json\/wp\/v2\/media\/28892"}],"wp:attachment":[{"href":"https:\/\/www.gaveanews.com\/index.php\/wp-json\/wp\/v2\/media?parent=152632"}],"wp:term":[{"taxonomy":"category","embeddable":true,"href":"https:\/\/www.gaveanews.com\/index.php\/wp-json\/wp\/v2\/categories?post=152632"},{"taxonomy":"post_tag","embeddable":true,"href":"https:\/\/www.gaveanews.com\/index.php\/wp-json\/wp\/v2\/tags?post=152632"}],"curies":[{"name":"wp","href":"https:\/\/api.w.org\/{rel}","templated":true}]}}