{"id":152670,"date":"2024-07-16T21:26:25","date_gmt":"2024-07-17T00:26:25","guid":{"rendered":"https:\/\/www.gaveanews.com\/?p=152670"},"modified":"2024-07-16T21:26:28","modified_gmt":"2024-07-17T00:26:28","slug":"vinicius-jr-participa-de-acao-pouco-comum-e-surpreende-fas-video","status":"publish","type":"post","link":"https:\/\/www.gaveanews.com\/index.php\/2024\/07\/16\/vinicius-jr-participa-de-acao-pouco-comum-e-surpreende-fas-video\/","title":{"rendered":"Vinicius Jr participa de a\u00e7\u00e3o pouco comum e surpreende f\u00e3s; v\u00eddeo"},"content":{"rendered":"\n<p>Cria do Flamengo e astro do Real Madrid, Vini Jr vive um excelente momento na temporada e, por este motivo, foi convidado para virar uma atra\u00e7\u00e3o no Museu de Cera de Madame Tussauds, em Nova York. Nesta ter\u00e7a-feira (16), o jogador esteve no local e fez pegadinha com visitantes.<\/p>\n\n\n\n<ul class=\"wp-block-list\">\n<li><a href=\"https:\/\/www.gaveanews.com\/index.php\/2024\/07\/16\/esse-foi-o-presente-que-vini-jr-entregou-a-calleri-do-sao-paulo\/\">Esse foi o presente que Vini Jr entregou a Calleri, do S\u00e3o Paulo<\/a><\/li>\n\n\n\n<li><a href=\"https:\/\/www.gaveanews.com\/index.php\/2024\/07\/16\/a-declaracao-de-mbappe-sobre-jogar-com-vini-jr-no-real-madrid\/\">A declara\u00e7\u00e3o de Mbapp\u00e9 sobre jogar com Vini Jr no Real Madrid<\/a><\/li>\n<\/ul>\n\n\n\n<p>Como j\u00e1 estava no Museu para retirada das medidas, Vin\u00edcius J\u00fanior ficou im\u00f3vel em alguns momentos, como se j\u00e1 fosse a est\u00e1tua, e ent\u00e3o se mexeu para sair do disfarce, surpreendendo os visitantes e mostrando que era ele mesmo. A a\u00e7\u00e3o empolgou os turistas, e muitas risadas foram registradas. Veja v\u00eddeo:<\/p>\n\n\n\n<blockquote class=\"twitter-tweet\" data-media-max-width=\"560\"><p lang=\"pt\" dir=\"ltr\">Vini Jr fingindo ser uma est\u00e1tua e impressionando f\u00e3s em Nova Iorque.<br><br>\ud83c\udfa5 Divulga\u00e7\u00e3o\/Madame Tussauds <a href=\"https:\/\/t.co\/viYXPadoel\">pic.twitter.com\/viYXPadoel<\/a><\/p>&mdash; Planeta do Futebol \ud83c\udf0e (@futebol_info) <a href=\"https:\/\/twitter.com\/futebol_info\/status\/1813222878139064502?ref_src=twsrc%5Etfw\">July 16, 2024<\/a><\/blockquote> <script async src=\"https:\/\/platform.twitter.com\/widgets.js\" charset=\"utf-8\"><\/script>\n\n\n\n<p>Convidado especial do Museu, Vin\u00edcius J\u00fanior falou sobre a expectativa para ver a est\u00e1tua pronta. \u201cEstou muito animado para ganhar minha est\u00e1tua de cera no Madame Tussauds! \u00c9 um jeito muito legal dos f\u00e3s se conectarem comigo. Mal posso esperar para ver como vai ficar e dividir com todo mundo!&#8221;.<\/p>\n\n\n\n<p>Tiago Mogadouro, gerente de Marketing do Madame Tussauds, falou sobre a escolha de Vini Jr para ser eternizado no Museu de Cera. &#8220;Vini Jr. \u00e9 um jogador de futebol incr\u00edvel e n\u00f3s mal podemos esperar para receb\u00ea-lo em nossa fam\u00edlia de estrelas de cera\u201d, disse. <\/p>\n\n\n\n<p>O gerente ainda completou, dizendo: \u201csua personalidade alegre, carinhosa e contagiante fez sua apari\u00e7\u00e3o surpresa de hoje um evento memor\u00e1vel para todos. N\u00f3s sabemos que a sua est\u00e1tua de cera vai ser um sucesso com os f\u00e3s\u201d.<\/p>\n\n\n\n<p>Astro do Real Madrid, Vin\u00edcius J\u00fanior \u00e9 um dos grandes favoritos ao pr\u00eamio de melhor jogador do mundo. O Cria do Flamengo fez uma temporada fenomenal pelo Real Madrid, foi protagonista da campanha vitoriosa da Champions League e marcou o gol do t\u00edtulo. <\/p>\n","protected":false},"excerpt":{"rendered":"<p>Cria do Flamengo e astro do Real Madrid, Vini Jr vive um excelente momento na temporada e, por este motivo, foi convidado para virar uma atra\u00e7\u00e3o no Museu de Cera de Madame Tussauds, em Nova York. Nesta ter\u00e7a-feira (16), o jogador esteve no local e fez pegadinha com visitantes. Como j\u00e1 estava no Museu para [&hellip;]<\/p>\n","protected":false},"author":18,"featured_media":111933,"comment_status":"open","ping_status":"closed","sticky":false,"template":"","format":"standard","meta":{"footnotes":""},"categories":[1],"tags":[],"class_list":["post-152670","post","type-post","status-publish","format-standard","has-post-thumbnail","hentry","category-flamengo"],"yoast_head":"<!-- This site is optimized with the Yoast SEO Premium plugin v24.2 (Yoast SEO v26.9) - https:\/\/yoast.com\/product\/yoast-seo-premium-wordpress\/ -->\n<title>Vinicius Jr participa de a\u00e7\u00e3o pouco comum e surpreende f\u00e3s; v\u00eddeo<\/title>\n<meta name=\"robots\" content=\"index, follow, max-snippet:-1, max-image-preview:large, max-video-preview:-1\" \/>\n<link rel=\"canonical\" href=\"https:\/\/www.gaveanews.com\/index.php\/2024\/07\/16\/vinicius-jr-participa-de-acao-pouco-comum-e-surpreende-fas-video\/\" \/>\n<meta property=\"og:locale\" content=\"pt_BR\" \/>\n<meta property=\"og:type\" content=\"article\" \/>\n<meta property=\"og:title\" content=\"Vinicius Jr participa de a\u00e7\u00e3o pouco comum e surpreende f\u00e3s; v\u00eddeo\" \/>\n<meta property=\"og:description\" content=\"Cria do Flamengo e astro do Real Madrid, Vini Jr vive um excelente momento na temporada e, por este motivo, foi convidado para virar uma atra\u00e7\u00e3o no Museu de Cera de Madame Tussauds, em Nova York. Nesta ter\u00e7a-feira (16), o jogador esteve no local e fez pegadinha com visitantes. Como j\u00e1 estava no Museu para [&hellip;]\" \/>\n<meta property=\"og:url\" content=\"https:\/\/www.gaveanews.com\/index.php\/2024\/07\/16\/vinicius-jr-participa-de-acao-pouco-comum-e-surpreende-fas-video\/\" \/>\n<meta property=\"og:site_name\" content=\"G\u00e1vea News\" \/>\n<meta property=\"article:publisher\" content=\"https:\/\/facebook.com\/gaveaNews\/\" \/>\n<meta property=\"article:published_time\" content=\"2024-07-17T00:26:25+00:00\" \/>\n<meta property=\"article:modified_time\" content=\"2024-07-17T00:26:28+00:00\" \/>\n<meta property=\"og:image\" content=\"https:\/\/www.gaveanews.com\/wp-content\/uploads\/vini-jr-selecao-brasileira.webp\" \/>\n\t<meta property=\"og:image:width\" content=\"984\" \/>\n\t<meta property=\"og:image:height\" content=\"679\" \/>\n\t<meta property=\"og:image:type\" content=\"image\/webp\" \/>\n<meta name=\"author\" content=\"Paula Silva\" \/>\n<meta name=\"twitter:card\" content=\"summary_large_image\" \/>\n<meta name=\"twitter:label1\" content=\"Escrito por\" \/>\n\t<meta name=\"twitter:data1\" content=\"Paula Silva\" \/>\n\t<meta name=\"twitter:label2\" content=\"Est. tempo de leitura\" \/>\n\t<meta name=\"twitter:data2\" content=\"2 minutos\" \/>\n<script type=\"application\/ld+json\" class=\"yoast-schema-graph\">{\"@context\":\"https:\/\/schema.org\",\"@graph\":[{\"@type\":\"NewsArticle\",\"@id\":\"https:\/\/www.gaveanews.com\/index.php\/2024\/07\/16\/vinicius-jr-participa-de-acao-pouco-comum-e-surpreende-fas-video\/#article\",\"isPartOf\":{\"@id\":\"https:\/\/www.gaveanews.com\/index.php\/2024\/07\/16\/vinicius-jr-participa-de-acao-pouco-comum-e-surpreende-fas-video\/\"},\"author\":{\"name\":\"Paula Silva\",\"@id\":\"https:\/\/www.gaveanews.com\/#\/schema\/person\/daf63eec72e1164eb13dc35096c2b8da\"},\"headline\":\"Vinicius Jr participa de a\u00e7\u00e3o pouco comum e surpreende f\u00e3s; v\u00eddeo\",\"datePublished\":\"2024-07-17T00:26:25+00:00\",\"dateModified\":\"2024-07-17T00:26:28+00:00\",\"mainEntityOfPage\":{\"@id\":\"https:\/\/www.gaveanews.com\/index.php\/2024\/07\/16\/vinicius-jr-participa-de-acao-pouco-comum-e-surpreende-fas-video\/\"},\"wordCount\":368,\"commentCount\":0,\"image\":{\"@id\":\"https:\/\/www.gaveanews.com\/index.php\/2024\/07\/16\/vinicius-jr-participa-de-acao-pouco-comum-e-surpreende-fas-video\/#primaryimage\"},\"thumbnailUrl\":\"https:\/\/www.gaveanews.com\/wp-content\/uploads\/vini-jr-selecao-brasileira.webp\",\"articleSection\":[\"Flamengo\"],\"inLanguage\":\"pt-BR\",\"potentialAction\":[{\"@type\":\"CommentAction\",\"name\":\"Comment\",\"target\":[\"https:\/\/www.gaveanews.com\/index.php\/2024\/07\/16\/vinicius-jr-participa-de-acao-pouco-comum-e-surpreende-fas-video\/#respond\"]}],\"copyrightYear\":\"2024\",\"copyrightHolder\":{\"@id\":\"https:\/\/www.gaveanews.com\/#organization\"}},{\"@type\":\"WebPage\",\"@id\":\"https:\/\/www.gaveanews.com\/index.php\/2024\/07\/16\/vinicius-jr-participa-de-acao-pouco-comum-e-surpreende-fas-video\/\",\"url\":\"https:\/\/www.gaveanews.com\/index.php\/2024\/07\/16\/vinicius-jr-participa-de-acao-pouco-comum-e-surpreende-fas-video\/\",\"name\":\"Vinicius Jr participa de a\u00e7\u00e3o pouco comum e surpreende f\u00e3s; v\u00eddeo\",\"isPartOf\":{\"@id\":\"https:\/\/www.gaveanews.com\/#website\"},\"primaryImageOfPage\":{\"@id\":\"https:\/\/www.gaveanews.com\/index.php\/2024\/07\/16\/vinicius-jr-participa-de-acao-pouco-comum-e-surpreende-fas-video\/#primaryimage\"},\"image\":{\"@id\":\"https:\/\/www.gaveanews.com\/index.php\/2024\/07\/16\/vinicius-jr-participa-de-acao-pouco-comum-e-surpreende-fas-video\/#primaryimage\"},\"thumbnailUrl\":\"https:\/\/www.gaveanews.com\/wp-content\/uploads\/vini-jr-selecao-brasileira.webp\",\"datePublished\":\"2024-07-17T00:26:25+00:00\",\"dateModified\":\"2024-07-17T00:26:28+00:00\",\"author\":{\"@id\":\"https:\/\/www.gaveanews.com\/#\/schema\/person\/daf63eec72e1164eb13dc35096c2b8da\"},\"breadcrumb\":{\"@id\":\"https:\/\/www.gaveanews.com\/index.php\/2024\/07\/16\/vinicius-jr-participa-de-acao-pouco-comum-e-surpreende-fas-video\/#breadcrumb\"},\"inLanguage\":\"pt-BR\",\"potentialAction\":[{\"@type\":\"ReadAction\",\"target\":[\"https:\/\/www.gaveanews.com\/index.php\/2024\/07\/16\/vinicius-jr-participa-de-acao-pouco-comum-e-surpreende-fas-video\/\"]}]},{\"@type\":\"ImageObject\",\"inLanguage\":\"pt-BR\",\"@id\":\"https:\/\/www.gaveanews.com\/index.php\/2024\/07\/16\/vinicius-jr-participa-de-acao-pouco-comum-e-surpreende-fas-video\/#primaryimage\",\"url\":\"https:\/\/www.gaveanews.com\/wp-content\/uploads\/vini-jr-selecao-brasileira.webp\",\"contentUrl\":\"https:\/\/www.gaveanews.com\/wp-content\/uploads\/vini-jr-selecao-brasileira.webp\",\"width\":984,\"height\":679,\"caption\":\"Vin\u00edcius J\u00fanior em a\u00e7\u00e3o pela sele\u00e7\u00e3o brasileira (Foto: Vitor Silva)\"},{\"@type\":\"BreadcrumbList\",\"@id\":\"https:\/\/www.gaveanews.com\/index.php\/2024\/07\/16\/vinicius-jr-participa-de-acao-pouco-comum-e-surpreende-fas-video\/#breadcrumb\",\"itemListElement\":[{\"@type\":\"ListItem\",\"position\":1,\"name\":\"Home\",\"item\":\"https:\/\/www.gaveanews.com\/\"},{\"@type\":\"ListItem\",\"position\":2,\"name\":\"Vinicius Jr participa de a\u00e7\u00e3o pouco comum e surpreende f\u00e3s; v\u00eddeo\"}]},{\"@type\":\"WebSite\",\"@id\":\"https:\/\/www.gaveanews.com\/#website\",\"url\":\"https:\/\/www.gaveanews.com\/\",\"name\":\"G\u00e1vea News\",\"description\":\"Veja todas as not\u00edcias sobre o Flamengo: Contrata\u00e7\u00f5es, categorias de base, resultados das partidas, tabela de classifica\u00e7\u00e3o, pr\u00f3ximos jogos!\",\"potentialAction\":[{\"@type\":\"SearchAction\",\"target\":{\"@type\":\"EntryPoint\",\"urlTemplate\":\"https:\/\/www.gaveanews.com\/?s={search_term_string}\"},\"query-input\":{\"@type\":\"PropertyValueSpecification\",\"valueRequired\":true,\"valueName\":\"search_term_string\"}}],\"inLanguage\":\"pt-BR\"},{\"@type\":\"Person\",\"@id\":\"https:\/\/www.gaveanews.com\/#\/schema\/person\/daf63eec72e1164eb13dc35096c2b8da\",\"name\":\"Paula Silva\",\"image\":{\"@type\":\"ImageObject\",\"inLanguage\":\"pt-BR\",\"@id\":\"https:\/\/www.gaveanews.com\/#\/schema\/person\/image\/\",\"url\":\"https:\/\/secure.gravatar.com\/avatar\/eda381c845527cc5d64c13b901833cda29d97500ba040d3e6461f76f51d163bb?s=96&d=mm&r=g\",\"contentUrl\":\"https:\/\/secure.gravatar.com\/avatar\/eda381c845527cc5d64c13b901833cda29d97500ba040d3e6461f76f51d163bb?s=96&d=mm&r=g\",\"caption\":\"Paula Silva\"}}]}<\/script>\n<!-- \/ Yoast SEO Premium plugin. -->","yoast_head_json":{"title":"Vinicius Jr participa de a\u00e7\u00e3o pouco comum e surpreende f\u00e3s; v\u00eddeo","robots":{"index":"index","follow":"follow","max-snippet":"max-snippet:-1","max-image-preview":"max-image-preview:large","max-video-preview":"max-video-preview:-1"},"canonical":"https:\/\/www.gaveanews.com\/index.php\/2024\/07\/16\/vinicius-jr-participa-de-acao-pouco-comum-e-surpreende-fas-video\/","og_locale":"pt_BR","og_type":"article","og_title":"Vinicius Jr participa de a\u00e7\u00e3o pouco comum e surpreende f\u00e3s; v\u00eddeo","og_description":"Cria do Flamengo e astro do Real Madrid, Vini Jr vive um excelente momento na temporada e, por este motivo, foi convidado para virar uma atra\u00e7\u00e3o no Museu de Cera de Madame Tussauds, em Nova York. Nesta ter\u00e7a-feira (16), o jogador esteve no local e fez pegadinha com visitantes. Como j\u00e1 estava no Museu para [&hellip;]","og_url":"https:\/\/www.gaveanews.com\/index.php\/2024\/07\/16\/vinicius-jr-participa-de-acao-pouco-comum-e-surpreende-fas-video\/","og_site_name":"G\u00e1vea News","article_publisher":"https:\/\/facebook.com\/gaveaNews\/","article_published_time":"2024-07-17T00:26:25+00:00","article_modified_time":"2024-07-17T00:26:28+00:00","og_image":[{"width":984,"height":679,"url":"https:\/\/www.gaveanews.com\/wp-content\/uploads\/vini-jr-selecao-brasileira.webp","type":"image\/webp"}],"author":"Paula Silva","twitter_card":"summary_large_image","twitter_misc":{"Escrito por":"Paula Silva","Est. tempo de leitura":"2 minutos"},"schema":{"@context":"https:\/\/schema.org","@graph":[{"@type":"NewsArticle","@id":"https:\/\/www.gaveanews.com\/index.php\/2024\/07\/16\/vinicius-jr-participa-de-acao-pouco-comum-e-surpreende-fas-video\/#article","isPartOf":{"@id":"https:\/\/www.gaveanews.com\/index.php\/2024\/07\/16\/vinicius-jr-participa-de-acao-pouco-comum-e-surpreende-fas-video\/"},"author":{"name":"Paula Silva","@id":"https:\/\/www.gaveanews.com\/#\/schema\/person\/daf63eec72e1164eb13dc35096c2b8da"},"headline":"Vinicius Jr participa de a\u00e7\u00e3o pouco comum e surpreende f\u00e3s; v\u00eddeo","datePublished":"2024-07-17T00:26:25+00:00","dateModified":"2024-07-17T00:26:28+00:00","mainEntityOfPage":{"@id":"https:\/\/www.gaveanews.com\/index.php\/2024\/07\/16\/vinicius-jr-participa-de-acao-pouco-comum-e-surpreende-fas-video\/"},"wordCount":368,"commentCount":0,"image":{"@id":"https:\/\/www.gaveanews.com\/index.php\/2024\/07\/16\/vinicius-jr-participa-de-acao-pouco-comum-e-surpreende-fas-video\/#primaryimage"},"thumbnailUrl":"https:\/\/www.gaveanews.com\/wp-content\/uploads\/vini-jr-selecao-brasileira.webp","articleSection":["Flamengo"],"inLanguage":"pt-BR","potentialAction":[{"@type":"CommentAction","name":"Comment","target":["https:\/\/www.gaveanews.com\/index.php\/2024\/07\/16\/vinicius-jr-participa-de-acao-pouco-comum-e-surpreende-fas-video\/#respond"]}],"copyrightYear":"2024","copyrightHolder":{"@id":"https:\/\/www.gaveanews.com\/#organization"}},{"@type":"WebPage","@id":"https:\/\/www.gaveanews.com\/index.php\/2024\/07\/16\/vinicius-jr-participa-de-acao-pouco-comum-e-surpreende-fas-video\/","url":"https:\/\/www.gaveanews.com\/index.php\/2024\/07\/16\/vinicius-jr-participa-de-acao-pouco-comum-e-surpreende-fas-video\/","name":"Vinicius Jr participa de a\u00e7\u00e3o pouco comum e surpreende f\u00e3s; v\u00eddeo","isPartOf":{"@id":"https:\/\/www.gaveanews.com\/#website"},"primaryImageOfPage":{"@id":"https:\/\/www.gaveanews.com\/index.php\/2024\/07\/16\/vinicius-jr-participa-de-acao-pouco-comum-e-surpreende-fas-video\/#primaryimage"},"image":{"@id":"https:\/\/www.gaveanews.com\/index.php\/2024\/07\/16\/vinicius-jr-participa-de-acao-pouco-comum-e-surpreende-fas-video\/#primaryimage"},"thumbnailUrl":"https:\/\/www.gaveanews.com\/wp-content\/uploads\/vini-jr-selecao-brasileira.webp","datePublished":"2024-07-17T00:26:25+00:00","dateModified":"2024-07-17T00:26:28+00:00","author":{"@id":"https:\/\/www.gaveanews.com\/#\/schema\/person\/daf63eec72e1164eb13dc35096c2b8da"},"breadcrumb":{"@id":"https:\/\/www.gaveanews.com\/index.php\/2024\/07\/16\/vinicius-jr-participa-de-acao-pouco-comum-e-surpreende-fas-video\/#breadcrumb"},"inLanguage":"pt-BR","potentialAction":[{"@type":"ReadAction","target":["https:\/\/www.gaveanews.com\/index.php\/2024\/07\/16\/vinicius-jr-participa-de-acao-pouco-comum-e-surpreende-fas-video\/"]}]},{"@type":"ImageObject","inLanguage":"pt-BR","@id":"https:\/\/www.gaveanews.com\/index.php\/2024\/07\/16\/vinicius-jr-participa-de-acao-pouco-comum-e-surpreende-fas-video\/#primaryimage","url":"https:\/\/www.gaveanews.com\/wp-content\/uploads\/vini-jr-selecao-brasileira.webp","contentUrl":"https:\/\/www.gaveanews.com\/wp-content\/uploads\/vini-jr-selecao-brasileira.webp","width":984,"height":679,"caption":"Vin\u00edcius J\u00fanior em a\u00e7\u00e3o pela sele\u00e7\u00e3o brasileira (Foto: Vitor Silva)"},{"@type":"BreadcrumbList","@id":"https:\/\/www.gaveanews.com\/index.php\/2024\/07\/16\/vinicius-jr-participa-de-acao-pouco-comum-e-surpreende-fas-video\/#breadcrumb","itemListElement":[{"@type":"ListItem","position":1,"name":"Home","item":"https:\/\/www.gaveanews.com\/"},{"@type":"ListItem","position":2,"name":"Vinicius Jr participa de a\u00e7\u00e3o pouco comum e surpreende f\u00e3s; v\u00eddeo"}]},{"@type":"WebSite","@id":"https:\/\/www.gaveanews.com\/#website","url":"https:\/\/www.gaveanews.com\/","name":"G\u00e1vea News","description":"Veja todas as not\u00edcias sobre o Flamengo: Contrata\u00e7\u00f5es, categorias de base, resultados das partidas, tabela de classifica\u00e7\u00e3o, pr\u00f3ximos jogos!","potentialAction":[{"@type":"SearchAction","target":{"@type":"EntryPoint","urlTemplate":"https:\/\/www.gaveanews.com\/?s={search_term_string}"},"query-input":{"@type":"PropertyValueSpecification","valueRequired":true,"valueName":"search_term_string"}}],"inLanguage":"pt-BR"},{"@type":"Person","@id":"https:\/\/www.gaveanews.com\/#\/schema\/person\/daf63eec72e1164eb13dc35096c2b8da","name":"Paula Silva","image":{"@type":"ImageObject","inLanguage":"pt-BR","@id":"https:\/\/www.gaveanews.com\/#\/schema\/person\/image\/","url":"https:\/\/secure.gravatar.com\/avatar\/eda381c845527cc5d64c13b901833cda29d97500ba040d3e6461f76f51d163bb?s=96&d=mm&r=g","contentUrl":"https:\/\/secure.gravatar.com\/avatar\/eda381c845527cc5d64c13b901833cda29d97500ba040d3e6461f76f51d163bb?s=96&d=mm&r=g","caption":"Paula Silva"}}]}},"_links":{"self":[{"href":"https:\/\/www.gaveanews.com\/index.php\/wp-json\/wp\/v2\/posts\/152670","targetHints":{"allow":["GET"]}}],"collection":[{"href":"https:\/\/www.gaveanews.com\/index.php\/wp-json\/wp\/v2\/posts"}],"about":[{"href":"https:\/\/www.gaveanews.com\/index.php\/wp-json\/wp\/v2\/types\/post"}],"author":[{"embeddable":true,"href":"https:\/\/www.gaveanews.com\/index.php\/wp-json\/wp\/v2\/users\/18"}],"replies":[{"embeddable":true,"href":"https:\/\/www.gaveanews.com\/index.php\/wp-json\/wp\/v2\/comments?post=152670"}],"version-history":[{"count":1,"href":"https:\/\/www.gaveanews.com\/index.php\/wp-json\/wp\/v2\/posts\/152670\/revisions"}],"predecessor-version":[{"id":152677,"href":"https:\/\/www.gaveanews.com\/index.php\/wp-json\/wp\/v2\/posts\/152670\/revisions\/152677"}],"wp:featuredmedia":[{"embeddable":true,"href":"https:\/\/www.gaveanews.com\/index.php\/wp-json\/wp\/v2\/media\/111933"}],"wp:attachment":[{"href":"https:\/\/www.gaveanews.com\/index.php\/wp-json\/wp\/v2\/media?parent=152670"}],"wp:term":[{"taxonomy":"category","embeddable":true,"href":"https:\/\/www.gaveanews.com\/index.php\/wp-json\/wp\/v2\/categories?post=152670"},{"taxonomy":"post_tag","embeddable":true,"href":"https:\/\/www.gaveanews.com\/index.php\/wp-json\/wp\/v2\/tags?post=152670"}],"curies":[{"name":"wp","href":"https:\/\/api.w.org\/{rel}","templated":true}]}}